{"id":6123,"date":"2011-06-02T18:04:26","date_gmt":"2011-06-02T15:04:26","guid":{"rendered":"http:\/\/localhost\/wordpress\/2011\/06\/02\/bogaz-gezintisi\/"},"modified":"2011-06-02T18:04:26","modified_gmt":"2011-06-02T15:04:26","slug":"bogaz-gezintisi","status":"publish","type":"post","link":"https:\/\/narteks.net\/index.php\/2011\/06\/02\/bogaz-gezintisi\/","title":{"rendered":"BO\u011eAZ GEZ\u0130NT\u0130S\u0130"},"content":{"rendered":"<p>\u00a0<\/p>\n<p>Ne g\u00fcnlermi\u015f, ne g\u00fcnlermi\u015f<br \/>Y\u0131ld\u0131zlar, mehtap, \u00e7amlar alt\u0131nda<br \/>Y\u0131ld\u0131zlar, mehtap, \u00e7amlar alt\u0131nda<br \/>Ne g\u00fcnlermi\u015f, ne g\u00fcnlermi\u015f<br \/>Gelip ge\u00e7mi\u015f!<\/p>\n<p>Vapurlar de\u011fil, Bo\u011faz`dan ge\u00e7en;<br \/>Bo\u011faz`dan yal\u0131lar ge\u00e7iyor,<br \/>Toplam\u0131\u015f bulardan eteklerini&#8230;<br \/>Dairesine \u00e7ekilen bir sarayl\u0131 gibi<br \/>Yal\u0131lar gelmiyen alemlerine gidiyor<br \/>B\u0131rak\u0131p bu sessiz gecelerini.<\/p>\n<p>\u00c7ekip alm\u0131\u015f ku\u015flar\u0131n kanatlar\u0131ndan r\u00fczgar\u0131n\u0131<br \/>As\u0131rl\u0131k r\u00fcyalar\u0131nda yal\u0131lar<br \/>Uykular\u0131n mahmurlu\u011fu sa\u00e7aklar\u0131n\u0131 sarm\u0131\u015f.<br \/>Saz sesleri gelmiyor k\u0131y\u0131lardan.<br \/>Ne ge\u00e7en yazlardan bir haber var,<br \/>Ne gelecek baharlardan.<br \/>Kim bilir ka\u00e7 deniz ge\u00e7mi\u015f uykular\u0131ndan.<\/p>\n<p>Ba\u015fba\u015fa kalm\u0131\u015f iki hisar<br \/>Beklemekte s\u00f6n\u00fck sahilleri.<br \/>Art\u0131k eski harpleri anlat\u0131r ta\u015f duvarlar<br \/>K\u0131y\u0131lar\u0131ndan ge\u00e7en bal\u0131klara.<br \/>O bal\u0131klar ki dedeleri<br \/>\u015eark\u0131larla beslenmi\u015fti geceleri.<br \/>\u015eimdi sulara d\u00fc\u015fen \u00e7\u00fcr\u00fcm\u00fc\u015f tahtalar<br \/>Dalgalarda son oltan\u0131n yemleri.<\/p>\n<p>Bir zamanlar \u015fen ya\u015fam\u0131\u015f yal\u0131lar<br \/>I\u015f\u0131kl\u0131 bir ziyafet sofras\u0131nda.<br \/>Renklerini deniz alm\u0131\u015f g\u00f6t\u00fcrm\u00fc\u015f,<br \/>K\u00fcllerini alev al\u0131p savurmu\u015f.<\/p>\n<p>Deniz kenar\u0131nda denizsiz kalm\u0131\u015f yal\u0131lar.<br \/>Ortakl\u0131\u011f\u0131 ayr\u0131lm\u0131\u015f k\u0131t`alar\u0131n<br \/>Anadolu g\u00fcnden g\u00fcne Rumeli`ye k\u00fcsm\u00fc\u015f<\/p>\n<p>Bug\u00fcn biz de\u011filiz bakan yal\u0131lara;<br \/>Yal\u0131lar boynu e\u011fik bize bak\u0131yor<br \/>Biz de\u011filiz sarkan hat\u0131ralara&#8230;<br \/>G\u00f6\u011f\u00fcs gererek dalgalara<br \/>Yal\u0131lar bir hayal i\u00e7in denize sark\u0131yor<br \/>Yal\u0131lar bize bak\u0131yor, denize bak\u0131yor.<\/p>\n<p>Ne g\u00fcnlermi\u015f, ne g\u00fcnlermi\u015f<br \/>Y\u0131ld\u0131zlar, mehtap, \u00e7amlar alt\u0131nda<br \/>Ne g\u00fcnlermi\u015f, ne g\u00fcnlermi\u015f<br \/>Gelip ge\u00e7mi\u015f!<\/p>\n<p>\u00d6zdemir ASAF<\/p>\n","protected":false},"excerpt":{"rendered":"<p>\u00a0 Ne g\u00fcnlermi\u015f, ne g\u00fcnlermi\u015fY\u0131ld\u0131zlar, mehtap, \u00e7amlar alt\u0131ndaY\u0131ld\u0131zlar, mehtap, \u00e7amlar alt\u0131ndaNe g\u00fcnlermi\u015f, ne g\u00fcnlermi\u015fGelip ge\u00e7mi\u015f! Vapurlar de\u011fil, Bo\u011faz`dan ge\u00e7en;Bo\u011faz`dan yal\u0131lar ge\u00e7iyor,Toplam\u0131\u015f bulardan eteklerini&#8230;Dairesine \u00e7ekilen bir sarayl\u0131 gibiYal\u0131lar gelmiyen alemlerine gidiyorB\u0131rak\u0131p bu sessiz gecelerini. \u00c7ekip alm\u0131\u015f ku\u015flar\u0131n kanatlar\u0131ndan r\u00fczgar\u0131n\u0131As\u0131rl\u0131k r\u00fcyalar\u0131nda yal\u0131larUykular\u0131n mahmurlu\u011fu sa\u00e7aklar\u0131n\u0131 sarm\u0131\u015f.Saz sesleri gelmiyor k\u0131y\u0131lardan.Ne ge\u00e7en yazlardan bir haber var,Ne gelecek baharlardan.Kim bilir ka\u00e7 [&hellip;]<\/p>\n","protected":false},"author":1,"featured_media":0,"comment_status":"open","ping_status":"open","sticky":false,"template":"","format":"standard","meta":{"footnotes":""},"categories":[29],"tags":[],"class_list":{"0":"post-6123","1":"post","2":"type-post","3":"status-publish","4":"format-standard","6":"category-ozdemir-asaf"},"yoast_head":"<!-- This site is optimized with the Yoast SEO Premium plugin v24.9 (Yoast SEO v24.9) - https:\/\/yoast.com\/wordpress\/plugins\/seo\/ -->\n<title>BO\u011eAZ GEZ\u0130NT\u0130S\u0130 - narteks.net<\/title>\n<meta name=\"robots\" content=\"index, follow, max-snippet:-1, max-image-preview:large, max-video-preview:-1\" \/>\n<link rel=\"canonical\" href=\"https:\/\/narteks.net\/index.php\/2011\/06\/02\/bogaz-gezintisi\/\" \/>\n<meta property=\"og:locale\" content=\"tr_TR\" \/>\n<meta property=\"og:type\" content=\"article\" \/>\n<meta property=\"og:title\" content=\"BO\u011eAZ GEZ\u0130NT\u0130S\u0130\" \/>\n<meta property=\"og:description\" content=\"\u00a0 Ne g\u00fcnlermi\u015f, ne g\u00fcnlermi\u015fY\u0131ld\u0131zlar, mehtap, \u00e7amlar alt\u0131ndaY\u0131ld\u0131zlar, mehtap, \u00e7amlar alt\u0131ndaNe g\u00fcnlermi\u015f, ne g\u00fcnlermi\u015fGelip ge\u00e7mi\u015f! Vapurlar de\u011fil, Bo\u011faz`dan ge\u00e7en;Bo\u011faz`dan yal\u0131lar ge\u00e7iyor,Toplam\u0131\u015f bulardan eteklerini&#8230;Dairesine \u00e7ekilen bir sarayl\u0131 gibiYal\u0131lar gelmiyen alemlerine gidiyorB\u0131rak\u0131p bu sessiz gecelerini. \u00c7ekip alm\u0131\u015f ku\u015flar\u0131n kanatlar\u0131ndan r\u00fczgar\u0131n\u0131As\u0131rl\u0131k r\u00fcyalar\u0131nda yal\u0131larUykular\u0131n mahmurlu\u011fu sa\u00e7aklar\u0131n\u0131 sarm\u0131\u015f.Saz sesleri gelmiyor k\u0131y\u0131lardan.Ne ge\u00e7en yazlardan bir haber var,Ne gelecek baharlardan.Kim bilir ka\u00e7 [&hellip;]\" \/>\n<meta property=\"og:url\" content=\"https:\/\/narteks.net\/index.php\/2011\/06\/02\/bogaz-gezintisi\/\" \/>\n<meta property=\"og:site_name\" content=\"narteks.net\" \/>\n<meta property=\"article:published_time\" content=\"2011-06-02T15:04:26+00:00\" \/>\n<meta property=\"og:image\" content=\"https:\/\/narteks.net\/wp-content\/uploads\/narteks.png\" \/>\n\t<meta property=\"og:image:width\" content=\"300\" \/>\n\t<meta property=\"og:image:height\" content=\"90\" \/>\n\t<meta property=\"og:image:type\" content=\"image\/png\" \/>\n<meta name=\"author\" content=\"Tar\u0131k\" \/>\n<meta name=\"twitter:card\" content=\"summary_large_image\" \/>\n<meta name=\"twitter:creator\" content=\"@narteks\" \/>\n<meta name=\"twitter:site\" content=\"@narteks\" \/>\n<meta name=\"twitter:label1\" content=\"Yazan:\" \/>\n\t<meta name=\"twitter:data1\" content=\"Tar\u0131k\" \/>\n\t<meta name=\"twitter:label2\" content=\"Tahmini okuma s\u00fcresi\" \/>\n\t<meta name=\"twitter:data2\" content=\"1 dakika\" \/>\n<script type=\"application\/ld+json\" class=\"yoast-schema-graph\">{\"@context\":\"https:\/\/schema.org\",\"@graph\":[{\"@type\":\"Article\",\"@id\":\"https:\/\/narteks.net\/index.php\/2011\/06\/02\/bogaz-gezintisi\/#article\",\"isPartOf\":{\"@id\":\"https:\/\/narteks.net\/index.php\/2011\/06\/02\/bogaz-gezintisi\/\"},\"author\":{\"name\":\"Tar\u0131k\",\"@id\":\"https:\/\/narteks.net\/#\/schema\/person\/61f37d9834294b72d31d274e7ed79bca\"},\"headline\":\"BO\u011eAZ GEZ\u0130NT\u0130S\u0130\",\"datePublished\":\"2011-06-02T15:04:26+00:00\",\"mainEntityOfPage\":{\"@id\":\"https:\/\/narteks.net\/index.php\/2011\/06\/02\/bogaz-gezintisi\/\"},\"wordCount\":268,\"commentCount\":0,\"publisher\":{\"@id\":\"https:\/\/narteks.net\/#organization\"},\"articleSection\":[\"\u00d6zdemir ASAF\"],\"inLanguage\":\"tr\",\"potentialAction\":[{\"@type\":\"CommentAction\",\"name\":\"Comment\",\"target\":[\"https:\/\/narteks.net\/index.php\/2011\/06\/02\/bogaz-gezintisi\/#respond\"]}]},{\"@type\":\"WebPage\",\"@id\":\"https:\/\/narteks.net\/index.php\/2011\/06\/02\/bogaz-gezintisi\/\",\"url\":\"https:\/\/narteks.net\/index.php\/2011\/06\/02\/bogaz-gezintisi\/\",\"name\":\"BO\u011eAZ GEZ\u0130NT\u0130S\u0130 - narteks.net\",\"isPartOf\":{\"@id\":\"https:\/\/narteks.net\/#website\"},\"datePublished\":\"2011-06-02T15:04:26+00:00\",\"breadcrumb\":{\"@id\":\"https:\/\/narteks.net\/index.php\/2011\/06\/02\/bogaz-gezintisi\/#breadcrumb\"},\"inLanguage\":\"tr\",\"potentialAction\":[{\"@type\":\"ReadAction\",\"target\":[\"https:\/\/narteks.net\/index.php\/2011\/06\/02\/bogaz-gezintisi\/\"]}]},{\"@type\":\"BreadcrumbList\",\"@id\":\"https:\/\/narteks.net\/index.php\/2011\/06\/02\/bogaz-gezintisi\/#breadcrumb\",\"itemListElement\":[{\"@type\":\"ListItem\",\"position\":1,\"name\":\"Anasayfa\",\"item\":\"https:\/\/narteks.net\/\"},{\"@type\":\"ListItem\",\"position\":2,\"name\":\"BO\u011eAZ GEZ\u0130NT\u0130S\u0130\"}]},{\"@type\":\"WebSite\",\"@id\":\"https:\/\/narteks.net\/#website\",\"url\":\"https:\/\/narteks.net\/\",\"name\":\"narteks.net\",\"description\":\"K\u00fclt\u00fcr Sanat Edebiyat Felsefe\",\"publisher\":{\"@id\":\"https:\/\/narteks.net\/#organization\"},\"alternateName\":\"K\u00fclt\u00fcr Sanat Edebiyat Felsefe\",\"potentialAction\":[{\"@type\":\"SearchAction\",\"target\":{\"@type\":\"EntryPoint\",\"urlTemplate\":\"https:\/\/narteks.net\/?s={search_term_string}\"},\"query-input\":{\"@type\":\"PropertyValueSpecification\",\"valueRequired\":true,\"valueName\":\"search_term_string\"}}],\"inLanguage\":\"tr\"},{\"@type\":\"Organization\",\"@id\":\"https:\/\/narteks.net\/#organization\",\"name\":\"narteks.net\",\"url\":\"https:\/\/narteks.net\/\",\"logo\":{\"@type\":\"ImageObject\",\"inLanguage\":\"tr\",\"@id\":\"https:\/\/narteks.net\/#\/schema\/logo\/image\/\",\"url\":\"https:\/\/narteks.net\/wp-content\/uploads\/narteks.png\",\"contentUrl\":\"https:\/\/narteks.net\/wp-content\/uploads\/narteks.png\",\"width\":300,\"height\":90,\"caption\":\"narteks.net\"},\"image\":{\"@id\":\"https:\/\/narteks.net\/#\/schema\/logo\/image\/\"},\"sameAs\":[\"https:\/\/x.com\/narteks\",\"https:\/\/instagram.com\/narteksnet\"]},{\"@type\":\"Person\",\"@id\":\"https:\/\/narteks.net\/#\/schema\/person\/61f37d9834294b72d31d274e7ed79bca\",\"name\":\"Tar\u0131k\",\"image\":{\"@type\":\"ImageObject\",\"inLanguage\":\"tr\",\"@id\":\"https:\/\/narteks.net\/#\/schema\/person\/image\/\",\"url\":\"https:\/\/secure.gravatar.com\/avatar\/50865afb55632c4ae467e0af0930f6510aa2297d8014be502a55b14f3b7550cf?s=96&d=mm&r=g\",\"contentUrl\":\"https:\/\/secure.gravatar.com\/avatar\/50865afb55632c4ae467e0af0930f6510aa2297d8014be502a55b14f3b7550cf?s=96&d=mm&r=g\",\"caption\":\"Tar\u0131k\"},\"sameAs\":[\"http:\/\/narteks.net\"],\"url\":\"https:\/\/narteks.net\/index.php\/author\/narbak\/\"}]}<\/script>\n<!-- \/ Yoast SEO Premium plugin. -->","yoast_head_json":{"title":"BO\u011eAZ GEZ\u0130NT\u0130S\u0130 - narteks.net","robots":{"index":"index","follow":"follow","max-snippet":"max-snippet:-1","max-image-preview":"max-image-preview:large","max-video-preview":"max-video-preview:-1"},"canonical":"https:\/\/narteks.net\/index.php\/2011\/06\/02\/bogaz-gezintisi\/","og_locale":"tr_TR","og_type":"article","og_title":"BO\u011eAZ GEZ\u0130NT\u0130S\u0130","og_description":"\u00a0 Ne g\u00fcnlermi\u015f, ne g\u00fcnlermi\u015fY\u0131ld\u0131zlar, mehtap, \u00e7amlar alt\u0131ndaY\u0131ld\u0131zlar, mehtap, \u00e7amlar alt\u0131ndaNe g\u00fcnlermi\u015f, ne g\u00fcnlermi\u015fGelip ge\u00e7mi\u015f! Vapurlar de\u011fil, Bo\u011faz`dan ge\u00e7en;Bo\u011faz`dan yal\u0131lar ge\u00e7iyor,Toplam\u0131\u015f bulardan eteklerini&#8230;Dairesine \u00e7ekilen bir sarayl\u0131 gibiYal\u0131lar gelmiyen alemlerine gidiyorB\u0131rak\u0131p bu sessiz gecelerini. \u00c7ekip alm\u0131\u015f ku\u015flar\u0131n kanatlar\u0131ndan r\u00fczgar\u0131n\u0131As\u0131rl\u0131k r\u00fcyalar\u0131nda yal\u0131larUykular\u0131n mahmurlu\u011fu sa\u00e7aklar\u0131n\u0131 sarm\u0131\u015f.Saz sesleri gelmiyor k\u0131y\u0131lardan.Ne ge\u00e7en yazlardan bir haber var,Ne gelecek baharlardan.Kim bilir ka\u00e7 [&hellip;]","og_url":"https:\/\/narteks.net\/index.php\/2011\/06\/02\/bogaz-gezintisi\/","og_site_name":"narteks.net","article_published_time":"2011-06-02T15:04:26+00:00","og_image":[{"width":300,"height":90,"url":"https:\/\/narteks.net\/wp-content\/uploads\/narteks.png","type":"image\/png"}],"author":"Tar\u0131k","twitter_card":"summary_large_image","twitter_creator":"@narteks","twitter_site":"@narteks","twitter_misc":{"Yazan:":"Tar\u0131k","Tahmini okuma s\u00fcresi":"1 dakika"},"schema":{"@context":"https:\/\/schema.org","@graph":[{"@type":"Article","@id":"https:\/\/narteks.net\/index.php\/2011\/06\/02\/bogaz-gezintisi\/#article","isPartOf":{"@id":"https:\/\/narteks.net\/index.php\/2011\/06\/02\/bogaz-gezintisi\/"},"author":{"name":"Tar\u0131k","@id":"https:\/\/narteks.net\/#\/schema\/person\/61f37d9834294b72d31d274e7ed79bca"},"headline":"BO\u011eAZ GEZ\u0130NT\u0130S\u0130","datePublished":"2011-06-02T15:04:26+00:00","mainEntityOfPage":{"@id":"https:\/\/narteks.net\/index.php\/2011\/06\/02\/bogaz-gezintisi\/"},"wordCount":268,"commentCount":0,"publisher":{"@id":"https:\/\/narteks.net\/#organization"},"articleSection":["\u00d6zdemir ASAF"],"inLanguage":"tr","potentialAction":[{"@type":"CommentAction","name":"Comment","target":["https:\/\/narteks.net\/index.php\/2011\/06\/02\/bogaz-gezintisi\/#respond"]}]},{"@type":"WebPage","@id":"https:\/\/narteks.net\/index.php\/2011\/06\/02\/bogaz-gezintisi\/","url":"https:\/\/narteks.net\/index.php\/2011\/06\/02\/bogaz-gezintisi\/","name":"BO\u011eAZ GEZ\u0130NT\u0130S\u0130 - narteks.net","isPartOf":{"@id":"https:\/\/narteks.net\/#website"},"datePublished":"2011-06-02T15:04:26+00:00","breadcrumb":{"@id":"https:\/\/narteks.net\/index.php\/2011\/06\/02\/bogaz-gezintisi\/#breadcrumb"},"inLanguage":"tr","potentialAction":[{"@type":"ReadAction","target":["https:\/\/narteks.net\/index.php\/2011\/06\/02\/bogaz-gezintisi\/"]}]},{"@type":"BreadcrumbList","@id":"https:\/\/narteks.net\/index.php\/2011\/06\/02\/bogaz-gezintisi\/#breadcrumb","itemListElement":[{"@type":"ListItem","position":1,"name":"Anasayfa","item":"https:\/\/narteks.net\/"},{"@type":"ListItem","position":2,"name":"BO\u011eAZ GEZ\u0130NT\u0130S\u0130"}]},{"@type":"WebSite","@id":"https:\/\/narteks.net\/#website","url":"https:\/\/narteks.net\/","name":"narteks.net","description":"K\u00fclt\u00fcr Sanat Edebiyat Felsefe","publisher":{"@id":"https:\/\/narteks.net\/#organization"},"alternateName":"K\u00fclt\u00fcr Sanat Edebiyat Felsefe","potentialAction":[{"@type":"SearchAction","target":{"@type":"EntryPoint","urlTemplate":"https:\/\/narteks.net\/?s={search_term_string}"},"query-input":{"@type":"PropertyValueSpecification","valueRequired":true,"valueName":"search_term_string"}}],"inLanguage":"tr"},{"@type":"Organization","@id":"https:\/\/narteks.net\/#organization","name":"narteks.net","url":"https:\/\/narteks.net\/","logo":{"@type":"ImageObject","inLanguage":"tr","@id":"https:\/\/narteks.net\/#\/schema\/logo\/image\/","url":"https:\/\/narteks.net\/wp-content\/uploads\/narteks.png","contentUrl":"https:\/\/narteks.net\/wp-content\/uploads\/narteks.png","width":300,"height":90,"caption":"narteks.net"},"image":{"@id":"https:\/\/narteks.net\/#\/schema\/logo\/image\/"},"sameAs":["https:\/\/x.com\/narteks","https:\/\/instagram.com\/narteksnet"]},{"@type":"Person","@id":"https:\/\/narteks.net\/#\/schema\/person\/61f37d9834294b72d31d274e7ed79bca","name":"Tar\u0131k","image":{"@type":"ImageObject","inLanguage":"tr","@id":"https:\/\/narteks.net\/#\/schema\/person\/image\/","url":"https:\/\/secure.gravatar.com\/avatar\/50865afb55632c4ae467e0af0930f6510aa2297d8014be502a55b14f3b7550cf?s=96&d=mm&r=g","contentUrl":"https:\/\/secure.gravatar.com\/avatar\/50865afb55632c4ae467e0af0930f6510aa2297d8014be502a55b14f3b7550cf?s=96&d=mm&r=g","caption":"Tar\u0131k"},"sameAs":["http:\/\/narteks.net"],"url":"https:\/\/narteks.net\/index.php\/author\/narbak\/"}]}},"_links":{"self":[{"href":"https:\/\/narteks.net\/index.php\/wp-json\/wp\/v2\/posts\/6123","targetHints":{"allow":["GET"]}}],"collection":[{"href":"https:\/\/narteks.net\/index.php\/wp-json\/wp\/v2\/posts"}],"about":[{"href":"https:\/\/narteks.net\/index.php\/wp-json\/wp\/v2\/types\/post"}],"author":[{"embeddable":true,"href":"https:\/\/narteks.net\/index.php\/wp-json\/wp\/v2\/users\/1"}],"replies":[{"embeddable":true,"href":"https:\/\/narteks.net\/index.php\/wp-json\/wp\/v2\/comments?post=6123"}],"version-history":[{"count":0,"href":"https:\/\/narteks.net\/index.php\/wp-json\/wp\/v2\/posts\/6123\/revisions"}],"wp:attachment":[{"href":"https:\/\/narteks.net\/index.php\/wp-json\/wp\/v2\/media?parent=6123"}],"wp:term":[{"taxonomy":"category","embeddable":true,"href":"https:\/\/narteks.net\/index.php\/wp-json\/wp\/v2\/categories?post=6123"},{"taxonomy":"post_tag","embeddable":true,"href":"https:\/\/narteks.net\/index.php\/wp-json\/wp\/v2\/tags?post=6123"}],"curies":[{"name":"wp","href":"https:\/\/api.w.org\/{rel}","templated":true}]}}