{"id":6129,"date":"2011-06-02T18:11:56","date_gmt":"2011-06-02T15:11:56","guid":{"rendered":"http:\/\/localhost\/wordpress\/2011\/06\/02\/uykusuzluk\/"},"modified":"2011-06-02T18:11:56","modified_gmt":"2011-06-02T15:11:56","slug":"uykusuzluk","status":"publish","type":"post","link":"https:\/\/narteks.net\/index.php\/2011\/06\/02\/uykusuzluk\/","title":{"rendered":"UYKUSUZLUK"},"content":{"rendered":"<p>\u00a0<\/p>\n<p>uykusuzluk ve pencerede bir kedi<br \/>gece boyu hi\u00e7 konu\u015fmadan durdu<br \/>ya\u011fmurlar ya\u011fd\u0131, dindi<br \/>pencerede hep kedi<br \/>ne geceye girdi, ne uyudu<br \/>bakt\u0131, bakt\u0131, bakt\u0131<br \/>belli de\u011fildi do\u011fmad\u0131\u011f\u0131, do\u011fdu\u011fu<\/p>\n<p>sanki ona bir zaman<br \/>hadi \u015fimdi, yola \u00e7\u0131k\u0131p bir duygudan<br \/>pencerenin d\u0131\u015f\u0131nda duran<br \/>bir geceden indi, odaya girdi<br \/>dedi<br \/>hadi \u015fimdi sende in uykudan<\/p>\n<p>sevdi mi, sevmedi mi, belli etmedi<br \/>s\u00fcrd\u00fcr\u00fcp suskunlu\u011funu<br \/>yeni huysuzlu\u011fu besledi<br \/>aaaa<br \/>kedi bu uykunun i\u00e7indeydi<\/p>\n<p>ankara yolundayd\u0131 bir gece<br \/>bir g\u00fcn marmaris yolundayd\u0131 kedi<br \/>b\u00fct\u00fcn uyku kap\u0131lar\u0131n\u0131n \u00f6n\u00fcndeydi<br \/>m\u0131rm\u0131rlar\u0131, t\u0131rmalamalar\u0131yla<br \/>bir kad\u0131n\u0131n d\u00fc\u015flerindeydi<br \/>ve b\u00fct\u00fcn h\u0131r\u00e7\u0131nl\u0131\u011f\u0131yla<br \/>an\u0131lar\u0131n\u0131n \u00f6n\u00fcndeydi.<\/p>\n<p>\u00d6zdemir ASAF<\/p>\n","protected":false},"excerpt":{"rendered":"<p>\u00a0 uykusuzluk ve pencerede bir kedigece boyu hi\u00e7 konu\u015fmadan durduya\u011fmurlar ya\u011fd\u0131, dindipencerede hep kedine geceye girdi, ne uyudubakt\u0131, bakt\u0131, bakt\u0131belli de\u011fildi do\u011fmad\u0131\u011f\u0131, do\u011fdu\u011fu sanki ona bir zamanhadi \u015fimdi, yola \u00e7\u0131k\u0131p bir duygudanpencerenin d\u0131\u015f\u0131nda duranbir geceden indi, odaya girdidedihadi \u015fimdi sende in uykudan sevdi mi, sevmedi mi, belli etmedis\u00fcrd\u00fcr\u00fcp suskunlu\u011funuyeni huysuzlu\u011fu beslediaaaakedi bu uykunun i\u00e7indeydi ankara [&hellip;]<\/p>\n","protected":false},"author":1,"featured_media":0,"comment_status":"open","ping_status":"open","sticky":false,"template":"","format":"standard","meta":{"footnotes":""},"categories":[29],"tags":[],"class_list":{"0":"post-6129","1":"post","2":"type-post","3":"status-publish","4":"format-standard","6":"category-ozdemir-asaf"},"yoast_head":"<!-- This site is optimized with the Yoast SEO Premium plugin v24.9 (Yoast SEO v24.9) - https:\/\/yoast.com\/wordpress\/plugins\/seo\/ -->\n<title>UYKUSUZLUK - narteks.net<\/title>\n<meta name=\"robots\" content=\"index, follow, max-snippet:-1, max-image-preview:large, max-video-preview:-1\" \/>\n<link rel=\"canonical\" href=\"https:\/\/narteks.net\/index.php\/2011\/06\/02\/uykusuzluk\/\" \/>\n<meta property=\"og:locale\" content=\"tr_TR\" \/>\n<meta property=\"og:type\" content=\"article\" \/>\n<meta property=\"og:title\" content=\"UYKUSUZLUK\" \/>\n<meta property=\"og:description\" content=\"\u00a0 uykusuzluk ve pencerede bir kedigece boyu hi\u00e7 konu\u015fmadan durduya\u011fmurlar ya\u011fd\u0131, dindipencerede hep kedine geceye girdi, ne uyudubakt\u0131, bakt\u0131, bakt\u0131belli de\u011fildi do\u011fmad\u0131\u011f\u0131, do\u011fdu\u011fu sanki ona bir zamanhadi \u015fimdi, yola \u00e7\u0131k\u0131p bir duygudanpencerenin d\u0131\u015f\u0131nda duranbir geceden indi, odaya girdidedihadi \u015fimdi sende in uykudan sevdi mi, sevmedi mi, belli etmedis\u00fcrd\u00fcr\u00fcp suskunlu\u011funuyeni huysuzlu\u011fu beslediaaaakedi bu uykunun i\u00e7indeydi ankara [&hellip;]\" \/>\n<meta property=\"og:url\" content=\"https:\/\/narteks.net\/index.php\/2011\/06\/02\/uykusuzluk\/\" \/>\n<meta property=\"og:site_name\" content=\"narteks.net\" \/>\n<meta property=\"article:published_time\" content=\"2011-06-02T15:11:56+00:00\" \/>\n<meta property=\"og:image\" content=\"https:\/\/narteks.net\/wp-content\/uploads\/narteks.png\" \/>\n\t<meta property=\"og:image:width\" content=\"300\" \/>\n\t<meta property=\"og:image:height\" content=\"90\" \/>\n\t<meta property=\"og:image:type\" content=\"image\/png\" \/>\n<meta name=\"author\" content=\"Tar\u0131k\" \/>\n<meta name=\"twitter:card\" content=\"summary_large_image\" \/>\n<meta name=\"twitter:creator\" content=\"@narteks\" \/>\n<meta name=\"twitter:site\" content=\"@narteks\" \/>\n<meta name=\"twitter:label1\" content=\"Yazan:\" \/>\n\t<meta name=\"twitter:data1\" content=\"Tar\u0131k\" \/>\n\t<meta name=\"twitter:label2\" content=\"Tahmini okuma s\u00fcresi\" \/>\n\t<meta name=\"twitter:data2\" content=\"1 dakika\" \/>\n<script type=\"application\/ld+json\" class=\"yoast-schema-graph\">{\"@context\":\"https:\/\/schema.org\",\"@graph\":[{\"@type\":\"Article\",\"@id\":\"https:\/\/narteks.net\/index.php\/2011\/06\/02\/uykusuzluk\/#article\",\"isPartOf\":{\"@id\":\"https:\/\/narteks.net\/index.php\/2011\/06\/02\/uykusuzluk\/\"},\"author\":{\"name\":\"Tar\u0131k\",\"@id\":\"https:\/\/narteks.net\/#\/schema\/person\/61f37d9834294b72d31d274e7ed79bca\"},\"headline\":\"UYKUSUZLUK\",\"datePublished\":\"2011-06-02T15:11:56+00:00\",\"mainEntityOfPage\":{\"@id\":\"https:\/\/narteks.net\/index.php\/2011\/06\/02\/uykusuzluk\/\"},\"wordCount\":112,\"commentCount\":0,\"publisher\":{\"@id\":\"https:\/\/narteks.net\/#organization\"},\"articleSection\":[\"\u00d6zdemir ASAF\"],\"inLanguage\":\"tr\",\"potentialAction\":[{\"@type\":\"CommentAction\",\"name\":\"Comment\",\"target\":[\"https:\/\/narteks.net\/index.php\/2011\/06\/02\/uykusuzluk\/#respond\"]}]},{\"@type\":\"WebPage\",\"@id\":\"https:\/\/narteks.net\/index.php\/2011\/06\/02\/uykusuzluk\/\",\"url\":\"https:\/\/narteks.net\/index.php\/2011\/06\/02\/uykusuzluk\/\",\"name\":\"UYKUSUZLUK - narteks.net\",\"isPartOf\":{\"@id\":\"https:\/\/narteks.net\/#website\"},\"datePublished\":\"2011-06-02T15:11:56+00:00\",\"breadcrumb\":{\"@id\":\"https:\/\/narteks.net\/index.php\/2011\/06\/02\/uykusuzluk\/#breadcrumb\"},\"inLanguage\":\"tr\",\"potentialAction\":[{\"@type\":\"ReadAction\",\"target\":[\"https:\/\/narteks.net\/index.php\/2011\/06\/02\/uykusuzluk\/\"]}]},{\"@type\":\"BreadcrumbList\",\"@id\":\"https:\/\/narteks.net\/index.php\/2011\/06\/02\/uykusuzluk\/#breadcrumb\",\"itemListElement\":[{\"@type\":\"ListItem\",\"position\":1,\"name\":\"Anasayfa\",\"item\":\"https:\/\/narteks.net\/\"},{\"@type\":\"ListItem\",\"position\":2,\"name\":\"UYKUSUZLUK\"}]},{\"@type\":\"WebSite\",\"@id\":\"https:\/\/narteks.net\/#website\",\"url\":\"https:\/\/narteks.net\/\",\"name\":\"narteks.net\",\"description\":\"K\u00fclt\u00fcr Sanat Edebiyat Felsefe\",\"publisher\":{\"@id\":\"https:\/\/narteks.net\/#organization\"},\"alternateName\":\"K\u00fclt\u00fcr Sanat Edebiyat Felsefe\",\"potentialAction\":[{\"@type\":\"SearchAction\",\"target\":{\"@type\":\"EntryPoint\",\"urlTemplate\":\"https:\/\/narteks.net\/?s={search_term_string}\"},\"query-input\":{\"@type\":\"PropertyValueSpecification\",\"valueRequired\":true,\"valueName\":\"search_term_string\"}}],\"inLanguage\":\"tr\"},{\"@type\":\"Organization\",\"@id\":\"https:\/\/narteks.net\/#organization\",\"name\":\"narteks.net\",\"url\":\"https:\/\/narteks.net\/\",\"logo\":{\"@type\":\"ImageObject\",\"inLanguage\":\"tr\",\"@id\":\"https:\/\/narteks.net\/#\/schema\/logo\/image\/\",\"url\":\"https:\/\/narteks.net\/wp-content\/uploads\/narteks.png\",\"contentUrl\":\"https:\/\/narteks.net\/wp-content\/uploads\/narteks.png\",\"width\":300,\"height\":90,\"caption\":\"narteks.net\"},\"image\":{\"@id\":\"https:\/\/narteks.net\/#\/schema\/logo\/image\/\"},\"sameAs\":[\"https:\/\/x.com\/narteks\",\"https:\/\/instagram.com\/narteksnet\"]},{\"@type\":\"Person\",\"@id\":\"https:\/\/narteks.net\/#\/schema\/person\/61f37d9834294b72d31d274e7ed79bca\",\"name\":\"Tar\u0131k\",\"image\":{\"@type\":\"ImageObject\",\"inLanguage\":\"tr\",\"@id\":\"https:\/\/narteks.net\/#\/schema\/person\/image\/\",\"url\":\"https:\/\/secure.gravatar.com\/avatar\/50865afb55632c4ae467e0af0930f6510aa2297d8014be502a55b14f3b7550cf?s=96&d=mm&r=g\",\"contentUrl\":\"https:\/\/secure.gravatar.com\/avatar\/50865afb55632c4ae467e0af0930f6510aa2297d8014be502a55b14f3b7550cf?s=96&d=mm&r=g\",\"caption\":\"Tar\u0131k\"},\"sameAs\":[\"http:\/\/narteks.net\"],\"url\":\"https:\/\/narteks.net\/index.php\/author\/narbak\/\"}]}<\/script>\n<!-- \/ Yoast SEO Premium plugin. -->","yoast_head_json":{"title":"UYKUSUZLUK - narteks.net","robots":{"index":"index","follow":"follow","max-snippet":"max-snippet:-1","max-image-preview":"max-image-preview:large","max-video-preview":"max-video-preview:-1"},"canonical":"https:\/\/narteks.net\/index.php\/2011\/06\/02\/uykusuzluk\/","og_locale":"tr_TR","og_type":"article","og_title":"UYKUSUZLUK","og_description":"\u00a0 uykusuzluk ve pencerede bir kedigece boyu hi\u00e7 konu\u015fmadan durduya\u011fmurlar ya\u011fd\u0131, dindipencerede hep kedine geceye girdi, ne uyudubakt\u0131, bakt\u0131, bakt\u0131belli de\u011fildi do\u011fmad\u0131\u011f\u0131, do\u011fdu\u011fu sanki ona bir zamanhadi \u015fimdi, yola \u00e7\u0131k\u0131p bir duygudanpencerenin d\u0131\u015f\u0131nda duranbir geceden indi, odaya girdidedihadi \u015fimdi sende in uykudan sevdi mi, sevmedi mi, belli etmedis\u00fcrd\u00fcr\u00fcp suskunlu\u011funuyeni huysuzlu\u011fu beslediaaaakedi bu uykunun i\u00e7indeydi ankara [&hellip;]","og_url":"https:\/\/narteks.net\/index.php\/2011\/06\/02\/uykusuzluk\/","og_site_name":"narteks.net","article_published_time":"2011-06-02T15:11:56+00:00","og_image":[{"width":300,"height":90,"url":"https:\/\/narteks.net\/wp-content\/uploads\/narteks.png","type":"image\/png"}],"author":"Tar\u0131k","twitter_card":"summary_large_image","twitter_creator":"@narteks","twitter_site":"@narteks","twitter_misc":{"Yazan:":"Tar\u0131k","Tahmini okuma s\u00fcresi":"1 dakika"},"schema":{"@context":"https:\/\/schema.org","@graph":[{"@type":"Article","@id":"https:\/\/narteks.net\/index.php\/2011\/06\/02\/uykusuzluk\/#article","isPartOf":{"@id":"https:\/\/narteks.net\/index.php\/2011\/06\/02\/uykusuzluk\/"},"author":{"name":"Tar\u0131k","@id":"https:\/\/narteks.net\/#\/schema\/person\/61f37d9834294b72d31d274e7ed79bca"},"headline":"UYKUSUZLUK","datePublished":"2011-06-02T15:11:56+00:00","mainEntityOfPage":{"@id":"https:\/\/narteks.net\/index.php\/2011\/06\/02\/uykusuzluk\/"},"wordCount":112,"commentCount":0,"publisher":{"@id":"https:\/\/narteks.net\/#organization"},"articleSection":["\u00d6zdemir ASAF"],"inLanguage":"tr","potentialAction":[{"@type":"CommentAction","name":"Comment","target":["https:\/\/narteks.net\/index.php\/2011\/06\/02\/uykusuzluk\/#respond"]}]},{"@type":"WebPage","@id":"https:\/\/narteks.net\/index.php\/2011\/06\/02\/uykusuzluk\/","url":"https:\/\/narteks.net\/index.php\/2011\/06\/02\/uykusuzluk\/","name":"UYKUSUZLUK - narteks.net","isPartOf":{"@id":"https:\/\/narteks.net\/#website"},"datePublished":"2011-06-02T15:11:56+00:00","breadcrumb":{"@id":"https:\/\/narteks.net\/index.php\/2011\/06\/02\/uykusuzluk\/#breadcrumb"},"inLanguage":"tr","potentialAction":[{"@type":"ReadAction","target":["https:\/\/narteks.net\/index.php\/2011\/06\/02\/uykusuzluk\/"]}]},{"@type":"BreadcrumbList","@id":"https:\/\/narteks.net\/index.php\/2011\/06\/02\/uykusuzluk\/#breadcrumb","itemListElement":[{"@type":"ListItem","position":1,"name":"Anasayfa","item":"https:\/\/narteks.net\/"},{"@type":"ListItem","position":2,"name":"UYKUSUZLUK"}]},{"@type":"WebSite","@id":"https:\/\/narteks.net\/#website","url":"https:\/\/narteks.net\/","name":"narteks.net","description":"K\u00fclt\u00fcr Sanat Edebiyat Felsefe","publisher":{"@id":"https:\/\/narteks.net\/#organization"},"alternateName":"K\u00fclt\u00fcr Sanat Edebiyat Felsefe","potentialAction":[{"@type":"SearchAction","target":{"@type":"EntryPoint","urlTemplate":"https:\/\/narteks.net\/?s={search_term_string}"},"query-input":{"@type":"PropertyValueSpecification","valueRequired":true,"valueName":"search_term_string"}}],"inLanguage":"tr"},{"@type":"Organization","@id":"https:\/\/narteks.net\/#organization","name":"narteks.net","url":"https:\/\/narteks.net\/","logo":{"@type":"ImageObject","inLanguage":"tr","@id":"https:\/\/narteks.net\/#\/schema\/logo\/image\/","url":"https:\/\/narteks.net\/wp-content\/uploads\/narteks.png","contentUrl":"https:\/\/narteks.net\/wp-content\/uploads\/narteks.png","width":300,"height":90,"caption":"narteks.net"},"image":{"@id":"https:\/\/narteks.net\/#\/schema\/logo\/image\/"},"sameAs":["https:\/\/x.com\/narteks","https:\/\/instagram.com\/narteksnet"]},{"@type":"Person","@id":"https:\/\/narteks.net\/#\/schema\/person\/61f37d9834294b72d31d274e7ed79bca","name":"Tar\u0131k","image":{"@type":"ImageObject","inLanguage":"tr","@id":"https:\/\/narteks.net\/#\/schema\/person\/image\/","url":"https:\/\/secure.gravatar.com\/avatar\/50865afb55632c4ae467e0af0930f6510aa2297d8014be502a55b14f3b7550cf?s=96&d=mm&r=g","contentUrl":"https:\/\/secure.gravatar.com\/avatar\/50865afb55632c4ae467e0af0930f6510aa2297d8014be502a55b14f3b7550cf?s=96&d=mm&r=g","caption":"Tar\u0131k"},"sameAs":["http:\/\/narteks.net"],"url":"https:\/\/narteks.net\/index.php\/author\/narbak\/"}]}},"_links":{"self":[{"href":"https:\/\/narteks.net\/index.php\/wp-json\/wp\/v2\/posts\/6129","targetHints":{"allow":["GET"]}}],"collection":[{"href":"https:\/\/narteks.net\/index.php\/wp-json\/wp\/v2\/posts"}],"about":[{"href":"https:\/\/narteks.net\/index.php\/wp-json\/wp\/v2\/types\/post"}],"author":[{"embeddable":true,"href":"https:\/\/narteks.net\/index.php\/wp-json\/wp\/v2\/users\/1"}],"replies":[{"embeddable":true,"href":"https:\/\/narteks.net\/index.php\/wp-json\/wp\/v2\/comments?post=6129"}],"version-history":[{"count":0,"href":"https:\/\/narteks.net\/index.php\/wp-json\/wp\/v2\/posts\/6129\/revisions"}],"wp:attachment":[{"href":"https:\/\/narteks.net\/index.php\/wp-json\/wp\/v2\/media?parent=6129"}],"wp:term":[{"taxonomy":"category","embeddable":true,"href":"https:\/\/narteks.net\/index.php\/wp-json\/wp\/v2\/categories?post=6129"},{"taxonomy":"post_tag","embeddable":true,"href":"https:\/\/narteks.net\/index.php\/wp-json\/wp\/v2\/tags?post=6129"}],"curies":[{"name":"wp","href":"https:\/\/api.w.org\/{rel}","templated":true}]}}