{"id":6133,"date":"2011-06-02T18:17:45","date_gmt":"2011-06-02T15:17:45","guid":{"rendered":"http:\/\/localhost\/wordpress\/2011\/06\/02\/kendisini-unutmus\/"},"modified":"2011-06-02T18:17:45","modified_gmt":"2011-06-02T15:17:45","slug":"kendisini-unutmus","status":"publish","type":"post","link":"https:\/\/narteks.net\/index.php\/2011\/06\/02\/kendisini-unutmus\/","title":{"rendered":"KEND\u0130S\u0130N\u0130 UNUTMU\u015e"},"content":{"rendered":"<p>\u00a0<\/p>\n<p>B\u00fct\u00fcn a\u015fklar\u0131n kitab\u0131 elinde<br \/>Sevilmemi\u015f yinlerin balosuna gitti.<br \/>\u00d6ylesine kalabal\u0131kt\u0131 ki,<br \/>Sevdi\u011fini anlamad\u0131.<\/p>\n<p>B\u00fct\u00fcn kap\u0131lar\u0131n anahtar\u0131 elinde<br \/>\u00d6p\u00fclmemi\u015f dudaklar\u0131n balosuna gitti.<br \/>\u00d6yle ayd\u0131nl\u0131kt\u0131 ki,<br \/>\u00d6pt\u00fc\u011f\u00fcn\u00fc anlamad\u0131.<\/p>\n<p>I\u015f\u0131klarla \u00f6rt\u00fcnm\u00fc\u015ft\u00fc \u00e7\u0131plakl\u0131k,<br \/>Renklere uzand\u0131 susam\u0131\u015f,<br \/>Beyazl\u0131klar aras\u0131nda kayboldu bak\u0131\u015flar\u0131.<br \/>G\u00f6zleri ya\u015fam\u0131yordu art\u0131k.<\/p>\n<p>\u015eekilleri \u00e7a\u011f\u0131rmaya gitti,kand\u0131racak.<br \/>Elleri aran\u0131yor tutam\u0131yordu.<br \/>Art\u0131k ya\u015fam\u0131yordu.<\/p>\n<p>Bir yanda gelen o dinmeyen ayd\u0131nl\u0131k,<br \/>Ald\u0131k\u00e7a alan.<br \/>Bir yanda giden bir noktayd\u0131 karanl\u0131k,<br \/>Ellerinde ba\u015flayan ,g\u00f6zlerinde biten.<\/p>\n<p>Ba\u011f\u0131d\u0131,kan gibi akt\u0131 sesi,<br \/>A\u015famad\u0131 di\u015finin duvar\u0131ndan.<br \/>Elinde b\u00fct\u00fcn a\u015fklar\u0131n kitab\u0131,<br \/>Anlat\u0131yordu aldanan ayd\u0131nl\u0131klar\u0131ndan.<\/p>\n<p>Elinde b\u00fct\u00fcn kap\u0131lar\u0131n anahtar\u0131,<br \/>Ve unutulmu\u015f bir duvarda,kendi kap\u0131s\u0131..<br \/>Varamad\u0131.<br \/>Ora \u00f6yle karanl\u0131kt\u0131 ki.<br \/>\u00d6ld\u00fc\u011f\u00fcn\u00fc anlamad\u0131.<\/p>\n<p>\u00d6zdemir ASAF<\/p>\n","protected":false},"excerpt":{"rendered":"<p>\u00a0 B\u00fct\u00fcn a\u015fklar\u0131n kitab\u0131 elindeSevilmemi\u015f yinlerin balosuna gitti.\u00d6ylesine kalabal\u0131kt\u0131 ki,Sevdi\u011fini anlamad\u0131. B\u00fct\u00fcn kap\u0131lar\u0131n anahtar\u0131 elinde\u00d6p\u00fclmemi\u015f dudaklar\u0131n balosuna gitti.\u00d6yle ayd\u0131nl\u0131kt\u0131 ki,\u00d6pt\u00fc\u011f\u00fcn\u00fc anlamad\u0131. I\u015f\u0131klarla \u00f6rt\u00fcnm\u00fc\u015ft\u00fc \u00e7\u0131plakl\u0131k,Renklere uzand\u0131 susam\u0131\u015f,Beyazl\u0131klar aras\u0131nda kayboldu bak\u0131\u015flar\u0131.G\u00f6zleri ya\u015fam\u0131yordu art\u0131k. \u015eekilleri \u00e7a\u011f\u0131rmaya gitti,kand\u0131racak.Elleri aran\u0131yor tutam\u0131yordu.Art\u0131k ya\u015fam\u0131yordu. Bir yanda gelen o dinmeyen ayd\u0131nl\u0131k,Ald\u0131k\u00e7a alan.Bir yanda giden bir noktayd\u0131 karanl\u0131k,Ellerinde ba\u015flayan ,g\u00f6zlerinde biten. Ba\u011f\u0131d\u0131,kan gibi akt\u0131 [&hellip;]<\/p>\n","protected":false},"author":1,"featured_media":0,"comment_status":"open","ping_status":"open","sticky":false,"template":"","format":"standard","meta":{"footnotes":""},"categories":[29],"tags":[],"class_list":{"0":"post-6133","1":"post","2":"type-post","3":"status-publish","4":"format-standard","6":"category-ozdemir-asaf"},"yoast_head":"<!-- This site is optimized with the Yoast SEO Premium plugin v24.9 (Yoast SEO v24.9) - https:\/\/yoast.com\/wordpress\/plugins\/seo\/ -->\n<title>KEND\u0130S\u0130N\u0130 UNUTMU\u015e - narteks.net<\/title>\n<meta name=\"robots\" content=\"index, follow, max-snippet:-1, max-image-preview:large, max-video-preview:-1\" \/>\n<link rel=\"canonical\" href=\"https:\/\/narteks.net\/index.php\/2011\/06\/02\/kendisini-unutmus\/\" \/>\n<meta property=\"og:locale\" content=\"tr_TR\" \/>\n<meta property=\"og:type\" content=\"article\" \/>\n<meta property=\"og:title\" content=\"KEND\u0130S\u0130N\u0130 UNUTMU\u015e\" \/>\n<meta property=\"og:description\" content=\"\u00a0 B\u00fct\u00fcn a\u015fklar\u0131n kitab\u0131 elindeSevilmemi\u015f yinlerin balosuna gitti.\u00d6ylesine kalabal\u0131kt\u0131 ki,Sevdi\u011fini anlamad\u0131. B\u00fct\u00fcn kap\u0131lar\u0131n anahtar\u0131 elinde\u00d6p\u00fclmemi\u015f dudaklar\u0131n balosuna gitti.\u00d6yle ayd\u0131nl\u0131kt\u0131 ki,\u00d6pt\u00fc\u011f\u00fcn\u00fc anlamad\u0131. I\u015f\u0131klarla \u00f6rt\u00fcnm\u00fc\u015ft\u00fc \u00e7\u0131plakl\u0131k,Renklere uzand\u0131 susam\u0131\u015f,Beyazl\u0131klar aras\u0131nda kayboldu bak\u0131\u015flar\u0131.G\u00f6zleri ya\u015fam\u0131yordu art\u0131k. \u015eekilleri \u00e7a\u011f\u0131rmaya gitti,kand\u0131racak.Elleri aran\u0131yor tutam\u0131yordu.Art\u0131k ya\u015fam\u0131yordu. Bir yanda gelen o dinmeyen ayd\u0131nl\u0131k,Ald\u0131k\u00e7a alan.Bir yanda giden bir noktayd\u0131 karanl\u0131k,Ellerinde ba\u015flayan ,g\u00f6zlerinde biten. Ba\u011f\u0131d\u0131,kan gibi akt\u0131 [&hellip;]\" \/>\n<meta property=\"og:url\" content=\"https:\/\/narteks.net\/index.php\/2011\/06\/02\/kendisini-unutmus\/\" \/>\n<meta property=\"og:site_name\" content=\"narteks.net\" \/>\n<meta property=\"article:published_time\" content=\"2011-06-02T15:17:45+00:00\" \/>\n<meta property=\"og:image\" content=\"https:\/\/narteks.net\/wp-content\/uploads\/narteks.png\" \/>\n\t<meta property=\"og:image:width\" content=\"300\" \/>\n\t<meta property=\"og:image:height\" content=\"90\" \/>\n\t<meta property=\"og:image:type\" content=\"image\/png\" \/>\n<meta name=\"author\" content=\"Tar\u0131k\" \/>\n<meta name=\"twitter:card\" content=\"summary_large_image\" \/>\n<meta name=\"twitter:creator\" content=\"@narteks\" \/>\n<meta name=\"twitter:site\" content=\"@narteks\" \/>\n<meta name=\"twitter:label1\" content=\"Yazan:\" \/>\n\t<meta name=\"twitter:data1\" content=\"Tar\u0131k\" \/>\n\t<meta name=\"twitter:label2\" content=\"Tahmini okuma s\u00fcresi\" \/>\n\t<meta name=\"twitter:data2\" content=\"1 dakika\" \/>\n<script type=\"application\/ld+json\" class=\"yoast-schema-graph\">{\"@context\":\"https:\/\/schema.org\",\"@graph\":[{\"@type\":\"Article\",\"@id\":\"https:\/\/narteks.net\/index.php\/2011\/06\/02\/kendisini-unutmus\/#article\",\"isPartOf\":{\"@id\":\"https:\/\/narteks.net\/index.php\/2011\/06\/02\/kendisini-unutmus\/\"},\"author\":{\"name\":\"Tar\u0131k\",\"@id\":\"https:\/\/narteks.net\/#\/schema\/person\/61f37d9834294b72d31d274e7ed79bca\"},\"headline\":\"KEND\u0130S\u0130N\u0130 UNUTMU\u015e\",\"datePublished\":\"2011-06-02T15:17:45+00:00\",\"mainEntityOfPage\":{\"@id\":\"https:\/\/narteks.net\/index.php\/2011\/06\/02\/kendisini-unutmus\/\"},\"wordCount\":162,\"commentCount\":0,\"publisher\":{\"@id\":\"https:\/\/narteks.net\/#organization\"},\"articleSection\":[\"\u00d6zdemir ASAF\"],\"inLanguage\":\"tr\",\"potentialAction\":[{\"@type\":\"CommentAction\",\"name\":\"Comment\",\"target\":[\"https:\/\/narteks.net\/index.php\/2011\/06\/02\/kendisini-unutmus\/#respond\"]}]},{\"@type\":\"WebPage\",\"@id\":\"https:\/\/narteks.net\/index.php\/2011\/06\/02\/kendisini-unutmus\/\",\"url\":\"https:\/\/narteks.net\/index.php\/2011\/06\/02\/kendisini-unutmus\/\",\"name\":\"KEND\u0130S\u0130N\u0130 UNUTMU\u015e - narteks.net\",\"isPartOf\":{\"@id\":\"https:\/\/narteks.net\/#website\"},\"datePublished\":\"2011-06-02T15:17:45+00:00\",\"breadcrumb\":{\"@id\":\"https:\/\/narteks.net\/index.php\/2011\/06\/02\/kendisini-unutmus\/#breadcrumb\"},\"inLanguage\":\"tr\",\"potentialAction\":[{\"@type\":\"ReadAction\",\"target\":[\"https:\/\/narteks.net\/index.php\/2011\/06\/02\/kendisini-unutmus\/\"]}]},{\"@type\":\"BreadcrumbList\",\"@id\":\"https:\/\/narteks.net\/index.php\/2011\/06\/02\/kendisini-unutmus\/#breadcrumb\",\"itemListElement\":[{\"@type\":\"ListItem\",\"position\":1,\"name\":\"Anasayfa\",\"item\":\"https:\/\/narteks.net\/\"},{\"@type\":\"ListItem\",\"position\":2,\"name\":\"KEND\u0130S\u0130N\u0130 UNUTMU\u015e\"}]},{\"@type\":\"WebSite\",\"@id\":\"https:\/\/narteks.net\/#website\",\"url\":\"https:\/\/narteks.net\/\",\"name\":\"narteks.net\",\"description\":\"K\u00fclt\u00fcr Sanat Edebiyat Felsefe\",\"publisher\":{\"@id\":\"https:\/\/narteks.net\/#organization\"},\"alternateName\":\"K\u00fclt\u00fcr Sanat Edebiyat Felsefe\",\"potentialAction\":[{\"@type\":\"SearchAction\",\"target\":{\"@type\":\"EntryPoint\",\"urlTemplate\":\"https:\/\/narteks.net\/?s={search_term_string}\"},\"query-input\":{\"@type\":\"PropertyValueSpecification\",\"valueRequired\":true,\"valueName\":\"search_term_string\"}}],\"inLanguage\":\"tr\"},{\"@type\":\"Organization\",\"@id\":\"https:\/\/narteks.net\/#organization\",\"name\":\"narteks.net\",\"url\":\"https:\/\/narteks.net\/\",\"logo\":{\"@type\":\"ImageObject\",\"inLanguage\":\"tr\",\"@id\":\"https:\/\/narteks.net\/#\/schema\/logo\/image\/\",\"url\":\"https:\/\/narteks.net\/wp-content\/uploads\/narteks.png\",\"contentUrl\":\"https:\/\/narteks.net\/wp-content\/uploads\/narteks.png\",\"width\":300,\"height\":90,\"caption\":\"narteks.net\"},\"image\":{\"@id\":\"https:\/\/narteks.net\/#\/schema\/logo\/image\/\"},\"sameAs\":[\"https:\/\/x.com\/narteks\",\"https:\/\/instagram.com\/narteksnet\"]},{\"@type\":\"Person\",\"@id\":\"https:\/\/narteks.net\/#\/schema\/person\/61f37d9834294b72d31d274e7ed79bca\",\"name\":\"Tar\u0131k\",\"image\":{\"@type\":\"ImageObject\",\"inLanguage\":\"tr\",\"@id\":\"https:\/\/narteks.net\/#\/schema\/person\/image\/\",\"url\":\"https:\/\/secure.gravatar.com\/avatar\/50865afb55632c4ae467e0af0930f6510aa2297d8014be502a55b14f3b7550cf?s=96&d=mm&r=g\",\"contentUrl\":\"https:\/\/secure.gravatar.com\/avatar\/50865afb55632c4ae467e0af0930f6510aa2297d8014be502a55b14f3b7550cf?s=96&d=mm&r=g\",\"caption\":\"Tar\u0131k\"},\"sameAs\":[\"http:\/\/narteks.net\"],\"url\":\"https:\/\/narteks.net\/index.php\/author\/narbak\/\"}]}<\/script>\n<!-- \/ Yoast SEO Premium plugin. -->","yoast_head_json":{"title":"KEND\u0130S\u0130N\u0130 UNUTMU\u015e - narteks.net","robots":{"index":"index","follow":"follow","max-snippet":"max-snippet:-1","max-image-preview":"max-image-preview:large","max-video-preview":"max-video-preview:-1"},"canonical":"https:\/\/narteks.net\/index.php\/2011\/06\/02\/kendisini-unutmus\/","og_locale":"tr_TR","og_type":"article","og_title":"KEND\u0130S\u0130N\u0130 UNUTMU\u015e","og_description":"\u00a0 B\u00fct\u00fcn a\u015fklar\u0131n kitab\u0131 elindeSevilmemi\u015f yinlerin balosuna gitti.\u00d6ylesine kalabal\u0131kt\u0131 ki,Sevdi\u011fini anlamad\u0131. B\u00fct\u00fcn kap\u0131lar\u0131n anahtar\u0131 elinde\u00d6p\u00fclmemi\u015f dudaklar\u0131n balosuna gitti.\u00d6yle ayd\u0131nl\u0131kt\u0131 ki,\u00d6pt\u00fc\u011f\u00fcn\u00fc anlamad\u0131. I\u015f\u0131klarla \u00f6rt\u00fcnm\u00fc\u015ft\u00fc \u00e7\u0131plakl\u0131k,Renklere uzand\u0131 susam\u0131\u015f,Beyazl\u0131klar aras\u0131nda kayboldu bak\u0131\u015flar\u0131.G\u00f6zleri ya\u015fam\u0131yordu art\u0131k. \u015eekilleri \u00e7a\u011f\u0131rmaya gitti,kand\u0131racak.Elleri aran\u0131yor tutam\u0131yordu.Art\u0131k ya\u015fam\u0131yordu. Bir yanda gelen o dinmeyen ayd\u0131nl\u0131k,Ald\u0131k\u00e7a alan.Bir yanda giden bir noktayd\u0131 karanl\u0131k,Ellerinde ba\u015flayan ,g\u00f6zlerinde biten. Ba\u011f\u0131d\u0131,kan gibi akt\u0131 [&hellip;]","og_url":"https:\/\/narteks.net\/index.php\/2011\/06\/02\/kendisini-unutmus\/","og_site_name":"narteks.net","article_published_time":"2011-06-02T15:17:45+00:00","og_image":[{"width":300,"height":90,"url":"https:\/\/narteks.net\/wp-content\/uploads\/narteks.png","type":"image\/png"}],"author":"Tar\u0131k","twitter_card":"summary_large_image","twitter_creator":"@narteks","twitter_site":"@narteks","twitter_misc":{"Yazan:":"Tar\u0131k","Tahmini okuma s\u00fcresi":"1 dakika"},"schema":{"@context":"https:\/\/schema.org","@graph":[{"@type":"Article","@id":"https:\/\/narteks.net\/index.php\/2011\/06\/02\/kendisini-unutmus\/#article","isPartOf":{"@id":"https:\/\/narteks.net\/index.php\/2011\/06\/02\/kendisini-unutmus\/"},"author":{"name":"Tar\u0131k","@id":"https:\/\/narteks.net\/#\/schema\/person\/61f37d9834294b72d31d274e7ed79bca"},"headline":"KEND\u0130S\u0130N\u0130 UNUTMU\u015e","datePublished":"2011-06-02T15:17:45+00:00","mainEntityOfPage":{"@id":"https:\/\/narteks.net\/index.php\/2011\/06\/02\/kendisini-unutmus\/"},"wordCount":162,"commentCount":0,"publisher":{"@id":"https:\/\/narteks.net\/#organization"},"articleSection":["\u00d6zdemir ASAF"],"inLanguage":"tr","potentialAction":[{"@type":"CommentAction","name":"Comment","target":["https:\/\/narteks.net\/index.php\/2011\/06\/02\/kendisini-unutmus\/#respond"]}]},{"@type":"WebPage","@id":"https:\/\/narteks.net\/index.php\/2011\/06\/02\/kendisini-unutmus\/","url":"https:\/\/narteks.net\/index.php\/2011\/06\/02\/kendisini-unutmus\/","name":"KEND\u0130S\u0130N\u0130 UNUTMU\u015e - narteks.net","isPartOf":{"@id":"https:\/\/narteks.net\/#website"},"datePublished":"2011-06-02T15:17:45+00:00","breadcrumb":{"@id":"https:\/\/narteks.net\/index.php\/2011\/06\/02\/kendisini-unutmus\/#breadcrumb"},"inLanguage":"tr","potentialAction":[{"@type":"ReadAction","target":["https:\/\/narteks.net\/index.php\/2011\/06\/02\/kendisini-unutmus\/"]}]},{"@type":"BreadcrumbList","@id":"https:\/\/narteks.net\/index.php\/2011\/06\/02\/kendisini-unutmus\/#breadcrumb","itemListElement":[{"@type":"ListItem","position":1,"name":"Anasayfa","item":"https:\/\/narteks.net\/"},{"@type":"ListItem","position":2,"name":"KEND\u0130S\u0130N\u0130 UNUTMU\u015e"}]},{"@type":"WebSite","@id":"https:\/\/narteks.net\/#website","url":"https:\/\/narteks.net\/","name":"narteks.net","description":"K\u00fclt\u00fcr Sanat Edebiyat Felsefe","publisher":{"@id":"https:\/\/narteks.net\/#organization"},"alternateName":"K\u00fclt\u00fcr Sanat Edebiyat Felsefe","potentialAction":[{"@type":"SearchAction","target":{"@type":"EntryPoint","urlTemplate":"https:\/\/narteks.net\/?s={search_term_string}"},"query-input":{"@type":"PropertyValueSpecification","valueRequired":true,"valueName":"search_term_string"}}],"inLanguage":"tr"},{"@type":"Organization","@id":"https:\/\/narteks.net\/#organization","name":"narteks.net","url":"https:\/\/narteks.net\/","logo":{"@type":"ImageObject","inLanguage":"tr","@id":"https:\/\/narteks.net\/#\/schema\/logo\/image\/","url":"https:\/\/narteks.net\/wp-content\/uploads\/narteks.png","contentUrl":"https:\/\/narteks.net\/wp-content\/uploads\/narteks.png","width":300,"height":90,"caption":"narteks.net"},"image":{"@id":"https:\/\/narteks.net\/#\/schema\/logo\/image\/"},"sameAs":["https:\/\/x.com\/narteks","https:\/\/instagram.com\/narteksnet"]},{"@type":"Person","@id":"https:\/\/narteks.net\/#\/schema\/person\/61f37d9834294b72d31d274e7ed79bca","name":"Tar\u0131k","image":{"@type":"ImageObject","inLanguage":"tr","@id":"https:\/\/narteks.net\/#\/schema\/person\/image\/","url":"https:\/\/secure.gravatar.com\/avatar\/50865afb55632c4ae467e0af0930f6510aa2297d8014be502a55b14f3b7550cf?s=96&d=mm&r=g","contentUrl":"https:\/\/secure.gravatar.com\/avatar\/50865afb55632c4ae467e0af0930f6510aa2297d8014be502a55b14f3b7550cf?s=96&d=mm&r=g","caption":"Tar\u0131k"},"sameAs":["http:\/\/narteks.net"],"url":"https:\/\/narteks.net\/index.php\/author\/narbak\/"}]}},"_links":{"self":[{"href":"https:\/\/narteks.net\/index.php\/wp-json\/wp\/v2\/posts\/6133","targetHints":{"allow":["GET"]}}],"collection":[{"href":"https:\/\/narteks.net\/index.php\/wp-json\/wp\/v2\/posts"}],"about":[{"href":"https:\/\/narteks.net\/index.php\/wp-json\/wp\/v2\/types\/post"}],"author":[{"embeddable":true,"href":"https:\/\/narteks.net\/index.php\/wp-json\/wp\/v2\/users\/1"}],"replies":[{"embeddable":true,"href":"https:\/\/narteks.net\/index.php\/wp-json\/wp\/v2\/comments?post=6133"}],"version-history":[{"count":0,"href":"https:\/\/narteks.net\/index.php\/wp-json\/wp\/v2\/posts\/6133\/revisions"}],"wp:attachment":[{"href":"https:\/\/narteks.net\/index.php\/wp-json\/wp\/v2\/media?parent=6133"}],"wp:term":[{"taxonomy":"category","embeddable":true,"href":"https:\/\/narteks.net\/index.php\/wp-json\/wp\/v2\/categories?post=6133"},{"taxonomy":"post_tag","embeddable":true,"href":"https:\/\/narteks.net\/index.php\/wp-json\/wp\/v2\/tags?post=6133"}],"curies":[{"name":"wp","href":"https:\/\/api.w.org\/{rel}","templated":true}]}}