{"id":6142,"date":"2011-06-02T18:41:05","date_gmt":"2011-06-02T15:41:05","guid":{"rendered":"http:\/\/localhost\/wordpress\/2011\/06\/02\/birikik-insanin-sarkisi\/"},"modified":"2011-06-02T18:41:05","modified_gmt":"2011-06-02T15:41:05","slug":"birikik-insanin-sarkisi","status":"publish","type":"post","link":"https:\/\/narteks.net\/index.php\/2011\/06\/02\/birikik-insanin-sarkisi\/","title":{"rendered":"B\u0130R\u0130K\u0130K \u0130NSANIN \u015eARKISI"},"content":{"rendered":"<p>\u00a0<\/p>\n<p> Yap\u0131\u015fa yap\u0131\u015fa g\u00f6r\u00fcyorum.<br \/>Evler s\u00fcrt\u00fcne s\u00fcrt\u00fcne ge\u00e7iyor yanlar\u0131mdan.<br \/>Duvarlar derilerimi kanat\u0131yor.<br \/>K\u00fcmelenip s\u0131rt\u0131ma biniyor bulutlar.<br \/>Ben dimdik duruyorum, y\u00fcr\u00fcmekli.<br \/>Yol ayaklar\u0131m\u0131n alt\u0131ndan kay\u0131p geri gidiyor.<\/p>\n<p>B\u00fct\u00fcn ta\u015flar, topraklar, a\u011fa\u00e7lar doluyor sonsuz g\u00f6zlerime.<br \/>Hepsinde say\u0131s\u0131z g\u00f6zlerimden biri kal\u0131yor.<br \/>D\u00f6n\u00fcp<br \/>B\u00fct\u00fcn bunlar\u0131 ben yapt\u0131m diyorum, inan\u0131yorlar da&#8230;<br \/>Durup,<br \/>\u015eu kendimi bu g\u00f6rd\u00fc\u011f\u00fcm\u00fcz gibi ben yapt\u0131m,<br \/>Diyorum.<br \/>\u0130nanm\u0131yorlar.<\/p>\n<p>G\u00f6z\u00fcmden d\u00fc\u015f\u00fcyoruz.<\/p>\n<p>\u00d6zdemir ASAF<\/p>\n","protected":false},"excerpt":{"rendered":"<p>\u00a0 Yap\u0131\u015fa yap\u0131\u015fa g\u00f6r\u00fcyorum.Evler s\u00fcrt\u00fcne s\u00fcrt\u00fcne ge\u00e7iyor yanlar\u0131mdan.Duvarlar derilerimi kanat\u0131yor.K\u00fcmelenip s\u0131rt\u0131ma biniyor bulutlar.Ben dimdik duruyorum, y\u00fcr\u00fcmekli.Yol ayaklar\u0131m\u0131n alt\u0131ndan kay\u0131p geri gidiyor. B\u00fct\u00fcn ta\u015flar, topraklar, a\u011fa\u00e7lar doluyor sonsuz g\u00f6zlerime.Hepsinde say\u0131s\u0131z g\u00f6zlerimden biri kal\u0131yor.D\u00f6n\u00fcpB\u00fct\u00fcn bunlar\u0131 ben yapt\u0131m diyorum, inan\u0131yorlar da&#8230;Durup,\u015eu kendimi bu g\u00f6rd\u00fc\u011f\u00fcm\u00fcz gibi ben yapt\u0131m,Diyorum.\u0130nanm\u0131yorlar. G\u00f6z\u00fcmden d\u00fc\u015f\u00fcyoruz. \u00d6zdemir ASAF<\/p>\n","protected":false},"author":1,"featured_media":0,"comment_status":"open","ping_status":"open","sticky":false,"template":"","format":"standard","meta":{"footnotes":""},"categories":[29],"tags":[],"class_list":{"0":"post-6142","1":"post","2":"type-post","3":"status-publish","4":"format-standard","6":"category-ozdemir-asaf"},"yoast_head":"<!-- This site is optimized with the Yoast SEO Premium plugin v24.9 (Yoast SEO v24.9) - https:\/\/yoast.com\/wordpress\/plugins\/seo\/ -->\n<title>B\u0130R\u0130K\u0130K \u0130NSANIN \u015eARKISI - narteks.net<\/title>\n<meta name=\"robots\" content=\"index, follow, max-snippet:-1, max-image-preview:large, max-video-preview:-1\" \/>\n<link rel=\"canonical\" href=\"https:\/\/narteks.net\/index.php\/2011\/06\/02\/birikik-insanin-sarkisi\/\" \/>\n<meta property=\"og:locale\" content=\"tr_TR\" \/>\n<meta property=\"og:type\" content=\"article\" \/>\n<meta property=\"og:title\" content=\"B\u0130R\u0130K\u0130K \u0130NSANIN \u015eARKISI\" \/>\n<meta property=\"og:description\" content=\"\u00a0 Yap\u0131\u015fa yap\u0131\u015fa g\u00f6r\u00fcyorum.Evler s\u00fcrt\u00fcne s\u00fcrt\u00fcne ge\u00e7iyor yanlar\u0131mdan.Duvarlar derilerimi kanat\u0131yor.K\u00fcmelenip s\u0131rt\u0131ma biniyor bulutlar.Ben dimdik duruyorum, y\u00fcr\u00fcmekli.Yol ayaklar\u0131m\u0131n alt\u0131ndan kay\u0131p geri gidiyor. B\u00fct\u00fcn ta\u015flar, topraklar, a\u011fa\u00e7lar doluyor sonsuz g\u00f6zlerime.Hepsinde say\u0131s\u0131z g\u00f6zlerimden biri kal\u0131yor.D\u00f6n\u00fcpB\u00fct\u00fcn bunlar\u0131 ben yapt\u0131m diyorum, inan\u0131yorlar da&#8230;Durup,\u015eu kendimi bu g\u00f6rd\u00fc\u011f\u00fcm\u00fcz gibi ben yapt\u0131m,Diyorum.\u0130nanm\u0131yorlar. G\u00f6z\u00fcmden d\u00fc\u015f\u00fcyoruz. \u00d6zdemir ASAF\" \/>\n<meta property=\"og:url\" content=\"https:\/\/narteks.net\/index.php\/2011\/06\/02\/birikik-insanin-sarkisi\/\" \/>\n<meta property=\"og:site_name\" content=\"narteks.net\" \/>\n<meta property=\"article:published_time\" content=\"2011-06-02T15:41:05+00:00\" \/>\n<meta property=\"og:image\" content=\"https:\/\/narteks.net\/wp-content\/uploads\/narteks.png\" \/>\n\t<meta property=\"og:image:width\" content=\"300\" \/>\n\t<meta property=\"og:image:height\" content=\"90\" \/>\n\t<meta property=\"og:image:type\" content=\"image\/png\" \/>\n<meta name=\"author\" content=\"Tar\u0131k\" \/>\n<meta name=\"twitter:card\" content=\"summary_large_image\" \/>\n<meta name=\"twitter:creator\" content=\"@narteks\" \/>\n<meta name=\"twitter:site\" content=\"@narteks\" \/>\n<meta name=\"twitter:label1\" content=\"Yazan:\" \/>\n\t<meta name=\"twitter:data1\" content=\"Tar\u0131k\" \/>\n\t<meta name=\"twitter:label2\" content=\"Tahmini okuma s\u00fcresi\" \/>\n\t<meta name=\"twitter:data2\" content=\"1 dakika\" \/>\n<script type=\"application\/ld+json\" class=\"yoast-schema-graph\">{\"@context\":\"https:\/\/schema.org\",\"@graph\":[{\"@type\":\"Article\",\"@id\":\"https:\/\/narteks.net\/index.php\/2011\/06\/02\/birikik-insanin-sarkisi\/#article\",\"isPartOf\":{\"@id\":\"https:\/\/narteks.net\/index.php\/2011\/06\/02\/birikik-insanin-sarkisi\/\"},\"author\":{\"name\":\"Tar\u0131k\",\"@id\":\"https:\/\/narteks.net\/#\/schema\/person\/61f37d9834294b72d31d274e7ed79bca\"},\"headline\":\"B\u0130R\u0130K\u0130K \u0130NSANIN \u015eARKISI\",\"datePublished\":\"2011-06-02T15:41:05+00:00\",\"mainEntityOfPage\":{\"@id\":\"https:\/\/narteks.net\/index.php\/2011\/06\/02\/birikik-insanin-sarkisi\/\"},\"wordCount\":108,\"commentCount\":0,\"publisher\":{\"@id\":\"https:\/\/narteks.net\/#organization\"},\"articleSection\":[\"\u00d6zdemir ASAF\"],\"inLanguage\":\"tr\",\"potentialAction\":[{\"@type\":\"CommentAction\",\"name\":\"Comment\",\"target\":[\"https:\/\/narteks.net\/index.php\/2011\/06\/02\/birikik-insanin-sarkisi\/#respond\"]}]},{\"@type\":\"WebPage\",\"@id\":\"https:\/\/narteks.net\/index.php\/2011\/06\/02\/birikik-insanin-sarkisi\/\",\"url\":\"https:\/\/narteks.net\/index.php\/2011\/06\/02\/birikik-insanin-sarkisi\/\",\"name\":\"B\u0130R\u0130K\u0130K \u0130NSANIN \u015eARKISI - narteks.net\",\"isPartOf\":{\"@id\":\"https:\/\/narteks.net\/#website\"},\"datePublished\":\"2011-06-02T15:41:05+00:00\",\"breadcrumb\":{\"@id\":\"https:\/\/narteks.net\/index.php\/2011\/06\/02\/birikik-insanin-sarkisi\/#breadcrumb\"},\"inLanguage\":\"tr\",\"potentialAction\":[{\"@type\":\"ReadAction\",\"target\":[\"https:\/\/narteks.net\/index.php\/2011\/06\/02\/birikik-insanin-sarkisi\/\"]}]},{\"@type\":\"BreadcrumbList\",\"@id\":\"https:\/\/narteks.net\/index.php\/2011\/06\/02\/birikik-insanin-sarkisi\/#breadcrumb\",\"itemListElement\":[{\"@type\":\"ListItem\",\"position\":1,\"name\":\"Anasayfa\",\"item\":\"https:\/\/narteks.net\/\"},{\"@type\":\"ListItem\",\"position\":2,\"name\":\"B\u0130R\u0130K\u0130K \u0130NSANIN \u015eARKISI\"}]},{\"@type\":\"WebSite\",\"@id\":\"https:\/\/narteks.net\/#website\",\"url\":\"https:\/\/narteks.net\/\",\"name\":\"narteks.net\",\"description\":\"K\u00fclt\u00fcr Sanat Edebiyat Felsefe\",\"publisher\":{\"@id\":\"https:\/\/narteks.net\/#organization\"},\"alternateName\":\"K\u00fclt\u00fcr Sanat Edebiyat Felsefe\",\"potentialAction\":[{\"@type\":\"SearchAction\",\"target\":{\"@type\":\"EntryPoint\",\"urlTemplate\":\"https:\/\/narteks.net\/?s={search_term_string}\"},\"query-input\":{\"@type\":\"PropertyValueSpecification\",\"valueRequired\":true,\"valueName\":\"search_term_string\"}}],\"inLanguage\":\"tr\"},{\"@type\":\"Organization\",\"@id\":\"https:\/\/narteks.net\/#organization\",\"name\":\"narteks.net\",\"url\":\"https:\/\/narteks.net\/\",\"logo\":{\"@type\":\"ImageObject\",\"inLanguage\":\"tr\",\"@id\":\"https:\/\/narteks.net\/#\/schema\/logo\/image\/\",\"url\":\"https:\/\/narteks.net\/wp-content\/uploads\/narteks.png\",\"contentUrl\":\"https:\/\/narteks.net\/wp-content\/uploads\/narteks.png\",\"width\":300,\"height\":90,\"caption\":\"narteks.net\"},\"image\":{\"@id\":\"https:\/\/narteks.net\/#\/schema\/logo\/image\/\"},\"sameAs\":[\"https:\/\/x.com\/narteks\",\"https:\/\/instagram.com\/narteksnet\"]},{\"@type\":\"Person\",\"@id\":\"https:\/\/narteks.net\/#\/schema\/person\/61f37d9834294b72d31d274e7ed79bca\",\"name\":\"Tar\u0131k\",\"image\":{\"@type\":\"ImageObject\",\"inLanguage\":\"tr\",\"@id\":\"https:\/\/narteks.net\/#\/schema\/person\/image\/\",\"url\":\"https:\/\/secure.gravatar.com\/avatar\/50865afb55632c4ae467e0af0930f6510aa2297d8014be502a55b14f3b7550cf?s=96&d=mm&r=g\",\"contentUrl\":\"https:\/\/secure.gravatar.com\/avatar\/50865afb55632c4ae467e0af0930f6510aa2297d8014be502a55b14f3b7550cf?s=96&d=mm&r=g\",\"caption\":\"Tar\u0131k\"},\"sameAs\":[\"http:\/\/narteks.net\"],\"url\":\"https:\/\/narteks.net\/index.php\/author\/narbak\/\"}]}<\/script>\n<!-- \/ Yoast SEO Premium plugin. -->","yoast_head_json":{"title":"B\u0130R\u0130K\u0130K \u0130NSANIN \u015eARKISI - narteks.net","robots":{"index":"index","follow":"follow","max-snippet":"max-snippet:-1","max-image-preview":"max-image-preview:large","max-video-preview":"max-video-preview:-1"},"canonical":"https:\/\/narteks.net\/index.php\/2011\/06\/02\/birikik-insanin-sarkisi\/","og_locale":"tr_TR","og_type":"article","og_title":"B\u0130R\u0130K\u0130K \u0130NSANIN \u015eARKISI","og_description":"\u00a0 Yap\u0131\u015fa yap\u0131\u015fa g\u00f6r\u00fcyorum.Evler s\u00fcrt\u00fcne s\u00fcrt\u00fcne ge\u00e7iyor yanlar\u0131mdan.Duvarlar derilerimi kanat\u0131yor.K\u00fcmelenip s\u0131rt\u0131ma biniyor bulutlar.Ben dimdik duruyorum, y\u00fcr\u00fcmekli.Yol ayaklar\u0131m\u0131n alt\u0131ndan kay\u0131p geri gidiyor. B\u00fct\u00fcn ta\u015flar, topraklar, a\u011fa\u00e7lar doluyor sonsuz g\u00f6zlerime.Hepsinde say\u0131s\u0131z g\u00f6zlerimden biri kal\u0131yor.D\u00f6n\u00fcpB\u00fct\u00fcn bunlar\u0131 ben yapt\u0131m diyorum, inan\u0131yorlar da&#8230;Durup,\u015eu kendimi bu g\u00f6rd\u00fc\u011f\u00fcm\u00fcz gibi ben yapt\u0131m,Diyorum.\u0130nanm\u0131yorlar. G\u00f6z\u00fcmden d\u00fc\u015f\u00fcyoruz. \u00d6zdemir ASAF","og_url":"https:\/\/narteks.net\/index.php\/2011\/06\/02\/birikik-insanin-sarkisi\/","og_site_name":"narteks.net","article_published_time":"2011-06-02T15:41:05+00:00","og_image":[{"width":300,"height":90,"url":"https:\/\/narteks.net\/wp-content\/uploads\/narteks.png","type":"image\/png"}],"author":"Tar\u0131k","twitter_card":"summary_large_image","twitter_creator":"@narteks","twitter_site":"@narteks","twitter_misc":{"Yazan:":"Tar\u0131k","Tahmini okuma s\u00fcresi":"1 dakika"},"schema":{"@context":"https:\/\/schema.org","@graph":[{"@type":"Article","@id":"https:\/\/narteks.net\/index.php\/2011\/06\/02\/birikik-insanin-sarkisi\/#article","isPartOf":{"@id":"https:\/\/narteks.net\/index.php\/2011\/06\/02\/birikik-insanin-sarkisi\/"},"author":{"name":"Tar\u0131k","@id":"https:\/\/narteks.net\/#\/schema\/person\/61f37d9834294b72d31d274e7ed79bca"},"headline":"B\u0130R\u0130K\u0130K \u0130NSANIN \u015eARKISI","datePublished":"2011-06-02T15:41:05+00:00","mainEntityOfPage":{"@id":"https:\/\/narteks.net\/index.php\/2011\/06\/02\/birikik-insanin-sarkisi\/"},"wordCount":108,"commentCount":0,"publisher":{"@id":"https:\/\/narteks.net\/#organization"},"articleSection":["\u00d6zdemir ASAF"],"inLanguage":"tr","potentialAction":[{"@type":"CommentAction","name":"Comment","target":["https:\/\/narteks.net\/index.php\/2011\/06\/02\/birikik-insanin-sarkisi\/#respond"]}]},{"@type":"WebPage","@id":"https:\/\/narteks.net\/index.php\/2011\/06\/02\/birikik-insanin-sarkisi\/","url":"https:\/\/narteks.net\/index.php\/2011\/06\/02\/birikik-insanin-sarkisi\/","name":"B\u0130R\u0130K\u0130K \u0130NSANIN \u015eARKISI - narteks.net","isPartOf":{"@id":"https:\/\/narteks.net\/#website"},"datePublished":"2011-06-02T15:41:05+00:00","breadcrumb":{"@id":"https:\/\/narteks.net\/index.php\/2011\/06\/02\/birikik-insanin-sarkisi\/#breadcrumb"},"inLanguage":"tr","potentialAction":[{"@type":"ReadAction","target":["https:\/\/narteks.net\/index.php\/2011\/06\/02\/birikik-insanin-sarkisi\/"]}]},{"@type":"BreadcrumbList","@id":"https:\/\/narteks.net\/index.php\/2011\/06\/02\/birikik-insanin-sarkisi\/#breadcrumb","itemListElement":[{"@type":"ListItem","position":1,"name":"Anasayfa","item":"https:\/\/narteks.net\/"},{"@type":"ListItem","position":2,"name":"B\u0130R\u0130K\u0130K \u0130NSANIN \u015eARKISI"}]},{"@type":"WebSite","@id":"https:\/\/narteks.net\/#website","url":"https:\/\/narteks.net\/","name":"narteks.net","description":"K\u00fclt\u00fcr Sanat Edebiyat Felsefe","publisher":{"@id":"https:\/\/narteks.net\/#organization"},"alternateName":"K\u00fclt\u00fcr Sanat Edebiyat Felsefe","potentialAction":[{"@type":"SearchAction","target":{"@type":"EntryPoint","urlTemplate":"https:\/\/narteks.net\/?s={search_term_string}"},"query-input":{"@type":"PropertyValueSpecification","valueRequired":true,"valueName":"search_term_string"}}],"inLanguage":"tr"},{"@type":"Organization","@id":"https:\/\/narteks.net\/#organization","name":"narteks.net","url":"https:\/\/narteks.net\/","logo":{"@type":"ImageObject","inLanguage":"tr","@id":"https:\/\/narteks.net\/#\/schema\/logo\/image\/","url":"https:\/\/narteks.net\/wp-content\/uploads\/narteks.png","contentUrl":"https:\/\/narteks.net\/wp-content\/uploads\/narteks.png","width":300,"height":90,"caption":"narteks.net"},"image":{"@id":"https:\/\/narteks.net\/#\/schema\/logo\/image\/"},"sameAs":["https:\/\/x.com\/narteks","https:\/\/instagram.com\/narteksnet"]},{"@type":"Person","@id":"https:\/\/narteks.net\/#\/schema\/person\/61f37d9834294b72d31d274e7ed79bca","name":"Tar\u0131k","image":{"@type":"ImageObject","inLanguage":"tr","@id":"https:\/\/narteks.net\/#\/schema\/person\/image\/","url":"https:\/\/secure.gravatar.com\/avatar\/50865afb55632c4ae467e0af0930f6510aa2297d8014be502a55b14f3b7550cf?s=96&d=mm&r=g","contentUrl":"https:\/\/secure.gravatar.com\/avatar\/50865afb55632c4ae467e0af0930f6510aa2297d8014be502a55b14f3b7550cf?s=96&d=mm&r=g","caption":"Tar\u0131k"},"sameAs":["http:\/\/narteks.net"],"url":"https:\/\/narteks.net\/index.php\/author\/narbak\/"}]}},"_links":{"self":[{"href":"https:\/\/narteks.net\/index.php\/wp-json\/wp\/v2\/posts\/6142","targetHints":{"allow":["GET"]}}],"collection":[{"href":"https:\/\/narteks.net\/index.php\/wp-json\/wp\/v2\/posts"}],"about":[{"href":"https:\/\/narteks.net\/index.php\/wp-json\/wp\/v2\/types\/post"}],"author":[{"embeddable":true,"href":"https:\/\/narteks.net\/index.php\/wp-json\/wp\/v2\/users\/1"}],"replies":[{"embeddable":true,"href":"https:\/\/narteks.net\/index.php\/wp-json\/wp\/v2\/comments?post=6142"}],"version-history":[{"count":0,"href":"https:\/\/narteks.net\/index.php\/wp-json\/wp\/v2\/posts\/6142\/revisions"}],"wp:attachment":[{"href":"https:\/\/narteks.net\/index.php\/wp-json\/wp\/v2\/media?parent=6142"}],"wp:term":[{"taxonomy":"category","embeddable":true,"href":"https:\/\/narteks.net\/index.php\/wp-json\/wp\/v2\/categories?post=6142"},{"taxonomy":"post_tag","embeddable":true,"href":"https:\/\/narteks.net\/index.php\/wp-json\/wp\/v2\/tags?post=6142"}],"curies":[{"name":"wp","href":"https:\/\/api.w.org\/{rel}","templated":true}]}}