{"id":6169,"date":"2011-06-03T10:37:20","date_gmt":"2011-06-03T07:37:20","guid":{"rendered":"http:\/\/localhost\/wordpress\/2011\/06\/03\/daglar-ustune-cesitleme\/"},"modified":"2011-06-03T10:37:20","modified_gmt":"2011-06-03T07:37:20","slug":"daglar-ustune-cesitleme","status":"publish","type":"post","link":"https:\/\/narteks.net\/index.php\/2011\/06\/03\/daglar-ustune-cesitleme\/","title":{"rendered":"DA\u011eLAR \u00dcST\u00dcNE \u00c7E\u015e\u0130TLEME"},"content":{"rendered":"<p>\u00a0<\/p>\n<p>A\u015fk, o kadar ne ise<br \/>Uzakl\u0131\u011f\u0131n yan\u0131nda<br \/>Uzaklar o kadar a\u015fk oluyor<br \/>Adam\u0131n can\u0131nda.<\/p>\n<p>Ne demeli ate\u015f, alev, can<br \/>Sormal\u0131 \u00f6nce uzaklardan<br \/>Kime k\u00fcl olur s\u00f6ner gider<br \/>Kimi yanar r\u00fczgarlardan.<\/p>\n<p>Uzaklar denince da\u011flar akl\u0131ma gelir<br \/>Da\u011flar olsa da, olmasa da<br \/>Da\u011fs\u0131z uzak yoktur bana sorarsan<br \/>Da\u011flar arada olmasa da.<\/p>\n<p>\u00d6zdemir ASAF<\/p>\n","protected":false},"excerpt":{"rendered":"<p>\u00a0 A\u015fk, o kadar ne iseUzakl\u0131\u011f\u0131n yan\u0131ndaUzaklar o kadar a\u015fk oluyorAdam\u0131n can\u0131nda. Ne demeli ate\u015f, alev, canSormal\u0131 \u00f6nce uzaklardanKime k\u00fcl olur s\u00f6ner giderKimi yanar r\u00fczgarlardan. Uzaklar denince da\u011flar akl\u0131ma gelirDa\u011flar olsa da, olmasa daDa\u011fs\u0131z uzak yoktur bana sorarsanDa\u011flar arada olmasa da. \u00d6zdemir ASAF<\/p>\n","protected":false},"author":1,"featured_media":0,"comment_status":"open","ping_status":"open","sticky":false,"template":"","format":"standard","meta":{"footnotes":""},"categories":[29],"tags":[],"class_list":{"0":"post-6169","1":"post","2":"type-post","3":"status-publish","4":"format-standard","6":"category-ozdemir-asaf"},"yoast_head":"<!-- This site is optimized with the Yoast SEO Premium plugin v24.9 (Yoast SEO v24.9) - https:\/\/yoast.com\/wordpress\/plugins\/seo\/ -->\n<title>DA\u011eLAR \u00dcST\u00dcNE \u00c7E\u015e\u0130TLEME - narteks.net<\/title>\n<meta name=\"robots\" content=\"index, follow, max-snippet:-1, max-image-preview:large, max-video-preview:-1\" \/>\n<link rel=\"canonical\" href=\"https:\/\/narteks.net\/index.php\/2011\/06\/03\/daglar-ustune-cesitleme\/\" \/>\n<meta property=\"og:locale\" content=\"tr_TR\" \/>\n<meta property=\"og:type\" content=\"article\" \/>\n<meta property=\"og:title\" content=\"DA\u011eLAR \u00dcST\u00dcNE \u00c7E\u015e\u0130TLEME\" \/>\n<meta property=\"og:description\" content=\"\u00a0 A\u015fk, o kadar ne iseUzakl\u0131\u011f\u0131n yan\u0131ndaUzaklar o kadar a\u015fk oluyorAdam\u0131n can\u0131nda. Ne demeli ate\u015f, alev, canSormal\u0131 \u00f6nce uzaklardanKime k\u00fcl olur s\u00f6ner giderKimi yanar r\u00fczgarlardan. Uzaklar denince da\u011flar akl\u0131ma gelirDa\u011flar olsa da, olmasa daDa\u011fs\u0131z uzak yoktur bana sorarsanDa\u011flar arada olmasa da. \u00d6zdemir ASAF\" \/>\n<meta property=\"og:url\" content=\"https:\/\/narteks.net\/index.php\/2011\/06\/03\/daglar-ustune-cesitleme\/\" \/>\n<meta property=\"og:site_name\" content=\"narteks.net\" \/>\n<meta property=\"article:published_time\" content=\"2011-06-03T07:37:20+00:00\" \/>\n<meta property=\"og:image\" content=\"https:\/\/narteks.net\/wp-content\/uploads\/narteks.png\" \/>\n\t<meta property=\"og:image:width\" content=\"300\" \/>\n\t<meta property=\"og:image:height\" content=\"90\" \/>\n\t<meta property=\"og:image:type\" content=\"image\/png\" \/>\n<meta name=\"author\" content=\"Tar\u0131k\" \/>\n<meta name=\"twitter:card\" content=\"summary_large_image\" \/>\n<meta name=\"twitter:creator\" content=\"@narteks\" \/>\n<meta name=\"twitter:site\" content=\"@narteks\" \/>\n<meta name=\"twitter:label1\" content=\"Yazan:\" \/>\n\t<meta name=\"twitter:data1\" content=\"Tar\u0131k\" \/>\n<script type=\"application\/ld+json\" class=\"yoast-schema-graph\">{\"@context\":\"https:\/\/schema.org\",\"@graph\":[{\"@type\":\"Article\",\"@id\":\"https:\/\/narteks.net\/index.php\/2011\/06\/03\/daglar-ustune-cesitleme\/#article\",\"isPartOf\":{\"@id\":\"https:\/\/narteks.net\/index.php\/2011\/06\/03\/daglar-ustune-cesitleme\/\"},\"author\":{\"name\":\"Tar\u0131k\",\"@id\":\"https:\/\/narteks.net\/#\/schema\/person\/61f37d9834294b72d31d274e7ed79bca\"},\"headline\":\"DA\u011eLAR \u00dcST\u00dcNE \u00c7E\u015e\u0130TLEME\",\"datePublished\":\"2011-06-03T07:37:20+00:00\",\"mainEntityOfPage\":{\"@id\":\"https:\/\/narteks.net\/index.php\/2011\/06\/03\/daglar-ustune-cesitleme\/\"},\"wordCount\":63,\"commentCount\":0,\"publisher\":{\"@id\":\"https:\/\/narteks.net\/#organization\"},\"articleSection\":[\"\u00d6zdemir ASAF\"],\"inLanguage\":\"tr\",\"potentialAction\":[{\"@type\":\"CommentAction\",\"name\":\"Comment\",\"target\":[\"https:\/\/narteks.net\/index.php\/2011\/06\/03\/daglar-ustune-cesitleme\/#respond\"]}]},{\"@type\":\"WebPage\",\"@id\":\"https:\/\/narteks.net\/index.php\/2011\/06\/03\/daglar-ustune-cesitleme\/\",\"url\":\"https:\/\/narteks.net\/index.php\/2011\/06\/03\/daglar-ustune-cesitleme\/\",\"name\":\"DA\u011eLAR \u00dcST\u00dcNE \u00c7E\u015e\u0130TLEME - narteks.net\",\"isPartOf\":{\"@id\":\"https:\/\/narteks.net\/#website\"},\"datePublished\":\"2011-06-03T07:37:20+00:00\",\"breadcrumb\":{\"@id\":\"https:\/\/narteks.net\/index.php\/2011\/06\/03\/daglar-ustune-cesitleme\/#breadcrumb\"},\"inLanguage\":\"tr\",\"potentialAction\":[{\"@type\":\"ReadAction\",\"target\":[\"https:\/\/narteks.net\/index.php\/2011\/06\/03\/daglar-ustune-cesitleme\/\"]}]},{\"@type\":\"BreadcrumbList\",\"@id\":\"https:\/\/narteks.net\/index.php\/2011\/06\/03\/daglar-ustune-cesitleme\/#breadcrumb\",\"itemListElement\":[{\"@type\":\"ListItem\",\"position\":1,\"name\":\"Anasayfa\",\"item\":\"https:\/\/narteks.net\/\"},{\"@type\":\"ListItem\",\"position\":2,\"name\":\"DA\u011eLAR \u00dcST\u00dcNE \u00c7E\u015e\u0130TLEME\"}]},{\"@type\":\"WebSite\",\"@id\":\"https:\/\/narteks.net\/#website\",\"url\":\"https:\/\/narteks.net\/\",\"name\":\"narteks.net\",\"description\":\"K\u00fclt\u00fcr Sanat Edebiyat Felsefe\",\"publisher\":{\"@id\":\"https:\/\/narteks.net\/#organization\"},\"alternateName\":\"K\u00fclt\u00fcr Sanat Edebiyat Felsefe\",\"potentialAction\":[{\"@type\":\"SearchAction\",\"target\":{\"@type\":\"EntryPoint\",\"urlTemplate\":\"https:\/\/narteks.net\/?s={search_term_string}\"},\"query-input\":{\"@type\":\"PropertyValueSpecification\",\"valueRequired\":true,\"valueName\":\"search_term_string\"}}],\"inLanguage\":\"tr\"},{\"@type\":\"Organization\",\"@id\":\"https:\/\/narteks.net\/#organization\",\"name\":\"narteks.net\",\"url\":\"https:\/\/narteks.net\/\",\"logo\":{\"@type\":\"ImageObject\",\"inLanguage\":\"tr\",\"@id\":\"https:\/\/narteks.net\/#\/schema\/logo\/image\/\",\"url\":\"https:\/\/narteks.net\/wp-content\/uploads\/narteks.png\",\"contentUrl\":\"https:\/\/narteks.net\/wp-content\/uploads\/narteks.png\",\"width\":300,\"height\":90,\"caption\":\"narteks.net\"},\"image\":{\"@id\":\"https:\/\/narteks.net\/#\/schema\/logo\/image\/\"},\"sameAs\":[\"https:\/\/x.com\/narteks\",\"https:\/\/instagram.com\/narteksnet\"]},{\"@type\":\"Person\",\"@id\":\"https:\/\/narteks.net\/#\/schema\/person\/61f37d9834294b72d31d274e7ed79bca\",\"name\":\"Tar\u0131k\",\"image\":{\"@type\":\"ImageObject\",\"inLanguage\":\"tr\",\"@id\":\"https:\/\/narteks.net\/#\/schema\/person\/image\/\",\"url\":\"https:\/\/secure.gravatar.com\/avatar\/50865afb55632c4ae467e0af0930f6510aa2297d8014be502a55b14f3b7550cf?s=96&d=mm&r=g\",\"contentUrl\":\"https:\/\/secure.gravatar.com\/avatar\/50865afb55632c4ae467e0af0930f6510aa2297d8014be502a55b14f3b7550cf?s=96&d=mm&r=g\",\"caption\":\"Tar\u0131k\"},\"sameAs\":[\"http:\/\/narteks.net\"],\"url\":\"https:\/\/narteks.net\/index.php\/author\/narbak\/\"}]}<\/script>\n<!-- \/ Yoast SEO Premium plugin. -->","yoast_head_json":{"title":"DA\u011eLAR \u00dcST\u00dcNE \u00c7E\u015e\u0130TLEME - narteks.net","robots":{"index":"index","follow":"follow","max-snippet":"max-snippet:-1","max-image-preview":"max-image-preview:large","max-video-preview":"max-video-preview:-1"},"canonical":"https:\/\/narteks.net\/index.php\/2011\/06\/03\/daglar-ustune-cesitleme\/","og_locale":"tr_TR","og_type":"article","og_title":"DA\u011eLAR \u00dcST\u00dcNE \u00c7E\u015e\u0130TLEME","og_description":"\u00a0 A\u015fk, o kadar ne iseUzakl\u0131\u011f\u0131n yan\u0131ndaUzaklar o kadar a\u015fk oluyorAdam\u0131n can\u0131nda. Ne demeli ate\u015f, alev, canSormal\u0131 \u00f6nce uzaklardanKime k\u00fcl olur s\u00f6ner giderKimi yanar r\u00fczgarlardan. Uzaklar denince da\u011flar akl\u0131ma gelirDa\u011flar olsa da, olmasa daDa\u011fs\u0131z uzak yoktur bana sorarsanDa\u011flar arada olmasa da. \u00d6zdemir ASAF","og_url":"https:\/\/narteks.net\/index.php\/2011\/06\/03\/daglar-ustune-cesitleme\/","og_site_name":"narteks.net","article_published_time":"2011-06-03T07:37:20+00:00","og_image":[{"width":300,"height":90,"url":"https:\/\/narteks.net\/wp-content\/uploads\/narteks.png","type":"image\/png"}],"author":"Tar\u0131k","twitter_card":"summary_large_image","twitter_creator":"@narteks","twitter_site":"@narteks","twitter_misc":{"Yazan:":"Tar\u0131k"},"schema":{"@context":"https:\/\/schema.org","@graph":[{"@type":"Article","@id":"https:\/\/narteks.net\/index.php\/2011\/06\/03\/daglar-ustune-cesitleme\/#article","isPartOf":{"@id":"https:\/\/narteks.net\/index.php\/2011\/06\/03\/daglar-ustune-cesitleme\/"},"author":{"name":"Tar\u0131k","@id":"https:\/\/narteks.net\/#\/schema\/person\/61f37d9834294b72d31d274e7ed79bca"},"headline":"DA\u011eLAR \u00dcST\u00dcNE \u00c7E\u015e\u0130TLEME","datePublished":"2011-06-03T07:37:20+00:00","mainEntityOfPage":{"@id":"https:\/\/narteks.net\/index.php\/2011\/06\/03\/daglar-ustune-cesitleme\/"},"wordCount":63,"commentCount":0,"publisher":{"@id":"https:\/\/narteks.net\/#organization"},"articleSection":["\u00d6zdemir ASAF"],"inLanguage":"tr","potentialAction":[{"@type":"CommentAction","name":"Comment","target":["https:\/\/narteks.net\/index.php\/2011\/06\/03\/daglar-ustune-cesitleme\/#respond"]}]},{"@type":"WebPage","@id":"https:\/\/narteks.net\/index.php\/2011\/06\/03\/daglar-ustune-cesitleme\/","url":"https:\/\/narteks.net\/index.php\/2011\/06\/03\/daglar-ustune-cesitleme\/","name":"DA\u011eLAR \u00dcST\u00dcNE \u00c7E\u015e\u0130TLEME - narteks.net","isPartOf":{"@id":"https:\/\/narteks.net\/#website"},"datePublished":"2011-06-03T07:37:20+00:00","breadcrumb":{"@id":"https:\/\/narteks.net\/index.php\/2011\/06\/03\/daglar-ustune-cesitleme\/#breadcrumb"},"inLanguage":"tr","potentialAction":[{"@type":"ReadAction","target":["https:\/\/narteks.net\/index.php\/2011\/06\/03\/daglar-ustune-cesitleme\/"]}]},{"@type":"BreadcrumbList","@id":"https:\/\/narteks.net\/index.php\/2011\/06\/03\/daglar-ustune-cesitleme\/#breadcrumb","itemListElement":[{"@type":"ListItem","position":1,"name":"Anasayfa","item":"https:\/\/narteks.net\/"},{"@type":"ListItem","position":2,"name":"DA\u011eLAR \u00dcST\u00dcNE \u00c7E\u015e\u0130TLEME"}]},{"@type":"WebSite","@id":"https:\/\/narteks.net\/#website","url":"https:\/\/narteks.net\/","name":"narteks.net","description":"K\u00fclt\u00fcr Sanat Edebiyat Felsefe","publisher":{"@id":"https:\/\/narteks.net\/#organization"},"alternateName":"K\u00fclt\u00fcr Sanat Edebiyat Felsefe","potentialAction":[{"@type":"SearchAction","target":{"@type":"EntryPoint","urlTemplate":"https:\/\/narteks.net\/?s={search_term_string}"},"query-input":{"@type":"PropertyValueSpecification","valueRequired":true,"valueName":"search_term_string"}}],"inLanguage":"tr"},{"@type":"Organization","@id":"https:\/\/narteks.net\/#organization","name":"narteks.net","url":"https:\/\/narteks.net\/","logo":{"@type":"ImageObject","inLanguage":"tr","@id":"https:\/\/narteks.net\/#\/schema\/logo\/image\/","url":"https:\/\/narteks.net\/wp-content\/uploads\/narteks.png","contentUrl":"https:\/\/narteks.net\/wp-content\/uploads\/narteks.png","width":300,"height":90,"caption":"narteks.net"},"image":{"@id":"https:\/\/narteks.net\/#\/schema\/logo\/image\/"},"sameAs":["https:\/\/x.com\/narteks","https:\/\/instagram.com\/narteksnet"]},{"@type":"Person","@id":"https:\/\/narteks.net\/#\/schema\/person\/61f37d9834294b72d31d274e7ed79bca","name":"Tar\u0131k","image":{"@type":"ImageObject","inLanguage":"tr","@id":"https:\/\/narteks.net\/#\/schema\/person\/image\/","url":"https:\/\/secure.gravatar.com\/avatar\/50865afb55632c4ae467e0af0930f6510aa2297d8014be502a55b14f3b7550cf?s=96&d=mm&r=g","contentUrl":"https:\/\/secure.gravatar.com\/avatar\/50865afb55632c4ae467e0af0930f6510aa2297d8014be502a55b14f3b7550cf?s=96&d=mm&r=g","caption":"Tar\u0131k"},"sameAs":["http:\/\/narteks.net"],"url":"https:\/\/narteks.net\/index.php\/author\/narbak\/"}]}},"_links":{"self":[{"href":"https:\/\/narteks.net\/index.php\/wp-json\/wp\/v2\/posts\/6169","targetHints":{"allow":["GET"]}}],"collection":[{"href":"https:\/\/narteks.net\/index.php\/wp-json\/wp\/v2\/posts"}],"about":[{"href":"https:\/\/narteks.net\/index.php\/wp-json\/wp\/v2\/types\/post"}],"author":[{"embeddable":true,"href":"https:\/\/narteks.net\/index.php\/wp-json\/wp\/v2\/users\/1"}],"replies":[{"embeddable":true,"href":"https:\/\/narteks.net\/index.php\/wp-json\/wp\/v2\/comments?post=6169"}],"version-history":[{"count":0,"href":"https:\/\/narteks.net\/index.php\/wp-json\/wp\/v2\/posts\/6169\/revisions"}],"wp:attachment":[{"href":"https:\/\/narteks.net\/index.php\/wp-json\/wp\/v2\/media?parent=6169"}],"wp:term":[{"taxonomy":"category","embeddable":true,"href":"https:\/\/narteks.net\/index.php\/wp-json\/wp\/v2\/categories?post=6169"},{"taxonomy":"post_tag","embeddable":true,"href":"https:\/\/narteks.net\/index.php\/wp-json\/wp\/v2\/tags?post=6169"}],"curies":[{"name":"wp","href":"https:\/\/api.w.org\/{rel}","templated":true}]}}