{"id":617,"date":"2009-04-14T12:28:35","date_gmt":"2009-04-14T09:28:35","guid":{"rendered":"http:\/\/localhost\/wordpress\/2009\/04\/14\/ellerimde-bir-goztasi\/"},"modified":"2009-04-14T12:28:35","modified_gmt":"2009-04-14T09:28:35","slug":"ellerimde-bir-goztasi","status":"publish","type":"post","link":"https:\/\/narteks.net\/index.php\/2009\/04\/14\/ellerimde-bir-goztasi\/","title":{"rendered":"ELLER\u0130MDE B\u0130R G\u00d6ZTA\u015eI"},"content":{"rendered":"<p>\u00a0<\/p>\n<p>Ellerimde bir g\u00f6zta\u015f\u0131, g\u00f6zlerim bo\u015f gidiyordum <br \/> Ne bileyim, bir damlan\u0131n b\u00f6yle deniz oldu\u011funu <br \/> \u015ea\u015ft\u0131m, mavi bir fal gibi a\u00e7\u0131l\u0131nca \u00f6n\u00fcmde <br \/> Giritli bir \u00f6l\u00fcm\u00fcm varm\u0131\u015f, bir bal\u0131k\u00e7\u0131 fitil gibi <br \/> Patlayacakm\u0131\u015f avucunda otuz \u00e7ubuklu gen\u00e7li\u011fim <br \/> \u00dc\u00e7 g\u00fcnde mi desem, \u00fc\u00e7 g\u00f6kte, \u00fc\u00e7 kula\u00e7ta mi <br \/> Ben ki, o camg\u00f6be\u011fi \u00e7i\u00e7ekler a\u00e7an a\u011fa\u00e7 <br \/> K\u0131r\u0131lmaz bardaklar gibi tuzla buz olacakm\u0131\u015f <br \/> Ne zaman bo\u011fulsam b\u00f6yle yosun kokuyordu \u0131\u015f\u0131k <br \/> Sabah\u00e7\u0131 kahvelerde bir \u00e7iroz \u00f6t\u00fcyordu <br \/> Ve dalgalar\u0131m\u0131 ge\u00e7en o deniz \u015fof\u00f6rleri <br \/> B\u00f6yle uyur d\u00fc\u015flere bindirmi\u015f gemiler <br \/> Uyuklar gibi \u00fcst\u00fcnde mermer masalar\u0131n <br \/> Bir tahta par\u00e7as\u0131yd\u0131m, osmanl\u0131 bir kazadan kalm\u0131\u015f <br \/> Y\u00fcz\u00fcyordum, islam kaptan\u0131n ah\u015fap aya\u011f\u0131nda <br \/> \u00d6b\u00fcr tahtalara \u00f6b\u00fcr insanlara do\u011fru <br \/> Cumhurdu m\u00fcrekkep bal\u0131\u011f\u0131, simsiyah y\u00fcz\u00fcyordum <br \/> Ne bileyim, bir korkunun b\u00f6yle destan oldu\u011funu <br \/> A\u011fard\u0131m, ni\u015fanlay\u0131nca gece ve yavrulayan yaln\u0131zl\u0131k <br \/> Ya da ilk insan\u0131n do\u011fdugu, \u00f6ld\u00fc\u011f\u00fc da\u011fdi Moby Dick <br \/> Nefes ald\u0131k\u00e7a filbahriler k\u00f6p\u00fcr\u00fcyordu sulardan <br \/> \u00e7anlar \u00e7al\u0131yor kulaklar\u0131mda, yunuslar yar\u0131\u015f\u0131yordu <br \/> Alyuvarlar, dolku\u015flar\u0131 ve r\u00fczgar midyeleri <br \/> Dedim, d\u00fcnya gibi bulut yok d\u00fcnya \u00fcst\u00fcnde <br \/> Ellerimde bir g\u00f6zta\u015f\u0131, g\u00f6zlerim bo\u015f gidiyordum <br \/> Ne bileyim, bir t\u00fcrk\u00fcn\u00fcn b\u00f6yle Veysel oldu\u011funu <br \/> A\u00e7\u0131ld\u0131m, \u00e7\u0131kmaz bir sokak gibi, kapan\u0131nca denizde.<\/p>\n<p>Can Y\u00dcCEL<\/p>\n","protected":false},"excerpt":{"rendered":"<p>\u00a0 Ellerimde bir g\u00f6zta\u015f\u0131, g\u00f6zlerim bo\u015f gidiyordum Ne bileyim, bir damlan\u0131n b\u00f6yle deniz oldu\u011funu \u015ea\u015ft\u0131m, mavi bir fal gibi a\u00e7\u0131l\u0131nca \u00f6n\u00fcmde Giritli bir \u00f6l\u00fcm\u00fcm varm\u0131\u015f, bir bal\u0131k\u00e7\u0131 fitil gibi Patlayacakm\u0131\u015f avucunda otuz \u00e7ubuklu gen\u00e7li\u011fim \u00dc\u00e7 g\u00fcnde mi desem, \u00fc\u00e7 g\u00f6kte, \u00fc\u00e7 kula\u00e7ta mi Ben ki, o camg\u00f6be\u011fi \u00e7i\u00e7ekler a\u00e7an a\u011fa\u00e7 K\u0131r\u0131lmaz bardaklar gibi tuzla buz [&hellip;]<\/p>\n","protected":false},"author":1,"featured_media":0,"comment_status":"open","ping_status":"open","sticky":false,"template":"","format":"standard","meta":{"footnotes":""},"categories":[16],"tags":[],"class_list":{"0":"post-617","1":"post","2":"type-post","3":"status-publish","4":"format-standard","6":"category-can-yucel"},"yoast_head":"<!-- This site is optimized with the Yoast SEO Premium plugin v24.9 (Yoast SEO v24.9) - https:\/\/yoast.com\/wordpress\/plugins\/seo\/ -->\n<title>ELLER\u0130MDE B\u0130R G\u00d6ZTA\u015eI - narteks.net<\/title>\n<meta name=\"robots\" content=\"index, follow, max-snippet:-1, max-image-preview:large, max-video-preview:-1\" \/>\n<link rel=\"canonical\" href=\"https:\/\/narteks.net\/index.php\/2009\/04\/14\/ellerimde-bir-goztasi\/\" \/>\n<meta property=\"og:locale\" content=\"tr_TR\" \/>\n<meta property=\"og:type\" content=\"article\" \/>\n<meta property=\"og:title\" content=\"ELLER\u0130MDE B\u0130R G\u00d6ZTA\u015eI\" \/>\n<meta property=\"og:description\" content=\"\u00a0 Ellerimde bir g\u00f6zta\u015f\u0131, g\u00f6zlerim bo\u015f gidiyordum Ne bileyim, bir damlan\u0131n b\u00f6yle deniz oldu\u011funu \u015ea\u015ft\u0131m, mavi bir fal gibi a\u00e7\u0131l\u0131nca \u00f6n\u00fcmde Giritli bir \u00f6l\u00fcm\u00fcm varm\u0131\u015f, bir bal\u0131k\u00e7\u0131 fitil gibi Patlayacakm\u0131\u015f avucunda otuz \u00e7ubuklu gen\u00e7li\u011fim \u00dc\u00e7 g\u00fcnde mi desem, \u00fc\u00e7 g\u00f6kte, \u00fc\u00e7 kula\u00e7ta mi Ben ki, o camg\u00f6be\u011fi \u00e7i\u00e7ekler a\u00e7an a\u011fa\u00e7 K\u0131r\u0131lmaz bardaklar gibi tuzla buz [&hellip;]\" \/>\n<meta property=\"og:url\" content=\"https:\/\/narteks.net\/index.php\/2009\/04\/14\/ellerimde-bir-goztasi\/\" \/>\n<meta property=\"og:site_name\" content=\"narteks.net\" \/>\n<meta property=\"article:published_time\" content=\"2009-04-14T09:28:35+00:00\" \/>\n<meta property=\"og:image\" content=\"https:\/\/narteks.net\/wp-content\/uploads\/narteks.png\" \/>\n\t<meta property=\"og:image:width\" content=\"300\" \/>\n\t<meta property=\"og:image:height\" content=\"90\" \/>\n\t<meta property=\"og:image:type\" content=\"image\/png\" \/>\n<meta name=\"author\" content=\"Tar\u0131k\" \/>\n<meta name=\"twitter:card\" content=\"summary_large_image\" \/>\n<meta name=\"twitter:creator\" content=\"@narteks\" \/>\n<meta name=\"twitter:site\" content=\"@narteks\" \/>\n<meta name=\"twitter:label1\" content=\"Yazan:\" \/>\n\t<meta name=\"twitter:data1\" content=\"Tar\u0131k\" \/>\n\t<meta name=\"twitter:label2\" content=\"Tahmini okuma s\u00fcresi\" \/>\n\t<meta name=\"twitter:data2\" content=\"1 dakika\" \/>\n<script type=\"application\/ld+json\" class=\"yoast-schema-graph\">{\"@context\":\"https:\/\/schema.org\",\"@graph\":[{\"@type\":\"Article\",\"@id\":\"https:\/\/narteks.net\/index.php\/2009\/04\/14\/ellerimde-bir-goztasi\/#article\",\"isPartOf\":{\"@id\":\"https:\/\/narteks.net\/index.php\/2009\/04\/14\/ellerimde-bir-goztasi\/\"},\"author\":{\"name\":\"Tar\u0131k\",\"@id\":\"https:\/\/narteks.net\/#\/schema\/person\/61f37d9834294b72d31d274e7ed79bca\"},\"headline\":\"ELLER\u0130MDE B\u0130R G\u00d6ZTA\u015eI\",\"datePublished\":\"2009-04-14T09:28:35+00:00\",\"mainEntityOfPage\":{\"@id\":\"https:\/\/narteks.net\/index.php\/2009\/04\/14\/ellerimde-bir-goztasi\/\"},\"wordCount\":259,\"commentCount\":0,\"publisher\":{\"@id\":\"https:\/\/narteks.net\/#organization\"},\"articleSection\":[\"Can Y\u00dcCEL\"],\"inLanguage\":\"tr\",\"potentialAction\":[{\"@type\":\"CommentAction\",\"name\":\"Comment\",\"target\":[\"https:\/\/narteks.net\/index.php\/2009\/04\/14\/ellerimde-bir-goztasi\/#respond\"]}]},{\"@type\":\"WebPage\",\"@id\":\"https:\/\/narteks.net\/index.php\/2009\/04\/14\/ellerimde-bir-goztasi\/\",\"url\":\"https:\/\/narteks.net\/index.php\/2009\/04\/14\/ellerimde-bir-goztasi\/\",\"name\":\"ELLER\u0130MDE B\u0130R G\u00d6ZTA\u015eI - narteks.net\",\"isPartOf\":{\"@id\":\"https:\/\/narteks.net\/#website\"},\"datePublished\":\"2009-04-14T09:28:35+00:00\",\"breadcrumb\":{\"@id\":\"https:\/\/narteks.net\/index.php\/2009\/04\/14\/ellerimde-bir-goztasi\/#breadcrumb\"},\"inLanguage\":\"tr\",\"potentialAction\":[{\"@type\":\"ReadAction\",\"target\":[\"https:\/\/narteks.net\/index.php\/2009\/04\/14\/ellerimde-bir-goztasi\/\"]}]},{\"@type\":\"BreadcrumbList\",\"@id\":\"https:\/\/narteks.net\/index.php\/2009\/04\/14\/ellerimde-bir-goztasi\/#breadcrumb\",\"itemListElement\":[{\"@type\":\"ListItem\",\"position\":1,\"name\":\"Anasayfa\",\"item\":\"https:\/\/narteks.net\/\"},{\"@type\":\"ListItem\",\"position\":2,\"name\":\"ELLER\u0130MDE B\u0130R G\u00d6ZTA\u015eI\"}]},{\"@type\":\"WebSite\",\"@id\":\"https:\/\/narteks.net\/#website\",\"url\":\"https:\/\/narteks.net\/\",\"name\":\"narteks.net\",\"description\":\"K\u00fclt\u00fcr Sanat Edebiyat Felsefe\",\"publisher\":{\"@id\":\"https:\/\/narteks.net\/#organization\"},\"alternateName\":\"K\u00fclt\u00fcr Sanat Edebiyat Felsefe\",\"potentialAction\":[{\"@type\":\"SearchAction\",\"target\":{\"@type\":\"EntryPoint\",\"urlTemplate\":\"https:\/\/narteks.net\/?s={search_term_string}\"},\"query-input\":{\"@type\":\"PropertyValueSpecification\",\"valueRequired\":true,\"valueName\":\"search_term_string\"}}],\"inLanguage\":\"tr\"},{\"@type\":\"Organization\",\"@id\":\"https:\/\/narteks.net\/#organization\",\"name\":\"narteks.net\",\"url\":\"https:\/\/narteks.net\/\",\"logo\":{\"@type\":\"ImageObject\",\"inLanguage\":\"tr\",\"@id\":\"https:\/\/narteks.net\/#\/schema\/logo\/image\/\",\"url\":\"https:\/\/narteks.net\/wp-content\/uploads\/narteks.png\",\"contentUrl\":\"https:\/\/narteks.net\/wp-content\/uploads\/narteks.png\",\"width\":300,\"height\":90,\"caption\":\"narteks.net\"},\"image\":{\"@id\":\"https:\/\/narteks.net\/#\/schema\/logo\/image\/\"},\"sameAs\":[\"https:\/\/x.com\/narteks\",\"https:\/\/instagram.com\/narteksnet\"]},{\"@type\":\"Person\",\"@id\":\"https:\/\/narteks.net\/#\/schema\/person\/61f37d9834294b72d31d274e7ed79bca\",\"name\":\"Tar\u0131k\",\"image\":{\"@type\":\"ImageObject\",\"inLanguage\":\"tr\",\"@id\":\"https:\/\/narteks.net\/#\/schema\/person\/image\/\",\"url\":\"https:\/\/secure.gravatar.com\/avatar\/50865afb55632c4ae467e0af0930f6510aa2297d8014be502a55b14f3b7550cf?s=96&d=mm&r=g\",\"contentUrl\":\"https:\/\/secure.gravatar.com\/avatar\/50865afb55632c4ae467e0af0930f6510aa2297d8014be502a55b14f3b7550cf?s=96&d=mm&r=g\",\"caption\":\"Tar\u0131k\"},\"sameAs\":[\"http:\/\/narteks.net\"],\"url\":\"https:\/\/narteks.net\/index.php\/author\/narbak\/\"}]}<\/script>\n<!-- \/ Yoast SEO Premium plugin. -->","yoast_head_json":{"title":"ELLER\u0130MDE B\u0130R G\u00d6ZTA\u015eI - narteks.net","robots":{"index":"index","follow":"follow","max-snippet":"max-snippet:-1","max-image-preview":"max-image-preview:large","max-video-preview":"max-video-preview:-1"},"canonical":"https:\/\/narteks.net\/index.php\/2009\/04\/14\/ellerimde-bir-goztasi\/","og_locale":"tr_TR","og_type":"article","og_title":"ELLER\u0130MDE B\u0130R G\u00d6ZTA\u015eI","og_description":"\u00a0 Ellerimde bir g\u00f6zta\u015f\u0131, g\u00f6zlerim bo\u015f gidiyordum Ne bileyim, bir damlan\u0131n b\u00f6yle deniz oldu\u011funu \u015ea\u015ft\u0131m, mavi bir fal gibi a\u00e7\u0131l\u0131nca \u00f6n\u00fcmde Giritli bir \u00f6l\u00fcm\u00fcm varm\u0131\u015f, bir bal\u0131k\u00e7\u0131 fitil gibi Patlayacakm\u0131\u015f avucunda otuz \u00e7ubuklu gen\u00e7li\u011fim \u00dc\u00e7 g\u00fcnde mi desem, \u00fc\u00e7 g\u00f6kte, \u00fc\u00e7 kula\u00e7ta mi Ben ki, o camg\u00f6be\u011fi \u00e7i\u00e7ekler a\u00e7an a\u011fa\u00e7 K\u0131r\u0131lmaz bardaklar gibi tuzla buz [&hellip;]","og_url":"https:\/\/narteks.net\/index.php\/2009\/04\/14\/ellerimde-bir-goztasi\/","og_site_name":"narteks.net","article_published_time":"2009-04-14T09:28:35+00:00","og_image":[{"width":300,"height":90,"url":"https:\/\/narteks.net\/wp-content\/uploads\/narteks.png","type":"image\/png"}],"author":"Tar\u0131k","twitter_card":"summary_large_image","twitter_creator":"@narteks","twitter_site":"@narteks","twitter_misc":{"Yazan:":"Tar\u0131k","Tahmini okuma s\u00fcresi":"1 dakika"},"schema":{"@context":"https:\/\/schema.org","@graph":[{"@type":"Article","@id":"https:\/\/narteks.net\/index.php\/2009\/04\/14\/ellerimde-bir-goztasi\/#article","isPartOf":{"@id":"https:\/\/narteks.net\/index.php\/2009\/04\/14\/ellerimde-bir-goztasi\/"},"author":{"name":"Tar\u0131k","@id":"https:\/\/narteks.net\/#\/schema\/person\/61f37d9834294b72d31d274e7ed79bca"},"headline":"ELLER\u0130MDE B\u0130R G\u00d6ZTA\u015eI","datePublished":"2009-04-14T09:28:35+00:00","mainEntityOfPage":{"@id":"https:\/\/narteks.net\/index.php\/2009\/04\/14\/ellerimde-bir-goztasi\/"},"wordCount":259,"commentCount":0,"publisher":{"@id":"https:\/\/narteks.net\/#organization"},"articleSection":["Can Y\u00dcCEL"],"inLanguage":"tr","potentialAction":[{"@type":"CommentAction","name":"Comment","target":["https:\/\/narteks.net\/index.php\/2009\/04\/14\/ellerimde-bir-goztasi\/#respond"]}]},{"@type":"WebPage","@id":"https:\/\/narteks.net\/index.php\/2009\/04\/14\/ellerimde-bir-goztasi\/","url":"https:\/\/narteks.net\/index.php\/2009\/04\/14\/ellerimde-bir-goztasi\/","name":"ELLER\u0130MDE B\u0130R G\u00d6ZTA\u015eI - narteks.net","isPartOf":{"@id":"https:\/\/narteks.net\/#website"},"datePublished":"2009-04-14T09:28:35+00:00","breadcrumb":{"@id":"https:\/\/narteks.net\/index.php\/2009\/04\/14\/ellerimde-bir-goztasi\/#breadcrumb"},"inLanguage":"tr","potentialAction":[{"@type":"ReadAction","target":["https:\/\/narteks.net\/index.php\/2009\/04\/14\/ellerimde-bir-goztasi\/"]}]},{"@type":"BreadcrumbList","@id":"https:\/\/narteks.net\/index.php\/2009\/04\/14\/ellerimde-bir-goztasi\/#breadcrumb","itemListElement":[{"@type":"ListItem","position":1,"name":"Anasayfa","item":"https:\/\/narteks.net\/"},{"@type":"ListItem","position":2,"name":"ELLER\u0130MDE B\u0130R G\u00d6ZTA\u015eI"}]},{"@type":"WebSite","@id":"https:\/\/narteks.net\/#website","url":"https:\/\/narteks.net\/","name":"narteks.net","description":"K\u00fclt\u00fcr Sanat Edebiyat Felsefe","publisher":{"@id":"https:\/\/narteks.net\/#organization"},"alternateName":"K\u00fclt\u00fcr Sanat Edebiyat Felsefe","potentialAction":[{"@type":"SearchAction","target":{"@type":"EntryPoint","urlTemplate":"https:\/\/narteks.net\/?s={search_term_string}"},"query-input":{"@type":"PropertyValueSpecification","valueRequired":true,"valueName":"search_term_string"}}],"inLanguage":"tr"},{"@type":"Organization","@id":"https:\/\/narteks.net\/#organization","name":"narteks.net","url":"https:\/\/narteks.net\/","logo":{"@type":"ImageObject","inLanguage":"tr","@id":"https:\/\/narteks.net\/#\/schema\/logo\/image\/","url":"https:\/\/narteks.net\/wp-content\/uploads\/narteks.png","contentUrl":"https:\/\/narteks.net\/wp-content\/uploads\/narteks.png","width":300,"height":90,"caption":"narteks.net"},"image":{"@id":"https:\/\/narteks.net\/#\/schema\/logo\/image\/"},"sameAs":["https:\/\/x.com\/narteks","https:\/\/instagram.com\/narteksnet"]},{"@type":"Person","@id":"https:\/\/narteks.net\/#\/schema\/person\/61f37d9834294b72d31d274e7ed79bca","name":"Tar\u0131k","image":{"@type":"ImageObject","inLanguage":"tr","@id":"https:\/\/narteks.net\/#\/schema\/person\/image\/","url":"https:\/\/secure.gravatar.com\/avatar\/50865afb55632c4ae467e0af0930f6510aa2297d8014be502a55b14f3b7550cf?s=96&d=mm&r=g","contentUrl":"https:\/\/secure.gravatar.com\/avatar\/50865afb55632c4ae467e0af0930f6510aa2297d8014be502a55b14f3b7550cf?s=96&d=mm&r=g","caption":"Tar\u0131k"},"sameAs":["http:\/\/narteks.net"],"url":"https:\/\/narteks.net\/index.php\/author\/narbak\/"}]}},"_links":{"self":[{"href":"https:\/\/narteks.net\/index.php\/wp-json\/wp\/v2\/posts\/617","targetHints":{"allow":["GET"]}}],"collection":[{"href":"https:\/\/narteks.net\/index.php\/wp-json\/wp\/v2\/posts"}],"about":[{"href":"https:\/\/narteks.net\/index.php\/wp-json\/wp\/v2\/types\/post"}],"author":[{"embeddable":true,"href":"https:\/\/narteks.net\/index.php\/wp-json\/wp\/v2\/users\/1"}],"replies":[{"embeddable":true,"href":"https:\/\/narteks.net\/index.php\/wp-json\/wp\/v2\/comments?post=617"}],"version-history":[{"count":0,"href":"https:\/\/narteks.net\/index.php\/wp-json\/wp\/v2\/posts\/617\/revisions"}],"wp:attachment":[{"href":"https:\/\/narteks.net\/index.php\/wp-json\/wp\/v2\/media?parent=617"}],"wp:term":[{"taxonomy":"category","embeddable":true,"href":"https:\/\/narteks.net\/index.php\/wp-json\/wp\/v2\/categories?post=617"},{"taxonomy":"post_tag","embeddable":true,"href":"https:\/\/narteks.net\/index.php\/wp-json\/wp\/v2\/tags?post=617"}],"curies":[{"name":"wp","href":"https:\/\/api.w.org\/{rel}","templated":true}]}}