{"id":6191,"date":"2011-06-03T11:10:26","date_gmt":"2011-06-03T08:10:26","guid":{"rendered":"http:\/\/localhost\/wordpress\/2011\/06\/03\/yanilgi\/"},"modified":"2011-06-03T11:10:26","modified_gmt":"2011-06-03T08:10:26","slug":"yanilgi","status":"publish","type":"post","link":"https:\/\/narteks.net\/index.php\/2011\/06\/03\/yanilgi\/","title":{"rendered":"YANILGI"},"content":{"rendered":"<p>\u00a0<\/p>\n<p>Kendimizden bir adaday\u0131z,<br \/> D\u00f6rt yan\u0131m\u0131z ba\u015fkalar\u0131ndan.<br \/> Ayn\u0131 \u00f6nemli kap\u0131dan giriyoruz,<br \/> O eski, o beyaz kap\u0131dan.<br \/> \u0130lkin y\u0131llar \u00fcst\u00fcnde<br \/> Bizi ay\u0131ran bir d\u00fcnya vard\u0131, ad\u0131m\u0131za kurulu.<br \/> Burada y\u0131lda\u015flar\u0131m\u0131z soyunup-giyiniyor,<br \/> Bilinik k\u0131l\u0131yor birbirimizi.<br \/> Bir hastal\u0131k bula\u015f\u0131yor anlamlar\u0131m\u0131za,<br \/> B\u00fcy\u00fcms\u00fcmeye vard\u0131r\u0131yor yinlerimizi.<br \/> Ben s\u0131n\u0131rlan\u0131yorum g\u00f6z g\u00f6re g\u00f6re,<br \/> Karde\u015fle\u015fmemiz ayr\u0131kla\u015f\u0131yor,<br \/> Kopuyor kan.<br \/> Sen konu\u015fmadan duruyorsun senelerce kar\u015f\u0131mda.<br \/> Kal\u0131ms\u0131z bir an\u0131ts\u0131n gen\u00e7likten, kitaps\u0131zl\u0131ktan.<br \/> Ba\u015fkalar\u0131ndan bir adaday\u0131z,<br \/> D\u00f6rt yan\u0131m\u0131z biz gibi insandan.<br \/> Ayn\u0131 \u00f6nemsiz kap\u0131dan \u00e7\u0131k\u0131yoruz,<br \/> O eski, o k\u0131rm\u0131z\u0131 kap\u0131dan&#8230;<\/p>\n<p>\u00d6zdemir ASAF<\/p>\n","protected":false},"excerpt":{"rendered":"<p>\u00a0 Kendimizden bir adaday\u0131z, D\u00f6rt yan\u0131m\u0131z ba\u015fkalar\u0131ndan. Ayn\u0131 \u00f6nemli kap\u0131dan giriyoruz, O eski, o beyaz kap\u0131dan. \u0130lkin y\u0131llar \u00fcst\u00fcnde Bizi ay\u0131ran bir d\u00fcnya vard\u0131, ad\u0131m\u0131za kurulu. Burada y\u0131lda\u015flar\u0131m\u0131z soyunup-giyiniyor, Bilinik k\u0131l\u0131yor birbirimizi. Bir hastal\u0131k bula\u015f\u0131yor anlamlar\u0131m\u0131za, B\u00fcy\u00fcms\u00fcmeye vard\u0131r\u0131yor yinlerimizi. Ben s\u0131n\u0131rlan\u0131yorum g\u00f6z g\u00f6re g\u00f6re, Karde\u015fle\u015fmemiz ayr\u0131kla\u015f\u0131yor, Kopuyor kan. Sen konu\u015fmadan duruyorsun senelerce kar\u015f\u0131mda. Kal\u0131ms\u0131z bir [&hellip;]<\/p>\n","protected":false},"author":1,"featured_media":0,"comment_status":"open","ping_status":"open","sticky":false,"template":"","format":"standard","meta":{"footnotes":""},"categories":[29],"tags":[],"class_list":{"0":"post-6191","1":"post","2":"type-post","3":"status-publish","4":"format-standard","6":"category-ozdemir-asaf"},"yoast_head":"<!-- This site is optimized with the Yoast SEO Premium plugin v24.9 (Yoast SEO v24.9) - https:\/\/yoast.com\/wordpress\/plugins\/seo\/ -->\n<title>YANILGI - narteks.net<\/title>\n<meta name=\"robots\" content=\"index, follow, max-snippet:-1, max-image-preview:large, max-video-preview:-1\" \/>\n<link rel=\"canonical\" href=\"https:\/\/narteks.net\/index.php\/2011\/06\/03\/yanilgi\/\" \/>\n<meta property=\"og:locale\" content=\"tr_TR\" \/>\n<meta property=\"og:type\" content=\"article\" \/>\n<meta property=\"og:title\" content=\"YANILGI\" \/>\n<meta property=\"og:description\" content=\"\u00a0 Kendimizden bir adaday\u0131z, D\u00f6rt yan\u0131m\u0131z ba\u015fkalar\u0131ndan. Ayn\u0131 \u00f6nemli kap\u0131dan giriyoruz, O eski, o beyaz kap\u0131dan. \u0130lkin y\u0131llar \u00fcst\u00fcnde Bizi ay\u0131ran bir d\u00fcnya vard\u0131, ad\u0131m\u0131za kurulu. Burada y\u0131lda\u015flar\u0131m\u0131z soyunup-giyiniyor, Bilinik k\u0131l\u0131yor birbirimizi. Bir hastal\u0131k bula\u015f\u0131yor anlamlar\u0131m\u0131za, B\u00fcy\u00fcms\u00fcmeye vard\u0131r\u0131yor yinlerimizi. Ben s\u0131n\u0131rlan\u0131yorum g\u00f6z g\u00f6re g\u00f6re, Karde\u015fle\u015fmemiz ayr\u0131kla\u015f\u0131yor, Kopuyor kan. Sen konu\u015fmadan duruyorsun senelerce kar\u015f\u0131mda. Kal\u0131ms\u0131z bir [&hellip;]\" \/>\n<meta property=\"og:url\" content=\"https:\/\/narteks.net\/index.php\/2011\/06\/03\/yanilgi\/\" \/>\n<meta property=\"og:site_name\" content=\"narteks.net\" \/>\n<meta property=\"article:published_time\" content=\"2011-06-03T08:10:26+00:00\" \/>\n<meta property=\"og:image\" content=\"https:\/\/narteks.net\/wp-content\/uploads\/narteks.png\" \/>\n\t<meta property=\"og:image:width\" content=\"300\" \/>\n\t<meta property=\"og:image:height\" content=\"90\" \/>\n\t<meta property=\"og:image:type\" content=\"image\/png\" \/>\n<meta name=\"author\" content=\"Tar\u0131k\" \/>\n<meta name=\"twitter:card\" content=\"summary_large_image\" \/>\n<meta name=\"twitter:creator\" content=\"@narteks\" \/>\n<meta name=\"twitter:site\" content=\"@narteks\" \/>\n<meta name=\"twitter:label1\" content=\"Yazan:\" \/>\n\t<meta name=\"twitter:data1\" content=\"Tar\u0131k\" \/>\n\t<meta name=\"twitter:label2\" content=\"Tahmini okuma s\u00fcresi\" \/>\n\t<meta name=\"twitter:data2\" content=\"1 dakika\" \/>\n<script type=\"application\/ld+json\" class=\"yoast-schema-graph\">{\"@context\":\"https:\/\/schema.org\",\"@graph\":[{\"@type\":\"Article\",\"@id\":\"https:\/\/narteks.net\/index.php\/2011\/06\/03\/yanilgi\/#article\",\"isPartOf\":{\"@id\":\"https:\/\/narteks.net\/index.php\/2011\/06\/03\/yanilgi\/\"},\"author\":{\"name\":\"Tar\u0131k\",\"@id\":\"https:\/\/narteks.net\/#\/schema\/person\/61f37d9834294b72d31d274e7ed79bca\"},\"headline\":\"YANILGI\",\"datePublished\":\"2011-06-03T08:10:26+00:00\",\"mainEntityOfPage\":{\"@id\":\"https:\/\/narteks.net\/index.php\/2011\/06\/03\/yanilgi\/\"},\"wordCount\":136,\"commentCount\":0,\"publisher\":{\"@id\":\"https:\/\/narteks.net\/#organization\"},\"articleSection\":[\"\u00d6zdemir ASAF\"],\"inLanguage\":\"tr\",\"potentialAction\":[{\"@type\":\"CommentAction\",\"name\":\"Comment\",\"target\":[\"https:\/\/narteks.net\/index.php\/2011\/06\/03\/yanilgi\/#respond\"]}]},{\"@type\":\"WebPage\",\"@id\":\"https:\/\/narteks.net\/index.php\/2011\/06\/03\/yanilgi\/\",\"url\":\"https:\/\/narteks.net\/index.php\/2011\/06\/03\/yanilgi\/\",\"name\":\"YANILGI - narteks.net\",\"isPartOf\":{\"@id\":\"https:\/\/narteks.net\/#website\"},\"datePublished\":\"2011-06-03T08:10:26+00:00\",\"breadcrumb\":{\"@id\":\"https:\/\/narteks.net\/index.php\/2011\/06\/03\/yanilgi\/#breadcrumb\"},\"inLanguage\":\"tr\",\"potentialAction\":[{\"@type\":\"ReadAction\",\"target\":[\"https:\/\/narteks.net\/index.php\/2011\/06\/03\/yanilgi\/\"]}]},{\"@type\":\"BreadcrumbList\",\"@id\":\"https:\/\/narteks.net\/index.php\/2011\/06\/03\/yanilgi\/#breadcrumb\",\"itemListElement\":[{\"@type\":\"ListItem\",\"position\":1,\"name\":\"Anasayfa\",\"item\":\"https:\/\/narteks.net\/\"},{\"@type\":\"ListItem\",\"position\":2,\"name\":\"YANILGI\"}]},{\"@type\":\"WebSite\",\"@id\":\"https:\/\/narteks.net\/#website\",\"url\":\"https:\/\/narteks.net\/\",\"name\":\"narteks.net\",\"description\":\"K\u00fclt\u00fcr Sanat Edebiyat Felsefe\",\"publisher\":{\"@id\":\"https:\/\/narteks.net\/#organization\"},\"alternateName\":\"K\u00fclt\u00fcr Sanat Edebiyat Felsefe\",\"potentialAction\":[{\"@type\":\"SearchAction\",\"target\":{\"@type\":\"EntryPoint\",\"urlTemplate\":\"https:\/\/narteks.net\/?s={search_term_string}\"},\"query-input\":{\"@type\":\"PropertyValueSpecification\",\"valueRequired\":true,\"valueName\":\"search_term_string\"}}],\"inLanguage\":\"tr\"},{\"@type\":\"Organization\",\"@id\":\"https:\/\/narteks.net\/#organization\",\"name\":\"narteks.net\",\"url\":\"https:\/\/narteks.net\/\",\"logo\":{\"@type\":\"ImageObject\",\"inLanguage\":\"tr\",\"@id\":\"https:\/\/narteks.net\/#\/schema\/logo\/image\/\",\"url\":\"https:\/\/narteks.net\/wp-content\/uploads\/narteks.png\",\"contentUrl\":\"https:\/\/narteks.net\/wp-content\/uploads\/narteks.png\",\"width\":300,\"height\":90,\"caption\":\"narteks.net\"},\"image\":{\"@id\":\"https:\/\/narteks.net\/#\/schema\/logo\/image\/\"},\"sameAs\":[\"https:\/\/x.com\/narteks\",\"https:\/\/instagram.com\/narteksnet\"]},{\"@type\":\"Person\",\"@id\":\"https:\/\/narteks.net\/#\/schema\/person\/61f37d9834294b72d31d274e7ed79bca\",\"name\":\"Tar\u0131k\",\"image\":{\"@type\":\"ImageObject\",\"inLanguage\":\"tr\",\"@id\":\"https:\/\/narteks.net\/#\/schema\/person\/image\/\",\"url\":\"https:\/\/secure.gravatar.com\/avatar\/50865afb55632c4ae467e0af0930f6510aa2297d8014be502a55b14f3b7550cf?s=96&d=mm&r=g\",\"contentUrl\":\"https:\/\/secure.gravatar.com\/avatar\/50865afb55632c4ae467e0af0930f6510aa2297d8014be502a55b14f3b7550cf?s=96&d=mm&r=g\",\"caption\":\"Tar\u0131k\"},\"sameAs\":[\"http:\/\/narteks.net\"],\"url\":\"https:\/\/narteks.net\/index.php\/author\/narbak\/\"}]}<\/script>\n<!-- \/ Yoast SEO Premium plugin. -->","yoast_head_json":{"title":"YANILGI - narteks.net","robots":{"index":"index","follow":"follow","max-snippet":"max-snippet:-1","max-image-preview":"max-image-preview:large","max-video-preview":"max-video-preview:-1"},"canonical":"https:\/\/narteks.net\/index.php\/2011\/06\/03\/yanilgi\/","og_locale":"tr_TR","og_type":"article","og_title":"YANILGI","og_description":"\u00a0 Kendimizden bir adaday\u0131z, D\u00f6rt yan\u0131m\u0131z ba\u015fkalar\u0131ndan. Ayn\u0131 \u00f6nemli kap\u0131dan giriyoruz, O eski, o beyaz kap\u0131dan. \u0130lkin y\u0131llar \u00fcst\u00fcnde Bizi ay\u0131ran bir d\u00fcnya vard\u0131, ad\u0131m\u0131za kurulu. Burada y\u0131lda\u015flar\u0131m\u0131z soyunup-giyiniyor, Bilinik k\u0131l\u0131yor birbirimizi. Bir hastal\u0131k bula\u015f\u0131yor anlamlar\u0131m\u0131za, B\u00fcy\u00fcms\u00fcmeye vard\u0131r\u0131yor yinlerimizi. Ben s\u0131n\u0131rlan\u0131yorum g\u00f6z g\u00f6re g\u00f6re, Karde\u015fle\u015fmemiz ayr\u0131kla\u015f\u0131yor, Kopuyor kan. Sen konu\u015fmadan duruyorsun senelerce kar\u015f\u0131mda. Kal\u0131ms\u0131z bir [&hellip;]","og_url":"https:\/\/narteks.net\/index.php\/2011\/06\/03\/yanilgi\/","og_site_name":"narteks.net","article_published_time":"2011-06-03T08:10:26+00:00","og_image":[{"width":300,"height":90,"url":"https:\/\/narteks.net\/wp-content\/uploads\/narteks.png","type":"image\/png"}],"author":"Tar\u0131k","twitter_card":"summary_large_image","twitter_creator":"@narteks","twitter_site":"@narteks","twitter_misc":{"Yazan:":"Tar\u0131k","Tahmini okuma s\u00fcresi":"1 dakika"},"schema":{"@context":"https:\/\/schema.org","@graph":[{"@type":"Article","@id":"https:\/\/narteks.net\/index.php\/2011\/06\/03\/yanilgi\/#article","isPartOf":{"@id":"https:\/\/narteks.net\/index.php\/2011\/06\/03\/yanilgi\/"},"author":{"name":"Tar\u0131k","@id":"https:\/\/narteks.net\/#\/schema\/person\/61f37d9834294b72d31d274e7ed79bca"},"headline":"YANILGI","datePublished":"2011-06-03T08:10:26+00:00","mainEntityOfPage":{"@id":"https:\/\/narteks.net\/index.php\/2011\/06\/03\/yanilgi\/"},"wordCount":136,"commentCount":0,"publisher":{"@id":"https:\/\/narteks.net\/#organization"},"articleSection":["\u00d6zdemir ASAF"],"inLanguage":"tr","potentialAction":[{"@type":"CommentAction","name":"Comment","target":["https:\/\/narteks.net\/index.php\/2011\/06\/03\/yanilgi\/#respond"]}]},{"@type":"WebPage","@id":"https:\/\/narteks.net\/index.php\/2011\/06\/03\/yanilgi\/","url":"https:\/\/narteks.net\/index.php\/2011\/06\/03\/yanilgi\/","name":"YANILGI - narteks.net","isPartOf":{"@id":"https:\/\/narteks.net\/#website"},"datePublished":"2011-06-03T08:10:26+00:00","breadcrumb":{"@id":"https:\/\/narteks.net\/index.php\/2011\/06\/03\/yanilgi\/#breadcrumb"},"inLanguage":"tr","potentialAction":[{"@type":"ReadAction","target":["https:\/\/narteks.net\/index.php\/2011\/06\/03\/yanilgi\/"]}]},{"@type":"BreadcrumbList","@id":"https:\/\/narteks.net\/index.php\/2011\/06\/03\/yanilgi\/#breadcrumb","itemListElement":[{"@type":"ListItem","position":1,"name":"Anasayfa","item":"https:\/\/narteks.net\/"},{"@type":"ListItem","position":2,"name":"YANILGI"}]},{"@type":"WebSite","@id":"https:\/\/narteks.net\/#website","url":"https:\/\/narteks.net\/","name":"narteks.net","description":"K\u00fclt\u00fcr Sanat Edebiyat Felsefe","publisher":{"@id":"https:\/\/narteks.net\/#organization"},"alternateName":"K\u00fclt\u00fcr Sanat Edebiyat Felsefe","potentialAction":[{"@type":"SearchAction","target":{"@type":"EntryPoint","urlTemplate":"https:\/\/narteks.net\/?s={search_term_string}"},"query-input":{"@type":"PropertyValueSpecification","valueRequired":true,"valueName":"search_term_string"}}],"inLanguage":"tr"},{"@type":"Organization","@id":"https:\/\/narteks.net\/#organization","name":"narteks.net","url":"https:\/\/narteks.net\/","logo":{"@type":"ImageObject","inLanguage":"tr","@id":"https:\/\/narteks.net\/#\/schema\/logo\/image\/","url":"https:\/\/narteks.net\/wp-content\/uploads\/narteks.png","contentUrl":"https:\/\/narteks.net\/wp-content\/uploads\/narteks.png","width":300,"height":90,"caption":"narteks.net"},"image":{"@id":"https:\/\/narteks.net\/#\/schema\/logo\/image\/"},"sameAs":["https:\/\/x.com\/narteks","https:\/\/instagram.com\/narteksnet"]},{"@type":"Person","@id":"https:\/\/narteks.net\/#\/schema\/person\/61f37d9834294b72d31d274e7ed79bca","name":"Tar\u0131k","image":{"@type":"ImageObject","inLanguage":"tr","@id":"https:\/\/narteks.net\/#\/schema\/person\/image\/","url":"https:\/\/secure.gravatar.com\/avatar\/50865afb55632c4ae467e0af0930f6510aa2297d8014be502a55b14f3b7550cf?s=96&d=mm&r=g","contentUrl":"https:\/\/secure.gravatar.com\/avatar\/50865afb55632c4ae467e0af0930f6510aa2297d8014be502a55b14f3b7550cf?s=96&d=mm&r=g","caption":"Tar\u0131k"},"sameAs":["http:\/\/narteks.net"],"url":"https:\/\/narteks.net\/index.php\/author\/narbak\/"}]}},"_links":{"self":[{"href":"https:\/\/narteks.net\/index.php\/wp-json\/wp\/v2\/posts\/6191","targetHints":{"allow":["GET"]}}],"collection":[{"href":"https:\/\/narteks.net\/index.php\/wp-json\/wp\/v2\/posts"}],"about":[{"href":"https:\/\/narteks.net\/index.php\/wp-json\/wp\/v2\/types\/post"}],"author":[{"embeddable":true,"href":"https:\/\/narteks.net\/index.php\/wp-json\/wp\/v2\/users\/1"}],"replies":[{"embeddable":true,"href":"https:\/\/narteks.net\/index.php\/wp-json\/wp\/v2\/comments?post=6191"}],"version-history":[{"count":0,"href":"https:\/\/narteks.net\/index.php\/wp-json\/wp\/v2\/posts\/6191\/revisions"}],"wp:attachment":[{"href":"https:\/\/narteks.net\/index.php\/wp-json\/wp\/v2\/media?parent=6191"}],"wp:term":[{"taxonomy":"category","embeddable":true,"href":"https:\/\/narteks.net\/index.php\/wp-json\/wp\/v2\/categories?post=6191"},{"taxonomy":"post_tag","embeddable":true,"href":"https:\/\/narteks.net\/index.php\/wp-json\/wp\/v2\/tags?post=6191"}],"curies":[{"name":"wp","href":"https:\/\/api.w.org\/{rel}","templated":true}]}}