{"id":6203,"date":"2011-06-03T11:29:38","date_gmt":"2011-06-03T08:29:38","guid":{"rendered":"http:\/\/localhost\/wordpress\/2011\/06\/03\/dusman\/"},"modified":"2011-06-03T11:29:38","modified_gmt":"2011-06-03T08:29:38","slug":"dusman","status":"publish","type":"post","link":"https:\/\/narteks.net\/index.php\/2011\/06\/03\/dusman\/","title":{"rendered":"D\u00dc\u015eMAN"},"content":{"rendered":"<p>\u00a0<\/p>\n<p>Ben d\u00fc\u015fman\u0131m<br \/> Etten, kemikten, kandan<br \/> \u00c7evirmi\u015fim y\u00fcz\u00fcm\u00fc y\u00fcz\u00fcne<br \/> Bak\u0131yorum utanmadan<\/p>\n<p> Ben d\u00fc\u015fman\u0131m<br \/> \u00d6lmeni de\u011fil g\u00fclmeni g\u00f6zleyen<br \/> Iyi \u015feyler s\u00f6yleyen<br \/> \u00d6zleyen.<\/p>\n<p> Gece geliyor bir bir<br \/> Parl\u0131yor y\u0131ld\u0131z\u0131n<br \/> Onda beyaz\u0131n, sar\u0131n, k\u0131rm\u0131z\u0131n<br \/> Biliyorum y\u0131ld\u0131zlar\u0131n en parla\u011f\u0131 senin<\/p>\n<p> Ben d\u00fc\u015fman\u0131m<br \/> Etten, kemikten, kandan<br \/> Elleri ta\u015f devrinden kalm\u0131\u015f<br \/> Bir D\u00fc\u015fman&#8230;<\/p>\n<p>\u00d6zdemir ASAF<\/p>\n","protected":false},"excerpt":{"rendered":"<p>\u00a0 Ben d\u00fc\u015fman\u0131m Etten, kemikten, kandan \u00c7evirmi\u015fim y\u00fcz\u00fcm\u00fc y\u00fcz\u00fcne Bak\u0131yorum utanmadan Ben d\u00fc\u015fman\u0131m \u00d6lmeni de\u011fil g\u00fclmeni g\u00f6zleyen Iyi \u015feyler s\u00f6yleyen \u00d6zleyen. Gece geliyor bir bir Parl\u0131yor y\u0131ld\u0131z\u0131n Onda beyaz\u0131n, sar\u0131n, k\u0131rm\u0131z\u0131n Biliyorum y\u0131ld\u0131zlar\u0131n en parla\u011f\u0131 senin Ben d\u00fc\u015fman\u0131m Etten, kemikten, kandan Elleri ta\u015f devrinden kalm\u0131\u015f Bir D\u00fc\u015fman&#8230; \u00d6zdemir ASAF<\/p>\n","protected":false},"author":1,"featured_media":0,"comment_status":"open","ping_status":"open","sticky":false,"template":"","format":"standard","meta":{"footnotes":""},"categories":[29],"tags":[],"class_list":{"0":"post-6203","1":"post","2":"type-post","3":"status-publish","4":"format-standard","6":"category-ozdemir-asaf"},"yoast_head":"<!-- This site is optimized with the Yoast SEO Premium plugin v24.9 (Yoast SEO v24.9) - https:\/\/yoast.com\/wordpress\/plugins\/seo\/ -->\n<title>D\u00dc\u015eMAN - narteks.net<\/title>\n<meta name=\"robots\" content=\"index, follow, max-snippet:-1, max-image-preview:large, max-video-preview:-1\" \/>\n<link rel=\"canonical\" href=\"https:\/\/narteks.net\/index.php\/2011\/06\/03\/dusman\/\" \/>\n<meta property=\"og:locale\" content=\"tr_TR\" \/>\n<meta property=\"og:type\" content=\"article\" \/>\n<meta property=\"og:title\" content=\"D\u00dc\u015eMAN\" \/>\n<meta property=\"og:description\" content=\"\u00a0 Ben d\u00fc\u015fman\u0131m Etten, kemikten, kandan \u00c7evirmi\u015fim y\u00fcz\u00fcm\u00fc y\u00fcz\u00fcne Bak\u0131yorum utanmadan Ben d\u00fc\u015fman\u0131m \u00d6lmeni de\u011fil g\u00fclmeni g\u00f6zleyen Iyi \u015feyler s\u00f6yleyen \u00d6zleyen. Gece geliyor bir bir Parl\u0131yor y\u0131ld\u0131z\u0131n Onda beyaz\u0131n, sar\u0131n, k\u0131rm\u0131z\u0131n Biliyorum y\u0131ld\u0131zlar\u0131n en parla\u011f\u0131 senin Ben d\u00fc\u015fman\u0131m Etten, kemikten, kandan Elleri ta\u015f devrinden kalm\u0131\u015f Bir D\u00fc\u015fman&#8230; \u00d6zdemir ASAF\" \/>\n<meta property=\"og:url\" content=\"https:\/\/narteks.net\/index.php\/2011\/06\/03\/dusman\/\" \/>\n<meta property=\"og:site_name\" content=\"narteks.net\" \/>\n<meta property=\"article:published_time\" content=\"2011-06-03T08:29:38+00:00\" \/>\n<meta property=\"og:image\" content=\"https:\/\/narteks.net\/wp-content\/uploads\/narteks.png\" \/>\n\t<meta property=\"og:image:width\" content=\"300\" \/>\n\t<meta property=\"og:image:height\" content=\"90\" \/>\n\t<meta property=\"og:image:type\" content=\"image\/png\" \/>\n<meta name=\"author\" content=\"Tar\u0131k\" \/>\n<meta name=\"twitter:card\" content=\"summary_large_image\" \/>\n<meta name=\"twitter:creator\" content=\"@narteks\" \/>\n<meta name=\"twitter:site\" content=\"@narteks\" \/>\n<meta name=\"twitter:label1\" content=\"Yazan:\" \/>\n\t<meta name=\"twitter:data1\" content=\"Tar\u0131k\" \/>\n<script type=\"application\/ld+json\" class=\"yoast-schema-graph\">{\"@context\":\"https:\/\/schema.org\",\"@graph\":[{\"@type\":\"Article\",\"@id\":\"https:\/\/narteks.net\/index.php\/2011\/06\/03\/dusman\/#article\",\"isPartOf\":{\"@id\":\"https:\/\/narteks.net\/index.php\/2011\/06\/03\/dusman\/\"},\"author\":{\"name\":\"Tar\u0131k\",\"@id\":\"https:\/\/narteks.net\/#\/schema\/person\/61f37d9834294b72d31d274e7ed79bca\"},\"headline\":\"D\u00dc\u015eMAN\",\"datePublished\":\"2011-06-03T08:29:38+00:00\",\"mainEntityOfPage\":{\"@id\":\"https:\/\/narteks.net\/index.php\/2011\/06\/03\/dusman\/\"},\"wordCount\":79,\"commentCount\":0,\"publisher\":{\"@id\":\"https:\/\/narteks.net\/#organization\"},\"articleSection\":[\"\u00d6zdemir ASAF\"],\"inLanguage\":\"tr\",\"potentialAction\":[{\"@type\":\"CommentAction\",\"name\":\"Comment\",\"target\":[\"https:\/\/narteks.net\/index.php\/2011\/06\/03\/dusman\/#respond\"]}]},{\"@type\":\"WebPage\",\"@id\":\"https:\/\/narteks.net\/index.php\/2011\/06\/03\/dusman\/\",\"url\":\"https:\/\/narteks.net\/index.php\/2011\/06\/03\/dusman\/\",\"name\":\"D\u00dc\u015eMAN - narteks.net\",\"isPartOf\":{\"@id\":\"https:\/\/narteks.net\/#website\"},\"datePublished\":\"2011-06-03T08:29:38+00:00\",\"breadcrumb\":{\"@id\":\"https:\/\/narteks.net\/index.php\/2011\/06\/03\/dusman\/#breadcrumb\"},\"inLanguage\":\"tr\",\"potentialAction\":[{\"@type\":\"ReadAction\",\"target\":[\"https:\/\/narteks.net\/index.php\/2011\/06\/03\/dusman\/\"]}]},{\"@type\":\"BreadcrumbList\",\"@id\":\"https:\/\/narteks.net\/index.php\/2011\/06\/03\/dusman\/#breadcrumb\",\"itemListElement\":[{\"@type\":\"ListItem\",\"position\":1,\"name\":\"Anasayfa\",\"item\":\"https:\/\/narteks.net\/\"},{\"@type\":\"ListItem\",\"position\":2,\"name\":\"D\u00dc\u015eMAN\"}]},{\"@type\":\"WebSite\",\"@id\":\"https:\/\/narteks.net\/#website\",\"url\":\"https:\/\/narteks.net\/\",\"name\":\"narteks.net\",\"description\":\"K\u00fclt\u00fcr Sanat Edebiyat Felsefe\",\"publisher\":{\"@id\":\"https:\/\/narteks.net\/#organization\"},\"alternateName\":\"K\u00fclt\u00fcr Sanat Edebiyat Felsefe\",\"potentialAction\":[{\"@type\":\"SearchAction\",\"target\":{\"@type\":\"EntryPoint\",\"urlTemplate\":\"https:\/\/narteks.net\/?s={search_term_string}\"},\"query-input\":{\"@type\":\"PropertyValueSpecification\",\"valueRequired\":true,\"valueName\":\"search_term_string\"}}],\"inLanguage\":\"tr\"},{\"@type\":\"Organization\",\"@id\":\"https:\/\/narteks.net\/#organization\",\"name\":\"narteks.net\",\"url\":\"https:\/\/narteks.net\/\",\"logo\":{\"@type\":\"ImageObject\",\"inLanguage\":\"tr\",\"@id\":\"https:\/\/narteks.net\/#\/schema\/logo\/image\/\",\"url\":\"https:\/\/narteks.net\/wp-content\/uploads\/narteks.png\",\"contentUrl\":\"https:\/\/narteks.net\/wp-content\/uploads\/narteks.png\",\"width\":300,\"height\":90,\"caption\":\"narteks.net\"},\"image\":{\"@id\":\"https:\/\/narteks.net\/#\/schema\/logo\/image\/\"},\"sameAs\":[\"https:\/\/x.com\/narteks\",\"https:\/\/instagram.com\/narteksnet\"]},{\"@type\":\"Person\",\"@id\":\"https:\/\/narteks.net\/#\/schema\/person\/61f37d9834294b72d31d274e7ed79bca\",\"name\":\"Tar\u0131k\",\"image\":{\"@type\":\"ImageObject\",\"inLanguage\":\"tr\",\"@id\":\"https:\/\/narteks.net\/#\/schema\/person\/image\/\",\"url\":\"https:\/\/secure.gravatar.com\/avatar\/50865afb55632c4ae467e0af0930f6510aa2297d8014be502a55b14f3b7550cf?s=96&d=mm&r=g\",\"contentUrl\":\"https:\/\/secure.gravatar.com\/avatar\/50865afb55632c4ae467e0af0930f6510aa2297d8014be502a55b14f3b7550cf?s=96&d=mm&r=g\",\"caption\":\"Tar\u0131k\"},\"sameAs\":[\"http:\/\/narteks.net\"],\"url\":\"https:\/\/narteks.net\/index.php\/author\/narbak\/\"}]}<\/script>\n<!-- \/ Yoast SEO Premium plugin. -->","yoast_head_json":{"title":"D\u00dc\u015eMAN - narteks.net","robots":{"index":"index","follow":"follow","max-snippet":"max-snippet:-1","max-image-preview":"max-image-preview:large","max-video-preview":"max-video-preview:-1"},"canonical":"https:\/\/narteks.net\/index.php\/2011\/06\/03\/dusman\/","og_locale":"tr_TR","og_type":"article","og_title":"D\u00dc\u015eMAN","og_description":"\u00a0 Ben d\u00fc\u015fman\u0131m Etten, kemikten, kandan \u00c7evirmi\u015fim y\u00fcz\u00fcm\u00fc y\u00fcz\u00fcne Bak\u0131yorum utanmadan Ben d\u00fc\u015fman\u0131m \u00d6lmeni de\u011fil g\u00fclmeni g\u00f6zleyen Iyi \u015feyler s\u00f6yleyen \u00d6zleyen. Gece geliyor bir bir Parl\u0131yor y\u0131ld\u0131z\u0131n Onda beyaz\u0131n, sar\u0131n, k\u0131rm\u0131z\u0131n Biliyorum y\u0131ld\u0131zlar\u0131n en parla\u011f\u0131 senin Ben d\u00fc\u015fman\u0131m Etten, kemikten, kandan Elleri ta\u015f devrinden kalm\u0131\u015f Bir D\u00fc\u015fman&#8230; \u00d6zdemir ASAF","og_url":"https:\/\/narteks.net\/index.php\/2011\/06\/03\/dusman\/","og_site_name":"narteks.net","article_published_time":"2011-06-03T08:29:38+00:00","og_image":[{"width":300,"height":90,"url":"https:\/\/narteks.net\/wp-content\/uploads\/narteks.png","type":"image\/png"}],"author":"Tar\u0131k","twitter_card":"summary_large_image","twitter_creator":"@narteks","twitter_site":"@narteks","twitter_misc":{"Yazan:":"Tar\u0131k"},"schema":{"@context":"https:\/\/schema.org","@graph":[{"@type":"Article","@id":"https:\/\/narteks.net\/index.php\/2011\/06\/03\/dusman\/#article","isPartOf":{"@id":"https:\/\/narteks.net\/index.php\/2011\/06\/03\/dusman\/"},"author":{"name":"Tar\u0131k","@id":"https:\/\/narteks.net\/#\/schema\/person\/61f37d9834294b72d31d274e7ed79bca"},"headline":"D\u00dc\u015eMAN","datePublished":"2011-06-03T08:29:38+00:00","mainEntityOfPage":{"@id":"https:\/\/narteks.net\/index.php\/2011\/06\/03\/dusman\/"},"wordCount":79,"commentCount":0,"publisher":{"@id":"https:\/\/narteks.net\/#organization"},"articleSection":["\u00d6zdemir ASAF"],"inLanguage":"tr","potentialAction":[{"@type":"CommentAction","name":"Comment","target":["https:\/\/narteks.net\/index.php\/2011\/06\/03\/dusman\/#respond"]}]},{"@type":"WebPage","@id":"https:\/\/narteks.net\/index.php\/2011\/06\/03\/dusman\/","url":"https:\/\/narteks.net\/index.php\/2011\/06\/03\/dusman\/","name":"D\u00dc\u015eMAN - narteks.net","isPartOf":{"@id":"https:\/\/narteks.net\/#website"},"datePublished":"2011-06-03T08:29:38+00:00","breadcrumb":{"@id":"https:\/\/narteks.net\/index.php\/2011\/06\/03\/dusman\/#breadcrumb"},"inLanguage":"tr","potentialAction":[{"@type":"ReadAction","target":["https:\/\/narteks.net\/index.php\/2011\/06\/03\/dusman\/"]}]},{"@type":"BreadcrumbList","@id":"https:\/\/narteks.net\/index.php\/2011\/06\/03\/dusman\/#breadcrumb","itemListElement":[{"@type":"ListItem","position":1,"name":"Anasayfa","item":"https:\/\/narteks.net\/"},{"@type":"ListItem","position":2,"name":"D\u00dc\u015eMAN"}]},{"@type":"WebSite","@id":"https:\/\/narteks.net\/#website","url":"https:\/\/narteks.net\/","name":"narteks.net","description":"K\u00fclt\u00fcr Sanat Edebiyat Felsefe","publisher":{"@id":"https:\/\/narteks.net\/#organization"},"alternateName":"K\u00fclt\u00fcr Sanat Edebiyat Felsefe","potentialAction":[{"@type":"SearchAction","target":{"@type":"EntryPoint","urlTemplate":"https:\/\/narteks.net\/?s={search_term_string}"},"query-input":{"@type":"PropertyValueSpecification","valueRequired":true,"valueName":"search_term_string"}}],"inLanguage":"tr"},{"@type":"Organization","@id":"https:\/\/narteks.net\/#organization","name":"narteks.net","url":"https:\/\/narteks.net\/","logo":{"@type":"ImageObject","inLanguage":"tr","@id":"https:\/\/narteks.net\/#\/schema\/logo\/image\/","url":"https:\/\/narteks.net\/wp-content\/uploads\/narteks.png","contentUrl":"https:\/\/narteks.net\/wp-content\/uploads\/narteks.png","width":300,"height":90,"caption":"narteks.net"},"image":{"@id":"https:\/\/narteks.net\/#\/schema\/logo\/image\/"},"sameAs":["https:\/\/x.com\/narteks","https:\/\/instagram.com\/narteksnet"]},{"@type":"Person","@id":"https:\/\/narteks.net\/#\/schema\/person\/61f37d9834294b72d31d274e7ed79bca","name":"Tar\u0131k","image":{"@type":"ImageObject","inLanguage":"tr","@id":"https:\/\/narteks.net\/#\/schema\/person\/image\/","url":"https:\/\/secure.gravatar.com\/avatar\/50865afb55632c4ae467e0af0930f6510aa2297d8014be502a55b14f3b7550cf?s=96&d=mm&r=g","contentUrl":"https:\/\/secure.gravatar.com\/avatar\/50865afb55632c4ae467e0af0930f6510aa2297d8014be502a55b14f3b7550cf?s=96&d=mm&r=g","caption":"Tar\u0131k"},"sameAs":["http:\/\/narteks.net"],"url":"https:\/\/narteks.net\/index.php\/author\/narbak\/"}]}},"_links":{"self":[{"href":"https:\/\/narteks.net\/index.php\/wp-json\/wp\/v2\/posts\/6203","targetHints":{"allow":["GET"]}}],"collection":[{"href":"https:\/\/narteks.net\/index.php\/wp-json\/wp\/v2\/posts"}],"about":[{"href":"https:\/\/narteks.net\/index.php\/wp-json\/wp\/v2\/types\/post"}],"author":[{"embeddable":true,"href":"https:\/\/narteks.net\/index.php\/wp-json\/wp\/v2\/users\/1"}],"replies":[{"embeddable":true,"href":"https:\/\/narteks.net\/index.php\/wp-json\/wp\/v2\/comments?post=6203"}],"version-history":[{"count":0,"href":"https:\/\/narteks.net\/index.php\/wp-json\/wp\/v2\/posts\/6203\/revisions"}],"wp:attachment":[{"href":"https:\/\/narteks.net\/index.php\/wp-json\/wp\/v2\/media?parent=6203"}],"wp:term":[{"taxonomy":"category","embeddable":true,"href":"https:\/\/narteks.net\/index.php\/wp-json\/wp\/v2\/categories?post=6203"},{"taxonomy":"post_tag","embeddable":true,"href":"https:\/\/narteks.net\/index.php\/wp-json\/wp\/v2\/tags?post=6203"}],"curies":[{"name":"wp","href":"https:\/\/api.w.org\/{rel}","templated":true}]}}