{"id":6238,"date":"2011-06-04T13:01:36","date_gmt":"2011-06-04T10:01:36","guid":{"rendered":"http:\/\/localhost\/wordpress\/2011\/06\/04\/kuytuda-uyuyan-asker\/"},"modified":"2011-06-04T13:01:36","modified_gmt":"2011-06-04T10:01:36","slug":"kuytuda-uyuyan-asker","status":"publish","type":"post","link":"https:\/\/narteks.net\/index.php\/2011\/06\/04\/kuytuda-uyuyan-asker\/","title":{"rendered":"KUYTUDA UYUYAN ASKER"},"content":{"rendered":"<p>\u00a0<\/p>\n<p>Ye\u015fil bir kuytudaki g\u00fcm\u00fc\u015f ot k\u00fcmesine<br \/>Tak\u0131lm\u0131\u015f deli gibi, \u015fark\u0131 s\u00f6yl\u00fcyor \u0131rmak<br \/>\u015eavk\u0131yor, \u0131\u015f\u0131k k\u00f6p\u00fcren koya\u011f\u0131n sesine<br \/>Vermi\u015f kendini g\u00fcne\u015f, \u015favk\u0131yor da\u011flardan bak.<\/p>\n<p>Gen\u00e7 bir asker, a\u011fz\u0131 a\u00e7\u0131k, ba\u015f\u0131 \u00e7\u0131plak, dalg\u0131n,<br \/>Boynunu serin, mavi tereotuna salm\u0131\u015f,<br \/>I\u015f\u0131\u011f\u0131n ya\u011fd\u0131\u011f\u0131 ye\u015fil yata\u011f\u0131nda, solgun,<br \/>Otlarda, bulutun alt\u0131nda uyuyup kalm\u0131\u015f.<\/p>\n<p>Ayaklar\u0131 otlarda, sayr\u0131 bir \u00e7ocuk gibi<br \/>Uzanm\u0131\u015f ve uyuyor, deliksiz bir uyku bu<br \/>\u00dc\u015f\u00fcyor, Do\u011fa onu s\u0131cak kollar\u0131nla sar.<\/p>\n<p>Art\u0131k ho\u015f kokulara bile yabanc\u0131 i\u015fte;<br \/>Ellerini g\u00f6\u011fs\u00fcne kavu\u015fturmu\u015f, g\u00fcne\u015fte<br \/>Uyuyor. Sa\u011f yan\u0131nda iki k\u0131z\u0131l delik var.<\/p>\n<p>Arthur R\u0130MBAUD<\/p>\n","protected":false},"excerpt":{"rendered":"<p>\u00a0 Ye\u015fil bir kuytudaki g\u00fcm\u00fc\u015f ot k\u00fcmesineTak\u0131lm\u0131\u015f deli gibi, \u015fark\u0131 s\u00f6yl\u00fcyor \u0131rmak\u015eavk\u0131yor, \u0131\u015f\u0131k k\u00f6p\u00fcren koya\u011f\u0131n sesineVermi\u015f kendini g\u00fcne\u015f, \u015favk\u0131yor da\u011flardan bak. Gen\u00e7 bir asker, a\u011fz\u0131 a\u00e7\u0131k, ba\u015f\u0131 \u00e7\u0131plak, dalg\u0131n,Boynunu serin, mavi tereotuna salm\u0131\u015f,I\u015f\u0131\u011f\u0131n ya\u011fd\u0131\u011f\u0131 ye\u015fil yata\u011f\u0131nda, solgun,Otlarda, bulutun alt\u0131nda uyuyup kalm\u0131\u015f. Ayaklar\u0131 otlarda, sayr\u0131 bir \u00e7ocuk gibiUzanm\u0131\u015f ve uyuyor, deliksiz bir uyku bu\u00dc\u015f\u00fcyor, Do\u011fa onu [&hellip;]<\/p>\n","protected":false},"author":1,"featured_media":0,"comment_status":"open","ping_status":"open","sticky":false,"template":"","format":"standard","meta":{"footnotes":""},"categories":[167],"tags":[],"class_list":{"0":"post-6238","1":"post","2":"type-post","3":"status-publish","4":"format-standard","6":"category-arthur-rimbaud"},"yoast_head":"<!-- This site is optimized with the Yoast SEO Premium plugin v24.9 (Yoast SEO v24.9) - https:\/\/yoast.com\/wordpress\/plugins\/seo\/ -->\n<title>KUYTUDA UYUYAN ASKER - narteks.net<\/title>\n<meta name=\"robots\" content=\"index, follow, max-snippet:-1, max-image-preview:large, max-video-preview:-1\" \/>\n<link rel=\"canonical\" href=\"https:\/\/narteks.net\/index.php\/2011\/06\/04\/kuytuda-uyuyan-asker\/\" \/>\n<meta property=\"og:locale\" content=\"tr_TR\" \/>\n<meta property=\"og:type\" content=\"article\" \/>\n<meta property=\"og:title\" content=\"KUYTUDA UYUYAN ASKER\" \/>\n<meta property=\"og:description\" content=\"\u00a0 Ye\u015fil bir kuytudaki g\u00fcm\u00fc\u015f ot k\u00fcmesineTak\u0131lm\u0131\u015f deli gibi, \u015fark\u0131 s\u00f6yl\u00fcyor \u0131rmak\u015eavk\u0131yor, \u0131\u015f\u0131k k\u00f6p\u00fcren koya\u011f\u0131n sesineVermi\u015f kendini g\u00fcne\u015f, \u015favk\u0131yor da\u011flardan bak. Gen\u00e7 bir asker, a\u011fz\u0131 a\u00e7\u0131k, ba\u015f\u0131 \u00e7\u0131plak, dalg\u0131n,Boynunu serin, mavi tereotuna salm\u0131\u015f,I\u015f\u0131\u011f\u0131n ya\u011fd\u0131\u011f\u0131 ye\u015fil yata\u011f\u0131nda, solgun,Otlarda, bulutun alt\u0131nda uyuyup kalm\u0131\u015f. Ayaklar\u0131 otlarda, sayr\u0131 bir \u00e7ocuk gibiUzanm\u0131\u015f ve uyuyor, deliksiz bir uyku bu\u00dc\u015f\u00fcyor, Do\u011fa onu [&hellip;]\" \/>\n<meta property=\"og:url\" content=\"https:\/\/narteks.net\/index.php\/2011\/06\/04\/kuytuda-uyuyan-asker\/\" \/>\n<meta property=\"og:site_name\" content=\"narteks.net\" \/>\n<meta property=\"article:published_time\" content=\"2011-06-04T10:01:36+00:00\" \/>\n<meta property=\"og:image\" content=\"https:\/\/narteks.net\/wp-content\/uploads\/narteks.png\" \/>\n\t<meta property=\"og:image:width\" content=\"300\" \/>\n\t<meta property=\"og:image:height\" content=\"90\" \/>\n\t<meta property=\"og:image:type\" content=\"image\/png\" \/>\n<meta name=\"author\" content=\"Tar\u0131k\" \/>\n<meta name=\"twitter:card\" content=\"summary_large_image\" \/>\n<meta name=\"twitter:creator\" content=\"@narteks\" \/>\n<meta name=\"twitter:site\" content=\"@narteks\" \/>\n<meta name=\"twitter:label1\" content=\"Yazan:\" \/>\n\t<meta name=\"twitter:data1\" content=\"Tar\u0131k\" \/>\n\t<meta name=\"twitter:label2\" content=\"Tahmini okuma s\u00fcresi\" \/>\n\t<meta name=\"twitter:data2\" content=\"1 dakika\" \/>\n<script type=\"application\/ld+json\" class=\"yoast-schema-graph\">{\"@context\":\"https:\/\/schema.org\",\"@graph\":[{\"@type\":\"Article\",\"@id\":\"https:\/\/narteks.net\/index.php\/2011\/06\/04\/kuytuda-uyuyan-asker\/#article\",\"isPartOf\":{\"@id\":\"https:\/\/narteks.net\/index.php\/2011\/06\/04\/kuytuda-uyuyan-asker\/\"},\"author\":{\"name\":\"Tar\u0131k\",\"@id\":\"https:\/\/narteks.net\/#\/schema\/person\/61f37d9834294b72d31d274e7ed79bca\"},\"headline\":\"KUYTUDA UYUYAN ASKER\",\"datePublished\":\"2011-06-04T10:01:36+00:00\",\"mainEntityOfPage\":{\"@id\":\"https:\/\/narteks.net\/index.php\/2011\/06\/04\/kuytuda-uyuyan-asker\/\"},\"wordCount\":118,\"commentCount\":0,\"publisher\":{\"@id\":\"https:\/\/narteks.net\/#organization\"},\"articleSection\":[\"Arthur R\u0130MBAUD\"],\"inLanguage\":\"tr\",\"potentialAction\":[{\"@type\":\"CommentAction\",\"name\":\"Comment\",\"target\":[\"https:\/\/narteks.net\/index.php\/2011\/06\/04\/kuytuda-uyuyan-asker\/#respond\"]}]},{\"@type\":\"WebPage\",\"@id\":\"https:\/\/narteks.net\/index.php\/2011\/06\/04\/kuytuda-uyuyan-asker\/\",\"url\":\"https:\/\/narteks.net\/index.php\/2011\/06\/04\/kuytuda-uyuyan-asker\/\",\"name\":\"KUYTUDA UYUYAN ASKER - narteks.net\",\"isPartOf\":{\"@id\":\"https:\/\/narteks.net\/#website\"},\"datePublished\":\"2011-06-04T10:01:36+00:00\",\"breadcrumb\":{\"@id\":\"https:\/\/narteks.net\/index.php\/2011\/06\/04\/kuytuda-uyuyan-asker\/#breadcrumb\"},\"inLanguage\":\"tr\",\"potentialAction\":[{\"@type\":\"ReadAction\",\"target\":[\"https:\/\/narteks.net\/index.php\/2011\/06\/04\/kuytuda-uyuyan-asker\/\"]}]},{\"@type\":\"BreadcrumbList\",\"@id\":\"https:\/\/narteks.net\/index.php\/2011\/06\/04\/kuytuda-uyuyan-asker\/#breadcrumb\",\"itemListElement\":[{\"@type\":\"ListItem\",\"position\":1,\"name\":\"Anasayfa\",\"item\":\"https:\/\/narteks.net\/\"},{\"@type\":\"ListItem\",\"position\":2,\"name\":\"KUYTUDA UYUYAN ASKER\"}]},{\"@type\":\"WebSite\",\"@id\":\"https:\/\/narteks.net\/#website\",\"url\":\"https:\/\/narteks.net\/\",\"name\":\"narteks.net\",\"description\":\"K\u00fclt\u00fcr Sanat Edebiyat Felsefe\",\"publisher\":{\"@id\":\"https:\/\/narteks.net\/#organization\"},\"alternateName\":\"K\u00fclt\u00fcr Sanat Edebiyat Felsefe\",\"potentialAction\":[{\"@type\":\"SearchAction\",\"target\":{\"@type\":\"EntryPoint\",\"urlTemplate\":\"https:\/\/narteks.net\/?s={search_term_string}\"},\"query-input\":{\"@type\":\"PropertyValueSpecification\",\"valueRequired\":true,\"valueName\":\"search_term_string\"}}],\"inLanguage\":\"tr\"},{\"@type\":\"Organization\",\"@id\":\"https:\/\/narteks.net\/#organization\",\"name\":\"narteks.net\",\"url\":\"https:\/\/narteks.net\/\",\"logo\":{\"@type\":\"ImageObject\",\"inLanguage\":\"tr\",\"@id\":\"https:\/\/narteks.net\/#\/schema\/logo\/image\/\",\"url\":\"https:\/\/narteks.net\/wp-content\/uploads\/narteks.png\",\"contentUrl\":\"https:\/\/narteks.net\/wp-content\/uploads\/narteks.png\",\"width\":300,\"height\":90,\"caption\":\"narteks.net\"},\"image\":{\"@id\":\"https:\/\/narteks.net\/#\/schema\/logo\/image\/\"},\"sameAs\":[\"https:\/\/x.com\/narteks\",\"https:\/\/instagram.com\/narteksnet\"]},{\"@type\":\"Person\",\"@id\":\"https:\/\/narteks.net\/#\/schema\/person\/61f37d9834294b72d31d274e7ed79bca\",\"name\":\"Tar\u0131k\",\"image\":{\"@type\":\"ImageObject\",\"inLanguage\":\"tr\",\"@id\":\"https:\/\/narteks.net\/#\/schema\/person\/image\/\",\"url\":\"https:\/\/secure.gravatar.com\/avatar\/50865afb55632c4ae467e0af0930f6510aa2297d8014be502a55b14f3b7550cf?s=96&d=mm&r=g\",\"contentUrl\":\"https:\/\/secure.gravatar.com\/avatar\/50865afb55632c4ae467e0af0930f6510aa2297d8014be502a55b14f3b7550cf?s=96&d=mm&r=g\",\"caption\":\"Tar\u0131k\"},\"sameAs\":[\"http:\/\/narteks.net\"],\"url\":\"https:\/\/narteks.net\/index.php\/author\/narbak\/\"}]}<\/script>\n<!-- \/ Yoast SEO Premium plugin. -->","yoast_head_json":{"title":"KUYTUDA UYUYAN ASKER - narteks.net","robots":{"index":"index","follow":"follow","max-snippet":"max-snippet:-1","max-image-preview":"max-image-preview:large","max-video-preview":"max-video-preview:-1"},"canonical":"https:\/\/narteks.net\/index.php\/2011\/06\/04\/kuytuda-uyuyan-asker\/","og_locale":"tr_TR","og_type":"article","og_title":"KUYTUDA UYUYAN ASKER","og_description":"\u00a0 Ye\u015fil bir kuytudaki g\u00fcm\u00fc\u015f ot k\u00fcmesineTak\u0131lm\u0131\u015f deli gibi, \u015fark\u0131 s\u00f6yl\u00fcyor \u0131rmak\u015eavk\u0131yor, \u0131\u015f\u0131k k\u00f6p\u00fcren koya\u011f\u0131n sesineVermi\u015f kendini g\u00fcne\u015f, \u015favk\u0131yor da\u011flardan bak. Gen\u00e7 bir asker, a\u011fz\u0131 a\u00e7\u0131k, ba\u015f\u0131 \u00e7\u0131plak, dalg\u0131n,Boynunu serin, mavi tereotuna salm\u0131\u015f,I\u015f\u0131\u011f\u0131n ya\u011fd\u0131\u011f\u0131 ye\u015fil yata\u011f\u0131nda, solgun,Otlarda, bulutun alt\u0131nda uyuyup kalm\u0131\u015f. Ayaklar\u0131 otlarda, sayr\u0131 bir \u00e7ocuk gibiUzanm\u0131\u015f ve uyuyor, deliksiz bir uyku bu\u00dc\u015f\u00fcyor, Do\u011fa onu [&hellip;]","og_url":"https:\/\/narteks.net\/index.php\/2011\/06\/04\/kuytuda-uyuyan-asker\/","og_site_name":"narteks.net","article_published_time":"2011-06-04T10:01:36+00:00","og_image":[{"width":300,"height":90,"url":"https:\/\/narteks.net\/wp-content\/uploads\/narteks.png","type":"image\/png"}],"author":"Tar\u0131k","twitter_card":"summary_large_image","twitter_creator":"@narteks","twitter_site":"@narteks","twitter_misc":{"Yazan:":"Tar\u0131k","Tahmini okuma s\u00fcresi":"1 dakika"},"schema":{"@context":"https:\/\/schema.org","@graph":[{"@type":"Article","@id":"https:\/\/narteks.net\/index.php\/2011\/06\/04\/kuytuda-uyuyan-asker\/#article","isPartOf":{"@id":"https:\/\/narteks.net\/index.php\/2011\/06\/04\/kuytuda-uyuyan-asker\/"},"author":{"name":"Tar\u0131k","@id":"https:\/\/narteks.net\/#\/schema\/person\/61f37d9834294b72d31d274e7ed79bca"},"headline":"KUYTUDA UYUYAN ASKER","datePublished":"2011-06-04T10:01:36+00:00","mainEntityOfPage":{"@id":"https:\/\/narteks.net\/index.php\/2011\/06\/04\/kuytuda-uyuyan-asker\/"},"wordCount":118,"commentCount":0,"publisher":{"@id":"https:\/\/narteks.net\/#organization"},"articleSection":["Arthur R\u0130MBAUD"],"inLanguage":"tr","potentialAction":[{"@type":"CommentAction","name":"Comment","target":["https:\/\/narteks.net\/index.php\/2011\/06\/04\/kuytuda-uyuyan-asker\/#respond"]}]},{"@type":"WebPage","@id":"https:\/\/narteks.net\/index.php\/2011\/06\/04\/kuytuda-uyuyan-asker\/","url":"https:\/\/narteks.net\/index.php\/2011\/06\/04\/kuytuda-uyuyan-asker\/","name":"KUYTUDA UYUYAN ASKER - narteks.net","isPartOf":{"@id":"https:\/\/narteks.net\/#website"},"datePublished":"2011-06-04T10:01:36+00:00","breadcrumb":{"@id":"https:\/\/narteks.net\/index.php\/2011\/06\/04\/kuytuda-uyuyan-asker\/#breadcrumb"},"inLanguage":"tr","potentialAction":[{"@type":"ReadAction","target":["https:\/\/narteks.net\/index.php\/2011\/06\/04\/kuytuda-uyuyan-asker\/"]}]},{"@type":"BreadcrumbList","@id":"https:\/\/narteks.net\/index.php\/2011\/06\/04\/kuytuda-uyuyan-asker\/#breadcrumb","itemListElement":[{"@type":"ListItem","position":1,"name":"Anasayfa","item":"https:\/\/narteks.net\/"},{"@type":"ListItem","position":2,"name":"KUYTUDA UYUYAN ASKER"}]},{"@type":"WebSite","@id":"https:\/\/narteks.net\/#website","url":"https:\/\/narteks.net\/","name":"narteks.net","description":"K\u00fclt\u00fcr Sanat Edebiyat Felsefe","publisher":{"@id":"https:\/\/narteks.net\/#organization"},"alternateName":"K\u00fclt\u00fcr Sanat Edebiyat Felsefe","potentialAction":[{"@type":"SearchAction","target":{"@type":"EntryPoint","urlTemplate":"https:\/\/narteks.net\/?s={search_term_string}"},"query-input":{"@type":"PropertyValueSpecification","valueRequired":true,"valueName":"search_term_string"}}],"inLanguage":"tr"},{"@type":"Organization","@id":"https:\/\/narteks.net\/#organization","name":"narteks.net","url":"https:\/\/narteks.net\/","logo":{"@type":"ImageObject","inLanguage":"tr","@id":"https:\/\/narteks.net\/#\/schema\/logo\/image\/","url":"https:\/\/narteks.net\/wp-content\/uploads\/narteks.png","contentUrl":"https:\/\/narteks.net\/wp-content\/uploads\/narteks.png","width":300,"height":90,"caption":"narteks.net"},"image":{"@id":"https:\/\/narteks.net\/#\/schema\/logo\/image\/"},"sameAs":["https:\/\/x.com\/narteks","https:\/\/instagram.com\/narteksnet"]},{"@type":"Person","@id":"https:\/\/narteks.net\/#\/schema\/person\/61f37d9834294b72d31d274e7ed79bca","name":"Tar\u0131k","image":{"@type":"ImageObject","inLanguage":"tr","@id":"https:\/\/narteks.net\/#\/schema\/person\/image\/","url":"https:\/\/secure.gravatar.com\/avatar\/50865afb55632c4ae467e0af0930f6510aa2297d8014be502a55b14f3b7550cf?s=96&d=mm&r=g","contentUrl":"https:\/\/secure.gravatar.com\/avatar\/50865afb55632c4ae467e0af0930f6510aa2297d8014be502a55b14f3b7550cf?s=96&d=mm&r=g","caption":"Tar\u0131k"},"sameAs":["http:\/\/narteks.net"],"url":"https:\/\/narteks.net\/index.php\/author\/narbak\/"}]}},"_links":{"self":[{"href":"https:\/\/narteks.net\/index.php\/wp-json\/wp\/v2\/posts\/6238","targetHints":{"allow":["GET"]}}],"collection":[{"href":"https:\/\/narteks.net\/index.php\/wp-json\/wp\/v2\/posts"}],"about":[{"href":"https:\/\/narteks.net\/index.php\/wp-json\/wp\/v2\/types\/post"}],"author":[{"embeddable":true,"href":"https:\/\/narteks.net\/index.php\/wp-json\/wp\/v2\/users\/1"}],"replies":[{"embeddable":true,"href":"https:\/\/narteks.net\/index.php\/wp-json\/wp\/v2\/comments?post=6238"}],"version-history":[{"count":0,"href":"https:\/\/narteks.net\/index.php\/wp-json\/wp\/v2\/posts\/6238\/revisions"}],"wp:attachment":[{"href":"https:\/\/narteks.net\/index.php\/wp-json\/wp\/v2\/media?parent=6238"}],"wp:term":[{"taxonomy":"category","embeddable":true,"href":"https:\/\/narteks.net\/index.php\/wp-json\/wp\/v2\/categories?post=6238"},{"taxonomy":"post_tag","embeddable":true,"href":"https:\/\/narteks.net\/index.php\/wp-json\/wp\/v2\/tags?post=6238"}],"curies":[{"name":"wp","href":"https:\/\/api.w.org\/{rel}","templated":true}]}}