{"id":6240,"date":"2011-06-04T14:50:21","date_gmt":"2011-06-04T11:50:21","guid":{"rendered":"http:\/\/localhost\/wordpress\/2011\/06\/04\/newroz-ve-karayuzlerin-soven-harekati\/"},"modified":"2011-06-04T14:50:21","modified_gmt":"2011-06-04T11:50:21","slug":"newroz-ve-karayuzlerin-soven-harekati","status":"publish","type":"post","link":"https:\/\/narteks.net\/index.php\/2011\/06\/04\/newroz-ve-karayuzlerin-soven-harekati\/","title":{"rendered":"Newroz ve Karay\u00fczlerin \u015eoven Harek\u00e2t\u0131"},"content":{"rendered":"<p style=\"text-align: justify;\"><em><img loading=\"lazy\" decoding=\"async\" src=\"images\/stories\/gucbirligi.jpg\" border=\"0\" width=\"155\" height=\"205\" style=\"float: left;\" \/>Newroz\u2019un aynas\u0131na yans\u0131yanlar<\/em><\/p>\n<p>\u00dczerinde ya\u015fad\u0131\u011f\u0131m\u0131z topraklar dahil, Ortado\u011fu co\u011frafyas\u0131 i\u00e7in \u00f6zel g\u00fcnler ezilen kitleler nezdinde hep ba\u015fka anlamlar ifade etmi\u015ftir. \u00c7eli\u015fki ve \u00e7at\u0131\u015fmalar\u0131n alabildi\u011fine derin ya\u015fand\u0131\u011f\u0131 bu topraklarda, ezilen ve s\u00f6m\u00fcr\u00fclen kitleler kendi ezilmi\u015fliklerini a\u00e7\u0131\u011fa vuracak ve bunu y\u0131\u011f\u0131nsal olarak \u00f6rg\u00fctleyecek \u00f6zel g\u00fcnler yaratabilmi\u015flerdir. \u0130\u015fte Newroz, ona atfedilen t\u00fcm efsaneleri a\u015farak ezilen K\u00fcrt halk\u0131n\u0131n ba\u015fkald\u0131r\u0131 g\u00fcn\u00fc oluvermi\u015ftir. G\u00fcnler sadece vesiledir ve her tarihsel g\u00fcn d\u00f6ner kendi efsanesini de yarat\u0131r. 1990\u2019lar\u0131n ba\u015f\u0131nda milyonlarca K\u00fcrt sokaklara d\u00f6k\u00fclm\u00fc\u015f ve y\u00fckselen ulusal m\u00fccadele Newroz\u2019u de\u011fi\u015ftirerek, onu siyasalla\u015ft\u0131rarak bir m\u00fccadele g\u00fcn\u00fcne d\u00f6n\u00fc\u015ft\u00fcrm\u00fc\u015ft\u00fcr.<\/p>\n<p>2005\u2019in Newroz\u2019u da di\u011fer Newrozlar gibi K\u00fcrt y\u0131\u011f\u0131nlar\u0131n\u0131n \u00f6fkesini ifade eden bir ara\u00e7 oldu. Gerek K\u00fcrt illerinde gerekse de T\u00fcrkiye\u2019nin bat\u0131s\u0131ndaki metropollerde y\u00fcz binler, k\u0131rm\u0131z\u0131, ye\u015fil ve sar\u0131 renklere b\u00fcr\u00fcnerek meydanlar\u0131 doldurdular. Diyarbak\u0131r, \u0130stanbul, Van, Mersin, \u0130zmir, Adana, Hakkari ve bir\u00e7ok ilde K\u00fcrt kitleler \u00f6zg\u00fcrl\u00fck taleplerini hayk\u0131rd\u0131lar. 20 ve 21 Marta yans\u0131yanlar\u0131n da ortaya koydu\u011fu \u00fczere, K\u00fcrt kitleleri onca bask\u0131 ve zulme ve devletin ink\u00e2rc\u0131 ve asimilasyoncu politikalar\u0131na kar\u015f\u0131n m\u00fccadeleden vazge\u00e7mi\u015f de\u011fildir. T\u00fcm bask\u0131 ve zorbal\u0131\u011fa ra\u011fmen K\u00fcrt halk\u0131 susmam\u0131\u015f, m\u00fccadele iradesine sahip \u00e7\u0131km\u0131\u015ft\u0131r. Ve bir kez daha anla\u015f\u0131lm\u0131\u015ft\u0131r ki, K\u00fcrt m\u0131zra\u011f\u0131 TC\u2019nin ink\u00e2rc\u0131 \u00e7uval\u0131na s\u0131\u011fm\u0131yor. En k\u00fc\u00e7\u00fck bir ba\u015fkald\u0131r\u0131 dahi stat\u00fckocu-gerici g\u00fc\u00e7lere karabasanlar ya\u015fatarak onlar\u0131 daha da sald\u0131rgan yapmaktad\u0131r. 1980 \u00f6ncesi i\u015f\u00e7i hareketi ve sonras\u0131nda K\u00fcrt halk\u0131n\u0131n y\u00fckselen \u00f6zg\u00fcrl\u00fck m\u00fccadelesi burjuvazinin belli\u011finde capcanl\u0131 durmaktad\u0131r.<\/p>\n<p>\u00d6yle ki, Mersin\u2019deki Newroz kutlamalar\u0131nda birisi 12 ve di\u011feri 14 ya\u015f\u0131nda iki \u00e7ocu\u011fun T\u00fcrk bayra\u011f\u0131n\u0131 yere atmas\u0131 TC devletinin bir bardak suda f\u0131rt\u0131na kopartarak histeri n\u00f6betleri ge\u00e7irmesine neden oldu. Ard\u0131ndan Karay\u00fczler korosu bu olay\u0131 f\u0131rsat bilerek milliyet\u00e7i bir harek\u00e2t ba\u015flatt\u0131lar. Genelkurmay Ba\u015fkanl\u0131\u011f\u0131 tez zamanda, \u201cs\u00f6zde vatanda\u015f\u201d, \u201cal\u00e7aklar\u201d, \u201ckimse TSK\u2019n\u0131n sabr\u0131n\u0131 zorlamas\u0131n\u201d gibi ifadeler kullanarak \u015fovenizm ve \u0131rk\u00e7\u0131l\u0131k kokan a\u00e7\u0131klamalarla K\u00fcrt halk\u0131na tehditler savurdu. \u00d6nc\u00fcl\u00fc\u011f\u00fcn\u00fc askeri b\u00fcrokrasinin yapt\u0131\u011f\u0131 T\u00fcrk milliyet\u00e7ili\u011fini y\u00fcceltme ve y\u00fckseltme harek\u00e2t\u0131na devlet\u00e7i g\u00fc\u00e7ler ba\u015fta olmak \u00fczere Cumhurba\u015fkan\u0131 ve Ba\u015fbakan da kat\u0131ld\u0131. \u0130stisnas\u0131z t\u00fcm milliyet\u00e7i burjuva g\u00fc\u00e7ler bu \u015fovenist koroyu alk\u0131\u015flad\u0131; K\u00fcrt halk\u0131na kar\u015f\u0131 yo\u011fun bir sald\u0131r\u0131 kampanyas\u0131 ba\u015flat\u0131ld\u0131. Her yere bayrak asman\u0131n bir yar\u0131\u015fa d\u00f6n\u00fc\u015ft\u00fcr\u00fclmesiyle ve bayrak asmayanlar\u0131n vatan haini ilan edilmesiyle emek\u00e7i y\u0131\u011f\u0131nlar milliyet\u00e7ili\u011fin toplumsal bask\u0131s\u0131 alt\u0131na al\u0131nmak istendi. Bayrak asma kampanyas\u0131na bizzat Ordu taraf\u0131ndan tel\u2019in mitinglerinin \u00f6rg\u00fctlenmesi e\u015flik etti. MHP ve sa\u011fc\u0131, fa\u015fist g\u00fc\u00e7ler K\u00fcrtlerin ya\u015fad\u0131\u011f\u0131 mahallere, evlere ve i\u015fyerlerine sald\u0131rd\u0131lar. Okullarda solcu ve K\u00fcrt \u00f6\u011frencilere d\u00f6n\u00fck sald\u0131r\u0131lar artt\u0131. TC\u2019nin b\u00f6l\u00fcnme paranoyas\u0131n\u0131 bir kez daha hortlatan T\u00fcrk gericili\u011finin TV ve bas\u0131ndaki entelijensiya tak\u0131m\u0131 K\u00fcrtlere ve Ermenilere k\u00fcf\u00fcrler ya\u011fd\u0131rarak g\u00f6revlerini icra ediyorlar, sald\u0131r\u0131y\u0131 geni\u015fletiyorlar.<\/p>\n<p>Milliyet\u00e7i koro \u00f6ylesine kendinden ge\u00e7ti ki, ba\u015fta DEHAP olmak \u00fczere K\u00fcrt partileri ve temsilcilerinin yapt\u0131klar\u0131 a\u00e7\u0131klamalar dinlenmedi\u011fi gibi, bu a\u00e7\u0131klamalar samimiyetsiz bulunarak k\u00fcf\u00fcrler edildi. DEHAP binalar\u0131na sald\u0131r\u0131ld\u0131; bu partiye mahkeme taraf\u0131ndan soru\u015fturma a\u00e7\u0131ld\u0131. Anla\u015f\u0131lmas\u0131 gereken, meselenin bayrak meselesi olmad\u0131\u011f\u0131 ve fakat T\u00fcrk gericili\u011finin bunu f\u0131rsat bilerek ba\u015f kald\u0131rd\u0131\u011f\u0131d\u0131r. Bayrak yakma giri\u015fimi ile y\u00fckseltilen T\u00fcrk gericili\u011fi, esas\u0131nda TC egemen s\u0131n\u0131f\u0131 i\u00e7indeki derin \u00e7atlaktan kaynaklan\u0131yor. TC burjuvazisi kendi i\u00e7inde b\u00f6l\u00fcnm\u00fc\u015ft\u00fcr ve en k\u00fc\u00e7\u00fck bir olay bu \u00e7at\u0131\u015fmay\u0131 su y\u00fcz\u00fcne \u00e7\u0131kartmaya vesile olmaktad\u0131r.<\/p>\n<p><em>Stat\u00fckocu-devlet\u00e7i g\u00fc\u00e7lerin g\u00f6vde g\u00f6sterisi<\/em><\/p>\n<p>Milliyet\u00e7ili\u011fin b\u00f6ylesine y\u00fckseltilmesinden sonra kimi akademisyenler ve yazarlar \u015fovenizmin toplumda neden bu kadar itibar g\u00f6rd\u00fc\u011f\u00fc \u00fczerine fikirler beyan ettiler. Milliyet\u00e7ili\u011fin nesnel bir zemini oldu\u011fu bir ger\u00e7ek; ancak konunun bu sosyolojik yan\u0131na \u00e7ubu\u011fu b\u00fckerek egemen s\u0131n\u0131f i\u00e7indeki derin kavgay\u0131 g\u00f6zden ka\u00e7\u0131rmamak gerekiyor. G\u00f6r\u00fclmesi gereken, burjuvazinin devlet\u00e7i-b\u00fcrokratik geleneksel g\u00fc\u00e7lerinin milliyet\u00e7i zemine oynayarak kaybetti\u011fi mevzileri yeniden kazanmak istemesidir. T\u00fcrkiye egemen s\u0131n\u0131f\u0131 i\u00e7inde s\u00fcren kavga uzun s\u00fcredir \u00f6yle boyutlar alm\u0131\u015f bulunuyor ki, basit bir bayrak meselesi bile genelle\u015ferek bir siyasi krize d\u00f6n\u00fc\u015febiliyor ve burjuvazi aras\u0131nda bir hesapla\u015fman\u0131n arac\u0131 oluyor. S\u0131n\u0131f m\u00fccadelesinin gerilere d\u00fc\u015ft\u00fc\u011f\u00fc bir konjonkt\u00fcrde politik geli\u015fmelere i\u015f\u00e7i s\u0131n\u0131f\u0131 m\u00fcdahale ederek onu belirleyemiyor ve ne yaz\u0131k ki burjuvazinin kendi i\u00e7indeki kavgalara taraf ediliyor. Burjuvazi ise i\u015f\u00e7i s\u0131n\u0131f\u0131n\u0131n g\u00fc\u00e7s\u00fczl\u00fc\u011f\u00fcnden cesaret alarak kendi i\u00e7inde daha a\u00e7\u0131ktan \u00e7eki\u015fmekten, tepi\u015fmekten \u00e7ekinmiyor.<\/p>\n<p>\u00d6ncelikle belirtmeliyiz ki, T\u00fcrk burjuvazisi \u00e7oktan beridir uluslararas\u0131 bir s\u0131k\u0131\u015f\u0131kl\u0131\u011f\u0131n i\u00e7ine d\u00fc\u015fmekle kalmam\u0131\u015f, kendi i\u00e7inde iki egemen blo\u011fa b\u00f6l\u00fcnmesi onun ya\u015fad\u0131\u011f\u0131 sorunlar\u0131 daha bir derinle\u015ftirmi\u015ftir. Bir tarafta AB yanl\u0131s\u0131 tekelci finans-kapitalin istekleri ve devleti yeniden, g\u00fcn\u00fcn ihtiya\u00e7lar\u0131na g\u00f6re organize etmek istemesi; \u00f6te yanda g\u00fcc\u00fcn\u00fc stat\u00fckodan alan ve yeni d\u00fczenlemeyle birlikte siyasi etkisini yitirecek olan sivil-asker b\u00fcrokrasinin mevzi direni\u015fi! Elbette burjuvazinin orta ve daha alt kesimini, sivil-asker b\u00fcrokrasinin de i\u00e7inde yer ald\u0131\u011f\u0131 \u201culusalc\u0131-devlet\u00e7i\u201d blok i\u00e7inde saymak gerekmektedir. Burjuvazinin bu kesimleri AB s\u00fcrecinde, sermayenin tekelle\u015fmesi y\u00f6n\u00fcnde dayat\u0131lacak olan kriterlerden dolay\u0131 t\u00fcmden silinip gitmekten, t\u00fcm siyasi g\u00fc\u00e7lerini kaybetmekten korkuyorlar. Askeri b\u00fcrokrasinin son bayrak olay\u0131nda bizzat g\u00f6rev \u00fcstlenmesi ve neredeyse t\u00fcm mitinglerin il Garnizonlar\u0131n\u0131n talimat\u0131yla d\u00fczenlenmesi bu blo\u011fun eline f\u0131rsat ge\u00e7ti\u011finde nas\u0131l provokatif \u00e7\u0131k\u0131\u015flar yapt\u0131\u011f\u0131n\u0131 ortaya koymaktad\u0131r. Ger\u00e7ek olan bir \u015fey var ki, sivil-asker b\u00fcrokrasinin g\u00fcc\u00fc zay\u0131flam\u0131\u015f da olsa, devlet mekanizmalar\u0131 \u00fczerindeki a\u011f\u0131rl\u0131\u011f\u0131 h\u00e2l\u00e2 s\u00fcrmektedir.<\/p>\n<p>Bu s\u0131k\u0131\u015f\u0131kl\u0131k sadece burjuva s\u0131n\u0131f\u0131n istemleri ve sorunlar\u0131ndan kaynaklanm\u0131yor. Uluslararas\u0131 arenada y\u00fcr\u00fcyen emperyalist hegemonya sava\u015f\u0131 emperyalist ve yerel g\u00fc\u00e7leri taraf olmaya zorluyor. T\u00fcrkiye\u2019de tekelci b\u00fcy\u00fck burjuvazi AB ile entegrasyona gitmek isterken bir taraftan da b\u00f6lgedeki geli\u015fmelere m\u00fcdahil olmak ve \u00fcstelik bunu da ABD\u2019nin \u015femsiyesi alt\u0131na girerek yapmak istiyor. Anla\u015f\u0131laca\u011f\u0131 \u00fczere a\u00e7\u0131kg\u00f6z sonradan g\u00f6rme T\u00fcrk burjuvazisi bir koltu\u011fa iki karpuz birden s\u0131\u011fd\u0131rmaya \u00e7al\u0131\u015f\u0131yor. Ancak, uluslararas\u0131 arenada politika yapmak ve b\u00f6lgede egemenlik kurmak isteyen burjuvazinin \u00f6n\u00fcne dikilen sorunlar bitmiyor. Ermeni sorunu, K\u0131br\u0131s meselesi, K\u00fcrt sorunu gibi \u00e7\u00f6z\u00fcmlenmemi\u015f sorunlar TC egemenlerinin uluslararas\u0131 d\u00fczeyde elini aya\u011f\u0131n\u0131 ba\u011fl\u0131yor. Buna kar\u015f\u0131n bu ayn\u0131 sorunlar burjuvazinin kendi i\u00e7indeki \u00e7at\u0131\u015fman\u0131n da arg\u00fcmanlar\u0131n\u0131 olu\u015fturuyor.<\/p>\n<p>Emperyalist hegemonya sava\u015f\u0131n\u0131n Ortado\u011fu\u2019da yaratt\u0131\u011f\u0131 siyasal de\u011fi\u015fimi iyi kavramak gerekiyor. K\u00fcrtler emperyalist hegemonya sava\u015f\u0131n\u0131n dengelerinden yararlanarak mevziler kazan\u0131rken, TC\u2019nin y\u0131llard\u0131r savuna geldi\u011fi ve adeta kutsalla\u015ft\u0131rd\u0131\u011f\u0131 \u201ck\u0131rm\u0131z\u0131 \u00e7izgi\u201dleri sarar\u0131p soluyor! ABD ve AB, TC\u2019yi K\u00fcrt, K\u0131br\u0131s ve hatta Ermeni sorunlar\u0131yla s\u0131k\u0131\u015ft\u0131rd\u0131k\u00e7a, T\u00fcrkiye burjuvazisinin ya\u015fad\u0131\u011f\u0131 darbo\u011faz daha bunalt\u0131c\u0131 hale gelmektedir. ABD\u2019nin TC ile birlikte PKK\u2019ye kar\u015f\u0131 operasyon ba\u015flatmamas\u0131 ve TC ordusunun G\u00fcney K\u00fcrdistan\u2019\u0131n i\u00e7lerine girmesine kar\u015f\u0131 \u00e7\u0131kmas\u0131, stat\u00fckocu g\u00fc\u00e7leri daha bir fevri davranmaya itiyor. Abdullah \u00d6calan\u2019\u0131n Avrupa \u0130nsan Haklar\u0131 Mahkemesi (A\u0130HM) karar\u0131yla yeniden yarg\u0131lanmas\u0131 olas\u0131l\u0131\u011f\u0131 TC\u2019yi daha da s\u0131k\u0131\u015ft\u0131r\u0131yor.<\/p>\n<p>Sivil-asker b\u00fcrokrasinin ba\u015f\u0131n\u0131 \u00e7ekti\u011fi stat\u00fckocu g\u00fc\u00e7ler AKP h\u00fck\u00fcmetine kar\u015f\u0131 her f\u0131rsat\u0131 de\u011ferlendiriyorlar. Irak sava\u015f\u0131 s\u00fcrecinde AKP\u2019yi destekleyerek TSK\u2019y\u0131 ikinci plana atan ABD, AKP\u2019nin ya\u015fatt\u0131\u011f\u0131 hayal k\u0131r\u0131kl\u0131\u011f\u0131 sonras\u0131nda yeniden askerlerle ba\u011f kurmaya giri\u015fmi\u015ftir. Sivil-asker b\u00fcrokrasi i\u00e7 siyasi dengeleri kendi lehine \u00e7\u00f6zmek amac\u0131yla ABD\u2019nin tutumunu f\u0131rsat bilmektedir. Nitekim ABD Ankara B\u00fcy\u00fckel\u00e7isinin, T\u00fcrkiye\u2019nin Suriye\u2019ye a\u00e7\u0131ktan tav\u0131r almas\u0131 gerekti\u011fini a\u00e7\u0131klamas\u0131ndan sonra, Kara Kuvvetleri Komutan\u0131 Ya\u015far B\u00fcy\u00fckan\u0131t \u201ch\u00fck\u00fcmetin bir Irak politikas\u0131 yok\u201d diyerek ve Ziya G\u00f6kalp\u2019ten dizeler estirerek sivil-asker b\u00fcrokrasinin kar\u015f\u0131-ata\u011f\u0131n\u0131 ba\u015flatm\u0131\u015ft\u0131r. Bil\u00e2hare, Genelkurmay Ba\u015fkan\u0131 \u00d6zk\u00f6k\u2019ten B\u00fcy\u00fckan\u0131t\u2019\u0131 destekleyen a\u00e7\u0131klamalar gelmi\u015ftir. Nitekim son bayrak olay\u0131 askerlerin siyasal gidi\u015fata daha etrafl\u0131ca m\u00fcdahalesinin yaln\u0131zca bir bahanesi olmu\u015ftur. \u00c7anakkale sava\u015f\u0131n\u0131n y\u0131ld\u00f6n\u00fcm\u00fc vesilesiyle zaten b\u00fcy\u00fck bir milliyet\u00e7ilik kampanyas\u0131 ba\u015flat\u0131lm\u0131\u015ft\u0131. \u00c7anakkale \u201czaferi\u201dnin kutlanmas\u0131 haz\u0131rl\u0131klar\u0131 ve konu\u015fmalar adeta askeri b\u00fcrokrasinin g\u00f6vde g\u00f6sterisine d\u00f6n\u00fc\u015ft\u00fc. Yap\u0131lan \u015fovenist a\u00e7\u0131klamalarla bug\u00fcnk\u00fc olaylar\u0131n zemini d\u00f6\u015fendi.<\/p>\n<p>Gelenek\u00e7i-stat\u00fckocu g\u00fc\u00e7ler s\u0131k\u0131\u015ft\u0131klar\u0131 ve hatta mevziler kaybettikleri bir durumdan mevziler kazanmay\u0131 umduklar\u0131 bir ata\u011fa ge\u00e7mi\u015f bulunuyorlar. Ermeni, K\u0131br\u0131s ve K\u00fcrt meselesi ve AB kriterleri konusundaki dayatmalar bu kesimin eline g\u00fc\u00e7l\u00fc kozlar vermekte. T\u00fcrkiye\u2019nin b\u00f6l\u00fcnece\u011fi paranoyas\u0131 geni\u015f emek\u00e7i y\u0131\u011f\u0131nlar\u0131n bilincine milliyet\u00e7ili\u011fi zerk etmek amac\u0131yla durmadan \u00f6ne \u00e7\u0131kart\u0131l\u0131yor.<\/p>\n<p>Burjuva iktidar blo\u011fu i\u00e7indeki kap\u0131\u015fmada gelenek\u00e7i-stat\u00fckocu g\u00fc\u00e7ler mevzilerini toplumda yarat\u0131lan milliyet\u00e7ilik dalgas\u0131 \u00fczerine in\u015fa etmi\u015f bulunuyorlar. Emek\u00e7i y\u0131\u011f\u0131nlar\u0131n \u00f6rg\u00fcts\u00fcz ve da\u011f\u0131n\u0131k oldu\u011fu bu konjonkt\u00fcrde milliyet\u00e7ili\u011fe oynayan yaln\u0131zca stat\u00fckocu burjuva g\u00fc\u00e7ler de\u011fildir. Solun \u00f6nemli bir kesimi de \u201cvatanseverlik\u201d, \u201cyurtseverlik\u201d gibi ba\u015fl\u0131klar alt\u0131nda sa\u011fa, milliyet\u00e7i \u00e7izgiye savrulmu\u015f bulunuyor. Gericili\u011fin ba\u015f\u0131n\u0131 kald\u0131rd\u0131\u011f\u0131 ve daha da kald\u0131raca\u011f\u0131 \u00f6n\u00fcm\u00fczdeki d\u00f6nem dikkate al\u0131n\u0131rsa enternasyonalist mevzileri daha bir sa\u011flamla\u015ft\u0131rmak gerekecek. Dergimizin kapa\u011f\u0131nda da yaz\u0131ld\u0131\u011f\u0131 \u00fczere, her yerde hayk\u0131rmal\u0131y\u0131z; enternasyonalle kurtulur insanl\u0131k!<\/p>\n<p><em>Karay\u00fczler: Rus tarihinde Yahudilere kar\u015f\u0131 y\u00fcr\u00fctt\u00fckleri katliamlarla \u00fcnlenmi\u015f devlet destekli \u0131rk\u00e7\u0131-gerici g\u00fc\u00e7lere verilen ad.<\/em><\/p>\n<p>(Kaynak: Marksist Tutum dergisi, no.1, Nisan 2005)<\/p>\n","protected":false},"excerpt":{"rendered":"<p>Newroz\u2019un aynas\u0131na yans\u0131yanlar \u00dczerinde ya\u015fad\u0131\u011f\u0131m\u0131z topraklar dahil, Ortado\u011fu co\u011frafyas\u0131 i\u00e7in \u00f6zel g\u00fcnler ezilen kitleler nezdinde hep ba\u015fka anlamlar ifade etmi\u015ftir. \u00c7eli\u015fki ve \u00e7at\u0131\u015fmalar\u0131n alabildi\u011fine derin ya\u015fand\u0131\u011f\u0131 bu topraklarda, ezilen ve s\u00f6m\u00fcr\u00fclen kitleler kendi ezilmi\u015fliklerini a\u00e7\u0131\u011fa vuracak ve bunu y\u0131\u011f\u0131nsal olarak \u00f6rg\u00fctleyecek \u00f6zel g\u00fcnler yaratabilmi\u015flerdir. \u0130\u015fte Newroz, ona atfedilen t\u00fcm efsaneleri a\u015farak ezilen K\u00fcrt halk\u0131n\u0131n ba\u015fkald\u0131r\u0131 [&hellip;]<\/p>\n","protected":false},"author":1,"featured_media":0,"comment_status":"open","ping_status":"open","sticky":false,"template":"","format":"standard","meta":{"footnotes":""},"categories":[98],"tags":[],"class_list":{"0":"post-6240","1":"post","2":"type-post","3":"status-publish","4":"format-standard","6":"category-turkiye"},"yoast_head":"<!-- This site is optimized with the Yoast SEO Premium plugin v24.9 (Yoast SEO v24.9) - https:\/\/yoast.com\/wordpress\/plugins\/seo\/ -->\n<title>Newroz ve Karay\u00fczlerin \u015eoven Harek\u00e2t\u0131 - narteks.net<\/title>\n<meta name=\"robots\" content=\"index, follow, max-snippet:-1, max-image-preview:large, max-video-preview:-1\" \/>\n<link rel=\"canonical\" href=\"https:\/\/narteks.net\/index.php\/2011\/06\/04\/newroz-ve-karayuzlerin-soven-harekati\/\" \/>\n<meta property=\"og:locale\" content=\"tr_TR\" \/>\n<meta property=\"og:type\" content=\"article\" \/>\n<meta property=\"og:title\" content=\"Newroz ve Karay\u00fczlerin \u015eoven Harek\u00e2t\u0131\" \/>\n<meta property=\"og:description\" content=\"Newroz\u2019un aynas\u0131na yans\u0131yanlar \u00dczerinde ya\u015fad\u0131\u011f\u0131m\u0131z topraklar dahil, Ortado\u011fu co\u011frafyas\u0131 i\u00e7in \u00f6zel g\u00fcnler ezilen kitleler nezdinde hep ba\u015fka anlamlar ifade etmi\u015ftir. \u00c7eli\u015fki ve \u00e7at\u0131\u015fmalar\u0131n alabildi\u011fine derin ya\u015fand\u0131\u011f\u0131 bu topraklarda, ezilen ve s\u00f6m\u00fcr\u00fclen kitleler kendi ezilmi\u015fliklerini a\u00e7\u0131\u011fa vuracak ve bunu y\u0131\u011f\u0131nsal olarak \u00f6rg\u00fctleyecek \u00f6zel g\u00fcnler yaratabilmi\u015flerdir. \u0130\u015fte Newroz, ona atfedilen t\u00fcm efsaneleri a\u015farak ezilen K\u00fcrt halk\u0131n\u0131n ba\u015fkald\u0131r\u0131 [&hellip;]\" \/>\n<meta property=\"og:url\" content=\"https:\/\/narteks.net\/index.php\/2011\/06\/04\/newroz-ve-karayuzlerin-soven-harekati\/\" \/>\n<meta property=\"og:site_name\" content=\"narteks.net\" \/>\n<meta property=\"article:published_time\" content=\"2011-06-04T11:50:21+00:00\" \/>\n<meta property=\"og:image\" content=\"https:\/\/narteks.net\/wp-content\/uploads\/narteks.png\" \/>\n\t<meta property=\"og:image:width\" content=\"300\" \/>\n\t<meta property=\"og:image:height\" content=\"90\" \/>\n\t<meta property=\"og:image:type\" content=\"image\/png\" \/>\n<meta name=\"author\" content=\"Tar\u0131k\" \/>\n<meta name=\"twitter:card\" content=\"summary_large_image\" \/>\n<meta name=\"twitter:creator\" content=\"@narteks\" \/>\n<meta name=\"twitter:site\" content=\"@narteks\" \/>\n<meta name=\"twitter:label1\" content=\"Yazan:\" \/>\n\t<meta name=\"twitter:data1\" content=\"Tar\u0131k\" \/>\n\t<meta name=\"twitter:label2\" content=\"Tahmini okuma s\u00fcresi\" \/>\n\t<meta name=\"twitter:data2\" content=\"9 dakika\" \/>\n<script type=\"application\/ld+json\" class=\"yoast-schema-graph\">{\"@context\":\"https:\/\/schema.org\",\"@graph\":[{\"@type\":\"Article\",\"@id\":\"https:\/\/narteks.net\/index.php\/2011\/06\/04\/newroz-ve-karayuzlerin-soven-harekati\/#article\",\"isPartOf\":{\"@id\":\"https:\/\/narteks.net\/index.php\/2011\/06\/04\/newroz-ve-karayuzlerin-soven-harekati\/\"},\"author\":{\"name\":\"Tar\u0131k\",\"@id\":\"https:\/\/narteks.net\/#\/schema\/person\/61f37d9834294b72d31d274e7ed79bca\"},\"headline\":\"Newroz ve Karay\u00fczlerin \u015eoven Harek\u00e2t\u0131\",\"datePublished\":\"2011-06-04T11:50:21+00:00\",\"mainEntityOfPage\":{\"@id\":\"https:\/\/narteks.net\/index.php\/2011\/06\/04\/newroz-ve-karayuzlerin-soven-harekati\/\"},\"wordCount\":1866,\"commentCount\":0,\"publisher\":{\"@id\":\"https:\/\/narteks.net\/#organization\"},\"articleSection\":[\"T\u00fcrkiye\"],\"inLanguage\":\"tr\",\"potentialAction\":[{\"@type\":\"CommentAction\",\"name\":\"Comment\",\"target\":[\"https:\/\/narteks.net\/index.php\/2011\/06\/04\/newroz-ve-karayuzlerin-soven-harekati\/#respond\"]}]},{\"@type\":\"WebPage\",\"@id\":\"https:\/\/narteks.net\/index.php\/2011\/06\/04\/newroz-ve-karayuzlerin-soven-harekati\/\",\"url\":\"https:\/\/narteks.net\/index.php\/2011\/06\/04\/newroz-ve-karayuzlerin-soven-harekati\/\",\"name\":\"Newroz ve Karay\u00fczlerin \u015eoven Harek\u00e2t\u0131 - narteks.net\",\"isPartOf\":{\"@id\":\"https:\/\/narteks.net\/#website\"},\"datePublished\":\"2011-06-04T11:50:21+00:00\",\"breadcrumb\":{\"@id\":\"https:\/\/narteks.net\/index.php\/2011\/06\/04\/newroz-ve-karayuzlerin-soven-harekati\/#breadcrumb\"},\"inLanguage\":\"tr\",\"potentialAction\":[{\"@type\":\"ReadAction\",\"target\":[\"https:\/\/narteks.net\/index.php\/2011\/06\/04\/newroz-ve-karayuzlerin-soven-harekati\/\"]}]},{\"@type\":\"BreadcrumbList\",\"@id\":\"https:\/\/narteks.net\/index.php\/2011\/06\/04\/newroz-ve-karayuzlerin-soven-harekati\/#breadcrumb\",\"itemListElement\":[{\"@type\":\"ListItem\",\"position\":1,\"name\":\"Anasayfa\",\"item\":\"https:\/\/narteks.net\/\"},{\"@type\":\"ListItem\",\"position\":2,\"name\":\"Newroz ve Karay\u00fczlerin \u015eoven Harek\u00e2t\u0131\"}]},{\"@type\":\"WebSite\",\"@id\":\"https:\/\/narteks.net\/#website\",\"url\":\"https:\/\/narteks.net\/\",\"name\":\"narteks.net\",\"description\":\"K\u00fclt\u00fcr Sanat Edebiyat Felsefe\",\"publisher\":{\"@id\":\"https:\/\/narteks.net\/#organization\"},\"alternateName\":\"K\u00fclt\u00fcr Sanat Edebiyat Felsefe\",\"potentialAction\":[{\"@type\":\"SearchAction\",\"target\":{\"@type\":\"EntryPoint\",\"urlTemplate\":\"https:\/\/narteks.net\/?s={search_term_string}\"},\"query-input\":{\"@type\":\"PropertyValueSpecification\",\"valueRequired\":true,\"valueName\":\"search_term_string\"}}],\"inLanguage\":\"tr\"},{\"@type\":\"Organization\",\"@id\":\"https:\/\/narteks.net\/#organization\",\"name\":\"narteks.net\",\"url\":\"https:\/\/narteks.net\/\",\"logo\":{\"@type\":\"ImageObject\",\"inLanguage\":\"tr\",\"@id\":\"https:\/\/narteks.net\/#\/schema\/logo\/image\/\",\"url\":\"https:\/\/narteks.net\/wp-content\/uploads\/narteks.png\",\"contentUrl\":\"https:\/\/narteks.net\/wp-content\/uploads\/narteks.png\",\"width\":300,\"height\":90,\"caption\":\"narteks.net\"},\"image\":{\"@id\":\"https:\/\/narteks.net\/#\/schema\/logo\/image\/\"},\"sameAs\":[\"https:\/\/x.com\/narteks\",\"https:\/\/instagram.com\/narteksnet\"]},{\"@type\":\"Person\",\"@id\":\"https:\/\/narteks.net\/#\/schema\/person\/61f37d9834294b72d31d274e7ed79bca\",\"name\":\"Tar\u0131k\",\"image\":{\"@type\":\"ImageObject\",\"inLanguage\":\"tr\",\"@id\":\"https:\/\/narteks.net\/#\/schema\/person\/image\/\",\"url\":\"https:\/\/secure.gravatar.com\/avatar\/50865afb55632c4ae467e0af0930f6510aa2297d8014be502a55b14f3b7550cf?s=96&d=mm&r=g\",\"contentUrl\":\"https:\/\/secure.gravatar.com\/avatar\/50865afb55632c4ae467e0af0930f6510aa2297d8014be502a55b14f3b7550cf?s=96&d=mm&r=g\",\"caption\":\"Tar\u0131k\"},\"sameAs\":[\"http:\/\/narteks.net\"],\"url\":\"https:\/\/narteks.net\/index.php\/author\/narbak\/\"}]}<\/script>\n<!-- \/ Yoast SEO Premium plugin. -->","yoast_head_json":{"title":"Newroz ve Karay\u00fczlerin \u015eoven Harek\u00e2t\u0131 - narteks.net","robots":{"index":"index","follow":"follow","max-snippet":"max-snippet:-1","max-image-preview":"max-image-preview:large","max-video-preview":"max-video-preview:-1"},"canonical":"https:\/\/narteks.net\/index.php\/2011\/06\/04\/newroz-ve-karayuzlerin-soven-harekati\/","og_locale":"tr_TR","og_type":"article","og_title":"Newroz ve Karay\u00fczlerin \u015eoven Harek\u00e2t\u0131","og_description":"Newroz\u2019un aynas\u0131na yans\u0131yanlar \u00dczerinde ya\u015fad\u0131\u011f\u0131m\u0131z topraklar dahil, Ortado\u011fu co\u011frafyas\u0131 i\u00e7in \u00f6zel g\u00fcnler ezilen kitleler nezdinde hep ba\u015fka anlamlar ifade etmi\u015ftir. \u00c7eli\u015fki ve \u00e7at\u0131\u015fmalar\u0131n alabildi\u011fine derin ya\u015fand\u0131\u011f\u0131 bu topraklarda, ezilen ve s\u00f6m\u00fcr\u00fclen kitleler kendi ezilmi\u015fliklerini a\u00e7\u0131\u011fa vuracak ve bunu y\u0131\u011f\u0131nsal olarak \u00f6rg\u00fctleyecek \u00f6zel g\u00fcnler yaratabilmi\u015flerdir. \u0130\u015fte Newroz, ona atfedilen t\u00fcm efsaneleri a\u015farak ezilen K\u00fcrt halk\u0131n\u0131n ba\u015fkald\u0131r\u0131 [&hellip;]","og_url":"https:\/\/narteks.net\/index.php\/2011\/06\/04\/newroz-ve-karayuzlerin-soven-harekati\/","og_site_name":"narteks.net","article_published_time":"2011-06-04T11:50:21+00:00","og_image":[{"width":300,"height":90,"url":"https:\/\/narteks.net\/wp-content\/uploads\/narteks.png","type":"image\/png"}],"author":"Tar\u0131k","twitter_card":"summary_large_image","twitter_creator":"@narteks","twitter_site":"@narteks","twitter_misc":{"Yazan:":"Tar\u0131k","Tahmini okuma s\u00fcresi":"9 dakika"},"schema":{"@context":"https:\/\/schema.org","@graph":[{"@type":"Article","@id":"https:\/\/narteks.net\/index.php\/2011\/06\/04\/newroz-ve-karayuzlerin-soven-harekati\/#article","isPartOf":{"@id":"https:\/\/narteks.net\/index.php\/2011\/06\/04\/newroz-ve-karayuzlerin-soven-harekati\/"},"author":{"name":"Tar\u0131k","@id":"https:\/\/narteks.net\/#\/schema\/person\/61f37d9834294b72d31d274e7ed79bca"},"headline":"Newroz ve Karay\u00fczlerin \u015eoven Harek\u00e2t\u0131","datePublished":"2011-06-04T11:50:21+00:00","mainEntityOfPage":{"@id":"https:\/\/narteks.net\/index.php\/2011\/06\/04\/newroz-ve-karayuzlerin-soven-harekati\/"},"wordCount":1866,"commentCount":0,"publisher":{"@id":"https:\/\/narteks.net\/#organization"},"articleSection":["T\u00fcrkiye"],"inLanguage":"tr","potentialAction":[{"@type":"CommentAction","name":"Comment","target":["https:\/\/narteks.net\/index.php\/2011\/06\/04\/newroz-ve-karayuzlerin-soven-harekati\/#respond"]}]},{"@type":"WebPage","@id":"https:\/\/narteks.net\/index.php\/2011\/06\/04\/newroz-ve-karayuzlerin-soven-harekati\/","url":"https:\/\/narteks.net\/index.php\/2011\/06\/04\/newroz-ve-karayuzlerin-soven-harekati\/","name":"Newroz ve Karay\u00fczlerin \u015eoven Harek\u00e2t\u0131 - narteks.net","isPartOf":{"@id":"https:\/\/narteks.net\/#website"},"datePublished":"2011-06-04T11:50:21+00:00","breadcrumb":{"@id":"https:\/\/narteks.net\/index.php\/2011\/06\/04\/newroz-ve-karayuzlerin-soven-harekati\/#breadcrumb"},"inLanguage":"tr","potentialAction":[{"@type":"ReadAction","target":["https:\/\/narteks.net\/index.php\/2011\/06\/04\/newroz-ve-karayuzlerin-soven-harekati\/"]}]},{"@type":"BreadcrumbList","@id":"https:\/\/narteks.net\/index.php\/2011\/06\/04\/newroz-ve-karayuzlerin-soven-harekati\/#breadcrumb","itemListElement":[{"@type":"ListItem","position":1,"name":"Anasayfa","item":"https:\/\/narteks.net\/"},{"@type":"ListItem","position":2,"name":"Newroz ve Karay\u00fczlerin \u015eoven Harek\u00e2t\u0131"}]},{"@type":"WebSite","@id":"https:\/\/narteks.net\/#website","url":"https:\/\/narteks.net\/","name":"narteks.net","description":"K\u00fclt\u00fcr Sanat Edebiyat Felsefe","publisher":{"@id":"https:\/\/narteks.net\/#organization"},"alternateName":"K\u00fclt\u00fcr Sanat Edebiyat Felsefe","potentialAction":[{"@type":"SearchAction","target":{"@type":"EntryPoint","urlTemplate":"https:\/\/narteks.net\/?s={search_term_string}"},"query-input":{"@type":"PropertyValueSpecification","valueRequired":true,"valueName":"search_term_string"}}],"inLanguage":"tr"},{"@type":"Organization","@id":"https:\/\/narteks.net\/#organization","name":"narteks.net","url":"https:\/\/narteks.net\/","logo":{"@type":"ImageObject","inLanguage":"tr","@id":"https:\/\/narteks.net\/#\/schema\/logo\/image\/","url":"https:\/\/narteks.net\/wp-content\/uploads\/narteks.png","contentUrl":"https:\/\/narteks.net\/wp-content\/uploads\/narteks.png","width":300,"height":90,"caption":"narteks.net"},"image":{"@id":"https:\/\/narteks.net\/#\/schema\/logo\/image\/"},"sameAs":["https:\/\/x.com\/narteks","https:\/\/instagram.com\/narteksnet"]},{"@type":"Person","@id":"https:\/\/narteks.net\/#\/schema\/person\/61f37d9834294b72d31d274e7ed79bca","name":"Tar\u0131k","image":{"@type":"ImageObject","inLanguage":"tr","@id":"https:\/\/narteks.net\/#\/schema\/person\/image\/","url":"https:\/\/secure.gravatar.com\/avatar\/50865afb55632c4ae467e0af0930f6510aa2297d8014be502a55b14f3b7550cf?s=96&d=mm&r=g","contentUrl":"https:\/\/secure.gravatar.com\/avatar\/50865afb55632c4ae467e0af0930f6510aa2297d8014be502a55b14f3b7550cf?s=96&d=mm&r=g","caption":"Tar\u0131k"},"sameAs":["http:\/\/narteks.net"],"url":"https:\/\/narteks.net\/index.php\/author\/narbak\/"}]}},"_links":{"self":[{"href":"https:\/\/narteks.net\/index.php\/wp-json\/wp\/v2\/posts\/6240","targetHints":{"allow":["GET"]}}],"collection":[{"href":"https:\/\/narteks.net\/index.php\/wp-json\/wp\/v2\/posts"}],"about":[{"href":"https:\/\/narteks.net\/index.php\/wp-json\/wp\/v2\/types\/post"}],"author":[{"embeddable":true,"href":"https:\/\/narteks.net\/index.php\/wp-json\/wp\/v2\/users\/1"}],"replies":[{"embeddable":true,"href":"https:\/\/narteks.net\/index.php\/wp-json\/wp\/v2\/comments?post=6240"}],"version-history":[{"count":0,"href":"https:\/\/narteks.net\/index.php\/wp-json\/wp\/v2\/posts\/6240\/revisions"}],"wp:attachment":[{"href":"https:\/\/narteks.net\/index.php\/wp-json\/wp\/v2\/media?parent=6240"}],"wp:term":[{"taxonomy":"category","embeddable":true,"href":"https:\/\/narteks.net\/index.php\/wp-json\/wp\/v2\/categories?post=6240"},{"taxonomy":"post_tag","embeddable":true,"href":"https:\/\/narteks.net\/index.php\/wp-json\/wp\/v2\/tags?post=6240"}],"curies":[{"name":"wp","href":"https:\/\/api.w.org\/{rel}","templated":true}]}}