{"id":625,"date":"2009-04-16T09:52:26","date_gmt":"2009-04-16T06:52:26","guid":{"rendered":"http:\/\/localhost\/wordpress\/2009\/04\/16\/cemal-sureya-biyografisi\/"},"modified":"2009-04-16T09:52:26","modified_gmt":"2009-04-16T06:52:26","slug":"cemal-sureya-biyografisi","status":"publish","type":"post","link":"https:\/\/narteks.net\/index.php\/2009\/04\/16\/cemal-sureya-biyografisi\/","title":{"rendered":"Cemal S\u00dcREYA Biyografisi"},"content":{"rendered":"<p><span class=\"image\"><img loading=\"lazy\" decoding=\"async\" src=\"http:\/\/upload.wikimedia.org\/wikipedia\/tr\/f\/f2\/Cemal_S%C3%BCreya.jpg\" border=\"0\" width=\"155\" height=\"205\" style=\"border: 0;\" \/><\/span><\/p>\n<p style=\"text-align: justify;\">Cemal S\u00fcreya (d. 1931, Erzincan &#8211; \u00f6. 9 Ocak 1990, \u0130stanbul)<\/p>\n<p>As\u0131l ad\u0131 Cemalettin Seber&#8217;dir. Erzincan&#8217;da do\u011fdu (O y\u0131llarda P\u00fcl\u00fcm\u00fcr Erzincan iline ba\u011fl\u0131 oldu\u011fu i\u00e7in Erzincan yaz\u0131l\u0131yor olmali). Asl\u0131nda 1931 Tunceli ili P\u00fcl\u00fcm\u00fcr il\u00e7esinde d\u00fcnyaya geldi. Dersim \u0130syan\u0131 sebebiyle zorunlu g\u00f6\u00e7e tabi olan ailesiyle s\u00fcrg\u00fcne g\u00f6nderildi.<\/p>\n<p>1954&#8217;te Ankara \u00dcniversitesi Siyasal Bilgiler Fak\u00fcltesi Maliye ve \u0130ktisat B\u00f6l\u00fcm\u00fc&#8217;n\u00fc bitirdi. 1955&#8217;te Maliye Bakanl\u0131\u011f\u0131&#8217;nda Maliye M\u00fcfetti\u015f Yard\u0131mc\u0131s\u0131 olarak g\u00f6reve ba\u015flad\u0131, 1958&#8217;de Maliye M\u00fcfetti\u015fi oldu, 1965\u2019te ayr\u0131ld\u0131\u011f\u0131 m\u00fcfetti\u015flik g\u00f6revine 1971\u2019de yeniden d\u00f6nd\u00fc, Maliye Bakanl\u0131\u011f\u0131 Tetkik Kurulu \u00dcyeli\u011fi ile Darphane ve Damga Matbaas\u0131 Genel M\u00fcd\u00fcrl\u00fc\u011f\u00fc g\u00f6revlerinde bulunduktan sonra, 1982\u2019de M\u00fc\u015favir Maliye M\u00fcfetti\u015fli\u011finden emekli oldu. A\u011fustos 1960\u2019ta ba\u015flad\u0131\u011f\u0131 ve yaln\u0131zca d\u00f6rt say\u0131 \u00e7\u0131karabildi\u011fi Papir\u00fcs dergisini, Haziran 1966-May\u0131s 1970 aras\u0131 47, 1980-81 aras\u0131 iki say\u0131 daha \u00e7\u0131kard\u0131. 1978\u2019de K\u00fclt\u00fcr Bakanl\u0131\u011f\u0131\u2019nda K\u00fclt\u00fcr Yay\u0131nlar\u0131 Dan\u0131\u015fma Kurulu \u00fcyesi olarak da g\u00f6rev yapan Cemal S\u00fcreya, emekli olduktan sonra, yay\u0131nevlerinde dan\u0131\u015fman ve ansiklopedilerde d\u00fczeltmen olarak \u00e7al\u0131\u015ft\u0131. Bir\u00e7ok dergide yaz\u0131lar\u0131 ve \u015fiirleri yay\u0131mland\u0131; ayr\u0131ca Olu\u015fum, T\u00fcrkiye Yaz\u0131lar\u0131, Maliye Yaz\u0131lar\u0131 dergileri ile Sa\u00e7ak dergisinin k\u00fclt\u00fcr-sanat b\u00f6l\u00fcm\u00fcn\u00fc bir s\u00fcre y\u00f6netti. Politika, Ayd\u0131nl\u0131k, Yeni Ulus ve Yazko Somut gazeteleri ile 2000\u2019e Do\u011fru dergisinde k\u00f6\u015fe yaz\u0131lar\u0131 yazd\u0131.<\/p>\n<p>\u0130lk \u015fiiri \u201c\u015eark\u0131s\u0131-beyaz\u201d, 8 Ocak 1958&#8217;de M\u00fclkiye dergisinde \u00e7\u0131kt\u0131. \u015eiirlerindeki \u015fekil, muhteva ve anlat\u0131m \u00f6zellikleri ile \u0130kinci Yeni \u015fiirine kat\u0131ld\u0131. Bu ak\u0131m\u0131n \u00f6nde gelen \u015fairlerinden biri oldu. Gelene\u011fe kar\u015f\u0131 olmas\u0131na kar\u015f\u0131n gelene\u011fi \u015fiirinde en g\u00fczel kullanan \u015fairlerden birisiydi. Kendine \u00f6zg\u00fc s\u00f6yleyi\u015f bi\u00e7imi ve \u015fa\u015f\u0131rt\u0131c\u0131 bulu\u015flar\u0131yla, zengin birikimi ile, duyarl\u0131, \u00e7arp\u0131c\u0131, yo\u011fun, diri imgeleriyle \u0130kinci Yeni \u015fiirinin en ba\u015far\u0131l\u0131 \u00f6rneklerini vermi\u015ftir. \u015eahsiyetli bir \u015fiir dili vard\u0131r. Canl\u0131 halk dilini kullanmas\u0131, onu okuyucuya yakla\u015ft\u0131r\u0131r. \u00dcslubundaki mizah ve istihza, ona ayr\u0131 bir \u00f6zellik kazand\u0131rmaktad\u0131r.<\/p>\n<p>Bat\u0131 Anadolu&#8217;daki Bilecik&#8217;e s\u00fcrg\u00fcne g\u00f6nderilmi\u015f bir Zaza ailenin \u00e7ocu\u011fudur; bu kimli\u011fini uzun s\u00fcre saklar ya da saklamak zorunda kal\u0131r. \u00d6yle ki Bazil Nikitin&#8217;in K\u00fcrtler adl\u0131 kitab\u0131n\u0131 \u00e7evirdi\u011fi halde yay\u0131nda ad\u0131n\u0131n sadece ba\u015f harflerini (C.S.) kullan\u0131r.<\/p>\n<p>\u015eairin hayat\u0131ndaki en \u00f6nemli k\u0131r\u0131lma noktalar\u0131ndan biri adressizliktir: 4 kez evlenir, 29 farkl\u0131 evde oturur.<\/p>\n<p>\u00d6lmeden \u00f6nce, e\u015fi &#8216;Bayan Nihayet&#8217;e b\u0131rakt\u0131\u011f\u0131 4 Kas\u0131m 1989 imza tarihli miras yaz\u0131s\u0131nda, 6 madde halinde; iki tane hal\u0131, k\u00fct\u00fcphane, masan\u0131n ortas\u0131ndaki ve yabanc\u0131lar\u0131n yar\u0131s\u0131, \u00e7i\u00e7eklerin hepsi, b\u00fcy\u00fck ayna, b\u00fct\u00fcn kitaplar\u0131n telif hakk\u0131n\u0131n yar\u0131s\u0131, kendisini ve b\u00fct\u00fcn notlar\u0131n\u0131 e\u015fine b\u0131rakt\u0131\u011f\u0131n\u0131 belirtmi\u015ftir.<\/p>\n<p>\u00d6l\u00fcm\u00fcnden sonra ad\u0131na bir \u015fiir \u00f6d\u00fcl\u00fc kondu. Feyza Perin\u00e7ek ve Nursel Duruel, \u015fair \u00fczerine bir biyografik inceleme haz\u0131rlad\u0131lar: Cemal S\u00fcreya \/ \u015eairin Hayat\u0131 \u015eiire Dahil (2005). 2001\u2019de de Cemal S\u00fcreya Ar\u015fivi yay\u0131mland\u0131.<\/p>\n<p>Kitaplar\u0131<\/p>\n<p>\u015eiir<\/p>\n<p> * \u00dcvercinka (1958; Yeditepe \u015eiir Arma\u011fan\u0131)<br \/> * G\u00f6\u00e7ebe (1965; 1966 TDK \u015eiir \u00d6d\u00fcl\u00fc)<br \/> * Beni \u00d6p Sonra Do\u011fur Beni (1973)<br \/> * Sevda S\u00f6zleri (U\u00e7urumda A\u00e7an ile birlikte toplu \u015fiirleri: 1984)<br \/> * S\u0131cak Nal ve G\u00fcz Bitigi (1988; Beh\u00e7et Necatigil \u015eiir \u00d6d\u00fcl\u00fc)<br \/> * Sevda S\u00f6zleri (b\u00fct\u00fcn \u015fiirleri: 1990, \u00f6.s; YKY 1995)<\/p>\n<p>D\u00fczyaz\u0131<\/p>\n<p> * \u015eapkam Dolu \u00c7i\u00e7ekle (1976)<br \/> * G\u00fcn\u00fcbirlik (1982)<br \/> * On\u00fc\u00e7 G\u00fcn\u00fcn Mektuplar\u0131 (1990, \u00f6.s.; YKY 1998)<br \/> * 99 Y\u00fcz (1991; YKY 2004)<br \/> * 999. G\u00fcn \/ \u00dcst\u00fc Kals\u0131n (1991)<br \/> * Folklor \u015eiire D\u00fc\u015fman (1992)<br \/> * Uzat Sa\u00e7lar\u0131n\u0131 Frigya (G\u00fcn\u00fcbirlik\u2019in yeni bas\u0131m\u0131: 1992)<br \/> * Ayd\u0131nl\u0131k Yaz\u0131lar\u0131 \/ Pa\u00e7al (1992)<br \/> * Olu\u015fum\u2019da Cemal S\u00fcreya (1992)<br \/> * Papir\u00fcs\u2019ten Ba\u015fyaz\u0131lar (1992)<br \/> * G\u00fcnler (999. G\u00fcn\u2019\u00fcn geni\u015fletilmi\u015f bas\u0131m\u0131: YKY 1996)<br \/> * G\u00fcvercin Curnatas\u0131 (Cemal S\u00fcreya ile konu\u015fmalar: haz. Nursel Duruel, YKY 1997; geni\u015fletilmi\u015f bas\u0131m\u0131: YKY, 2002)<br \/> * Toplu Yaz\u0131lar I: \u015eapkam Dolu \u00c7i\u00e7ekle ve \u015eiir \u00dczerine Yaz\u0131lar (YKY 2000)<\/p>\n<p>Antoloji ve \u00e7evirileri<\/p>\n<p>Cemal S\u00fcreya iki antoloji (M\u00fclkiyeli \u015eairler ve 100 A\u015fk \u015eiiri) haz\u0131rlad\u0131; Simone de Beauvoir\u2019dan Sade\u2019\u0131 Yakmal\u0131 m\u0131? (1966; YKY 1997), Gustave Flaubert\u2019den G\u00f6n\u00fcl ki Yeti\u015fmekte (Duygusalasdasdasdasdas-Exup\u00e9ry]]\u2019den K\u00fc\u00e7\u00fck Prens (Tomris Uyar\u2019la birlikte) ba\u015fta olmak \u00fczere, pek \u00e7ok \u00e7eviri yapt\u0131. \u00c7eviri \u015fiirleri (Y\u00fcrek ki Parampar\u00e7a, haz. Eray Canberk, YKY 1995) ve \u00c7ocuk\u00e7a dergisi i\u00e7in yazd\u0131\u011f\u0131 yaz\u0131lar (Aritmetik \u0130yi Ku\u015flar Pekiyi, haz. Necati G\u00fcng\u00f6r, 1993; YKY 1996) derlendi.<\/p>\n","protected":false},"excerpt":{"rendered":"<p>Cemal S\u00fcreya (d. 1931, Erzincan &#8211; \u00f6. 9 Ocak 1990, \u0130stanbul) As\u0131l ad\u0131 Cemalettin Seber&#8217;dir. Erzincan&#8217;da do\u011fdu (O y\u0131llarda P\u00fcl\u00fcm\u00fcr Erzincan iline ba\u011fl\u0131 oldu\u011fu i\u00e7in Erzincan yaz\u0131l\u0131yor olmali). Asl\u0131nda 1931 Tunceli ili P\u00fcl\u00fcm\u00fcr il\u00e7esinde d\u00fcnyaya geldi. Dersim \u0130syan\u0131 sebebiyle zorunlu g\u00f6\u00e7e tabi olan ailesiyle s\u00fcrg\u00fcne g\u00f6nderildi. 1954&#8217;te Ankara \u00dcniversitesi Siyasal Bilgiler Fak\u00fcltesi Maliye ve \u0130ktisat [&hellip;]<\/p>\n","protected":false},"author":1,"featured_media":0,"comment_status":"open","ping_status":"open","sticky":false,"template":"","format":"standard","meta":{"footnotes":""},"categories":[17],"tags":[],"class_list":{"0":"post-625","1":"post","2":"type-post","3":"status-publish","4":"format-standard","6":"category-cemal-sureya"},"yoast_head":"<!-- This site is optimized with the Yoast SEO Premium plugin v24.9 (Yoast SEO v24.9) - https:\/\/yoast.com\/wordpress\/plugins\/seo\/ -->\n<title>Cemal S\u00dcREYA Biyografisi - narteks.net<\/title>\n<meta name=\"robots\" content=\"index, follow, max-snippet:-1, max-image-preview:large, max-video-preview:-1\" \/>\n<link rel=\"canonical\" href=\"https:\/\/narteks.net\/index.php\/2009\/04\/16\/cemal-sureya-biyografisi\/\" \/>\n<meta property=\"og:locale\" content=\"tr_TR\" \/>\n<meta property=\"og:type\" content=\"article\" \/>\n<meta property=\"og:title\" content=\"Cemal S\u00dcREYA Biyografisi\" \/>\n<meta property=\"og:description\" content=\"Cemal S\u00fcreya (d. 1931, Erzincan &#8211; \u00f6. 9 Ocak 1990, \u0130stanbul) As\u0131l ad\u0131 Cemalettin Seber&#8217;dir. Erzincan&#8217;da do\u011fdu (O y\u0131llarda P\u00fcl\u00fcm\u00fcr Erzincan iline ba\u011fl\u0131 oldu\u011fu i\u00e7in Erzincan yaz\u0131l\u0131yor olmali). Asl\u0131nda 1931 Tunceli ili P\u00fcl\u00fcm\u00fcr il\u00e7esinde d\u00fcnyaya geldi. Dersim \u0130syan\u0131 sebebiyle zorunlu g\u00f6\u00e7e tabi olan ailesiyle s\u00fcrg\u00fcne g\u00f6nderildi. 1954&#8217;te Ankara \u00dcniversitesi Siyasal Bilgiler Fak\u00fcltesi Maliye ve \u0130ktisat [&hellip;]\" \/>\n<meta property=\"og:url\" content=\"https:\/\/narteks.net\/index.php\/2009\/04\/16\/cemal-sureya-biyografisi\/\" \/>\n<meta property=\"og:site_name\" content=\"narteks.net\" \/>\n<meta property=\"article:published_time\" content=\"2009-04-16T06:52:26+00:00\" \/>\n<meta property=\"og:image\" content=\"http:\/\/upload.wikimedia.org\/wikipedia\/tr\/f\/f2\/Cemal_S%C3%BCreya.jpg\" \/>\n<meta name=\"author\" content=\"Tar\u0131k\" \/>\n<meta name=\"twitter:card\" content=\"summary_large_image\" \/>\n<meta name=\"twitter:creator\" content=\"@narteks\" \/>\n<meta name=\"twitter:site\" content=\"@narteks\" \/>\n<meta name=\"twitter:label1\" content=\"Yazan:\" \/>\n\t<meta name=\"twitter:data1\" content=\"Tar\u0131k\" \/>\n\t<meta name=\"twitter:label2\" content=\"Tahmini okuma s\u00fcresi\" \/>\n\t<meta name=\"twitter:data2\" content=\"4 dakika\" \/>\n<script type=\"application\/ld+json\" class=\"yoast-schema-graph\">{\"@context\":\"https:\/\/schema.org\",\"@graph\":[{\"@type\":\"Article\",\"@id\":\"https:\/\/narteks.net\/index.php\/2009\/04\/16\/cemal-sureya-biyografisi\/#article\",\"isPartOf\":{\"@id\":\"https:\/\/narteks.net\/index.php\/2009\/04\/16\/cemal-sureya-biyografisi\/\"},\"author\":{\"name\":\"Tar\u0131k\",\"@id\":\"https:\/\/narteks.net\/#\/schema\/person\/61f37d9834294b72d31d274e7ed79bca\"},\"headline\":\"Cemal S\u00dcREYA Biyografisi\",\"datePublished\":\"2009-04-16T06:52:26+00:00\",\"mainEntityOfPage\":{\"@id\":\"https:\/\/narteks.net\/index.php\/2009\/04\/16\/cemal-sureya-biyografisi\/\"},\"wordCount\":784,\"commentCount\":0,\"publisher\":{\"@id\":\"https:\/\/narteks.net\/#organization\"},\"image\":{\"@id\":\"https:\/\/narteks.net\/index.php\/2009\/04\/16\/cemal-sureya-biyografisi\/#primaryimage\"},\"thumbnailUrl\":\"http:\/\/upload.wikimedia.org\/wikipedia\/tr\/f\/f2\/Cemal_S%C3%BCreya.jpg\",\"articleSection\":[\"Cemal S\u00dcREYA\"],\"inLanguage\":\"tr\",\"potentialAction\":[{\"@type\":\"CommentAction\",\"name\":\"Comment\",\"target\":[\"https:\/\/narteks.net\/index.php\/2009\/04\/16\/cemal-sureya-biyografisi\/#respond\"]}]},{\"@type\":\"WebPage\",\"@id\":\"https:\/\/narteks.net\/index.php\/2009\/04\/16\/cemal-sureya-biyografisi\/\",\"url\":\"https:\/\/narteks.net\/index.php\/2009\/04\/16\/cemal-sureya-biyografisi\/\",\"name\":\"Cemal S\u00dcREYA Biyografisi - narteks.net\",\"isPartOf\":{\"@id\":\"https:\/\/narteks.net\/#website\"},\"primaryImageOfPage\":{\"@id\":\"https:\/\/narteks.net\/index.php\/2009\/04\/16\/cemal-sureya-biyografisi\/#primaryimage\"},\"image\":{\"@id\":\"https:\/\/narteks.net\/index.php\/2009\/04\/16\/cemal-sureya-biyografisi\/#primaryimage\"},\"thumbnailUrl\":\"http:\/\/upload.wikimedia.org\/wikipedia\/tr\/f\/f2\/Cemal_S%C3%BCreya.jpg\",\"datePublished\":\"2009-04-16T06:52:26+00:00\",\"breadcrumb\":{\"@id\":\"https:\/\/narteks.net\/index.php\/2009\/04\/16\/cemal-sureya-biyografisi\/#breadcrumb\"},\"inLanguage\":\"tr\",\"potentialAction\":[{\"@type\":\"ReadAction\",\"target\":[\"https:\/\/narteks.net\/index.php\/2009\/04\/16\/cemal-sureya-biyografisi\/\"]}]},{\"@type\":\"ImageObject\",\"inLanguage\":\"tr\",\"@id\":\"https:\/\/narteks.net\/index.php\/2009\/04\/16\/cemal-sureya-biyografisi\/#primaryimage\",\"url\":\"http:\/\/upload.wikimedia.org\/wikipedia\/tr\/f\/f2\/Cemal_S%C3%BCreya.jpg\",\"contentUrl\":\"http:\/\/upload.wikimedia.org\/wikipedia\/tr\/f\/f2\/Cemal_S%C3%BCreya.jpg\"},{\"@type\":\"BreadcrumbList\",\"@id\":\"https:\/\/narteks.net\/index.php\/2009\/04\/16\/cemal-sureya-biyografisi\/#breadcrumb\",\"itemListElement\":[{\"@type\":\"ListItem\",\"position\":1,\"name\":\"Anasayfa\",\"item\":\"https:\/\/narteks.net\/\"},{\"@type\":\"ListItem\",\"position\":2,\"name\":\"Cemal S\u00dcREYA Biyografisi\"}]},{\"@type\":\"WebSite\",\"@id\":\"https:\/\/narteks.net\/#website\",\"url\":\"https:\/\/narteks.net\/\",\"name\":\"narteks.net\",\"description\":\"K\u00fclt\u00fcr Sanat Edebiyat Felsefe\",\"publisher\":{\"@id\":\"https:\/\/narteks.net\/#organization\"},\"alternateName\":\"K\u00fclt\u00fcr Sanat Edebiyat Felsefe\",\"potentialAction\":[{\"@type\":\"SearchAction\",\"target\":{\"@type\":\"EntryPoint\",\"urlTemplate\":\"https:\/\/narteks.net\/?s={search_term_string}\"},\"query-input\":{\"@type\":\"PropertyValueSpecification\",\"valueRequired\":true,\"valueName\":\"search_term_string\"}}],\"inLanguage\":\"tr\"},{\"@type\":\"Organization\",\"@id\":\"https:\/\/narteks.net\/#organization\",\"name\":\"narteks.net\",\"url\":\"https:\/\/narteks.net\/\",\"logo\":{\"@type\":\"ImageObject\",\"inLanguage\":\"tr\",\"@id\":\"https:\/\/narteks.net\/#\/schema\/logo\/image\/\",\"url\":\"https:\/\/narteks.net\/wp-content\/uploads\/narteks.png\",\"contentUrl\":\"https:\/\/narteks.net\/wp-content\/uploads\/narteks.png\",\"width\":300,\"height\":90,\"caption\":\"narteks.net\"},\"image\":{\"@id\":\"https:\/\/narteks.net\/#\/schema\/logo\/image\/\"},\"sameAs\":[\"https:\/\/x.com\/narteks\",\"https:\/\/instagram.com\/narteksnet\"]},{\"@type\":\"Person\",\"@id\":\"https:\/\/narteks.net\/#\/schema\/person\/61f37d9834294b72d31d274e7ed79bca\",\"name\":\"Tar\u0131k\",\"image\":{\"@type\":\"ImageObject\",\"inLanguage\":\"tr\",\"@id\":\"https:\/\/narteks.net\/#\/schema\/person\/image\/\",\"url\":\"https:\/\/secure.gravatar.com\/avatar\/50865afb55632c4ae467e0af0930f6510aa2297d8014be502a55b14f3b7550cf?s=96&d=mm&r=g\",\"contentUrl\":\"https:\/\/secure.gravatar.com\/avatar\/50865afb55632c4ae467e0af0930f6510aa2297d8014be502a55b14f3b7550cf?s=96&d=mm&r=g\",\"caption\":\"Tar\u0131k\"},\"sameAs\":[\"http:\/\/narteks.net\"],\"url\":\"https:\/\/narteks.net\/index.php\/author\/narbak\/\"}]}<\/script>\n<!-- \/ Yoast SEO Premium plugin. -->","yoast_head_json":{"title":"Cemal S\u00dcREYA Biyografisi - narteks.net","robots":{"index":"index","follow":"follow","max-snippet":"max-snippet:-1","max-image-preview":"max-image-preview:large","max-video-preview":"max-video-preview:-1"},"canonical":"https:\/\/narteks.net\/index.php\/2009\/04\/16\/cemal-sureya-biyografisi\/","og_locale":"tr_TR","og_type":"article","og_title":"Cemal S\u00dcREYA Biyografisi","og_description":"Cemal S\u00fcreya (d. 1931, Erzincan &#8211; \u00f6. 9 Ocak 1990, \u0130stanbul) As\u0131l ad\u0131 Cemalettin Seber&#8217;dir. Erzincan&#8217;da do\u011fdu (O y\u0131llarda P\u00fcl\u00fcm\u00fcr Erzincan iline ba\u011fl\u0131 oldu\u011fu i\u00e7in Erzincan yaz\u0131l\u0131yor olmali). Asl\u0131nda 1931 Tunceli ili P\u00fcl\u00fcm\u00fcr il\u00e7esinde d\u00fcnyaya geldi. Dersim \u0130syan\u0131 sebebiyle zorunlu g\u00f6\u00e7e tabi olan ailesiyle s\u00fcrg\u00fcne g\u00f6nderildi. 1954&#8217;te Ankara \u00dcniversitesi Siyasal Bilgiler Fak\u00fcltesi Maliye ve \u0130ktisat [&hellip;]","og_url":"https:\/\/narteks.net\/index.php\/2009\/04\/16\/cemal-sureya-biyografisi\/","og_site_name":"narteks.net","article_published_time":"2009-04-16T06:52:26+00:00","og_image":[{"url":"http:\/\/upload.wikimedia.org\/wikipedia\/tr\/f\/f2\/Cemal_S%C3%BCreya.jpg","type":"","width":"","height":""}],"author":"Tar\u0131k","twitter_card":"summary_large_image","twitter_creator":"@narteks","twitter_site":"@narteks","twitter_misc":{"Yazan:":"Tar\u0131k","Tahmini okuma s\u00fcresi":"4 dakika"},"schema":{"@context":"https:\/\/schema.org","@graph":[{"@type":"Article","@id":"https:\/\/narteks.net\/index.php\/2009\/04\/16\/cemal-sureya-biyografisi\/#article","isPartOf":{"@id":"https:\/\/narteks.net\/index.php\/2009\/04\/16\/cemal-sureya-biyografisi\/"},"author":{"name":"Tar\u0131k","@id":"https:\/\/narteks.net\/#\/schema\/person\/61f37d9834294b72d31d274e7ed79bca"},"headline":"Cemal S\u00dcREYA Biyografisi","datePublished":"2009-04-16T06:52:26+00:00","mainEntityOfPage":{"@id":"https:\/\/narteks.net\/index.php\/2009\/04\/16\/cemal-sureya-biyografisi\/"},"wordCount":784,"commentCount":0,"publisher":{"@id":"https:\/\/narteks.net\/#organization"},"image":{"@id":"https:\/\/narteks.net\/index.php\/2009\/04\/16\/cemal-sureya-biyografisi\/#primaryimage"},"thumbnailUrl":"http:\/\/upload.wikimedia.org\/wikipedia\/tr\/f\/f2\/Cemal_S%C3%BCreya.jpg","articleSection":["Cemal S\u00dcREYA"],"inLanguage":"tr","potentialAction":[{"@type":"CommentAction","name":"Comment","target":["https:\/\/narteks.net\/index.php\/2009\/04\/16\/cemal-sureya-biyografisi\/#respond"]}]},{"@type":"WebPage","@id":"https:\/\/narteks.net\/index.php\/2009\/04\/16\/cemal-sureya-biyografisi\/","url":"https:\/\/narteks.net\/index.php\/2009\/04\/16\/cemal-sureya-biyografisi\/","name":"Cemal S\u00dcREYA Biyografisi - narteks.net","isPartOf":{"@id":"https:\/\/narteks.net\/#website"},"primaryImageOfPage":{"@id":"https:\/\/narteks.net\/index.php\/2009\/04\/16\/cemal-sureya-biyografisi\/#primaryimage"},"image":{"@id":"https:\/\/narteks.net\/index.php\/2009\/04\/16\/cemal-sureya-biyografisi\/#primaryimage"},"thumbnailUrl":"http:\/\/upload.wikimedia.org\/wikipedia\/tr\/f\/f2\/Cemal_S%C3%BCreya.jpg","datePublished":"2009-04-16T06:52:26+00:00","breadcrumb":{"@id":"https:\/\/narteks.net\/index.php\/2009\/04\/16\/cemal-sureya-biyografisi\/#breadcrumb"},"inLanguage":"tr","potentialAction":[{"@type":"ReadAction","target":["https:\/\/narteks.net\/index.php\/2009\/04\/16\/cemal-sureya-biyografisi\/"]}]},{"@type":"ImageObject","inLanguage":"tr","@id":"https:\/\/narteks.net\/index.php\/2009\/04\/16\/cemal-sureya-biyografisi\/#primaryimage","url":"http:\/\/upload.wikimedia.org\/wikipedia\/tr\/f\/f2\/Cemal_S%C3%BCreya.jpg","contentUrl":"http:\/\/upload.wikimedia.org\/wikipedia\/tr\/f\/f2\/Cemal_S%C3%BCreya.jpg"},{"@type":"BreadcrumbList","@id":"https:\/\/narteks.net\/index.php\/2009\/04\/16\/cemal-sureya-biyografisi\/#breadcrumb","itemListElement":[{"@type":"ListItem","position":1,"name":"Anasayfa","item":"https:\/\/narteks.net\/"},{"@type":"ListItem","position":2,"name":"Cemal S\u00dcREYA Biyografisi"}]},{"@type":"WebSite","@id":"https:\/\/narteks.net\/#website","url":"https:\/\/narteks.net\/","name":"narteks.net","description":"K\u00fclt\u00fcr Sanat Edebiyat Felsefe","publisher":{"@id":"https:\/\/narteks.net\/#organization"},"alternateName":"K\u00fclt\u00fcr Sanat Edebiyat Felsefe","potentialAction":[{"@type":"SearchAction","target":{"@type":"EntryPoint","urlTemplate":"https:\/\/narteks.net\/?s={search_term_string}"},"query-input":{"@type":"PropertyValueSpecification","valueRequired":true,"valueName":"search_term_string"}}],"inLanguage":"tr"},{"@type":"Organization","@id":"https:\/\/narteks.net\/#organization","name":"narteks.net","url":"https:\/\/narteks.net\/","logo":{"@type":"ImageObject","inLanguage":"tr","@id":"https:\/\/narteks.net\/#\/schema\/logo\/image\/","url":"https:\/\/narteks.net\/wp-content\/uploads\/narteks.png","contentUrl":"https:\/\/narteks.net\/wp-content\/uploads\/narteks.png","width":300,"height":90,"caption":"narteks.net"},"image":{"@id":"https:\/\/narteks.net\/#\/schema\/logo\/image\/"},"sameAs":["https:\/\/x.com\/narteks","https:\/\/instagram.com\/narteksnet"]},{"@type":"Person","@id":"https:\/\/narteks.net\/#\/schema\/person\/61f37d9834294b72d31d274e7ed79bca","name":"Tar\u0131k","image":{"@type":"ImageObject","inLanguage":"tr","@id":"https:\/\/narteks.net\/#\/schema\/person\/image\/","url":"https:\/\/secure.gravatar.com\/avatar\/50865afb55632c4ae467e0af0930f6510aa2297d8014be502a55b14f3b7550cf?s=96&d=mm&r=g","contentUrl":"https:\/\/secure.gravatar.com\/avatar\/50865afb55632c4ae467e0af0930f6510aa2297d8014be502a55b14f3b7550cf?s=96&d=mm&r=g","caption":"Tar\u0131k"},"sameAs":["http:\/\/narteks.net"],"url":"https:\/\/narteks.net\/index.php\/author\/narbak\/"}]}},"_links":{"self":[{"href":"https:\/\/narteks.net\/index.php\/wp-json\/wp\/v2\/posts\/625","targetHints":{"allow":["GET"]}}],"collection":[{"href":"https:\/\/narteks.net\/index.php\/wp-json\/wp\/v2\/posts"}],"about":[{"href":"https:\/\/narteks.net\/index.php\/wp-json\/wp\/v2\/types\/post"}],"author":[{"embeddable":true,"href":"https:\/\/narteks.net\/index.php\/wp-json\/wp\/v2\/users\/1"}],"replies":[{"embeddable":true,"href":"https:\/\/narteks.net\/index.php\/wp-json\/wp\/v2\/comments?post=625"}],"version-history":[{"count":0,"href":"https:\/\/narteks.net\/index.php\/wp-json\/wp\/v2\/posts\/625\/revisions"}],"wp:attachment":[{"href":"https:\/\/narteks.net\/index.php\/wp-json\/wp\/v2\/media?parent=625"}],"wp:term":[{"taxonomy":"category","embeddable":true,"href":"https:\/\/narteks.net\/index.php\/wp-json\/wp\/v2\/categories?post=625"},{"taxonomy":"post_tag","embeddable":true,"href":"https:\/\/narteks.net\/index.php\/wp-json\/wp\/v2\/tags?post=625"}],"curies":[{"name":"wp","href":"https:\/\/api.w.org\/{rel}","templated":true}]}}