{"id":6254,"date":"2011-06-04T18:37:10","date_gmt":"2011-06-04T15:37:10","guid":{"rendered":"http:\/\/localhost\/wordpress\/2011\/06\/04\/1764\/"},"modified":"2011-06-04T18:37:10","modified_gmt":"2011-06-04T15:37:10","slug":"1764","status":"publish","type":"post","link":"https:\/\/narteks.net\/index.php\/2011\/06\/04\/1764\/","title":{"rendered":"1764"},"content":{"rendered":"<p>\u00a0<\/p>\n<p>En h\u00fcz\u00fcnl\u00fc ses en tatl\u0131 ses<br \/>En \u00e7\u0131lg\u0131n ses b\u00fcy\u00fcyen, &#8211;<br \/>Ku\u015flar\u0131n sesidir baharda,<br \/>Gece ho\u015f bir tat b\u0131rak\u0131p giderken.<\/p>\n<p>Mart&#8217;la Nisan aras\u0131ndaki \u00e7izgi-<br \/>O b\u00fcy\u00fck sihirli s\u0131n\u0131r<br \/>\u00d6tesinde Yaz, nefes alsa duyulur<br \/>Yak\u0131nl\u0131kta, karars\u0131zl\u0131klar ya\u015famaktad\u0131r.<\/p>\n<p>Bir zamanlar bizimle eyle\u015fen<br \/>Dostlar\u0131 hat\u0131rlat\u0131r bir bir,<br \/>Ki ayr\u0131l\u0131\u011f\u0131n kara b\u00fcy\u00fcs\u00fcyle b\u00fcy\u00fcyen<br \/>Hasretleri art\u0131k insafs\u0131zca derindir.<\/p>\n<p>Yas\u0131n\u0131 tuttu\u011fumuz ne varsa<br \/>Hat\u0131ra gelir yeniden,<br \/>\u00d6tmesin isteriz ku\u015flar<br \/>Sussun isteriz bu siren.<\/p>\n<p>Bir kulak de\u015febilir bir kalbi<br \/>Bir m\u0131zrak kadar k\u0131vrak,<br \/>Ke\u015fke kalbe bu kadar tehlikeli<br \/>Bir \u015fekilde yak\u0131n olmasayd\u0131 kulak.<\/p>\n<p>Emily D\u0130CK\u0130NSON<\/p>\n","protected":false},"excerpt":{"rendered":"<p>\u00a0 En h\u00fcz\u00fcnl\u00fc ses en tatl\u0131 sesEn \u00e7\u0131lg\u0131n ses b\u00fcy\u00fcyen, &#8211;Ku\u015flar\u0131n sesidir baharda,Gece ho\u015f bir tat b\u0131rak\u0131p giderken. Mart&#8217;la Nisan aras\u0131ndaki \u00e7izgi-O b\u00fcy\u00fck sihirli s\u0131n\u0131r\u00d6tesinde Yaz, nefes alsa duyulurYak\u0131nl\u0131kta, karars\u0131zl\u0131klar ya\u015famaktad\u0131r. Bir zamanlar bizimle eyle\u015fenDostlar\u0131 hat\u0131rlat\u0131r bir bir,Ki ayr\u0131l\u0131\u011f\u0131n kara b\u00fcy\u00fcs\u00fcyle b\u00fcy\u00fcyenHasretleri art\u0131k insafs\u0131zca derindir. Yas\u0131n\u0131 tuttu\u011fumuz ne varsaHat\u0131ra gelir yeniden,\u00d6tmesin isteriz ku\u015flarSussun isteriz bu [&hellip;]<\/p>\n","protected":false},"author":1,"featured_media":0,"comment_status":"open","ping_status":"open","sticky":false,"template":"","format":"standard","meta":{"footnotes":""},"categories":[190],"tags":[],"class_list":{"0":"post-6254","1":"post","2":"type-post","3":"status-publish","4":"format-standard","6":"category-emily-dickinson"},"yoast_head":"<!-- This site is optimized with the Yoast SEO Premium plugin v24.9 (Yoast SEO v24.9) - https:\/\/yoast.com\/wordpress\/plugins\/seo\/ -->\n<title>1764 - narteks.net<\/title>\n<meta name=\"robots\" content=\"index, follow, max-snippet:-1, max-image-preview:large, max-video-preview:-1\" \/>\n<link rel=\"canonical\" href=\"https:\/\/narteks.net\/index.php\/2011\/06\/04\/1764\/\" \/>\n<meta property=\"og:locale\" content=\"tr_TR\" \/>\n<meta property=\"og:type\" content=\"article\" \/>\n<meta property=\"og:title\" content=\"1764\" \/>\n<meta property=\"og:description\" content=\"\u00a0 En h\u00fcz\u00fcnl\u00fc ses en tatl\u0131 sesEn \u00e7\u0131lg\u0131n ses b\u00fcy\u00fcyen, &#8211;Ku\u015flar\u0131n sesidir baharda,Gece ho\u015f bir tat b\u0131rak\u0131p giderken. Mart&#8217;la Nisan aras\u0131ndaki \u00e7izgi-O b\u00fcy\u00fck sihirli s\u0131n\u0131r\u00d6tesinde Yaz, nefes alsa duyulurYak\u0131nl\u0131kta, karars\u0131zl\u0131klar ya\u015famaktad\u0131r. Bir zamanlar bizimle eyle\u015fenDostlar\u0131 hat\u0131rlat\u0131r bir bir,Ki ayr\u0131l\u0131\u011f\u0131n kara b\u00fcy\u00fcs\u00fcyle b\u00fcy\u00fcyenHasretleri art\u0131k insafs\u0131zca derindir. Yas\u0131n\u0131 tuttu\u011fumuz ne varsaHat\u0131ra gelir yeniden,\u00d6tmesin isteriz ku\u015flarSussun isteriz bu [&hellip;]\" \/>\n<meta property=\"og:url\" content=\"https:\/\/narteks.net\/index.php\/2011\/06\/04\/1764\/\" \/>\n<meta property=\"og:site_name\" content=\"narteks.net\" \/>\n<meta property=\"article:published_time\" content=\"2011-06-04T15:37:10+00:00\" \/>\n<meta property=\"og:image\" content=\"https:\/\/narteks.net\/wp-content\/uploads\/narteks.png\" \/>\n\t<meta property=\"og:image:width\" content=\"300\" \/>\n\t<meta property=\"og:image:height\" content=\"90\" \/>\n\t<meta property=\"og:image:type\" content=\"image\/png\" \/>\n<meta name=\"author\" content=\"Tar\u0131k\" \/>\n<meta name=\"twitter:card\" content=\"summary_large_image\" \/>\n<meta name=\"twitter:creator\" content=\"@narteks\" \/>\n<meta name=\"twitter:site\" content=\"@narteks\" \/>\n<meta name=\"twitter:label1\" content=\"Yazan:\" \/>\n\t<meta name=\"twitter:data1\" content=\"Tar\u0131k\" \/>\n\t<meta name=\"twitter:label2\" content=\"Tahmini okuma s\u00fcresi\" \/>\n\t<meta name=\"twitter:data2\" content=\"1 dakika\" \/>\n<script type=\"application\/ld+json\" class=\"yoast-schema-graph\">{\"@context\":\"https:\/\/schema.org\",\"@graph\":[{\"@type\":\"Article\",\"@id\":\"https:\/\/narteks.net\/index.php\/2011\/06\/04\/1764\/#article\",\"isPartOf\":{\"@id\":\"https:\/\/narteks.net\/index.php\/2011\/06\/04\/1764\/\"},\"author\":{\"name\":\"Tar\u0131k\",\"@id\":\"https:\/\/narteks.net\/#\/schema\/person\/61f37d9834294b72d31d274e7ed79bca\"},\"headline\":\"1764\",\"datePublished\":\"2011-06-04T15:37:10+00:00\",\"mainEntityOfPage\":{\"@id\":\"https:\/\/narteks.net\/index.php\/2011\/06\/04\/1764\/\"},\"wordCount\":121,\"commentCount\":0,\"publisher\":{\"@id\":\"https:\/\/narteks.net\/#organization\"},\"articleSection\":[\"Emily D\u0130CK\u0130NSON\"],\"inLanguage\":\"tr\",\"potentialAction\":[{\"@type\":\"CommentAction\",\"name\":\"Comment\",\"target\":[\"https:\/\/narteks.net\/index.php\/2011\/06\/04\/1764\/#respond\"]}]},{\"@type\":\"WebPage\",\"@id\":\"https:\/\/narteks.net\/index.php\/2011\/06\/04\/1764\/\",\"url\":\"https:\/\/narteks.net\/index.php\/2011\/06\/04\/1764\/\",\"name\":\"1764 - narteks.net\",\"isPartOf\":{\"@id\":\"https:\/\/narteks.net\/#website\"},\"datePublished\":\"2011-06-04T15:37:10+00:00\",\"breadcrumb\":{\"@id\":\"https:\/\/narteks.net\/index.php\/2011\/06\/04\/1764\/#breadcrumb\"},\"inLanguage\":\"tr\",\"potentialAction\":[{\"@type\":\"ReadAction\",\"target\":[\"https:\/\/narteks.net\/index.php\/2011\/06\/04\/1764\/\"]}]},{\"@type\":\"BreadcrumbList\",\"@id\":\"https:\/\/narteks.net\/index.php\/2011\/06\/04\/1764\/#breadcrumb\",\"itemListElement\":[{\"@type\":\"ListItem\",\"position\":1,\"name\":\"Anasayfa\",\"item\":\"https:\/\/narteks.net\/\"},{\"@type\":\"ListItem\",\"position\":2,\"name\":\"1764\"}]},{\"@type\":\"WebSite\",\"@id\":\"https:\/\/narteks.net\/#website\",\"url\":\"https:\/\/narteks.net\/\",\"name\":\"narteks.net\",\"description\":\"K\u00fclt\u00fcr Sanat Edebiyat Felsefe\",\"publisher\":{\"@id\":\"https:\/\/narteks.net\/#organization\"},\"alternateName\":\"K\u00fclt\u00fcr Sanat Edebiyat Felsefe\",\"potentialAction\":[{\"@type\":\"SearchAction\",\"target\":{\"@type\":\"EntryPoint\",\"urlTemplate\":\"https:\/\/narteks.net\/?s={search_term_string}\"},\"query-input\":{\"@type\":\"PropertyValueSpecification\",\"valueRequired\":true,\"valueName\":\"search_term_string\"}}],\"inLanguage\":\"tr\"},{\"@type\":\"Organization\",\"@id\":\"https:\/\/narteks.net\/#organization\",\"name\":\"narteks.net\",\"url\":\"https:\/\/narteks.net\/\",\"logo\":{\"@type\":\"ImageObject\",\"inLanguage\":\"tr\",\"@id\":\"https:\/\/narteks.net\/#\/schema\/logo\/image\/\",\"url\":\"https:\/\/narteks.net\/wp-content\/uploads\/narteks.png\",\"contentUrl\":\"https:\/\/narteks.net\/wp-content\/uploads\/narteks.png\",\"width\":300,\"height\":90,\"caption\":\"narteks.net\"},\"image\":{\"@id\":\"https:\/\/narteks.net\/#\/schema\/logo\/image\/\"},\"sameAs\":[\"https:\/\/x.com\/narteks\",\"https:\/\/instagram.com\/narteksnet\"]},{\"@type\":\"Person\",\"@id\":\"https:\/\/narteks.net\/#\/schema\/person\/61f37d9834294b72d31d274e7ed79bca\",\"name\":\"Tar\u0131k\",\"image\":{\"@type\":\"ImageObject\",\"inLanguage\":\"tr\",\"@id\":\"https:\/\/narteks.net\/#\/schema\/person\/image\/\",\"url\":\"https:\/\/secure.gravatar.com\/avatar\/50865afb55632c4ae467e0af0930f6510aa2297d8014be502a55b14f3b7550cf?s=96&d=mm&r=g\",\"contentUrl\":\"https:\/\/secure.gravatar.com\/avatar\/50865afb55632c4ae467e0af0930f6510aa2297d8014be502a55b14f3b7550cf?s=96&d=mm&r=g\",\"caption\":\"Tar\u0131k\"},\"sameAs\":[\"http:\/\/narteks.net\"],\"url\":\"https:\/\/narteks.net\/index.php\/author\/narbak\/\"}]}<\/script>\n<!-- \/ Yoast SEO Premium plugin. -->","yoast_head_json":{"title":"1764 - narteks.net","robots":{"index":"index","follow":"follow","max-snippet":"max-snippet:-1","max-image-preview":"max-image-preview:large","max-video-preview":"max-video-preview:-1"},"canonical":"https:\/\/narteks.net\/index.php\/2011\/06\/04\/1764\/","og_locale":"tr_TR","og_type":"article","og_title":"1764","og_description":"\u00a0 En h\u00fcz\u00fcnl\u00fc ses en tatl\u0131 sesEn \u00e7\u0131lg\u0131n ses b\u00fcy\u00fcyen, &#8211;Ku\u015flar\u0131n sesidir baharda,Gece ho\u015f bir tat b\u0131rak\u0131p giderken. Mart&#8217;la Nisan aras\u0131ndaki \u00e7izgi-O b\u00fcy\u00fck sihirli s\u0131n\u0131r\u00d6tesinde Yaz, nefes alsa duyulurYak\u0131nl\u0131kta, karars\u0131zl\u0131klar ya\u015famaktad\u0131r. Bir zamanlar bizimle eyle\u015fenDostlar\u0131 hat\u0131rlat\u0131r bir bir,Ki ayr\u0131l\u0131\u011f\u0131n kara b\u00fcy\u00fcs\u00fcyle b\u00fcy\u00fcyenHasretleri art\u0131k insafs\u0131zca derindir. Yas\u0131n\u0131 tuttu\u011fumuz ne varsaHat\u0131ra gelir yeniden,\u00d6tmesin isteriz ku\u015flarSussun isteriz bu [&hellip;]","og_url":"https:\/\/narteks.net\/index.php\/2011\/06\/04\/1764\/","og_site_name":"narteks.net","article_published_time":"2011-06-04T15:37:10+00:00","og_image":[{"width":300,"height":90,"url":"https:\/\/narteks.net\/wp-content\/uploads\/narteks.png","type":"image\/png"}],"author":"Tar\u0131k","twitter_card":"summary_large_image","twitter_creator":"@narteks","twitter_site":"@narteks","twitter_misc":{"Yazan:":"Tar\u0131k","Tahmini okuma s\u00fcresi":"1 dakika"},"schema":{"@context":"https:\/\/schema.org","@graph":[{"@type":"Article","@id":"https:\/\/narteks.net\/index.php\/2011\/06\/04\/1764\/#article","isPartOf":{"@id":"https:\/\/narteks.net\/index.php\/2011\/06\/04\/1764\/"},"author":{"name":"Tar\u0131k","@id":"https:\/\/narteks.net\/#\/schema\/person\/61f37d9834294b72d31d274e7ed79bca"},"headline":"1764","datePublished":"2011-06-04T15:37:10+00:00","mainEntityOfPage":{"@id":"https:\/\/narteks.net\/index.php\/2011\/06\/04\/1764\/"},"wordCount":121,"commentCount":0,"publisher":{"@id":"https:\/\/narteks.net\/#organization"},"articleSection":["Emily D\u0130CK\u0130NSON"],"inLanguage":"tr","potentialAction":[{"@type":"CommentAction","name":"Comment","target":["https:\/\/narteks.net\/index.php\/2011\/06\/04\/1764\/#respond"]}]},{"@type":"WebPage","@id":"https:\/\/narteks.net\/index.php\/2011\/06\/04\/1764\/","url":"https:\/\/narteks.net\/index.php\/2011\/06\/04\/1764\/","name":"1764 - narteks.net","isPartOf":{"@id":"https:\/\/narteks.net\/#website"},"datePublished":"2011-06-04T15:37:10+00:00","breadcrumb":{"@id":"https:\/\/narteks.net\/index.php\/2011\/06\/04\/1764\/#breadcrumb"},"inLanguage":"tr","potentialAction":[{"@type":"ReadAction","target":["https:\/\/narteks.net\/index.php\/2011\/06\/04\/1764\/"]}]},{"@type":"BreadcrumbList","@id":"https:\/\/narteks.net\/index.php\/2011\/06\/04\/1764\/#breadcrumb","itemListElement":[{"@type":"ListItem","position":1,"name":"Anasayfa","item":"https:\/\/narteks.net\/"},{"@type":"ListItem","position":2,"name":"1764"}]},{"@type":"WebSite","@id":"https:\/\/narteks.net\/#website","url":"https:\/\/narteks.net\/","name":"narteks.net","description":"K\u00fclt\u00fcr Sanat Edebiyat Felsefe","publisher":{"@id":"https:\/\/narteks.net\/#organization"},"alternateName":"K\u00fclt\u00fcr Sanat Edebiyat Felsefe","potentialAction":[{"@type":"SearchAction","target":{"@type":"EntryPoint","urlTemplate":"https:\/\/narteks.net\/?s={search_term_string}"},"query-input":{"@type":"PropertyValueSpecification","valueRequired":true,"valueName":"search_term_string"}}],"inLanguage":"tr"},{"@type":"Organization","@id":"https:\/\/narteks.net\/#organization","name":"narteks.net","url":"https:\/\/narteks.net\/","logo":{"@type":"ImageObject","inLanguage":"tr","@id":"https:\/\/narteks.net\/#\/schema\/logo\/image\/","url":"https:\/\/narteks.net\/wp-content\/uploads\/narteks.png","contentUrl":"https:\/\/narteks.net\/wp-content\/uploads\/narteks.png","width":300,"height":90,"caption":"narteks.net"},"image":{"@id":"https:\/\/narteks.net\/#\/schema\/logo\/image\/"},"sameAs":["https:\/\/x.com\/narteks","https:\/\/instagram.com\/narteksnet"]},{"@type":"Person","@id":"https:\/\/narteks.net\/#\/schema\/person\/61f37d9834294b72d31d274e7ed79bca","name":"Tar\u0131k","image":{"@type":"ImageObject","inLanguage":"tr","@id":"https:\/\/narteks.net\/#\/schema\/person\/image\/","url":"https:\/\/secure.gravatar.com\/avatar\/50865afb55632c4ae467e0af0930f6510aa2297d8014be502a55b14f3b7550cf?s=96&d=mm&r=g","contentUrl":"https:\/\/secure.gravatar.com\/avatar\/50865afb55632c4ae467e0af0930f6510aa2297d8014be502a55b14f3b7550cf?s=96&d=mm&r=g","caption":"Tar\u0131k"},"sameAs":["http:\/\/narteks.net"],"url":"https:\/\/narteks.net\/index.php\/author\/narbak\/"}]}},"_links":{"self":[{"href":"https:\/\/narteks.net\/index.php\/wp-json\/wp\/v2\/posts\/6254","targetHints":{"allow":["GET"]}}],"collection":[{"href":"https:\/\/narteks.net\/index.php\/wp-json\/wp\/v2\/posts"}],"about":[{"href":"https:\/\/narteks.net\/index.php\/wp-json\/wp\/v2\/types\/post"}],"author":[{"embeddable":true,"href":"https:\/\/narteks.net\/index.php\/wp-json\/wp\/v2\/users\/1"}],"replies":[{"embeddable":true,"href":"https:\/\/narteks.net\/index.php\/wp-json\/wp\/v2\/comments?post=6254"}],"version-history":[{"count":0,"href":"https:\/\/narteks.net\/index.php\/wp-json\/wp\/v2\/posts\/6254\/revisions"}],"wp:attachment":[{"href":"https:\/\/narteks.net\/index.php\/wp-json\/wp\/v2\/media?parent=6254"}],"wp:term":[{"taxonomy":"category","embeddable":true,"href":"https:\/\/narteks.net\/index.php\/wp-json\/wp\/v2\/categories?post=6254"},{"taxonomy":"post_tag","embeddable":true,"href":"https:\/\/narteks.net\/index.php\/wp-json\/wp\/v2\/tags?post=6254"}],"curies":[{"name":"wp","href":"https:\/\/api.w.org\/{rel}","templated":true}]}}