{"id":6259,"date":"2011-06-04T18:48:53","date_gmt":"2011-06-04T15:48:53","guid":{"rendered":"http:\/\/localhost\/wordpress\/2011\/06\/04\/ac-kalmistim\/"},"modified":"2011-06-04T18:48:53","modified_gmt":"2011-06-04T15:48:53","slug":"ac-kalmistim","status":"publish","type":"post","link":"https:\/\/narteks.net\/index.php\/2011\/06\/04\/ac-kalmistim\/","title":{"rendered":"A\u00c7 KALMI\u015eTIM"},"content":{"rendered":"<p>\u00a0<\/p>\n<p>A\u00e7 kalm\u0131\u015ft\u0131m y\u0131llar boyu;<br \/>Ay geldi benimle yemek yemeye;<br \/>Titreyerek masay\u0131 \u00e7ektim, ben,<br \/>Ve tuhaf \u015faraba dokundum.<\/p>\n<p>Bu masan\u0131n \u00fczerindeydi onu g\u00f6rm\u00fc\u015fl\u00fc\u011f\u00fcm,<br \/>Kal\u0131rken, a\u00e7, kimsesiz,<br \/>Pencerelerden bakt\u0131m i\u00e7eri, zenginli\u011fi g\u00f6rmek i\u00e7in<br \/>Benim sahip olmay\u0131 \u00fcmit edemedi\u011fim.<\/p>\n<p>Gerekti\u011finden fazla ekme\u011fi bilmezdim,<br \/>O kadar de\u011fi\u015fikti ki k\u0131r\u0131nt\u0131lardan<br \/>Ku\u015flarla benim s\u0131k s\u0131k<br \/>Do\u011fan\u0131n yemek salonunda payla\u015ft\u0131\u011f\u0131m\u0131z.<\/p>\n<p>\u00c7okluk can\u0131m\u0131 yakt\u0131 benim, o kadar yeniydi ki,<br \/>\u0130yi hissetmedim kendimi ve garip,<br \/>Bir da\u011f \u00e7al\u0131s\u0131n\u0131n \u00e7ile\u011fi<br \/>\u00c7imenin yerine dikilmi\u015fti sanki.<\/p>\n<p>Ne de a\u00e7t\u0131m art\u0131k; b\u00f6ylece anlad\u0131m ben<br \/>A\u00e7l\u0131\u011f\u0131n bir huyu oldu\u011funu<br \/>Pencerelerin d\u0131\u015f\u0131ndaki insanlar\u0131n,<br \/>\u0130\u00e7eri girildi\u011finde al\u0131p g\u00f6t\u00fcr\u00fclen.<\/p>\n<p>Emily D\u0130CK\u0130NSON<\/p>\n<p>\u00c7eviren: Vehbi Ta\u015far<\/p>\n","protected":false},"excerpt":{"rendered":"<p>\u00a0 A\u00e7 kalm\u0131\u015ft\u0131m y\u0131llar boyu;Ay geldi benimle yemek yemeye;Titreyerek masay\u0131 \u00e7ektim, ben,Ve tuhaf \u015faraba dokundum. Bu masan\u0131n \u00fczerindeydi onu g\u00f6rm\u00fc\u015fl\u00fc\u011f\u00fcm,Kal\u0131rken, a\u00e7, kimsesiz,Pencerelerden bakt\u0131m i\u00e7eri, zenginli\u011fi g\u00f6rmek i\u00e7inBenim sahip olmay\u0131 \u00fcmit edemedi\u011fim. Gerekti\u011finden fazla ekme\u011fi bilmezdim,O kadar de\u011fi\u015fikti ki k\u0131r\u0131nt\u0131lardanKu\u015flarla benim s\u0131k s\u0131kDo\u011fan\u0131n yemek salonunda payla\u015ft\u0131\u011f\u0131m\u0131z. \u00c7okluk can\u0131m\u0131 yakt\u0131 benim, o kadar yeniydi ki,\u0130yi hissetmedim kendimi [&hellip;]<\/p>\n","protected":false},"author":1,"featured_media":0,"comment_status":"open","ping_status":"open","sticky":false,"template":"","format":"standard","meta":{"footnotes":""},"categories":[190],"tags":[],"class_list":{"0":"post-6259","1":"post","2":"type-post","3":"status-publish","4":"format-standard","6":"category-emily-dickinson"},"yoast_head":"<!-- This site is optimized with the Yoast SEO Premium plugin v24.9 (Yoast SEO v24.9) - https:\/\/yoast.com\/wordpress\/plugins\/seo\/ -->\n<title>A\u00c7 KALMI\u015eTIM - narteks.net<\/title>\n<meta name=\"robots\" content=\"index, follow, max-snippet:-1, max-image-preview:large, max-video-preview:-1\" \/>\n<link rel=\"canonical\" href=\"https:\/\/narteks.net\/index.php\/2011\/06\/04\/ac-kalmistim\/\" \/>\n<meta property=\"og:locale\" content=\"tr_TR\" \/>\n<meta property=\"og:type\" content=\"article\" \/>\n<meta property=\"og:title\" content=\"A\u00c7 KALMI\u015eTIM\" \/>\n<meta property=\"og:description\" content=\"\u00a0 A\u00e7 kalm\u0131\u015ft\u0131m y\u0131llar boyu;Ay geldi benimle yemek yemeye;Titreyerek masay\u0131 \u00e7ektim, ben,Ve tuhaf \u015faraba dokundum. Bu masan\u0131n \u00fczerindeydi onu g\u00f6rm\u00fc\u015fl\u00fc\u011f\u00fcm,Kal\u0131rken, a\u00e7, kimsesiz,Pencerelerden bakt\u0131m i\u00e7eri, zenginli\u011fi g\u00f6rmek i\u00e7inBenim sahip olmay\u0131 \u00fcmit edemedi\u011fim. Gerekti\u011finden fazla ekme\u011fi bilmezdim,O kadar de\u011fi\u015fikti ki k\u0131r\u0131nt\u0131lardanKu\u015flarla benim s\u0131k s\u0131kDo\u011fan\u0131n yemek salonunda payla\u015ft\u0131\u011f\u0131m\u0131z. \u00c7okluk can\u0131m\u0131 yakt\u0131 benim, o kadar yeniydi ki,\u0130yi hissetmedim kendimi [&hellip;]\" \/>\n<meta property=\"og:url\" content=\"https:\/\/narteks.net\/index.php\/2011\/06\/04\/ac-kalmistim\/\" \/>\n<meta property=\"og:site_name\" content=\"narteks.net\" \/>\n<meta property=\"article:published_time\" content=\"2011-06-04T15:48:53+00:00\" \/>\n<meta property=\"og:image\" content=\"https:\/\/narteks.net\/wp-content\/uploads\/narteks.png\" \/>\n\t<meta property=\"og:image:width\" content=\"300\" \/>\n\t<meta property=\"og:image:height\" content=\"90\" \/>\n\t<meta property=\"og:image:type\" content=\"image\/png\" \/>\n<meta name=\"author\" content=\"Tar\u0131k\" \/>\n<meta name=\"twitter:card\" content=\"summary_large_image\" \/>\n<meta name=\"twitter:creator\" content=\"@narteks\" \/>\n<meta name=\"twitter:site\" content=\"@narteks\" \/>\n<meta name=\"twitter:label1\" content=\"Yazan:\" \/>\n\t<meta name=\"twitter:data1\" content=\"Tar\u0131k\" \/>\n\t<meta name=\"twitter:label2\" content=\"Tahmini okuma s\u00fcresi\" \/>\n\t<meta name=\"twitter:data2\" content=\"1 dakika\" \/>\n<script type=\"application\/ld+json\" class=\"yoast-schema-graph\">{\"@context\":\"https:\/\/schema.org\",\"@graph\":[{\"@type\":\"Article\",\"@id\":\"https:\/\/narteks.net\/index.php\/2011\/06\/04\/ac-kalmistim\/#article\",\"isPartOf\":{\"@id\":\"https:\/\/narteks.net\/index.php\/2011\/06\/04\/ac-kalmistim\/\"},\"author\":{\"name\":\"Tar\u0131k\",\"@id\":\"https:\/\/narteks.net\/#\/schema\/person\/61f37d9834294b72d31d274e7ed79bca\"},\"headline\":\"A\u00c7 KALMI\u015eTIM\",\"datePublished\":\"2011-06-04T15:48:53+00:00\",\"mainEntityOfPage\":{\"@id\":\"https:\/\/narteks.net\/index.php\/2011\/06\/04\/ac-kalmistim\/\"},\"wordCount\":148,\"commentCount\":0,\"publisher\":{\"@id\":\"https:\/\/narteks.net\/#organization\"},\"articleSection\":[\"Emily D\u0130CK\u0130NSON\"],\"inLanguage\":\"tr\",\"potentialAction\":[{\"@type\":\"CommentAction\",\"name\":\"Comment\",\"target\":[\"https:\/\/narteks.net\/index.php\/2011\/06\/04\/ac-kalmistim\/#respond\"]}]},{\"@type\":\"WebPage\",\"@id\":\"https:\/\/narteks.net\/index.php\/2011\/06\/04\/ac-kalmistim\/\",\"url\":\"https:\/\/narteks.net\/index.php\/2011\/06\/04\/ac-kalmistim\/\",\"name\":\"A\u00c7 KALMI\u015eTIM - narteks.net\",\"isPartOf\":{\"@id\":\"https:\/\/narteks.net\/#website\"},\"datePublished\":\"2011-06-04T15:48:53+00:00\",\"breadcrumb\":{\"@id\":\"https:\/\/narteks.net\/index.php\/2011\/06\/04\/ac-kalmistim\/#breadcrumb\"},\"inLanguage\":\"tr\",\"potentialAction\":[{\"@type\":\"ReadAction\",\"target\":[\"https:\/\/narteks.net\/index.php\/2011\/06\/04\/ac-kalmistim\/\"]}]},{\"@type\":\"BreadcrumbList\",\"@id\":\"https:\/\/narteks.net\/index.php\/2011\/06\/04\/ac-kalmistim\/#breadcrumb\",\"itemListElement\":[{\"@type\":\"ListItem\",\"position\":1,\"name\":\"Anasayfa\",\"item\":\"https:\/\/narteks.net\/\"},{\"@type\":\"ListItem\",\"position\":2,\"name\":\"A\u00c7 KALMI\u015eTIM\"}]},{\"@type\":\"WebSite\",\"@id\":\"https:\/\/narteks.net\/#website\",\"url\":\"https:\/\/narteks.net\/\",\"name\":\"narteks.net\",\"description\":\"K\u00fclt\u00fcr Sanat Edebiyat Felsefe\",\"publisher\":{\"@id\":\"https:\/\/narteks.net\/#organization\"},\"alternateName\":\"K\u00fclt\u00fcr Sanat Edebiyat Felsefe\",\"potentialAction\":[{\"@type\":\"SearchAction\",\"target\":{\"@type\":\"EntryPoint\",\"urlTemplate\":\"https:\/\/narteks.net\/?s={search_term_string}\"},\"query-input\":{\"@type\":\"PropertyValueSpecification\",\"valueRequired\":true,\"valueName\":\"search_term_string\"}}],\"inLanguage\":\"tr\"},{\"@type\":\"Organization\",\"@id\":\"https:\/\/narteks.net\/#organization\",\"name\":\"narteks.net\",\"url\":\"https:\/\/narteks.net\/\",\"logo\":{\"@type\":\"ImageObject\",\"inLanguage\":\"tr\",\"@id\":\"https:\/\/narteks.net\/#\/schema\/logo\/image\/\",\"url\":\"https:\/\/narteks.net\/wp-content\/uploads\/narteks.png\",\"contentUrl\":\"https:\/\/narteks.net\/wp-content\/uploads\/narteks.png\",\"width\":300,\"height\":90,\"caption\":\"narteks.net\"},\"image\":{\"@id\":\"https:\/\/narteks.net\/#\/schema\/logo\/image\/\"},\"sameAs\":[\"https:\/\/x.com\/narteks\",\"https:\/\/instagram.com\/narteksnet\"]},{\"@type\":\"Person\",\"@id\":\"https:\/\/narteks.net\/#\/schema\/person\/61f37d9834294b72d31d274e7ed79bca\",\"name\":\"Tar\u0131k\",\"image\":{\"@type\":\"ImageObject\",\"inLanguage\":\"tr\",\"@id\":\"https:\/\/narteks.net\/#\/schema\/person\/image\/\",\"url\":\"https:\/\/secure.gravatar.com\/avatar\/50865afb55632c4ae467e0af0930f6510aa2297d8014be502a55b14f3b7550cf?s=96&d=mm&r=g\",\"contentUrl\":\"https:\/\/secure.gravatar.com\/avatar\/50865afb55632c4ae467e0af0930f6510aa2297d8014be502a55b14f3b7550cf?s=96&d=mm&r=g\",\"caption\":\"Tar\u0131k\"},\"sameAs\":[\"http:\/\/narteks.net\"],\"url\":\"https:\/\/narteks.net\/index.php\/author\/narbak\/\"}]}<\/script>\n<!-- \/ Yoast SEO Premium plugin. -->","yoast_head_json":{"title":"A\u00c7 KALMI\u015eTIM - narteks.net","robots":{"index":"index","follow":"follow","max-snippet":"max-snippet:-1","max-image-preview":"max-image-preview:large","max-video-preview":"max-video-preview:-1"},"canonical":"https:\/\/narteks.net\/index.php\/2011\/06\/04\/ac-kalmistim\/","og_locale":"tr_TR","og_type":"article","og_title":"A\u00c7 KALMI\u015eTIM","og_description":"\u00a0 A\u00e7 kalm\u0131\u015ft\u0131m y\u0131llar boyu;Ay geldi benimle yemek yemeye;Titreyerek masay\u0131 \u00e7ektim, ben,Ve tuhaf \u015faraba dokundum. Bu masan\u0131n \u00fczerindeydi onu g\u00f6rm\u00fc\u015fl\u00fc\u011f\u00fcm,Kal\u0131rken, a\u00e7, kimsesiz,Pencerelerden bakt\u0131m i\u00e7eri, zenginli\u011fi g\u00f6rmek i\u00e7inBenim sahip olmay\u0131 \u00fcmit edemedi\u011fim. Gerekti\u011finden fazla ekme\u011fi bilmezdim,O kadar de\u011fi\u015fikti ki k\u0131r\u0131nt\u0131lardanKu\u015flarla benim s\u0131k s\u0131kDo\u011fan\u0131n yemek salonunda payla\u015ft\u0131\u011f\u0131m\u0131z. \u00c7okluk can\u0131m\u0131 yakt\u0131 benim, o kadar yeniydi ki,\u0130yi hissetmedim kendimi [&hellip;]","og_url":"https:\/\/narteks.net\/index.php\/2011\/06\/04\/ac-kalmistim\/","og_site_name":"narteks.net","article_published_time":"2011-06-04T15:48:53+00:00","og_image":[{"width":300,"height":90,"url":"https:\/\/narteks.net\/wp-content\/uploads\/narteks.png","type":"image\/png"}],"author":"Tar\u0131k","twitter_card":"summary_large_image","twitter_creator":"@narteks","twitter_site":"@narteks","twitter_misc":{"Yazan:":"Tar\u0131k","Tahmini okuma s\u00fcresi":"1 dakika"},"schema":{"@context":"https:\/\/schema.org","@graph":[{"@type":"Article","@id":"https:\/\/narteks.net\/index.php\/2011\/06\/04\/ac-kalmistim\/#article","isPartOf":{"@id":"https:\/\/narteks.net\/index.php\/2011\/06\/04\/ac-kalmistim\/"},"author":{"name":"Tar\u0131k","@id":"https:\/\/narteks.net\/#\/schema\/person\/61f37d9834294b72d31d274e7ed79bca"},"headline":"A\u00c7 KALMI\u015eTIM","datePublished":"2011-06-04T15:48:53+00:00","mainEntityOfPage":{"@id":"https:\/\/narteks.net\/index.php\/2011\/06\/04\/ac-kalmistim\/"},"wordCount":148,"commentCount":0,"publisher":{"@id":"https:\/\/narteks.net\/#organization"},"articleSection":["Emily D\u0130CK\u0130NSON"],"inLanguage":"tr","potentialAction":[{"@type":"CommentAction","name":"Comment","target":["https:\/\/narteks.net\/index.php\/2011\/06\/04\/ac-kalmistim\/#respond"]}]},{"@type":"WebPage","@id":"https:\/\/narteks.net\/index.php\/2011\/06\/04\/ac-kalmistim\/","url":"https:\/\/narteks.net\/index.php\/2011\/06\/04\/ac-kalmistim\/","name":"A\u00c7 KALMI\u015eTIM - narteks.net","isPartOf":{"@id":"https:\/\/narteks.net\/#website"},"datePublished":"2011-06-04T15:48:53+00:00","breadcrumb":{"@id":"https:\/\/narteks.net\/index.php\/2011\/06\/04\/ac-kalmistim\/#breadcrumb"},"inLanguage":"tr","potentialAction":[{"@type":"ReadAction","target":["https:\/\/narteks.net\/index.php\/2011\/06\/04\/ac-kalmistim\/"]}]},{"@type":"BreadcrumbList","@id":"https:\/\/narteks.net\/index.php\/2011\/06\/04\/ac-kalmistim\/#breadcrumb","itemListElement":[{"@type":"ListItem","position":1,"name":"Anasayfa","item":"https:\/\/narteks.net\/"},{"@type":"ListItem","position":2,"name":"A\u00c7 KALMI\u015eTIM"}]},{"@type":"WebSite","@id":"https:\/\/narteks.net\/#website","url":"https:\/\/narteks.net\/","name":"narteks.net","description":"K\u00fclt\u00fcr Sanat Edebiyat Felsefe","publisher":{"@id":"https:\/\/narteks.net\/#organization"},"alternateName":"K\u00fclt\u00fcr Sanat Edebiyat Felsefe","potentialAction":[{"@type":"SearchAction","target":{"@type":"EntryPoint","urlTemplate":"https:\/\/narteks.net\/?s={search_term_string}"},"query-input":{"@type":"PropertyValueSpecification","valueRequired":true,"valueName":"search_term_string"}}],"inLanguage":"tr"},{"@type":"Organization","@id":"https:\/\/narteks.net\/#organization","name":"narteks.net","url":"https:\/\/narteks.net\/","logo":{"@type":"ImageObject","inLanguage":"tr","@id":"https:\/\/narteks.net\/#\/schema\/logo\/image\/","url":"https:\/\/narteks.net\/wp-content\/uploads\/narteks.png","contentUrl":"https:\/\/narteks.net\/wp-content\/uploads\/narteks.png","width":300,"height":90,"caption":"narteks.net"},"image":{"@id":"https:\/\/narteks.net\/#\/schema\/logo\/image\/"},"sameAs":["https:\/\/x.com\/narteks","https:\/\/instagram.com\/narteksnet"]},{"@type":"Person","@id":"https:\/\/narteks.net\/#\/schema\/person\/61f37d9834294b72d31d274e7ed79bca","name":"Tar\u0131k","image":{"@type":"ImageObject","inLanguage":"tr","@id":"https:\/\/narteks.net\/#\/schema\/person\/image\/","url":"https:\/\/secure.gravatar.com\/avatar\/50865afb55632c4ae467e0af0930f6510aa2297d8014be502a55b14f3b7550cf?s=96&d=mm&r=g","contentUrl":"https:\/\/secure.gravatar.com\/avatar\/50865afb55632c4ae467e0af0930f6510aa2297d8014be502a55b14f3b7550cf?s=96&d=mm&r=g","caption":"Tar\u0131k"},"sameAs":["http:\/\/narteks.net"],"url":"https:\/\/narteks.net\/index.php\/author\/narbak\/"}]}},"_links":{"self":[{"href":"https:\/\/narteks.net\/index.php\/wp-json\/wp\/v2\/posts\/6259","targetHints":{"allow":["GET"]}}],"collection":[{"href":"https:\/\/narteks.net\/index.php\/wp-json\/wp\/v2\/posts"}],"about":[{"href":"https:\/\/narteks.net\/index.php\/wp-json\/wp\/v2\/types\/post"}],"author":[{"embeddable":true,"href":"https:\/\/narteks.net\/index.php\/wp-json\/wp\/v2\/users\/1"}],"replies":[{"embeddable":true,"href":"https:\/\/narteks.net\/index.php\/wp-json\/wp\/v2\/comments?post=6259"}],"version-history":[{"count":0,"href":"https:\/\/narteks.net\/index.php\/wp-json\/wp\/v2\/posts\/6259\/revisions"}],"wp:attachment":[{"href":"https:\/\/narteks.net\/index.php\/wp-json\/wp\/v2\/media?parent=6259"}],"wp:term":[{"taxonomy":"category","embeddable":true,"href":"https:\/\/narteks.net\/index.php\/wp-json\/wp\/v2\/categories?post=6259"},{"taxonomy":"post_tag","embeddable":true,"href":"https:\/\/narteks.net\/index.php\/wp-json\/wp\/v2\/tags?post=6259"}],"curies":[{"name":"wp","href":"https:\/\/api.w.org\/{rel}","templated":true}]}}