{"id":6276,"date":"2011-06-04T19:26:28","date_gmt":"2011-06-04T16:26:28","guid":{"rendered":"http:\/\/localhost\/wordpress\/2011\/06\/04\/eger-geliyor-olsaydin-sonbaharda\/"},"modified":"2011-06-04T19:26:28","modified_gmt":"2011-06-04T16:26:28","slug":"eger-geliyor-olsaydin-sonbaharda","status":"publish","type":"post","link":"https:\/\/narteks.net\/index.php\/2011\/06\/04\/eger-geliyor-olsaydin-sonbaharda\/","title":{"rendered":"E\u011eER GEL\u0130YOR OLSAYDIN SONBAHARDA"},"content":{"rendered":"<p>\u00a0<\/p>\n<p>E\u011fer geliyor olsayd\u0131n sonbaharda<br \/>Hafi\u00e7e dokunup ge\u00e7erdim yaz\u0131<br \/>Yar\u0131m bir g\u00fcl\u00fc\u015f ve yar\u0131m bir burun k\u0131v\u0131rmas\u0131yla<br \/>Ev han\u0131mlar\u0131n\u0131n bir sine\u011fe yapt\u0131klar\u0131 gibi.<\/p>\n<p>E\u011fer g\u00f6rebilseydim seni bir y\u0131lda<br \/>Aylar\u0131 d\u00f6nd\u00fcr\u00fcrd\u00fcm toplarda<br \/>Ve ayr\u0131 \u00e7ekmecelere koyard\u0131m onlar\u0131<br \/>Gelinceye kadar zamanlar\u0131.<\/p>\n<p>Geciktirseydi yaln\u0131z y\u00fczy\u0131llar<br \/>Sayard\u0131m onlar\u0131 ellerimin \u00fcst\u00fcnde<br \/>Eksilterek parmaklar\u0131m d\u00fc\u015f\u00fcnceye kadar<br \/>Ven Diymen\u2019in \u00fclkesinin i\u00e7ine.<\/p>\n<p>Kesin olsayd\u0131 e\u011fer s\u00f6nd\u00fcr\u00fclen bu hayat\u0131n<br \/>Seninkisi ve benimkisi oldu\u011fu<br \/>Hayat\u0131 \u00f6teye atard\u0131m bir meyve kabu\u011fu gibi<br \/>Ve sonsuzlu\u011fun tad\u0131na bakard\u0131m.<\/p>\n<p>Fakat \u015fimdi bilgisiz b\u00fct\u00fcn\u00fcyle uzunluktan,<br \/>Saatlerin karars\u0131z kanad\u0131ndan,<br \/>D\u00fcrter beni o gulyabani ar\u0131 gibi<br \/>\u00d6nceden haber vermeyen i\u011fnesini!<\/p>\n<p>Emily D\u0130CK\u0130NSON<\/p>\n<p>\u00c7eviren: Vehbi Ta\u015far<\/p>\n","protected":false},"excerpt":{"rendered":"<p>\u00a0 E\u011fer geliyor olsayd\u0131n sonbahardaHafi\u00e7e dokunup ge\u00e7erdim yaz\u0131Yar\u0131m bir g\u00fcl\u00fc\u015f ve yar\u0131m bir burun k\u0131v\u0131rmas\u0131ylaEv han\u0131mlar\u0131n\u0131n bir sine\u011fe yapt\u0131klar\u0131 gibi. E\u011fer g\u00f6rebilseydim seni bir y\u0131ldaAylar\u0131 d\u00f6nd\u00fcr\u00fcrd\u00fcm toplardaVe ayr\u0131 \u00e7ekmecelere koyard\u0131m onlar\u0131Gelinceye kadar zamanlar\u0131. Geciktirseydi yaln\u0131z y\u00fczy\u0131llarSayard\u0131m onlar\u0131 ellerimin \u00fcst\u00fcndeEksilterek parmaklar\u0131m d\u00fc\u015f\u00fcnceye kadarVen Diymen\u2019in \u00fclkesinin i\u00e7ine. Kesin olsayd\u0131 e\u011fer s\u00f6nd\u00fcr\u00fclen bu hayat\u0131nSeninkisi ve benimkisi oldu\u011fuHayat\u0131 \u00f6teye [&hellip;]<\/p>\n","protected":false},"author":1,"featured_media":0,"comment_status":"open","ping_status":"open","sticky":false,"template":"","format":"standard","meta":{"footnotes":""},"categories":[190],"tags":[],"class_list":{"0":"post-6276","1":"post","2":"type-post","3":"status-publish","4":"format-standard","6":"category-emily-dickinson"},"yoast_head":"<!-- This site is optimized with the Yoast SEO Premium plugin v24.9 (Yoast SEO v24.9) - https:\/\/yoast.com\/wordpress\/plugins\/seo\/ -->\n<title>E\u011eER GEL\u0130YOR OLSAYDIN SONBAHARDA - narteks.net<\/title>\n<meta name=\"robots\" content=\"index, follow, max-snippet:-1, max-image-preview:large, max-video-preview:-1\" \/>\n<link rel=\"canonical\" href=\"https:\/\/narteks.net\/index.php\/2011\/06\/04\/eger-geliyor-olsaydin-sonbaharda\/\" \/>\n<meta property=\"og:locale\" content=\"tr_TR\" \/>\n<meta property=\"og:type\" content=\"article\" \/>\n<meta property=\"og:title\" content=\"E\u011eER GEL\u0130YOR OLSAYDIN SONBAHARDA\" \/>\n<meta property=\"og:description\" content=\"\u00a0 E\u011fer geliyor olsayd\u0131n sonbahardaHafi\u00e7e dokunup ge\u00e7erdim yaz\u0131Yar\u0131m bir g\u00fcl\u00fc\u015f ve yar\u0131m bir burun k\u0131v\u0131rmas\u0131ylaEv han\u0131mlar\u0131n\u0131n bir sine\u011fe yapt\u0131klar\u0131 gibi. E\u011fer g\u00f6rebilseydim seni bir y\u0131ldaAylar\u0131 d\u00f6nd\u00fcr\u00fcrd\u00fcm toplardaVe ayr\u0131 \u00e7ekmecelere koyard\u0131m onlar\u0131Gelinceye kadar zamanlar\u0131. Geciktirseydi yaln\u0131z y\u00fczy\u0131llarSayard\u0131m onlar\u0131 ellerimin \u00fcst\u00fcndeEksilterek parmaklar\u0131m d\u00fc\u015f\u00fcnceye kadarVen Diymen\u2019in \u00fclkesinin i\u00e7ine. Kesin olsayd\u0131 e\u011fer s\u00f6nd\u00fcr\u00fclen bu hayat\u0131nSeninkisi ve benimkisi oldu\u011fuHayat\u0131 \u00f6teye [&hellip;]\" \/>\n<meta property=\"og:url\" content=\"https:\/\/narteks.net\/index.php\/2011\/06\/04\/eger-geliyor-olsaydin-sonbaharda\/\" \/>\n<meta property=\"og:site_name\" content=\"narteks.net\" \/>\n<meta property=\"article:published_time\" content=\"2011-06-04T16:26:28+00:00\" \/>\n<meta property=\"og:image\" content=\"https:\/\/narteks.net\/wp-content\/uploads\/narteks.png\" \/>\n\t<meta property=\"og:image:width\" content=\"300\" \/>\n\t<meta property=\"og:image:height\" content=\"90\" \/>\n\t<meta property=\"og:image:type\" content=\"image\/png\" \/>\n<meta name=\"author\" content=\"Tar\u0131k\" \/>\n<meta name=\"twitter:card\" content=\"summary_large_image\" \/>\n<meta name=\"twitter:creator\" content=\"@narteks\" \/>\n<meta name=\"twitter:site\" content=\"@narteks\" \/>\n<meta name=\"twitter:label1\" content=\"Yazan:\" \/>\n\t<meta name=\"twitter:data1\" content=\"Tar\u0131k\" \/>\n\t<meta name=\"twitter:label2\" content=\"Tahmini okuma s\u00fcresi\" \/>\n\t<meta name=\"twitter:data2\" content=\"1 dakika\" \/>\n<script type=\"application\/ld+json\" class=\"yoast-schema-graph\">{\"@context\":\"https:\/\/schema.org\",\"@graph\":[{\"@type\":\"Article\",\"@id\":\"https:\/\/narteks.net\/index.php\/2011\/06\/04\/eger-geliyor-olsaydin-sonbaharda\/#article\",\"isPartOf\":{\"@id\":\"https:\/\/narteks.net\/index.php\/2011\/06\/04\/eger-geliyor-olsaydin-sonbaharda\/\"},\"author\":{\"name\":\"Tar\u0131k\",\"@id\":\"https:\/\/narteks.net\/#\/schema\/person\/61f37d9834294b72d31d274e7ed79bca\"},\"headline\":\"E\u011eER GEL\u0130YOR OLSAYDIN SONBAHARDA\",\"datePublished\":\"2011-06-04T16:26:28+00:00\",\"mainEntityOfPage\":{\"@id\":\"https:\/\/narteks.net\/index.php\/2011\/06\/04\/eger-geliyor-olsaydin-sonbaharda\/\"},\"wordCount\":146,\"commentCount\":0,\"publisher\":{\"@id\":\"https:\/\/narteks.net\/#organization\"},\"articleSection\":[\"Emily D\u0130CK\u0130NSON\"],\"inLanguage\":\"tr\",\"potentialAction\":[{\"@type\":\"CommentAction\",\"name\":\"Comment\",\"target\":[\"https:\/\/narteks.net\/index.php\/2011\/06\/04\/eger-geliyor-olsaydin-sonbaharda\/#respond\"]}]},{\"@type\":\"WebPage\",\"@id\":\"https:\/\/narteks.net\/index.php\/2011\/06\/04\/eger-geliyor-olsaydin-sonbaharda\/\",\"url\":\"https:\/\/narteks.net\/index.php\/2011\/06\/04\/eger-geliyor-olsaydin-sonbaharda\/\",\"name\":\"E\u011eER GEL\u0130YOR OLSAYDIN SONBAHARDA - narteks.net\",\"isPartOf\":{\"@id\":\"https:\/\/narteks.net\/#website\"},\"datePublished\":\"2011-06-04T16:26:28+00:00\",\"breadcrumb\":{\"@id\":\"https:\/\/narteks.net\/index.php\/2011\/06\/04\/eger-geliyor-olsaydin-sonbaharda\/#breadcrumb\"},\"inLanguage\":\"tr\",\"potentialAction\":[{\"@type\":\"ReadAction\",\"target\":[\"https:\/\/narteks.net\/index.php\/2011\/06\/04\/eger-geliyor-olsaydin-sonbaharda\/\"]}]},{\"@type\":\"BreadcrumbList\",\"@id\":\"https:\/\/narteks.net\/index.php\/2011\/06\/04\/eger-geliyor-olsaydin-sonbaharda\/#breadcrumb\",\"itemListElement\":[{\"@type\":\"ListItem\",\"position\":1,\"name\":\"Anasayfa\",\"item\":\"https:\/\/narteks.net\/\"},{\"@type\":\"ListItem\",\"position\":2,\"name\":\"E\u011eER GEL\u0130YOR OLSAYDIN SONBAHARDA\"}]},{\"@type\":\"WebSite\",\"@id\":\"https:\/\/narteks.net\/#website\",\"url\":\"https:\/\/narteks.net\/\",\"name\":\"narteks.net\",\"description\":\"K\u00fclt\u00fcr Sanat Edebiyat Felsefe\",\"publisher\":{\"@id\":\"https:\/\/narteks.net\/#organization\"},\"alternateName\":\"K\u00fclt\u00fcr Sanat Edebiyat Felsefe\",\"potentialAction\":[{\"@type\":\"SearchAction\",\"target\":{\"@type\":\"EntryPoint\",\"urlTemplate\":\"https:\/\/narteks.net\/?s={search_term_string}\"},\"query-input\":{\"@type\":\"PropertyValueSpecification\",\"valueRequired\":true,\"valueName\":\"search_term_string\"}}],\"inLanguage\":\"tr\"},{\"@type\":\"Organization\",\"@id\":\"https:\/\/narteks.net\/#organization\",\"name\":\"narteks.net\",\"url\":\"https:\/\/narteks.net\/\",\"logo\":{\"@type\":\"ImageObject\",\"inLanguage\":\"tr\",\"@id\":\"https:\/\/narteks.net\/#\/schema\/logo\/image\/\",\"url\":\"https:\/\/narteks.net\/wp-content\/uploads\/narteks.png\",\"contentUrl\":\"https:\/\/narteks.net\/wp-content\/uploads\/narteks.png\",\"width\":300,\"height\":90,\"caption\":\"narteks.net\"},\"image\":{\"@id\":\"https:\/\/narteks.net\/#\/schema\/logo\/image\/\"},\"sameAs\":[\"https:\/\/x.com\/narteks\",\"https:\/\/instagram.com\/narteksnet\"]},{\"@type\":\"Person\",\"@id\":\"https:\/\/narteks.net\/#\/schema\/person\/61f37d9834294b72d31d274e7ed79bca\",\"name\":\"Tar\u0131k\",\"image\":{\"@type\":\"ImageObject\",\"inLanguage\":\"tr\",\"@id\":\"https:\/\/narteks.net\/#\/schema\/person\/image\/\",\"url\":\"https:\/\/secure.gravatar.com\/avatar\/50865afb55632c4ae467e0af0930f6510aa2297d8014be502a55b14f3b7550cf?s=96&d=mm&r=g\",\"contentUrl\":\"https:\/\/secure.gravatar.com\/avatar\/50865afb55632c4ae467e0af0930f6510aa2297d8014be502a55b14f3b7550cf?s=96&d=mm&r=g\",\"caption\":\"Tar\u0131k\"},\"sameAs\":[\"http:\/\/narteks.net\"],\"url\":\"https:\/\/narteks.net\/index.php\/author\/narbak\/\"}]}<\/script>\n<!-- \/ Yoast SEO Premium plugin. -->","yoast_head_json":{"title":"E\u011eER GEL\u0130YOR OLSAYDIN SONBAHARDA - narteks.net","robots":{"index":"index","follow":"follow","max-snippet":"max-snippet:-1","max-image-preview":"max-image-preview:large","max-video-preview":"max-video-preview:-1"},"canonical":"https:\/\/narteks.net\/index.php\/2011\/06\/04\/eger-geliyor-olsaydin-sonbaharda\/","og_locale":"tr_TR","og_type":"article","og_title":"E\u011eER GEL\u0130YOR OLSAYDIN SONBAHARDA","og_description":"\u00a0 E\u011fer geliyor olsayd\u0131n sonbahardaHafi\u00e7e dokunup ge\u00e7erdim yaz\u0131Yar\u0131m bir g\u00fcl\u00fc\u015f ve yar\u0131m bir burun k\u0131v\u0131rmas\u0131ylaEv han\u0131mlar\u0131n\u0131n bir sine\u011fe yapt\u0131klar\u0131 gibi. E\u011fer g\u00f6rebilseydim seni bir y\u0131ldaAylar\u0131 d\u00f6nd\u00fcr\u00fcrd\u00fcm toplardaVe ayr\u0131 \u00e7ekmecelere koyard\u0131m onlar\u0131Gelinceye kadar zamanlar\u0131. Geciktirseydi yaln\u0131z y\u00fczy\u0131llarSayard\u0131m onlar\u0131 ellerimin \u00fcst\u00fcndeEksilterek parmaklar\u0131m d\u00fc\u015f\u00fcnceye kadarVen Diymen\u2019in \u00fclkesinin i\u00e7ine. Kesin olsayd\u0131 e\u011fer s\u00f6nd\u00fcr\u00fclen bu hayat\u0131nSeninkisi ve benimkisi oldu\u011fuHayat\u0131 \u00f6teye [&hellip;]","og_url":"https:\/\/narteks.net\/index.php\/2011\/06\/04\/eger-geliyor-olsaydin-sonbaharda\/","og_site_name":"narteks.net","article_published_time":"2011-06-04T16:26:28+00:00","og_image":[{"width":300,"height":90,"url":"https:\/\/narteks.net\/wp-content\/uploads\/narteks.png","type":"image\/png"}],"author":"Tar\u0131k","twitter_card":"summary_large_image","twitter_creator":"@narteks","twitter_site":"@narteks","twitter_misc":{"Yazan:":"Tar\u0131k","Tahmini okuma s\u00fcresi":"1 dakika"},"schema":{"@context":"https:\/\/schema.org","@graph":[{"@type":"Article","@id":"https:\/\/narteks.net\/index.php\/2011\/06\/04\/eger-geliyor-olsaydin-sonbaharda\/#article","isPartOf":{"@id":"https:\/\/narteks.net\/index.php\/2011\/06\/04\/eger-geliyor-olsaydin-sonbaharda\/"},"author":{"name":"Tar\u0131k","@id":"https:\/\/narteks.net\/#\/schema\/person\/61f37d9834294b72d31d274e7ed79bca"},"headline":"E\u011eER GEL\u0130YOR OLSAYDIN SONBAHARDA","datePublished":"2011-06-04T16:26:28+00:00","mainEntityOfPage":{"@id":"https:\/\/narteks.net\/index.php\/2011\/06\/04\/eger-geliyor-olsaydin-sonbaharda\/"},"wordCount":146,"commentCount":0,"publisher":{"@id":"https:\/\/narteks.net\/#organization"},"articleSection":["Emily D\u0130CK\u0130NSON"],"inLanguage":"tr","potentialAction":[{"@type":"CommentAction","name":"Comment","target":["https:\/\/narteks.net\/index.php\/2011\/06\/04\/eger-geliyor-olsaydin-sonbaharda\/#respond"]}]},{"@type":"WebPage","@id":"https:\/\/narteks.net\/index.php\/2011\/06\/04\/eger-geliyor-olsaydin-sonbaharda\/","url":"https:\/\/narteks.net\/index.php\/2011\/06\/04\/eger-geliyor-olsaydin-sonbaharda\/","name":"E\u011eER GEL\u0130YOR OLSAYDIN SONBAHARDA - narteks.net","isPartOf":{"@id":"https:\/\/narteks.net\/#website"},"datePublished":"2011-06-04T16:26:28+00:00","breadcrumb":{"@id":"https:\/\/narteks.net\/index.php\/2011\/06\/04\/eger-geliyor-olsaydin-sonbaharda\/#breadcrumb"},"inLanguage":"tr","potentialAction":[{"@type":"ReadAction","target":["https:\/\/narteks.net\/index.php\/2011\/06\/04\/eger-geliyor-olsaydin-sonbaharda\/"]}]},{"@type":"BreadcrumbList","@id":"https:\/\/narteks.net\/index.php\/2011\/06\/04\/eger-geliyor-olsaydin-sonbaharda\/#breadcrumb","itemListElement":[{"@type":"ListItem","position":1,"name":"Anasayfa","item":"https:\/\/narteks.net\/"},{"@type":"ListItem","position":2,"name":"E\u011eER GEL\u0130YOR OLSAYDIN SONBAHARDA"}]},{"@type":"WebSite","@id":"https:\/\/narteks.net\/#website","url":"https:\/\/narteks.net\/","name":"narteks.net","description":"K\u00fclt\u00fcr Sanat Edebiyat Felsefe","publisher":{"@id":"https:\/\/narteks.net\/#organization"},"alternateName":"K\u00fclt\u00fcr Sanat Edebiyat Felsefe","potentialAction":[{"@type":"SearchAction","target":{"@type":"EntryPoint","urlTemplate":"https:\/\/narteks.net\/?s={search_term_string}"},"query-input":{"@type":"PropertyValueSpecification","valueRequired":true,"valueName":"search_term_string"}}],"inLanguage":"tr"},{"@type":"Organization","@id":"https:\/\/narteks.net\/#organization","name":"narteks.net","url":"https:\/\/narteks.net\/","logo":{"@type":"ImageObject","inLanguage":"tr","@id":"https:\/\/narteks.net\/#\/schema\/logo\/image\/","url":"https:\/\/narteks.net\/wp-content\/uploads\/narteks.png","contentUrl":"https:\/\/narteks.net\/wp-content\/uploads\/narteks.png","width":300,"height":90,"caption":"narteks.net"},"image":{"@id":"https:\/\/narteks.net\/#\/schema\/logo\/image\/"},"sameAs":["https:\/\/x.com\/narteks","https:\/\/instagram.com\/narteksnet"]},{"@type":"Person","@id":"https:\/\/narteks.net\/#\/schema\/person\/61f37d9834294b72d31d274e7ed79bca","name":"Tar\u0131k","image":{"@type":"ImageObject","inLanguage":"tr","@id":"https:\/\/narteks.net\/#\/schema\/person\/image\/","url":"https:\/\/secure.gravatar.com\/avatar\/50865afb55632c4ae467e0af0930f6510aa2297d8014be502a55b14f3b7550cf?s=96&d=mm&r=g","contentUrl":"https:\/\/secure.gravatar.com\/avatar\/50865afb55632c4ae467e0af0930f6510aa2297d8014be502a55b14f3b7550cf?s=96&d=mm&r=g","caption":"Tar\u0131k"},"sameAs":["http:\/\/narteks.net"],"url":"https:\/\/narteks.net\/index.php\/author\/narbak\/"}]}},"_links":{"self":[{"href":"https:\/\/narteks.net\/index.php\/wp-json\/wp\/v2\/posts\/6276","targetHints":{"allow":["GET"]}}],"collection":[{"href":"https:\/\/narteks.net\/index.php\/wp-json\/wp\/v2\/posts"}],"about":[{"href":"https:\/\/narteks.net\/index.php\/wp-json\/wp\/v2\/types\/post"}],"author":[{"embeddable":true,"href":"https:\/\/narteks.net\/index.php\/wp-json\/wp\/v2\/users\/1"}],"replies":[{"embeddable":true,"href":"https:\/\/narteks.net\/index.php\/wp-json\/wp\/v2\/comments?post=6276"}],"version-history":[{"count":0,"href":"https:\/\/narteks.net\/index.php\/wp-json\/wp\/v2\/posts\/6276\/revisions"}],"wp:attachment":[{"href":"https:\/\/narteks.net\/index.php\/wp-json\/wp\/v2\/media?parent=6276"}],"wp:term":[{"taxonomy":"category","embeddable":true,"href":"https:\/\/narteks.net\/index.php\/wp-json\/wp\/v2\/categories?post=6276"},{"taxonomy":"post_tag","embeddable":true,"href":"https:\/\/narteks.net\/index.php\/wp-json\/wp\/v2\/tags?post=6276"}],"curies":[{"name":"wp","href":"https:\/\/api.w.org\/{rel}","templated":true}]}}