{"id":629,"date":"2009-04-16T10:01:02","date_gmt":"2009-04-16T07:01:02","guid":{"rendered":"http:\/\/localhost\/wordpress\/2009\/04\/16\/uvercinka\/"},"modified":"2009-04-16T10:01:02","modified_gmt":"2009-04-16T07:01:02","slug":"uvercinka","status":"publish","type":"post","link":"https:\/\/narteks.net\/index.php\/2009\/04\/16\/uvercinka\/","title":{"rendered":"\u00dcVERC\u0130NKA"},"content":{"rendered":"<p>\u00a0<\/p>\n<p>B\u00f6ylece bir kere daha boynunlay\u0131z say\u0131l\u0131 yerlerinden<br \/> En uzun boynun bu senin dayanmaya ya da umudu kesmemeye<br \/> Laleli&#8217;den d\u00fcnyaya do\u011fru giden bir tramvayday\u0131z <br \/> Birden nas\u0131l oluyor sen y\u00fcre\u011fimi elliyorsun<br \/> Ama nas\u0131l oluyor sen y\u00fcre\u011fimi eller ellemez<br \/> Sevi\u015fmek bir kere daha y\u00fcr\u00fcrl\u00fc\u011fe giriyor<br \/> B\u00fct\u00fcn kara par\u00e7alar\u0131nda<br \/> Afrika dahil<\/p>\n<p> Ayd\u0131nca d\u00fc\u015f\u00fcnmeyi iyi biliyorsun eksik olma<br \/> Yatakta yatmay\u0131 bildi\u011fin kadar<br \/> Say\u0131n Tanr\u0131ya kalsa seninle yatmak g\u00fcnah daha neler<br \/> Bo\u015funaym\u0131\u015f gibi bunca uzamas\u0131 sa\u00e7lar\u0131n\u0131n <br \/> Ben b\u00f6yle canl\u0131 sa\u00e7 g\u00f6rmedim \u00f6mr\u00fcmde<br \/> Her telinin i\u00e7inde ayr\u0131 bir kalp \u00e7arp\u0131yor<br \/> B\u00fct\u00fcn kara par\u00e7alar\u0131 i\u00e7in <br \/> Afrika dahil<\/p>\n<p> Senin bir havan var beni as\u0131l saran o<br \/> Onunla daha bir de\u011fere biniyor soluk almak<br \/> Sabahlar\u0131 ac\u0131kt\u0131\u011f\u0131 i\u00e7in hakl\u0131 <br \/> G\u00fcn\u00fcn\u00fc kazan\u0131p kurtard\u0131 diye g\u00fczel<br \/> Bir \u00e7ok \u00e7i\u00e7ek adlar\u0131 gibi g\u00fczel<br \/> En tan\u0131nm\u0131\u015f k\u0131rm\u0131z\u0131larla a\u00e7an<br \/> B\u00fct\u00fcn kara par\u00e7alar\u0131nda<br \/> Afrika dahil<\/p>\n<p> Birlikte m\u0131sralar d\u00fc\u015f\u00fcr\u00fcyoruz ama iyi ama k\u00f6t\u00fc<br \/> Boynun diyorum boynunu benim kadar kimse de\u011ferlendiremez<br \/> Bir m\u0131sra daha s\u00f6ylesek sanki her \u015fey d\u00fczelecek<br \/> \u0130ki ad\u0131m daha atm\u0131yoruz bizi tutuyorlar<br \/> B\u00f6ylece bizi bir kere daha tutup kur\u015funa diziyorlar<br \/> Zaten bizi her g\u00fcn sabahtan ak\u015fama kadar kur\u015funa diziyorlar<br \/> B\u00fct\u00fcn kara par\u00e7alar\u0131nda<br \/> Afrika dahil<\/p>\n<p> Burda senin cesaretinden laf a\u00e7man\u0131n tam da s\u0131ras\u0131<br \/> Kalabal\u0131k caddelerde h\u00fcrl\u00fc\u011f\u00fcn \u015fark\u0131s\u0131na kat\u0131l\u0131rkenki<br \/> Padi\u015fah gibi cesaretti o al\u0131ml\u0131 de\u011fme kad\u0131nda yok<br \/> Akl\u0131ma kadeh tutu\u015flar\u0131n geliyor<br \/> \u00c7i\u00e7ek Pasaj\u0131&#8217;nda ak\u015fam \u00fcstleri<br \/> As\u0131l yoksulluk ondan sonra ba\u015fl\u0131yor<br \/> B\u00fct\u00fcn kara par\u00e7alar\u0131nda<br \/> Afrika hari\u00e7 de\u011fil<\/p>\n<p>Cemal S\u00dcREYA<\/p>\n","protected":false},"excerpt":{"rendered":"<p>\u00a0 B\u00f6ylece bir kere daha boynunlay\u0131z say\u0131l\u0131 yerlerinden En uzun boynun bu senin dayanmaya ya da umudu kesmemeye Laleli&#8217;den d\u00fcnyaya do\u011fru giden bir tramvayday\u0131z Birden nas\u0131l oluyor sen y\u00fcre\u011fimi elliyorsun Ama nas\u0131l oluyor sen y\u00fcre\u011fimi eller ellemez Sevi\u015fmek bir kere daha y\u00fcr\u00fcrl\u00fc\u011fe giriyor B\u00fct\u00fcn kara par\u00e7alar\u0131nda Afrika dahil Ayd\u0131nca d\u00fc\u015f\u00fcnmeyi iyi biliyorsun eksik olma Yatakta [&hellip;]<\/p>\n","protected":false},"author":1,"featured_media":0,"comment_status":"open","ping_status":"open","sticky":false,"template":"","format":"standard","meta":{"footnotes":""},"categories":[17],"tags":[],"class_list":{"0":"post-629","1":"post","2":"type-post","3":"status-publish","4":"format-standard","6":"category-cemal-sureya"},"yoast_head":"<!-- This site is optimized with the Yoast SEO Premium plugin v24.9 (Yoast SEO v24.9) - https:\/\/yoast.com\/wordpress\/plugins\/seo\/ -->\n<title>\u00dcVERC\u0130NKA - narteks.net<\/title>\n<meta name=\"robots\" content=\"index, follow, max-snippet:-1, max-image-preview:large, max-video-preview:-1\" \/>\n<link rel=\"canonical\" href=\"https:\/\/narteks.net\/index.php\/2009\/04\/16\/uvercinka\/\" \/>\n<meta property=\"og:locale\" content=\"tr_TR\" \/>\n<meta property=\"og:type\" content=\"article\" \/>\n<meta property=\"og:title\" content=\"\u00dcVERC\u0130NKA\" \/>\n<meta property=\"og:description\" content=\"\u00a0 B\u00f6ylece bir kere daha boynunlay\u0131z say\u0131l\u0131 yerlerinden En uzun boynun bu senin dayanmaya ya da umudu kesmemeye Laleli&#8217;den d\u00fcnyaya do\u011fru giden bir tramvayday\u0131z Birden nas\u0131l oluyor sen y\u00fcre\u011fimi elliyorsun Ama nas\u0131l oluyor sen y\u00fcre\u011fimi eller ellemez Sevi\u015fmek bir kere daha y\u00fcr\u00fcrl\u00fc\u011fe giriyor B\u00fct\u00fcn kara par\u00e7alar\u0131nda Afrika dahil Ayd\u0131nca d\u00fc\u015f\u00fcnmeyi iyi biliyorsun eksik olma Yatakta [&hellip;]\" \/>\n<meta property=\"og:url\" content=\"https:\/\/narteks.net\/index.php\/2009\/04\/16\/uvercinka\/\" \/>\n<meta property=\"og:site_name\" content=\"narteks.net\" \/>\n<meta property=\"article:published_time\" content=\"2009-04-16T07:01:02+00:00\" \/>\n<meta property=\"og:image\" content=\"https:\/\/narteks.net\/wp-content\/uploads\/narteks.png\" \/>\n\t<meta property=\"og:image:width\" content=\"300\" \/>\n\t<meta property=\"og:image:height\" content=\"90\" \/>\n\t<meta property=\"og:image:type\" content=\"image\/png\" \/>\n<meta name=\"author\" content=\"Tar\u0131k\" \/>\n<meta name=\"twitter:card\" content=\"summary_large_image\" \/>\n<meta name=\"twitter:creator\" content=\"@narteks\" \/>\n<meta name=\"twitter:site\" content=\"@narteks\" \/>\n<meta name=\"twitter:label1\" content=\"Yazan:\" \/>\n\t<meta name=\"twitter:data1\" content=\"Tar\u0131k\" \/>\n\t<meta name=\"twitter:label2\" content=\"Tahmini okuma s\u00fcresi\" \/>\n\t<meta name=\"twitter:data2\" content=\"2 dakika\" \/>\n<script type=\"application\/ld+json\" class=\"yoast-schema-graph\">{\"@context\":\"https:\/\/schema.org\",\"@graph\":[{\"@type\":\"Article\",\"@id\":\"https:\/\/narteks.net\/index.php\/2009\/04\/16\/uvercinka\/#article\",\"isPartOf\":{\"@id\":\"https:\/\/narteks.net\/index.php\/2009\/04\/16\/uvercinka\/\"},\"author\":{\"name\":\"Tar\u0131k\",\"@id\":\"https:\/\/narteks.net\/#\/schema\/person\/61f37d9834294b72d31d274e7ed79bca\"},\"headline\":\"\u00dcVERC\u0130NKA\",\"datePublished\":\"2009-04-16T07:01:02+00:00\",\"mainEntityOfPage\":{\"@id\":\"https:\/\/narteks.net\/index.php\/2009\/04\/16\/uvercinka\/\"},\"wordCount\":328,\"commentCount\":0,\"publisher\":{\"@id\":\"https:\/\/narteks.net\/#organization\"},\"articleSection\":[\"Cemal S\u00dcREYA\"],\"inLanguage\":\"tr\",\"potentialAction\":[{\"@type\":\"CommentAction\",\"name\":\"Comment\",\"target\":[\"https:\/\/narteks.net\/index.php\/2009\/04\/16\/uvercinka\/#respond\"]}]},{\"@type\":\"WebPage\",\"@id\":\"https:\/\/narteks.net\/index.php\/2009\/04\/16\/uvercinka\/\",\"url\":\"https:\/\/narteks.net\/index.php\/2009\/04\/16\/uvercinka\/\",\"name\":\"\u00dcVERC\u0130NKA - narteks.net\",\"isPartOf\":{\"@id\":\"https:\/\/narteks.net\/#website\"},\"datePublished\":\"2009-04-16T07:01:02+00:00\",\"breadcrumb\":{\"@id\":\"https:\/\/narteks.net\/index.php\/2009\/04\/16\/uvercinka\/#breadcrumb\"},\"inLanguage\":\"tr\",\"potentialAction\":[{\"@type\":\"ReadAction\",\"target\":[\"https:\/\/narteks.net\/index.php\/2009\/04\/16\/uvercinka\/\"]}]},{\"@type\":\"BreadcrumbList\",\"@id\":\"https:\/\/narteks.net\/index.php\/2009\/04\/16\/uvercinka\/#breadcrumb\",\"itemListElement\":[{\"@type\":\"ListItem\",\"position\":1,\"name\":\"Anasayfa\",\"item\":\"https:\/\/narteks.net\/\"},{\"@type\":\"ListItem\",\"position\":2,\"name\":\"\u00dcVERC\u0130NKA\"}]},{\"@type\":\"WebSite\",\"@id\":\"https:\/\/narteks.net\/#website\",\"url\":\"https:\/\/narteks.net\/\",\"name\":\"narteks.net\",\"description\":\"K\u00fclt\u00fcr Sanat Edebiyat Felsefe\",\"publisher\":{\"@id\":\"https:\/\/narteks.net\/#organization\"},\"alternateName\":\"K\u00fclt\u00fcr Sanat Edebiyat Felsefe\",\"potentialAction\":[{\"@type\":\"SearchAction\",\"target\":{\"@type\":\"EntryPoint\",\"urlTemplate\":\"https:\/\/narteks.net\/?s={search_term_string}\"},\"query-input\":{\"@type\":\"PropertyValueSpecification\",\"valueRequired\":true,\"valueName\":\"search_term_string\"}}],\"inLanguage\":\"tr\"},{\"@type\":\"Organization\",\"@id\":\"https:\/\/narteks.net\/#organization\",\"name\":\"narteks.net\",\"url\":\"https:\/\/narteks.net\/\",\"logo\":{\"@type\":\"ImageObject\",\"inLanguage\":\"tr\",\"@id\":\"https:\/\/narteks.net\/#\/schema\/logo\/image\/\",\"url\":\"https:\/\/narteks.net\/wp-content\/uploads\/narteks.png\",\"contentUrl\":\"https:\/\/narteks.net\/wp-content\/uploads\/narteks.png\",\"width\":300,\"height\":90,\"caption\":\"narteks.net\"},\"image\":{\"@id\":\"https:\/\/narteks.net\/#\/schema\/logo\/image\/\"},\"sameAs\":[\"https:\/\/x.com\/narteks\",\"https:\/\/instagram.com\/narteksnet\"]},{\"@type\":\"Person\",\"@id\":\"https:\/\/narteks.net\/#\/schema\/person\/61f37d9834294b72d31d274e7ed79bca\",\"name\":\"Tar\u0131k\",\"image\":{\"@type\":\"ImageObject\",\"inLanguage\":\"tr\",\"@id\":\"https:\/\/narteks.net\/#\/schema\/person\/image\/\",\"url\":\"https:\/\/secure.gravatar.com\/avatar\/50865afb55632c4ae467e0af0930f6510aa2297d8014be502a55b14f3b7550cf?s=96&d=mm&r=g\",\"contentUrl\":\"https:\/\/secure.gravatar.com\/avatar\/50865afb55632c4ae467e0af0930f6510aa2297d8014be502a55b14f3b7550cf?s=96&d=mm&r=g\",\"caption\":\"Tar\u0131k\"},\"sameAs\":[\"http:\/\/narteks.net\"],\"url\":\"https:\/\/narteks.net\/index.php\/author\/narbak\/\"}]}<\/script>\n<!-- \/ Yoast SEO Premium plugin. -->","yoast_head_json":{"title":"\u00dcVERC\u0130NKA - narteks.net","robots":{"index":"index","follow":"follow","max-snippet":"max-snippet:-1","max-image-preview":"max-image-preview:large","max-video-preview":"max-video-preview:-1"},"canonical":"https:\/\/narteks.net\/index.php\/2009\/04\/16\/uvercinka\/","og_locale":"tr_TR","og_type":"article","og_title":"\u00dcVERC\u0130NKA","og_description":"\u00a0 B\u00f6ylece bir kere daha boynunlay\u0131z say\u0131l\u0131 yerlerinden En uzun boynun bu senin dayanmaya ya da umudu kesmemeye Laleli&#8217;den d\u00fcnyaya do\u011fru giden bir tramvayday\u0131z Birden nas\u0131l oluyor sen y\u00fcre\u011fimi elliyorsun Ama nas\u0131l oluyor sen y\u00fcre\u011fimi eller ellemez Sevi\u015fmek bir kere daha y\u00fcr\u00fcrl\u00fc\u011fe giriyor B\u00fct\u00fcn kara par\u00e7alar\u0131nda Afrika dahil Ayd\u0131nca d\u00fc\u015f\u00fcnmeyi iyi biliyorsun eksik olma Yatakta [&hellip;]","og_url":"https:\/\/narteks.net\/index.php\/2009\/04\/16\/uvercinka\/","og_site_name":"narteks.net","article_published_time":"2009-04-16T07:01:02+00:00","og_image":[{"width":300,"height":90,"url":"https:\/\/narteks.net\/wp-content\/uploads\/narteks.png","type":"image\/png"}],"author":"Tar\u0131k","twitter_card":"summary_large_image","twitter_creator":"@narteks","twitter_site":"@narteks","twitter_misc":{"Yazan:":"Tar\u0131k","Tahmini okuma s\u00fcresi":"2 dakika"},"schema":{"@context":"https:\/\/schema.org","@graph":[{"@type":"Article","@id":"https:\/\/narteks.net\/index.php\/2009\/04\/16\/uvercinka\/#article","isPartOf":{"@id":"https:\/\/narteks.net\/index.php\/2009\/04\/16\/uvercinka\/"},"author":{"name":"Tar\u0131k","@id":"https:\/\/narteks.net\/#\/schema\/person\/61f37d9834294b72d31d274e7ed79bca"},"headline":"\u00dcVERC\u0130NKA","datePublished":"2009-04-16T07:01:02+00:00","mainEntityOfPage":{"@id":"https:\/\/narteks.net\/index.php\/2009\/04\/16\/uvercinka\/"},"wordCount":328,"commentCount":0,"publisher":{"@id":"https:\/\/narteks.net\/#organization"},"articleSection":["Cemal S\u00dcREYA"],"inLanguage":"tr","potentialAction":[{"@type":"CommentAction","name":"Comment","target":["https:\/\/narteks.net\/index.php\/2009\/04\/16\/uvercinka\/#respond"]}]},{"@type":"WebPage","@id":"https:\/\/narteks.net\/index.php\/2009\/04\/16\/uvercinka\/","url":"https:\/\/narteks.net\/index.php\/2009\/04\/16\/uvercinka\/","name":"\u00dcVERC\u0130NKA - narteks.net","isPartOf":{"@id":"https:\/\/narteks.net\/#website"},"datePublished":"2009-04-16T07:01:02+00:00","breadcrumb":{"@id":"https:\/\/narteks.net\/index.php\/2009\/04\/16\/uvercinka\/#breadcrumb"},"inLanguage":"tr","potentialAction":[{"@type":"ReadAction","target":["https:\/\/narteks.net\/index.php\/2009\/04\/16\/uvercinka\/"]}]},{"@type":"BreadcrumbList","@id":"https:\/\/narteks.net\/index.php\/2009\/04\/16\/uvercinka\/#breadcrumb","itemListElement":[{"@type":"ListItem","position":1,"name":"Anasayfa","item":"https:\/\/narteks.net\/"},{"@type":"ListItem","position":2,"name":"\u00dcVERC\u0130NKA"}]},{"@type":"WebSite","@id":"https:\/\/narteks.net\/#website","url":"https:\/\/narteks.net\/","name":"narteks.net","description":"K\u00fclt\u00fcr Sanat Edebiyat Felsefe","publisher":{"@id":"https:\/\/narteks.net\/#organization"},"alternateName":"K\u00fclt\u00fcr Sanat Edebiyat Felsefe","potentialAction":[{"@type":"SearchAction","target":{"@type":"EntryPoint","urlTemplate":"https:\/\/narteks.net\/?s={search_term_string}"},"query-input":{"@type":"PropertyValueSpecification","valueRequired":true,"valueName":"search_term_string"}}],"inLanguage":"tr"},{"@type":"Organization","@id":"https:\/\/narteks.net\/#organization","name":"narteks.net","url":"https:\/\/narteks.net\/","logo":{"@type":"ImageObject","inLanguage":"tr","@id":"https:\/\/narteks.net\/#\/schema\/logo\/image\/","url":"https:\/\/narteks.net\/wp-content\/uploads\/narteks.png","contentUrl":"https:\/\/narteks.net\/wp-content\/uploads\/narteks.png","width":300,"height":90,"caption":"narteks.net"},"image":{"@id":"https:\/\/narteks.net\/#\/schema\/logo\/image\/"},"sameAs":["https:\/\/x.com\/narteks","https:\/\/instagram.com\/narteksnet"]},{"@type":"Person","@id":"https:\/\/narteks.net\/#\/schema\/person\/61f37d9834294b72d31d274e7ed79bca","name":"Tar\u0131k","image":{"@type":"ImageObject","inLanguage":"tr","@id":"https:\/\/narteks.net\/#\/schema\/person\/image\/","url":"https:\/\/secure.gravatar.com\/avatar\/50865afb55632c4ae467e0af0930f6510aa2297d8014be502a55b14f3b7550cf?s=96&d=mm&r=g","contentUrl":"https:\/\/secure.gravatar.com\/avatar\/50865afb55632c4ae467e0af0930f6510aa2297d8014be502a55b14f3b7550cf?s=96&d=mm&r=g","caption":"Tar\u0131k"},"sameAs":["http:\/\/narteks.net"],"url":"https:\/\/narteks.net\/index.php\/author\/narbak\/"}]}},"_links":{"self":[{"href":"https:\/\/narteks.net\/index.php\/wp-json\/wp\/v2\/posts\/629","targetHints":{"allow":["GET"]}}],"collection":[{"href":"https:\/\/narteks.net\/index.php\/wp-json\/wp\/v2\/posts"}],"about":[{"href":"https:\/\/narteks.net\/index.php\/wp-json\/wp\/v2\/types\/post"}],"author":[{"embeddable":true,"href":"https:\/\/narteks.net\/index.php\/wp-json\/wp\/v2\/users\/1"}],"replies":[{"embeddable":true,"href":"https:\/\/narteks.net\/index.php\/wp-json\/wp\/v2\/comments?post=629"}],"version-history":[{"count":0,"href":"https:\/\/narteks.net\/index.php\/wp-json\/wp\/v2\/posts\/629\/revisions"}],"wp:attachment":[{"href":"https:\/\/narteks.net\/index.php\/wp-json\/wp\/v2\/media?parent=629"}],"wp:term":[{"taxonomy":"category","embeddable":true,"href":"https:\/\/narteks.net\/index.php\/wp-json\/wp\/v2\/categories?post=629"},{"taxonomy":"post_tag","embeddable":true,"href":"https:\/\/narteks.net\/index.php\/wp-json\/wp\/v2\/tags?post=629"}],"curies":[{"name":"wp","href":"https:\/\/api.w.org\/{rel}","templated":true}]}}