{"id":6308,"date":"2011-06-06T13:03:45","date_gmt":"2011-06-06T10:03:45","guid":{"rendered":"http:\/\/localhost\/wordpress\/2011\/06\/06\/ferah-ayini\/"},"modified":"2011-06-06T13:03:45","modified_gmt":"2011-06-06T10:03:45","slug":"ferah-ayini","status":"publish","type":"post","link":"https:\/\/narteks.net\/index.php\/2011\/06\/06\/ferah-ayini\/","title":{"rendered":"FERAH AY\u0130N\u0130"},"content":{"rendered":"<p>\u00a0<\/p>\n<p>D\u00fcnyan\u0131n bir yerinde, burada, <br \/> bir g\u00f6l \u00f6ylece duruyor. <br \/> Mavi eflatun bir sabah <br \/> D\u00fcnyan\u0131n bir yerinde <br \/> Kendini yava\u015f yava\u015f kuruyor. <br \/> Bir kad\u0131n, benden biraz k\u00fc\u00e7\u00fck, <br \/> Il\u0131k \u0131l\u0131k, bana d\u00fcnyay\u0131, <br \/> Sabah\u0131n hayretini anlat\u0131yor: <br \/> (Bir su \u015fiirinde ben, g\u00fcr\u00fcl g\u00fcr\u00fcl akan <br \/> a\u015fa\u011f\u0131 illermi\u015fim eskiden) <br \/> Bir kad\u0131n, benden biraz k\u00fc\u00e7\u00fck, <br \/> S\u0131\u00e7rayan su olsun mesela ad\u0131, <br \/> \u00dcst\u00fcmdeki sessiz \u00f6rt\u00fcye ya\u011f\u0131yor. <br \/> Burada, d\u00fcnyan\u0131n bir yerinde, <br \/> Bir g\u00f6l, \u00f6ylece duruyor, <br \/> Arkada da\u011flar var, onlar <br \/> daha da da\u011f daha da da\u011f diye <br \/> benim eflatunuma vuruyor. <\/p>\n<p> Bir \u015faman, burada, bir \u015faman davuluna <br \/> Sabah olana dek kay\u0131n\u0131n kederiyle vuruyor.<\/p>\n<p>Birhan KESK\u0130N<\/p>\n","protected":false},"excerpt":{"rendered":"<p>\u00a0 D\u00fcnyan\u0131n bir yerinde, burada, bir g\u00f6l \u00f6ylece duruyor. Mavi eflatun bir sabah D\u00fcnyan\u0131n bir yerinde Kendini yava\u015f yava\u015f kuruyor. Bir kad\u0131n, benden biraz k\u00fc\u00e7\u00fck, Il\u0131k \u0131l\u0131k, bana d\u00fcnyay\u0131, Sabah\u0131n hayretini anlat\u0131yor: (Bir su \u015fiirinde ben, g\u00fcr\u00fcl g\u00fcr\u00fcl akan a\u015fa\u011f\u0131 illermi\u015fim eskiden) Bir kad\u0131n, benden biraz k\u00fc\u00e7\u00fck, S\u0131\u00e7rayan su olsun mesela ad\u0131, \u00dcst\u00fcmdeki sessiz \u00f6rt\u00fcye [&hellip;]<\/p>\n","protected":false},"author":1,"featured_media":0,"comment_status":"open","ping_status":"open","sticky":false,"template":"","format":"standard","meta":{"footnotes":""},"categories":[70],"tags":[],"class_list":["post-6308","post","type-post","status-publish","format-standard","category-birhan-keskin"],"yoast_head":"<!-- This site is optimized with the Yoast SEO Premium plugin v24.9 (Yoast SEO v24.9) - https:\/\/yoast.com\/wordpress\/plugins\/seo\/ -->\n<title>FERAH AY\u0130N\u0130 - narteks.net<\/title>\n<meta name=\"robots\" content=\"index, follow, max-snippet:-1, max-image-preview:large, max-video-preview:-1\" \/>\n<link rel=\"canonical\" href=\"https:\/\/narteks.net\/index.php\/2011\/06\/06\/ferah-ayini\/\" \/>\n<meta property=\"og:locale\" content=\"tr_TR\" \/>\n<meta property=\"og:type\" content=\"article\" \/>\n<meta property=\"og:title\" content=\"FERAH AY\u0130N\u0130\" \/>\n<meta property=\"og:description\" content=\"\u00a0 D\u00fcnyan\u0131n bir yerinde, burada, bir g\u00f6l \u00f6ylece duruyor. Mavi eflatun bir sabah D\u00fcnyan\u0131n bir yerinde Kendini yava\u015f yava\u015f kuruyor. Bir kad\u0131n, benden biraz k\u00fc\u00e7\u00fck, Il\u0131k \u0131l\u0131k, bana d\u00fcnyay\u0131, Sabah\u0131n hayretini anlat\u0131yor: (Bir su \u015fiirinde ben, g\u00fcr\u00fcl g\u00fcr\u00fcl akan a\u015fa\u011f\u0131 illermi\u015fim eskiden) Bir kad\u0131n, benden biraz k\u00fc\u00e7\u00fck, S\u0131\u00e7rayan su olsun mesela ad\u0131, \u00dcst\u00fcmdeki sessiz \u00f6rt\u00fcye [&hellip;]\" \/>\n<meta property=\"og:url\" content=\"https:\/\/narteks.net\/index.php\/2011\/06\/06\/ferah-ayini\/\" \/>\n<meta property=\"og:site_name\" content=\"narteks.net\" \/>\n<meta property=\"article:published_time\" content=\"2011-06-06T10:03:45+00:00\" \/>\n<meta property=\"og:image\" content=\"https:\/\/narteks.net\/wp-content\/uploads\/narteks.png\" \/>\n\t<meta property=\"og:image:width\" content=\"300\" \/>\n\t<meta property=\"og:image:height\" content=\"90\" \/>\n\t<meta property=\"og:image:type\" content=\"image\/png\" \/>\n<meta name=\"author\" content=\"Tar\u0131k\" \/>\n<meta name=\"twitter:card\" content=\"summary_large_image\" \/>\n<meta name=\"twitter:creator\" content=\"@narteks\" \/>\n<meta name=\"twitter:site\" content=\"@narteks\" \/>\n<meta name=\"twitter:label1\" content=\"Yazan:\" \/>\n\t<meta name=\"twitter:data1\" content=\"Tar\u0131k\" \/>\n\t<meta name=\"twitter:label2\" content=\"Tahmini okuma s\u00fcresi\" \/>\n\t<meta name=\"twitter:data2\" content=\"1 dakika\" \/>\n<script type=\"application\/ld+json\" class=\"yoast-schema-graph\">{\"@context\":\"https:\/\/schema.org\",\"@graph\":[{\"@type\":\"Article\",\"@id\":\"https:\/\/narteks.net\/index.php\/2011\/06\/06\/ferah-ayini\/#article\",\"isPartOf\":{\"@id\":\"https:\/\/narteks.net\/index.php\/2011\/06\/06\/ferah-ayini\/\"},\"author\":{\"name\":\"Tar\u0131k\",\"@id\":\"https:\/\/narteks.net\/#\/schema\/person\/61f37d9834294b72d31d274e7ed79bca\"},\"headline\":\"FERAH AY\u0130N\u0130\",\"datePublished\":\"2011-06-06T10:03:45+00:00\",\"mainEntityOfPage\":{\"@id\":\"https:\/\/narteks.net\/index.php\/2011\/06\/06\/ferah-ayini\/\"},\"wordCount\":125,\"commentCount\":0,\"publisher\":{\"@id\":\"https:\/\/narteks.net\/#organization\"},\"articleSection\":[\"Birhan KESK\u0130N\"],\"inLanguage\":\"tr\",\"potentialAction\":[{\"@type\":\"CommentAction\",\"name\":\"Comment\",\"target\":[\"https:\/\/narteks.net\/index.php\/2011\/06\/06\/ferah-ayini\/#respond\"]}]},{\"@type\":\"WebPage\",\"@id\":\"https:\/\/narteks.net\/index.php\/2011\/06\/06\/ferah-ayini\/\",\"url\":\"https:\/\/narteks.net\/index.php\/2011\/06\/06\/ferah-ayini\/\",\"name\":\"FERAH AY\u0130N\u0130 - narteks.net\",\"isPartOf\":{\"@id\":\"https:\/\/narteks.net\/#website\"},\"datePublished\":\"2011-06-06T10:03:45+00:00\",\"breadcrumb\":{\"@id\":\"https:\/\/narteks.net\/index.php\/2011\/06\/06\/ferah-ayini\/#breadcrumb\"},\"inLanguage\":\"tr\",\"potentialAction\":[{\"@type\":\"ReadAction\",\"target\":[\"https:\/\/narteks.net\/index.php\/2011\/06\/06\/ferah-ayini\/\"]}]},{\"@type\":\"BreadcrumbList\",\"@id\":\"https:\/\/narteks.net\/index.php\/2011\/06\/06\/ferah-ayini\/#breadcrumb\",\"itemListElement\":[{\"@type\":\"ListItem\",\"position\":1,\"name\":\"Anasayfa\",\"item\":\"https:\/\/narteks.net\/\"},{\"@type\":\"ListItem\",\"position\":2,\"name\":\"FERAH AY\u0130N\u0130\"}]},{\"@type\":\"WebSite\",\"@id\":\"https:\/\/narteks.net\/#website\",\"url\":\"https:\/\/narteks.net\/\",\"name\":\"narteks.net\",\"description\":\"K\u00fclt\u00fcr Sanat Edebiyat Felsefe\",\"publisher\":{\"@id\":\"https:\/\/narteks.net\/#organization\"},\"alternateName\":\"K\u00fclt\u00fcr Sanat Edebiyat Felsefe\",\"potentialAction\":[{\"@type\":\"SearchAction\",\"target\":{\"@type\":\"EntryPoint\",\"urlTemplate\":\"https:\/\/narteks.net\/?s={search_term_string}\"},\"query-input\":{\"@type\":\"PropertyValueSpecification\",\"valueRequired\":true,\"valueName\":\"search_term_string\"}}],\"inLanguage\":\"tr\"},{\"@type\":\"Organization\",\"@id\":\"https:\/\/narteks.net\/#organization\",\"name\":\"narteks.net\",\"url\":\"https:\/\/narteks.net\/\",\"logo\":{\"@type\":\"ImageObject\",\"inLanguage\":\"tr\",\"@id\":\"https:\/\/narteks.net\/#\/schema\/logo\/image\/\",\"url\":\"https:\/\/narteks.net\/wp-content\/uploads\/narteks.png\",\"contentUrl\":\"https:\/\/narteks.net\/wp-content\/uploads\/narteks.png\",\"width\":300,\"height\":90,\"caption\":\"narteks.net\"},\"image\":{\"@id\":\"https:\/\/narteks.net\/#\/schema\/logo\/image\/\"},\"sameAs\":[\"https:\/\/x.com\/narteks\",\"https:\/\/instagram.com\/narteksnet\"]},{\"@type\":\"Person\",\"@id\":\"https:\/\/narteks.net\/#\/schema\/person\/61f37d9834294b72d31d274e7ed79bca\",\"name\":\"Tar\u0131k\",\"image\":{\"@type\":\"ImageObject\",\"inLanguage\":\"tr\",\"@id\":\"https:\/\/narteks.net\/#\/schema\/person\/image\/\",\"url\":\"https:\/\/secure.gravatar.com\/avatar\/50865afb55632c4ae467e0af0930f6510aa2297d8014be502a55b14f3b7550cf?s=96&d=mm&r=g\",\"contentUrl\":\"https:\/\/secure.gravatar.com\/avatar\/50865afb55632c4ae467e0af0930f6510aa2297d8014be502a55b14f3b7550cf?s=96&d=mm&r=g\",\"caption\":\"Tar\u0131k\"},\"sameAs\":[\"http:\/\/narteks.net\"],\"url\":\"https:\/\/narteks.net\/index.php\/author\/narbak\/\"}]}<\/script>\n<!-- \/ Yoast SEO Premium plugin. -->","yoast_head_json":{"title":"FERAH AY\u0130N\u0130 - narteks.net","robots":{"index":"index","follow":"follow","max-snippet":"max-snippet:-1","max-image-preview":"max-image-preview:large","max-video-preview":"max-video-preview:-1"},"canonical":"https:\/\/narteks.net\/index.php\/2011\/06\/06\/ferah-ayini\/","og_locale":"tr_TR","og_type":"article","og_title":"FERAH AY\u0130N\u0130","og_description":"\u00a0 D\u00fcnyan\u0131n bir yerinde, burada, bir g\u00f6l \u00f6ylece duruyor. Mavi eflatun bir sabah D\u00fcnyan\u0131n bir yerinde Kendini yava\u015f yava\u015f kuruyor. Bir kad\u0131n, benden biraz k\u00fc\u00e7\u00fck, Il\u0131k \u0131l\u0131k, bana d\u00fcnyay\u0131, Sabah\u0131n hayretini anlat\u0131yor: (Bir su \u015fiirinde ben, g\u00fcr\u00fcl g\u00fcr\u00fcl akan a\u015fa\u011f\u0131 illermi\u015fim eskiden) Bir kad\u0131n, benden biraz k\u00fc\u00e7\u00fck, S\u0131\u00e7rayan su olsun mesela ad\u0131, \u00dcst\u00fcmdeki sessiz \u00f6rt\u00fcye [&hellip;]","og_url":"https:\/\/narteks.net\/index.php\/2011\/06\/06\/ferah-ayini\/","og_site_name":"narteks.net","article_published_time":"2011-06-06T10:03:45+00:00","og_image":[{"width":300,"height":90,"url":"https:\/\/narteks.net\/wp-content\/uploads\/narteks.png","type":"image\/png"}],"author":"Tar\u0131k","twitter_card":"summary_large_image","twitter_creator":"@narteks","twitter_site":"@narteks","twitter_misc":{"Yazan:":"Tar\u0131k","Tahmini okuma s\u00fcresi":"1 dakika"},"schema":{"@context":"https:\/\/schema.org","@graph":[{"@type":"Article","@id":"https:\/\/narteks.net\/index.php\/2011\/06\/06\/ferah-ayini\/#article","isPartOf":{"@id":"https:\/\/narteks.net\/index.php\/2011\/06\/06\/ferah-ayini\/"},"author":{"name":"Tar\u0131k","@id":"https:\/\/narteks.net\/#\/schema\/person\/61f37d9834294b72d31d274e7ed79bca"},"headline":"FERAH AY\u0130N\u0130","datePublished":"2011-06-06T10:03:45+00:00","mainEntityOfPage":{"@id":"https:\/\/narteks.net\/index.php\/2011\/06\/06\/ferah-ayini\/"},"wordCount":125,"commentCount":0,"publisher":{"@id":"https:\/\/narteks.net\/#organization"},"articleSection":["Birhan KESK\u0130N"],"inLanguage":"tr","potentialAction":[{"@type":"CommentAction","name":"Comment","target":["https:\/\/narteks.net\/index.php\/2011\/06\/06\/ferah-ayini\/#respond"]}]},{"@type":"WebPage","@id":"https:\/\/narteks.net\/index.php\/2011\/06\/06\/ferah-ayini\/","url":"https:\/\/narteks.net\/index.php\/2011\/06\/06\/ferah-ayini\/","name":"FERAH AY\u0130N\u0130 - narteks.net","isPartOf":{"@id":"https:\/\/narteks.net\/#website"},"datePublished":"2011-06-06T10:03:45+00:00","breadcrumb":{"@id":"https:\/\/narteks.net\/index.php\/2011\/06\/06\/ferah-ayini\/#breadcrumb"},"inLanguage":"tr","potentialAction":[{"@type":"ReadAction","target":["https:\/\/narteks.net\/index.php\/2011\/06\/06\/ferah-ayini\/"]}]},{"@type":"BreadcrumbList","@id":"https:\/\/narteks.net\/index.php\/2011\/06\/06\/ferah-ayini\/#breadcrumb","itemListElement":[{"@type":"ListItem","position":1,"name":"Anasayfa","item":"https:\/\/narteks.net\/"},{"@type":"ListItem","position":2,"name":"FERAH AY\u0130N\u0130"}]},{"@type":"WebSite","@id":"https:\/\/narteks.net\/#website","url":"https:\/\/narteks.net\/","name":"narteks.net","description":"K\u00fclt\u00fcr Sanat Edebiyat Felsefe","publisher":{"@id":"https:\/\/narteks.net\/#organization"},"alternateName":"K\u00fclt\u00fcr Sanat Edebiyat Felsefe","potentialAction":[{"@type":"SearchAction","target":{"@type":"EntryPoint","urlTemplate":"https:\/\/narteks.net\/?s={search_term_string}"},"query-input":{"@type":"PropertyValueSpecification","valueRequired":true,"valueName":"search_term_string"}}],"inLanguage":"tr"},{"@type":"Organization","@id":"https:\/\/narteks.net\/#organization","name":"narteks.net","url":"https:\/\/narteks.net\/","logo":{"@type":"ImageObject","inLanguage":"tr","@id":"https:\/\/narteks.net\/#\/schema\/logo\/image\/","url":"https:\/\/narteks.net\/wp-content\/uploads\/narteks.png","contentUrl":"https:\/\/narteks.net\/wp-content\/uploads\/narteks.png","width":300,"height":90,"caption":"narteks.net"},"image":{"@id":"https:\/\/narteks.net\/#\/schema\/logo\/image\/"},"sameAs":["https:\/\/x.com\/narteks","https:\/\/instagram.com\/narteksnet"]},{"@type":"Person","@id":"https:\/\/narteks.net\/#\/schema\/person\/61f37d9834294b72d31d274e7ed79bca","name":"Tar\u0131k","image":{"@type":"ImageObject","inLanguage":"tr","@id":"https:\/\/narteks.net\/#\/schema\/person\/image\/","url":"https:\/\/secure.gravatar.com\/avatar\/50865afb55632c4ae467e0af0930f6510aa2297d8014be502a55b14f3b7550cf?s=96&d=mm&r=g","contentUrl":"https:\/\/secure.gravatar.com\/avatar\/50865afb55632c4ae467e0af0930f6510aa2297d8014be502a55b14f3b7550cf?s=96&d=mm&r=g","caption":"Tar\u0131k"},"sameAs":["http:\/\/narteks.net"],"url":"https:\/\/narteks.net\/index.php\/author\/narbak\/"}]}},"_links":{"self":[{"href":"https:\/\/narteks.net\/index.php\/wp-json\/wp\/v2\/posts\/6308","targetHints":{"allow":["GET"]}}],"collection":[{"href":"https:\/\/narteks.net\/index.php\/wp-json\/wp\/v2\/posts"}],"about":[{"href":"https:\/\/narteks.net\/index.php\/wp-json\/wp\/v2\/types\/post"}],"author":[{"embeddable":true,"href":"https:\/\/narteks.net\/index.php\/wp-json\/wp\/v2\/users\/1"}],"replies":[{"embeddable":true,"href":"https:\/\/narteks.net\/index.php\/wp-json\/wp\/v2\/comments?post=6308"}],"version-history":[{"count":0,"href":"https:\/\/narteks.net\/index.php\/wp-json\/wp\/v2\/posts\/6308\/revisions"}],"wp:attachment":[{"href":"https:\/\/narteks.net\/index.php\/wp-json\/wp\/v2\/media?parent=6308"}],"wp:term":[{"taxonomy":"category","embeddable":true,"href":"https:\/\/narteks.net\/index.php\/wp-json\/wp\/v2\/categories?post=6308"},{"taxonomy":"post_tag","embeddable":true,"href":"https:\/\/narteks.net\/index.php\/wp-json\/wp\/v2\/tags?post=6308"}],"curies":[{"name":"wp","href":"https:\/\/api.w.org\/{rel}","templated":true}]}}