{"id":6326,"date":"2011-06-06T13:25:50","date_gmt":"2011-06-06T10:25:50","guid":{"rendered":"http:\/\/localhost\/wordpress\/2011\/06\/06\/cinayet-kisi\/"},"modified":"2011-06-06T13:25:50","modified_gmt":"2011-06-06T10:25:50","slug":"cinayet-kisi","status":"publish","type":"post","link":"https:\/\/narteks.net\/index.php\/2011\/06\/06\/cinayet-kisi\/","title":{"rendered":"C\u0130NAYET KI\u015eI"},"content":{"rendered":"<p>\u00a0<\/p>\n<p>I <\/p>\n<p> Bir kereye mahsus ya\u015fanan her an <br \/> kendi hatas\u0131n\u0131 bir daha d\u00fczeltilemeyecek bi\u00e7imde <br \/> i\u00e7inde bar\u0131nd\u0131r\u0131r. <\/p>\n<p> Bana kanatlar\u0131m\u0131 b\u0131rakt\u0131rd\u0131lar. <br \/> Bana ihaneti \u00f6\u011frettiler. <\/p>\n<p> Ba\u015fka haber yok. <\/p>\n<p> II <\/p>\n<p> \u0130kiye b\u00f6l\u00fcnm\u00fc\u015f bir b\u00fct\u00fcn gibi ya\u015fad\u0131m <br \/> Bir yan\u0131m \u00f6b\u00fcr yan\u0131ma d\u00fc\u015fman <br \/> Sa\u011f\u0131mda k\u0131zg\u0131n kumlar gezdirdim <br \/> Solum \u00fc\u015f\u00fcyor eski bir an\u0131dan. <\/p>\n<p> III <\/p>\n<p> Mum al\u0131ngan.Kendi ate\u015fiyle <br \/> kendini yok eden yumu\u015fak\u00e7a. <br \/> Erimek \u00fczere vars\u0131n, kaderine inan\u0131rs\u0131n. <br \/> \u00d6l\u00fcrken fark edilmez, \u0131\u015f\u0131\u011f\u0131n soldu\u011fu zamans\u0131n. <\/p>\n<p> Hi\u00e7bir a\u015fk titremez sonsuza de\u011fin <br \/> B\u00fct\u00fcnl\u00fc\u011f\u00fcn\u00fc yitiri\u015finden \u00f6l\u00fcr bir mum <br \/> ve insan ac\u0131dan \u00f6l\u00fcr bir g\u00fcn. <\/p>\n<p> IV <\/p>\n<p> Y\u00fcz\u00fcmde ta\u015f\u0131d\u0131\u011f\u0131m kuyu <br \/> so\u011fuk iklim <br \/> a\u011f\u0131r yaprak tenimde <br \/> durup d\u00f6n\u00fcp dokundu\u011fum<br \/> y\u00fck. <\/p>\n<p> Ya\u011fmurun aram\u0131za \u00e7ekti\u011fi perdeyi y\u0131rt\u0131yorum <br \/> ge\u00e7iyorum g\u00f6\u011fs\u00fcmdeki uykunun sarma\u015f\u0131\u011f\u0131ndan <br \/> birazdan d\u00fcnya beni unutacak, ben onu anlam\u0131yorum. <\/p>\n<p> So\u011fuk iklim, <br \/> durup dokundu\u011fum <br \/> d\u00f6n\u00fcp seni <br \/> ben de unutaca\u011f\u0131m. <\/p>\n<p> V <\/p>\n<p> \u0130nsan \u00f6l\u00fcyorsa ac\u0131dan \u00f6l\u00fcr bir g\u00fcn <br \/> kendine bir daha u\u011frayamad\u0131\u011f\u0131ndan,<br \/> koydu\u011fu yerde durmay\u0131\u015f\u0131ndand\u0131r hayat\u0131n <br \/> hatan\u0131n d\u00f6n\u00fc\u015fs\u00fcz olu\u015fundand\u0131r. <\/p>\n<p> Hi\u00e7bir a\u015fk titremez sonsuza de\u011fin,<br \/> b\u00fct\u00fcnl\u00fc\u011f\u00fcn\u00fc yitiri\u015finden \u00f6l\u00fcr bir mum <br \/> ve insan kanatlar\u0131ndan <br \/> ayr\u0131l\u0131r bir g\u00fcn. <\/p>\n<p> Birhan KESK\u0130N \/ Kim Ba\u011f\u0131\u015flayacak Beni ( Cinayet K\u0131\u015f\u0131)<\/p>\n","protected":false},"excerpt":{"rendered":"<p>\u00a0 I Bir kereye mahsus ya\u015fanan her an kendi hatas\u0131n\u0131 bir daha d\u00fczeltilemeyecek bi\u00e7imde i\u00e7inde bar\u0131nd\u0131r\u0131r. Bana kanatlar\u0131m\u0131 b\u0131rakt\u0131rd\u0131lar. Bana ihaneti \u00f6\u011frettiler. Ba\u015fka haber yok. II \u0130kiye b\u00f6l\u00fcnm\u00fc\u015f bir b\u00fct\u00fcn gibi ya\u015fad\u0131m Bir yan\u0131m \u00f6b\u00fcr yan\u0131ma d\u00fc\u015fman Sa\u011f\u0131mda k\u0131zg\u0131n kumlar gezdirdim Solum \u00fc\u015f\u00fcyor eski bir an\u0131dan. III Mum al\u0131ngan.Kendi ate\u015fiyle kendini yok eden yumu\u015fak\u00e7a. Erimek [&hellip;]<\/p>\n","protected":false},"author":1,"featured_media":0,"comment_status":"open","ping_status":"open","sticky":false,"template":"","format":"standard","meta":{"footnotes":""},"categories":[70],"tags":[],"class_list":["post-6326","post","type-post","status-publish","format-standard","category-birhan-keskin"],"yoast_head":"<!-- This site is optimized with the Yoast SEO Premium plugin v24.9 (Yoast SEO v24.9) - https:\/\/yoast.com\/wordpress\/plugins\/seo\/ -->\n<title>C\u0130NAYET KI\u015eI - narteks.net<\/title>\n<meta name=\"robots\" content=\"index, follow, max-snippet:-1, max-image-preview:large, max-video-preview:-1\" \/>\n<link rel=\"canonical\" href=\"https:\/\/narteks.net\/index.php\/2011\/06\/06\/cinayet-kisi\/\" \/>\n<meta property=\"og:locale\" content=\"tr_TR\" \/>\n<meta property=\"og:type\" content=\"article\" \/>\n<meta property=\"og:title\" content=\"C\u0130NAYET KI\u015eI\" \/>\n<meta property=\"og:description\" content=\"\u00a0 I Bir kereye mahsus ya\u015fanan her an kendi hatas\u0131n\u0131 bir daha d\u00fczeltilemeyecek bi\u00e7imde i\u00e7inde bar\u0131nd\u0131r\u0131r. Bana kanatlar\u0131m\u0131 b\u0131rakt\u0131rd\u0131lar. Bana ihaneti \u00f6\u011frettiler. Ba\u015fka haber yok. II \u0130kiye b\u00f6l\u00fcnm\u00fc\u015f bir b\u00fct\u00fcn gibi ya\u015fad\u0131m Bir yan\u0131m \u00f6b\u00fcr yan\u0131ma d\u00fc\u015fman Sa\u011f\u0131mda k\u0131zg\u0131n kumlar gezdirdim Solum \u00fc\u015f\u00fcyor eski bir an\u0131dan. III Mum al\u0131ngan.Kendi ate\u015fiyle kendini yok eden yumu\u015fak\u00e7a. Erimek [&hellip;]\" \/>\n<meta property=\"og:url\" content=\"https:\/\/narteks.net\/index.php\/2011\/06\/06\/cinayet-kisi\/\" \/>\n<meta property=\"og:site_name\" content=\"narteks.net\" \/>\n<meta property=\"article:published_time\" content=\"2011-06-06T10:25:50+00:00\" \/>\n<meta property=\"og:image\" content=\"https:\/\/narteks.net\/wp-content\/uploads\/narteks.png\" \/>\n\t<meta property=\"og:image:width\" content=\"300\" \/>\n\t<meta property=\"og:image:height\" content=\"90\" \/>\n\t<meta property=\"og:image:type\" content=\"image\/png\" \/>\n<meta name=\"author\" content=\"Tar\u0131k\" \/>\n<meta name=\"twitter:card\" content=\"summary_large_image\" \/>\n<meta name=\"twitter:creator\" content=\"@narteks\" \/>\n<meta name=\"twitter:site\" content=\"@narteks\" \/>\n<meta name=\"twitter:label1\" content=\"Yazan:\" \/>\n\t<meta name=\"twitter:data1\" content=\"Tar\u0131k\" \/>\n\t<meta name=\"twitter:label2\" content=\"Tahmini okuma s\u00fcresi\" \/>\n\t<meta name=\"twitter:data2\" content=\"1 dakika\" \/>\n<script type=\"application\/ld+json\" class=\"yoast-schema-graph\">{\"@context\":\"https:\/\/schema.org\",\"@graph\":[{\"@type\":\"Article\",\"@id\":\"https:\/\/narteks.net\/index.php\/2011\/06\/06\/cinayet-kisi\/#article\",\"isPartOf\":{\"@id\":\"https:\/\/narteks.net\/index.php\/2011\/06\/06\/cinayet-kisi\/\"},\"author\":{\"name\":\"Tar\u0131k\",\"@id\":\"https:\/\/narteks.net\/#\/schema\/person\/61f37d9834294b72d31d274e7ed79bca\"},\"headline\":\"C\u0130NAYET KI\u015eI\",\"datePublished\":\"2011-06-06T10:25:50+00:00\",\"mainEntityOfPage\":{\"@id\":\"https:\/\/narteks.net\/index.php\/2011\/06\/06\/cinayet-kisi\/\"},\"wordCount\":268,\"commentCount\":0,\"publisher\":{\"@id\":\"https:\/\/narteks.net\/#organization\"},\"articleSection\":[\"Birhan KESK\u0130N\"],\"inLanguage\":\"tr\",\"potentialAction\":[{\"@type\":\"CommentAction\",\"name\":\"Comment\",\"target\":[\"https:\/\/narteks.net\/index.php\/2011\/06\/06\/cinayet-kisi\/#respond\"]}]},{\"@type\":\"WebPage\",\"@id\":\"https:\/\/narteks.net\/index.php\/2011\/06\/06\/cinayet-kisi\/\",\"url\":\"https:\/\/narteks.net\/index.php\/2011\/06\/06\/cinayet-kisi\/\",\"name\":\"C\u0130NAYET KI\u015eI - narteks.net\",\"isPartOf\":{\"@id\":\"https:\/\/narteks.net\/#website\"},\"datePublished\":\"2011-06-06T10:25:50+00:00\",\"breadcrumb\":{\"@id\":\"https:\/\/narteks.net\/index.php\/2011\/06\/06\/cinayet-kisi\/#breadcrumb\"},\"inLanguage\":\"tr\",\"potentialAction\":[{\"@type\":\"ReadAction\",\"target\":[\"https:\/\/narteks.net\/index.php\/2011\/06\/06\/cinayet-kisi\/\"]}]},{\"@type\":\"BreadcrumbList\",\"@id\":\"https:\/\/narteks.net\/index.php\/2011\/06\/06\/cinayet-kisi\/#breadcrumb\",\"itemListElement\":[{\"@type\":\"ListItem\",\"position\":1,\"name\":\"Anasayfa\",\"item\":\"https:\/\/narteks.net\/\"},{\"@type\":\"ListItem\",\"position\":2,\"name\":\"C\u0130NAYET KI\u015eI\"}]},{\"@type\":\"WebSite\",\"@id\":\"https:\/\/narteks.net\/#website\",\"url\":\"https:\/\/narteks.net\/\",\"name\":\"narteks.net\",\"description\":\"K\u00fclt\u00fcr Sanat Edebiyat Felsefe\",\"publisher\":{\"@id\":\"https:\/\/narteks.net\/#organization\"},\"alternateName\":\"K\u00fclt\u00fcr Sanat Edebiyat Felsefe\",\"potentialAction\":[{\"@type\":\"SearchAction\",\"target\":{\"@type\":\"EntryPoint\",\"urlTemplate\":\"https:\/\/narteks.net\/?s={search_term_string}\"},\"query-input\":{\"@type\":\"PropertyValueSpecification\",\"valueRequired\":true,\"valueName\":\"search_term_string\"}}],\"inLanguage\":\"tr\"},{\"@type\":\"Organization\",\"@id\":\"https:\/\/narteks.net\/#organization\",\"name\":\"narteks.net\",\"url\":\"https:\/\/narteks.net\/\",\"logo\":{\"@type\":\"ImageObject\",\"inLanguage\":\"tr\",\"@id\":\"https:\/\/narteks.net\/#\/schema\/logo\/image\/\",\"url\":\"https:\/\/narteks.net\/wp-content\/uploads\/narteks.png\",\"contentUrl\":\"https:\/\/narteks.net\/wp-content\/uploads\/narteks.png\",\"width\":300,\"height\":90,\"caption\":\"narteks.net\"},\"image\":{\"@id\":\"https:\/\/narteks.net\/#\/schema\/logo\/image\/\"},\"sameAs\":[\"https:\/\/x.com\/narteks\",\"https:\/\/instagram.com\/narteksnet\"]},{\"@type\":\"Person\",\"@id\":\"https:\/\/narteks.net\/#\/schema\/person\/61f37d9834294b72d31d274e7ed79bca\",\"name\":\"Tar\u0131k\",\"image\":{\"@type\":\"ImageObject\",\"inLanguage\":\"tr\",\"@id\":\"https:\/\/narteks.net\/#\/schema\/person\/image\/\",\"url\":\"https:\/\/secure.gravatar.com\/avatar\/50865afb55632c4ae467e0af0930f6510aa2297d8014be502a55b14f3b7550cf?s=96&d=mm&r=g\",\"contentUrl\":\"https:\/\/secure.gravatar.com\/avatar\/50865afb55632c4ae467e0af0930f6510aa2297d8014be502a55b14f3b7550cf?s=96&d=mm&r=g\",\"caption\":\"Tar\u0131k\"},\"sameAs\":[\"http:\/\/narteks.net\"],\"url\":\"https:\/\/narteks.net\/index.php\/author\/narbak\/\"}]}<\/script>\n<!-- \/ Yoast SEO Premium plugin. -->","yoast_head_json":{"title":"C\u0130NAYET KI\u015eI - narteks.net","robots":{"index":"index","follow":"follow","max-snippet":"max-snippet:-1","max-image-preview":"max-image-preview:large","max-video-preview":"max-video-preview:-1"},"canonical":"https:\/\/narteks.net\/index.php\/2011\/06\/06\/cinayet-kisi\/","og_locale":"tr_TR","og_type":"article","og_title":"C\u0130NAYET KI\u015eI","og_description":"\u00a0 I Bir kereye mahsus ya\u015fanan her an kendi hatas\u0131n\u0131 bir daha d\u00fczeltilemeyecek bi\u00e7imde i\u00e7inde bar\u0131nd\u0131r\u0131r. Bana kanatlar\u0131m\u0131 b\u0131rakt\u0131rd\u0131lar. Bana ihaneti \u00f6\u011frettiler. Ba\u015fka haber yok. II \u0130kiye b\u00f6l\u00fcnm\u00fc\u015f bir b\u00fct\u00fcn gibi ya\u015fad\u0131m Bir yan\u0131m \u00f6b\u00fcr yan\u0131ma d\u00fc\u015fman Sa\u011f\u0131mda k\u0131zg\u0131n kumlar gezdirdim Solum \u00fc\u015f\u00fcyor eski bir an\u0131dan. III Mum al\u0131ngan.Kendi ate\u015fiyle kendini yok eden yumu\u015fak\u00e7a. Erimek [&hellip;]","og_url":"https:\/\/narteks.net\/index.php\/2011\/06\/06\/cinayet-kisi\/","og_site_name":"narteks.net","article_published_time":"2011-06-06T10:25:50+00:00","og_image":[{"width":300,"height":90,"url":"https:\/\/narteks.net\/wp-content\/uploads\/narteks.png","type":"image\/png"}],"author":"Tar\u0131k","twitter_card":"summary_large_image","twitter_creator":"@narteks","twitter_site":"@narteks","twitter_misc":{"Yazan:":"Tar\u0131k","Tahmini okuma s\u00fcresi":"1 dakika"},"schema":{"@context":"https:\/\/schema.org","@graph":[{"@type":"Article","@id":"https:\/\/narteks.net\/index.php\/2011\/06\/06\/cinayet-kisi\/#article","isPartOf":{"@id":"https:\/\/narteks.net\/index.php\/2011\/06\/06\/cinayet-kisi\/"},"author":{"name":"Tar\u0131k","@id":"https:\/\/narteks.net\/#\/schema\/person\/61f37d9834294b72d31d274e7ed79bca"},"headline":"C\u0130NAYET KI\u015eI","datePublished":"2011-06-06T10:25:50+00:00","mainEntityOfPage":{"@id":"https:\/\/narteks.net\/index.php\/2011\/06\/06\/cinayet-kisi\/"},"wordCount":268,"commentCount":0,"publisher":{"@id":"https:\/\/narteks.net\/#organization"},"articleSection":["Birhan KESK\u0130N"],"inLanguage":"tr","potentialAction":[{"@type":"CommentAction","name":"Comment","target":["https:\/\/narteks.net\/index.php\/2011\/06\/06\/cinayet-kisi\/#respond"]}]},{"@type":"WebPage","@id":"https:\/\/narteks.net\/index.php\/2011\/06\/06\/cinayet-kisi\/","url":"https:\/\/narteks.net\/index.php\/2011\/06\/06\/cinayet-kisi\/","name":"C\u0130NAYET KI\u015eI - narteks.net","isPartOf":{"@id":"https:\/\/narteks.net\/#website"},"datePublished":"2011-06-06T10:25:50+00:00","breadcrumb":{"@id":"https:\/\/narteks.net\/index.php\/2011\/06\/06\/cinayet-kisi\/#breadcrumb"},"inLanguage":"tr","potentialAction":[{"@type":"ReadAction","target":["https:\/\/narteks.net\/index.php\/2011\/06\/06\/cinayet-kisi\/"]}]},{"@type":"BreadcrumbList","@id":"https:\/\/narteks.net\/index.php\/2011\/06\/06\/cinayet-kisi\/#breadcrumb","itemListElement":[{"@type":"ListItem","position":1,"name":"Anasayfa","item":"https:\/\/narteks.net\/"},{"@type":"ListItem","position":2,"name":"C\u0130NAYET KI\u015eI"}]},{"@type":"WebSite","@id":"https:\/\/narteks.net\/#website","url":"https:\/\/narteks.net\/","name":"narteks.net","description":"K\u00fclt\u00fcr Sanat Edebiyat Felsefe","publisher":{"@id":"https:\/\/narteks.net\/#organization"},"alternateName":"K\u00fclt\u00fcr Sanat Edebiyat Felsefe","potentialAction":[{"@type":"SearchAction","target":{"@type":"EntryPoint","urlTemplate":"https:\/\/narteks.net\/?s={search_term_string}"},"query-input":{"@type":"PropertyValueSpecification","valueRequired":true,"valueName":"search_term_string"}}],"inLanguage":"tr"},{"@type":"Organization","@id":"https:\/\/narteks.net\/#organization","name":"narteks.net","url":"https:\/\/narteks.net\/","logo":{"@type":"ImageObject","inLanguage":"tr","@id":"https:\/\/narteks.net\/#\/schema\/logo\/image\/","url":"https:\/\/narteks.net\/wp-content\/uploads\/narteks.png","contentUrl":"https:\/\/narteks.net\/wp-content\/uploads\/narteks.png","width":300,"height":90,"caption":"narteks.net"},"image":{"@id":"https:\/\/narteks.net\/#\/schema\/logo\/image\/"},"sameAs":["https:\/\/x.com\/narteks","https:\/\/instagram.com\/narteksnet"]},{"@type":"Person","@id":"https:\/\/narteks.net\/#\/schema\/person\/61f37d9834294b72d31d274e7ed79bca","name":"Tar\u0131k","image":{"@type":"ImageObject","inLanguage":"tr","@id":"https:\/\/narteks.net\/#\/schema\/person\/image\/","url":"https:\/\/secure.gravatar.com\/avatar\/50865afb55632c4ae467e0af0930f6510aa2297d8014be502a55b14f3b7550cf?s=96&d=mm&r=g","contentUrl":"https:\/\/secure.gravatar.com\/avatar\/50865afb55632c4ae467e0af0930f6510aa2297d8014be502a55b14f3b7550cf?s=96&d=mm&r=g","caption":"Tar\u0131k"},"sameAs":["http:\/\/narteks.net"],"url":"https:\/\/narteks.net\/index.php\/author\/narbak\/"}]}},"_links":{"self":[{"href":"https:\/\/narteks.net\/index.php\/wp-json\/wp\/v2\/posts\/6326","targetHints":{"allow":["GET"]}}],"collection":[{"href":"https:\/\/narteks.net\/index.php\/wp-json\/wp\/v2\/posts"}],"about":[{"href":"https:\/\/narteks.net\/index.php\/wp-json\/wp\/v2\/types\/post"}],"author":[{"embeddable":true,"href":"https:\/\/narteks.net\/index.php\/wp-json\/wp\/v2\/users\/1"}],"replies":[{"embeddable":true,"href":"https:\/\/narteks.net\/index.php\/wp-json\/wp\/v2\/comments?post=6326"}],"version-history":[{"count":0,"href":"https:\/\/narteks.net\/index.php\/wp-json\/wp\/v2\/posts\/6326\/revisions"}],"wp:attachment":[{"href":"https:\/\/narteks.net\/index.php\/wp-json\/wp\/v2\/media?parent=6326"}],"wp:term":[{"taxonomy":"category","embeddable":true,"href":"https:\/\/narteks.net\/index.php\/wp-json\/wp\/v2\/categories?post=6326"},{"taxonomy":"post_tag","embeddable":true,"href":"https:\/\/narteks.net\/index.php\/wp-json\/wp\/v2\/tags?post=6326"}],"curies":[{"name":"wp","href":"https:\/\/api.w.org\/{rel}","templated":true}]}}