{"id":6328,"date":"2011-06-06T13:27:56","date_gmt":"2011-06-06T10:27:56","guid":{"rendered":"http:\/\/localhost\/wordpress\/2011\/06\/06\/poplin-yillar\/"},"modified":"2011-06-06T13:27:56","modified_gmt":"2011-06-06T10:27:56","slug":"poplin-yillar","status":"publish","type":"post","link":"https:\/\/narteks.net\/index.php\/2011\/06\/06\/poplin-yillar\/","title":{"rendered":"POPL\u0130N YILLAR"},"content":{"rendered":"<p>\u00a0<\/p>\n<p>Bir teneke par\u00e7as\u0131n\u0131 e\u011fip b\u00fck\u00fcyorum g\u00fcn boyu.<\/p>\n<p> Kuru nehir, kadim a\u011fr\u0131<br \/> seyiriyor arada<br \/> telli turnalar, arada<br \/> ne\u015feli ya\u011fmur, ama<br \/> tel tel \u00e7\u00f6z\u00fcl\u00fcyor i\u00e7imdeki pamuk<br \/> koyu rota ve salk\u0131msa\u00e7ak.<\/p>\n<p> Ben bu ge\u00e7itte,<br \/> susan bu c\u00fcmlelerde ne ar\u0131yorum?<br \/> Ah\u015fab\u0131n eti bo\u015fal\u0131yor i\u00e7inden, duyuyorum.<\/p>\n<p> Bir teneke par\u00e7as\u0131 e\u011fip b\u00fck\u00fcyorum g\u00fcn boyu.<br \/> Poplinlere sar beni, pazenlere!<br \/> Kuru ova&#8230; k\u00f6r pusula&#8230; <\/p>\n<p> Birhan KESK\u0130N \/ Ba s.15<\/p>\n","protected":false},"excerpt":{"rendered":"<p>\u00a0 Bir teneke par\u00e7as\u0131n\u0131 e\u011fip b\u00fck\u00fcyorum g\u00fcn boyu. Kuru nehir, kadim a\u011fr\u0131 seyiriyor arada telli turnalar, arada ne\u015feli ya\u011fmur, ama tel tel \u00e7\u00f6z\u00fcl\u00fcyor i\u00e7imdeki pamuk koyu rota ve salk\u0131msa\u00e7ak. Ben bu ge\u00e7itte, susan bu c\u00fcmlelerde ne ar\u0131yorum? Ah\u015fab\u0131n eti bo\u015fal\u0131yor i\u00e7inden, duyuyorum. Bir teneke par\u00e7as\u0131 e\u011fip b\u00fck\u00fcyorum g\u00fcn boyu. Poplinlere sar beni, pazenlere! Kuru ova&#8230; [&hellip;]<\/p>\n","protected":false},"author":1,"featured_media":0,"comment_status":"open","ping_status":"open","sticky":false,"template":"","format":"standard","meta":{"footnotes":""},"categories":[70],"tags":[],"class_list":{"0":"post-6328","1":"post","2":"type-post","3":"status-publish","4":"format-standard","6":"category-birhan-keskin"},"yoast_head":"<!-- This site is optimized with the Yoast SEO Premium plugin v24.9 (Yoast SEO v24.9) - https:\/\/yoast.com\/wordpress\/plugins\/seo\/ -->\n<title>POPL\u0130N YILLAR - narteks.net<\/title>\n<meta name=\"robots\" content=\"index, follow, max-snippet:-1, max-image-preview:large, max-video-preview:-1\" \/>\n<link rel=\"canonical\" href=\"https:\/\/narteks.net\/index.php\/2011\/06\/06\/poplin-yillar\/\" \/>\n<meta property=\"og:locale\" content=\"tr_TR\" \/>\n<meta property=\"og:type\" content=\"article\" \/>\n<meta property=\"og:title\" content=\"POPL\u0130N YILLAR\" \/>\n<meta property=\"og:description\" content=\"\u00a0 Bir teneke par\u00e7as\u0131n\u0131 e\u011fip b\u00fck\u00fcyorum g\u00fcn boyu. Kuru nehir, kadim a\u011fr\u0131 seyiriyor arada telli turnalar, arada ne\u015feli ya\u011fmur, ama tel tel \u00e7\u00f6z\u00fcl\u00fcyor i\u00e7imdeki pamuk koyu rota ve salk\u0131msa\u00e7ak. Ben bu ge\u00e7itte, susan bu c\u00fcmlelerde ne ar\u0131yorum? Ah\u015fab\u0131n eti bo\u015fal\u0131yor i\u00e7inden, duyuyorum. Bir teneke par\u00e7as\u0131 e\u011fip b\u00fck\u00fcyorum g\u00fcn boyu. Poplinlere sar beni, pazenlere! Kuru ova&#8230; [&hellip;]\" \/>\n<meta property=\"og:url\" content=\"https:\/\/narteks.net\/index.php\/2011\/06\/06\/poplin-yillar\/\" \/>\n<meta property=\"og:site_name\" content=\"narteks.net\" \/>\n<meta property=\"article:published_time\" content=\"2011-06-06T10:27:56+00:00\" \/>\n<meta property=\"og:image\" content=\"https:\/\/narteks.net\/wp-content\/uploads\/narteks.png\" \/>\n\t<meta property=\"og:image:width\" content=\"300\" \/>\n\t<meta property=\"og:image:height\" content=\"90\" \/>\n\t<meta property=\"og:image:type\" content=\"image\/png\" \/>\n<meta name=\"author\" content=\"Tar\u0131k\" \/>\n<meta name=\"twitter:card\" content=\"summary_large_image\" \/>\n<meta name=\"twitter:creator\" content=\"@narteks\" \/>\n<meta name=\"twitter:site\" content=\"@narteks\" \/>\n<meta name=\"twitter:label1\" content=\"Yazan:\" \/>\n\t<meta name=\"twitter:data1\" content=\"Tar\u0131k\" \/>\n<script type=\"application\/ld+json\" class=\"yoast-schema-graph\">{\"@context\":\"https:\/\/schema.org\",\"@graph\":[{\"@type\":\"Article\",\"@id\":\"https:\/\/narteks.net\/index.php\/2011\/06\/06\/poplin-yillar\/#article\",\"isPartOf\":{\"@id\":\"https:\/\/narteks.net\/index.php\/2011\/06\/06\/poplin-yillar\/\"},\"author\":{\"name\":\"Tar\u0131k\",\"@id\":\"https:\/\/narteks.net\/#\/schema\/person\/61f37d9834294b72d31d274e7ed79bca\"},\"headline\":\"POPL\u0130N YILLAR\",\"datePublished\":\"2011-06-06T10:27:56+00:00\",\"mainEntityOfPage\":{\"@id\":\"https:\/\/narteks.net\/index.php\/2011\/06\/06\/poplin-yillar\/\"},\"wordCount\":92,\"commentCount\":0,\"publisher\":{\"@id\":\"https:\/\/narteks.net\/#organization\"},\"articleSection\":[\"Birhan KESK\u0130N\"],\"inLanguage\":\"tr\",\"potentialAction\":[{\"@type\":\"CommentAction\",\"name\":\"Comment\",\"target\":[\"https:\/\/narteks.net\/index.php\/2011\/06\/06\/poplin-yillar\/#respond\"]}]},{\"@type\":\"WebPage\",\"@id\":\"https:\/\/narteks.net\/index.php\/2011\/06\/06\/poplin-yillar\/\",\"url\":\"https:\/\/narteks.net\/index.php\/2011\/06\/06\/poplin-yillar\/\",\"name\":\"POPL\u0130N YILLAR - narteks.net\",\"isPartOf\":{\"@id\":\"https:\/\/narteks.net\/#website\"},\"datePublished\":\"2011-06-06T10:27:56+00:00\",\"breadcrumb\":{\"@id\":\"https:\/\/narteks.net\/index.php\/2011\/06\/06\/poplin-yillar\/#breadcrumb\"},\"inLanguage\":\"tr\",\"potentialAction\":[{\"@type\":\"ReadAction\",\"target\":[\"https:\/\/narteks.net\/index.php\/2011\/06\/06\/poplin-yillar\/\"]}]},{\"@type\":\"BreadcrumbList\",\"@id\":\"https:\/\/narteks.net\/index.php\/2011\/06\/06\/poplin-yillar\/#breadcrumb\",\"itemListElement\":[{\"@type\":\"ListItem\",\"position\":1,\"name\":\"Anasayfa\",\"item\":\"https:\/\/narteks.net\/\"},{\"@type\":\"ListItem\",\"position\":2,\"name\":\"POPL\u0130N YILLAR\"}]},{\"@type\":\"WebSite\",\"@id\":\"https:\/\/narteks.net\/#website\",\"url\":\"https:\/\/narteks.net\/\",\"name\":\"narteks.net\",\"description\":\"K\u00fclt\u00fcr Sanat Edebiyat Felsefe\",\"publisher\":{\"@id\":\"https:\/\/narteks.net\/#organization\"},\"alternateName\":\"K\u00fclt\u00fcr Sanat Edebiyat Felsefe\",\"potentialAction\":[{\"@type\":\"SearchAction\",\"target\":{\"@type\":\"EntryPoint\",\"urlTemplate\":\"https:\/\/narteks.net\/?s={search_term_string}\"},\"query-input\":{\"@type\":\"PropertyValueSpecification\",\"valueRequired\":true,\"valueName\":\"search_term_string\"}}],\"inLanguage\":\"tr\"},{\"@type\":\"Organization\",\"@id\":\"https:\/\/narteks.net\/#organization\",\"name\":\"narteks.net\",\"url\":\"https:\/\/narteks.net\/\",\"logo\":{\"@type\":\"ImageObject\",\"inLanguage\":\"tr\",\"@id\":\"https:\/\/narteks.net\/#\/schema\/logo\/image\/\",\"url\":\"https:\/\/narteks.net\/wp-content\/uploads\/narteks.png\",\"contentUrl\":\"https:\/\/narteks.net\/wp-content\/uploads\/narteks.png\",\"width\":300,\"height\":90,\"caption\":\"narteks.net\"},\"image\":{\"@id\":\"https:\/\/narteks.net\/#\/schema\/logo\/image\/\"},\"sameAs\":[\"https:\/\/x.com\/narteks\",\"https:\/\/instagram.com\/narteksnet\"]},{\"@type\":\"Person\",\"@id\":\"https:\/\/narteks.net\/#\/schema\/person\/61f37d9834294b72d31d274e7ed79bca\",\"name\":\"Tar\u0131k\",\"image\":{\"@type\":\"ImageObject\",\"inLanguage\":\"tr\",\"@id\":\"https:\/\/narteks.net\/#\/schema\/person\/image\/\",\"url\":\"https:\/\/secure.gravatar.com\/avatar\/50865afb55632c4ae467e0af0930f6510aa2297d8014be502a55b14f3b7550cf?s=96&d=mm&r=g\",\"contentUrl\":\"https:\/\/secure.gravatar.com\/avatar\/50865afb55632c4ae467e0af0930f6510aa2297d8014be502a55b14f3b7550cf?s=96&d=mm&r=g\",\"caption\":\"Tar\u0131k\"},\"sameAs\":[\"http:\/\/narteks.net\"],\"url\":\"https:\/\/narteks.net\/index.php\/author\/narbak\/\"}]}<\/script>\n<!-- \/ Yoast SEO Premium plugin. -->","yoast_head_json":{"title":"POPL\u0130N YILLAR - narteks.net","robots":{"index":"index","follow":"follow","max-snippet":"max-snippet:-1","max-image-preview":"max-image-preview:large","max-video-preview":"max-video-preview:-1"},"canonical":"https:\/\/narteks.net\/index.php\/2011\/06\/06\/poplin-yillar\/","og_locale":"tr_TR","og_type":"article","og_title":"POPL\u0130N YILLAR","og_description":"\u00a0 Bir teneke par\u00e7as\u0131n\u0131 e\u011fip b\u00fck\u00fcyorum g\u00fcn boyu. Kuru nehir, kadim a\u011fr\u0131 seyiriyor arada telli turnalar, arada ne\u015feli ya\u011fmur, ama tel tel \u00e7\u00f6z\u00fcl\u00fcyor i\u00e7imdeki pamuk koyu rota ve salk\u0131msa\u00e7ak. Ben bu ge\u00e7itte, susan bu c\u00fcmlelerde ne ar\u0131yorum? Ah\u015fab\u0131n eti bo\u015fal\u0131yor i\u00e7inden, duyuyorum. Bir teneke par\u00e7as\u0131 e\u011fip b\u00fck\u00fcyorum g\u00fcn boyu. Poplinlere sar beni, pazenlere! Kuru ova&#8230; [&hellip;]","og_url":"https:\/\/narteks.net\/index.php\/2011\/06\/06\/poplin-yillar\/","og_site_name":"narteks.net","article_published_time":"2011-06-06T10:27:56+00:00","og_image":[{"width":300,"height":90,"url":"https:\/\/narteks.net\/wp-content\/uploads\/narteks.png","type":"image\/png"}],"author":"Tar\u0131k","twitter_card":"summary_large_image","twitter_creator":"@narteks","twitter_site":"@narteks","twitter_misc":{"Yazan:":"Tar\u0131k"},"schema":{"@context":"https:\/\/schema.org","@graph":[{"@type":"Article","@id":"https:\/\/narteks.net\/index.php\/2011\/06\/06\/poplin-yillar\/#article","isPartOf":{"@id":"https:\/\/narteks.net\/index.php\/2011\/06\/06\/poplin-yillar\/"},"author":{"name":"Tar\u0131k","@id":"https:\/\/narteks.net\/#\/schema\/person\/61f37d9834294b72d31d274e7ed79bca"},"headline":"POPL\u0130N YILLAR","datePublished":"2011-06-06T10:27:56+00:00","mainEntityOfPage":{"@id":"https:\/\/narteks.net\/index.php\/2011\/06\/06\/poplin-yillar\/"},"wordCount":92,"commentCount":0,"publisher":{"@id":"https:\/\/narteks.net\/#organization"},"articleSection":["Birhan KESK\u0130N"],"inLanguage":"tr","potentialAction":[{"@type":"CommentAction","name":"Comment","target":["https:\/\/narteks.net\/index.php\/2011\/06\/06\/poplin-yillar\/#respond"]}]},{"@type":"WebPage","@id":"https:\/\/narteks.net\/index.php\/2011\/06\/06\/poplin-yillar\/","url":"https:\/\/narteks.net\/index.php\/2011\/06\/06\/poplin-yillar\/","name":"POPL\u0130N YILLAR - narteks.net","isPartOf":{"@id":"https:\/\/narteks.net\/#website"},"datePublished":"2011-06-06T10:27:56+00:00","breadcrumb":{"@id":"https:\/\/narteks.net\/index.php\/2011\/06\/06\/poplin-yillar\/#breadcrumb"},"inLanguage":"tr","potentialAction":[{"@type":"ReadAction","target":["https:\/\/narteks.net\/index.php\/2011\/06\/06\/poplin-yillar\/"]}]},{"@type":"BreadcrumbList","@id":"https:\/\/narteks.net\/index.php\/2011\/06\/06\/poplin-yillar\/#breadcrumb","itemListElement":[{"@type":"ListItem","position":1,"name":"Anasayfa","item":"https:\/\/narteks.net\/"},{"@type":"ListItem","position":2,"name":"POPL\u0130N YILLAR"}]},{"@type":"WebSite","@id":"https:\/\/narteks.net\/#website","url":"https:\/\/narteks.net\/","name":"narteks.net","description":"K\u00fclt\u00fcr Sanat Edebiyat Felsefe","publisher":{"@id":"https:\/\/narteks.net\/#organization"},"alternateName":"K\u00fclt\u00fcr Sanat Edebiyat Felsefe","potentialAction":[{"@type":"SearchAction","target":{"@type":"EntryPoint","urlTemplate":"https:\/\/narteks.net\/?s={search_term_string}"},"query-input":{"@type":"PropertyValueSpecification","valueRequired":true,"valueName":"search_term_string"}}],"inLanguage":"tr"},{"@type":"Organization","@id":"https:\/\/narteks.net\/#organization","name":"narteks.net","url":"https:\/\/narteks.net\/","logo":{"@type":"ImageObject","inLanguage":"tr","@id":"https:\/\/narteks.net\/#\/schema\/logo\/image\/","url":"https:\/\/narteks.net\/wp-content\/uploads\/narteks.png","contentUrl":"https:\/\/narteks.net\/wp-content\/uploads\/narteks.png","width":300,"height":90,"caption":"narteks.net"},"image":{"@id":"https:\/\/narteks.net\/#\/schema\/logo\/image\/"},"sameAs":["https:\/\/x.com\/narteks","https:\/\/instagram.com\/narteksnet"]},{"@type":"Person","@id":"https:\/\/narteks.net\/#\/schema\/person\/61f37d9834294b72d31d274e7ed79bca","name":"Tar\u0131k","image":{"@type":"ImageObject","inLanguage":"tr","@id":"https:\/\/narteks.net\/#\/schema\/person\/image\/","url":"https:\/\/secure.gravatar.com\/avatar\/50865afb55632c4ae467e0af0930f6510aa2297d8014be502a55b14f3b7550cf?s=96&d=mm&r=g","contentUrl":"https:\/\/secure.gravatar.com\/avatar\/50865afb55632c4ae467e0af0930f6510aa2297d8014be502a55b14f3b7550cf?s=96&d=mm&r=g","caption":"Tar\u0131k"},"sameAs":["http:\/\/narteks.net"],"url":"https:\/\/narteks.net\/index.php\/author\/narbak\/"}]}},"_links":{"self":[{"href":"https:\/\/narteks.net\/index.php\/wp-json\/wp\/v2\/posts\/6328","targetHints":{"allow":["GET"]}}],"collection":[{"href":"https:\/\/narteks.net\/index.php\/wp-json\/wp\/v2\/posts"}],"about":[{"href":"https:\/\/narteks.net\/index.php\/wp-json\/wp\/v2\/types\/post"}],"author":[{"embeddable":true,"href":"https:\/\/narteks.net\/index.php\/wp-json\/wp\/v2\/users\/1"}],"replies":[{"embeddable":true,"href":"https:\/\/narteks.net\/index.php\/wp-json\/wp\/v2\/comments?post=6328"}],"version-history":[{"count":0,"href":"https:\/\/narteks.net\/index.php\/wp-json\/wp\/v2\/posts\/6328\/revisions"}],"wp:attachment":[{"href":"https:\/\/narteks.net\/index.php\/wp-json\/wp\/v2\/media?parent=6328"}],"wp:term":[{"taxonomy":"category","embeddable":true,"href":"https:\/\/narteks.net\/index.php\/wp-json\/wp\/v2\/categories?post=6328"},{"taxonomy":"post_tag","embeddable":true,"href":"https:\/\/narteks.net\/index.php\/wp-json\/wp\/v2\/tags?post=6328"}],"curies":[{"name":"wp","href":"https:\/\/api.w.org\/{rel}","templated":true}]}}