{"id":6331,"date":"2011-06-06T13:30:35","date_gmt":"2011-06-06T10:30:35","guid":{"rendered":"http:\/\/localhost\/wordpress\/2011\/06\/06\/fotograf-3\/"},"modified":"2011-06-06T13:30:35","modified_gmt":"2011-06-06T10:30:35","slug":"fotograf-3","status":"publish","type":"post","link":"https:\/\/narteks.net\/index.php\/2011\/06\/06\/fotograf-3\/","title":{"rendered":"FOTO\u011eRAF"},"content":{"rendered":"<p>\u00a0<\/p>\n<p>Ben \u00e7ok eski bir foto\u011frafta duruyorum. <br \/> Y\u00fcz\u00fcm o foto\u011frafta bile eski bir foto\u011frafa benziyor. <br \/> Karma\u015f\u0131k bir mitoloji, sarma\u015f\u0131k bir tempo<br \/> tam o anda durmu\u015f foto\u011frafa;<br \/> h\u00e2l\u00e2 duruyor. <\/p>\n<p> Bir b\u00fcy\u00fck yang\u0131nda donakalan bir an:<br \/> K\u00f6pr\u00fcs\u00fc yok bir k\u00f6pr\u00fc aya\u011f\u0131,<br \/> kederle yerinde duran. <br \/> Suyu \u00e7ekilmi\u015f bir \u00e7ukur \u00e7e\u015fme <br \/> bir vakit sebil, ve <br \/> bir devrinde g\u00fclm\u00fc\u015f sonra y\u0131k\u0131k eski bir \u015fehir.<\/p>\n<p> Be\u015f kad\u0131n bir de ye\u015file yak\u0131n bir sepya:<br \/> Biri yan\u0131ndakine \u00f6mr\u00fcn\u00fc veriyor,<br \/> \u00dc\u00e7\u00fcnc\u00fcde boynunu sola \u00e7eken bir keder <br \/> \u00d6ylece duruyor.D\u00f6rd\u00fcnc\u00fc ha var ha yok bir hayal. <br \/> Be\u015finciye \u00e7ok eski bir ya\u011fmur vuruyor.<\/p>\n<p> Siyah beyaz bir g\u00fcnm\u00fc\u015f,<br \/> foto\u011fraf\u0131n derininde bir g\u00fcm\u00fc\u015f nehir,<br \/> donan andan d\u0131\u015far\u0131, bir tek o, y\u00fcr\u00fcyor. <\/p>\n<p> Birhan KESK\u0130N \/ Ba<\/p>\n","protected":false},"excerpt":{"rendered":"<p>\u00a0 Ben \u00e7ok eski bir foto\u011frafta duruyorum. Y\u00fcz\u00fcm o foto\u011frafta bile eski bir foto\u011frafa benziyor. Karma\u015f\u0131k bir mitoloji, sarma\u015f\u0131k bir tempo tam o anda durmu\u015f foto\u011frafa; h\u00e2l\u00e2 duruyor. Bir b\u00fcy\u00fck yang\u0131nda donakalan bir an: K\u00f6pr\u00fcs\u00fc yok bir k\u00f6pr\u00fc aya\u011f\u0131, kederle yerinde duran. Suyu \u00e7ekilmi\u015f bir \u00e7ukur \u00e7e\u015fme bir vakit sebil, ve bir devrinde g\u00fclm\u00fc\u015f sonra [&hellip;]<\/p>\n","protected":false},"author":1,"featured_media":0,"comment_status":"open","ping_status":"open","sticky":false,"template":"","format":"standard","meta":{"footnotes":""},"categories":[70],"tags":[],"class_list":{"0":"post-6331","1":"post","2":"type-post","3":"status-publish","4":"format-standard","6":"category-birhan-keskin"},"yoast_head":"<!-- This site is optimized with the Yoast SEO Premium plugin v24.9 (Yoast SEO v24.9) - https:\/\/yoast.com\/wordpress\/plugins\/seo\/ -->\n<title>FOTO\u011eRAF - narteks.net<\/title>\n<meta name=\"robots\" content=\"index, follow, max-snippet:-1, max-image-preview:large, max-video-preview:-1\" \/>\n<link rel=\"canonical\" href=\"https:\/\/narteks.net\/index.php\/2011\/06\/06\/fotograf-3\/\" \/>\n<meta property=\"og:locale\" content=\"tr_TR\" \/>\n<meta property=\"og:type\" content=\"article\" \/>\n<meta property=\"og:title\" content=\"FOTO\u011eRAF\" \/>\n<meta property=\"og:description\" content=\"\u00a0 Ben \u00e7ok eski bir foto\u011frafta duruyorum. Y\u00fcz\u00fcm o foto\u011frafta bile eski bir foto\u011frafa benziyor. Karma\u015f\u0131k bir mitoloji, sarma\u015f\u0131k bir tempo tam o anda durmu\u015f foto\u011frafa; h\u00e2l\u00e2 duruyor. Bir b\u00fcy\u00fck yang\u0131nda donakalan bir an: K\u00f6pr\u00fcs\u00fc yok bir k\u00f6pr\u00fc aya\u011f\u0131, kederle yerinde duran. Suyu \u00e7ekilmi\u015f bir \u00e7ukur \u00e7e\u015fme bir vakit sebil, ve bir devrinde g\u00fclm\u00fc\u015f sonra [&hellip;]\" \/>\n<meta property=\"og:url\" content=\"https:\/\/narteks.net\/index.php\/2011\/06\/06\/fotograf-3\/\" \/>\n<meta property=\"og:site_name\" content=\"narteks.net\" \/>\n<meta property=\"article:published_time\" content=\"2011-06-06T10:30:35+00:00\" \/>\n<meta property=\"og:image\" content=\"https:\/\/narteks.net\/wp-content\/uploads\/narteks.png\" \/>\n\t<meta property=\"og:image:width\" content=\"300\" \/>\n\t<meta property=\"og:image:height\" content=\"90\" \/>\n\t<meta property=\"og:image:type\" content=\"image\/png\" \/>\n<meta name=\"author\" content=\"Tar\u0131k\" \/>\n<meta name=\"twitter:card\" content=\"summary_large_image\" \/>\n<meta name=\"twitter:creator\" content=\"@narteks\" \/>\n<meta name=\"twitter:site\" content=\"@narteks\" \/>\n<meta name=\"twitter:label1\" content=\"Yazan:\" \/>\n\t<meta name=\"twitter:data1\" content=\"Tar\u0131k\" \/>\n\t<meta name=\"twitter:label2\" content=\"Tahmini okuma s\u00fcresi\" \/>\n\t<meta name=\"twitter:data2\" content=\"1 dakika\" \/>\n<script type=\"application\/ld+json\" class=\"yoast-schema-graph\">{\"@context\":\"https:\/\/schema.org\",\"@graph\":[{\"@type\":\"Article\",\"@id\":\"https:\/\/narteks.net\/index.php\/2011\/06\/06\/fotograf-3\/#article\",\"isPartOf\":{\"@id\":\"https:\/\/narteks.net\/index.php\/2011\/06\/06\/fotograf-3\/\"},\"author\":{\"name\":\"Tar\u0131k\",\"@id\":\"https:\/\/narteks.net\/#\/schema\/person\/61f37d9834294b72d31d274e7ed79bca\"},\"headline\":\"FOTO\u011eRAF\",\"datePublished\":\"2011-06-06T10:30:35+00:00\",\"mainEntityOfPage\":{\"@id\":\"https:\/\/narteks.net\/index.php\/2011\/06\/06\/fotograf-3\/\"},\"wordCount\":149,\"commentCount\":0,\"publisher\":{\"@id\":\"https:\/\/narteks.net\/#organization\"},\"articleSection\":[\"Birhan KESK\u0130N\"],\"inLanguage\":\"tr\",\"potentialAction\":[{\"@type\":\"CommentAction\",\"name\":\"Comment\",\"target\":[\"https:\/\/narteks.net\/index.php\/2011\/06\/06\/fotograf-3\/#respond\"]}]},{\"@type\":\"WebPage\",\"@id\":\"https:\/\/narteks.net\/index.php\/2011\/06\/06\/fotograf-3\/\",\"url\":\"https:\/\/narteks.net\/index.php\/2011\/06\/06\/fotograf-3\/\",\"name\":\"FOTO\u011eRAF - narteks.net\",\"isPartOf\":{\"@id\":\"https:\/\/narteks.net\/#website\"},\"datePublished\":\"2011-06-06T10:30:35+00:00\",\"breadcrumb\":{\"@id\":\"https:\/\/narteks.net\/index.php\/2011\/06\/06\/fotograf-3\/#breadcrumb\"},\"inLanguage\":\"tr\",\"potentialAction\":[{\"@type\":\"ReadAction\",\"target\":[\"https:\/\/narteks.net\/index.php\/2011\/06\/06\/fotograf-3\/\"]}]},{\"@type\":\"BreadcrumbList\",\"@id\":\"https:\/\/narteks.net\/index.php\/2011\/06\/06\/fotograf-3\/#breadcrumb\",\"itemListElement\":[{\"@type\":\"ListItem\",\"position\":1,\"name\":\"Anasayfa\",\"item\":\"https:\/\/narteks.net\/\"},{\"@type\":\"ListItem\",\"position\":2,\"name\":\"FOTO\u011eRAF\"}]},{\"@type\":\"WebSite\",\"@id\":\"https:\/\/narteks.net\/#website\",\"url\":\"https:\/\/narteks.net\/\",\"name\":\"narteks.net\",\"description\":\"K\u00fclt\u00fcr Sanat Edebiyat Felsefe\",\"publisher\":{\"@id\":\"https:\/\/narteks.net\/#organization\"},\"alternateName\":\"K\u00fclt\u00fcr Sanat Edebiyat Felsefe\",\"potentialAction\":[{\"@type\":\"SearchAction\",\"target\":{\"@type\":\"EntryPoint\",\"urlTemplate\":\"https:\/\/narteks.net\/?s={search_term_string}\"},\"query-input\":{\"@type\":\"PropertyValueSpecification\",\"valueRequired\":true,\"valueName\":\"search_term_string\"}}],\"inLanguage\":\"tr\"},{\"@type\":\"Organization\",\"@id\":\"https:\/\/narteks.net\/#organization\",\"name\":\"narteks.net\",\"url\":\"https:\/\/narteks.net\/\",\"logo\":{\"@type\":\"ImageObject\",\"inLanguage\":\"tr\",\"@id\":\"https:\/\/narteks.net\/#\/schema\/logo\/image\/\",\"url\":\"https:\/\/narteks.net\/wp-content\/uploads\/narteks.png\",\"contentUrl\":\"https:\/\/narteks.net\/wp-content\/uploads\/narteks.png\",\"width\":300,\"height\":90,\"caption\":\"narteks.net\"},\"image\":{\"@id\":\"https:\/\/narteks.net\/#\/schema\/logo\/image\/\"},\"sameAs\":[\"https:\/\/x.com\/narteks\",\"https:\/\/instagram.com\/narteksnet\"]},{\"@type\":\"Person\",\"@id\":\"https:\/\/narteks.net\/#\/schema\/person\/61f37d9834294b72d31d274e7ed79bca\",\"name\":\"Tar\u0131k\",\"image\":{\"@type\":\"ImageObject\",\"inLanguage\":\"tr\",\"@id\":\"https:\/\/narteks.net\/#\/schema\/person\/image\/\",\"url\":\"https:\/\/secure.gravatar.com\/avatar\/50865afb55632c4ae467e0af0930f6510aa2297d8014be502a55b14f3b7550cf?s=96&d=mm&r=g\",\"contentUrl\":\"https:\/\/secure.gravatar.com\/avatar\/50865afb55632c4ae467e0af0930f6510aa2297d8014be502a55b14f3b7550cf?s=96&d=mm&r=g\",\"caption\":\"Tar\u0131k\"},\"sameAs\":[\"http:\/\/narteks.net\"],\"url\":\"https:\/\/narteks.net\/index.php\/author\/narbak\/\"}]}<\/script>\n<!-- \/ Yoast SEO Premium plugin. -->","yoast_head_json":{"title":"FOTO\u011eRAF - narteks.net","robots":{"index":"index","follow":"follow","max-snippet":"max-snippet:-1","max-image-preview":"max-image-preview:large","max-video-preview":"max-video-preview:-1"},"canonical":"https:\/\/narteks.net\/index.php\/2011\/06\/06\/fotograf-3\/","og_locale":"tr_TR","og_type":"article","og_title":"FOTO\u011eRAF","og_description":"\u00a0 Ben \u00e7ok eski bir foto\u011frafta duruyorum. Y\u00fcz\u00fcm o foto\u011frafta bile eski bir foto\u011frafa benziyor. Karma\u015f\u0131k bir mitoloji, sarma\u015f\u0131k bir tempo tam o anda durmu\u015f foto\u011frafa; h\u00e2l\u00e2 duruyor. Bir b\u00fcy\u00fck yang\u0131nda donakalan bir an: K\u00f6pr\u00fcs\u00fc yok bir k\u00f6pr\u00fc aya\u011f\u0131, kederle yerinde duran. Suyu \u00e7ekilmi\u015f bir \u00e7ukur \u00e7e\u015fme bir vakit sebil, ve bir devrinde g\u00fclm\u00fc\u015f sonra [&hellip;]","og_url":"https:\/\/narteks.net\/index.php\/2011\/06\/06\/fotograf-3\/","og_site_name":"narteks.net","article_published_time":"2011-06-06T10:30:35+00:00","og_image":[{"width":300,"height":90,"url":"https:\/\/narteks.net\/wp-content\/uploads\/narteks.png","type":"image\/png"}],"author":"Tar\u0131k","twitter_card":"summary_large_image","twitter_creator":"@narteks","twitter_site":"@narteks","twitter_misc":{"Yazan:":"Tar\u0131k","Tahmini okuma s\u00fcresi":"1 dakika"},"schema":{"@context":"https:\/\/schema.org","@graph":[{"@type":"Article","@id":"https:\/\/narteks.net\/index.php\/2011\/06\/06\/fotograf-3\/#article","isPartOf":{"@id":"https:\/\/narteks.net\/index.php\/2011\/06\/06\/fotograf-3\/"},"author":{"name":"Tar\u0131k","@id":"https:\/\/narteks.net\/#\/schema\/person\/61f37d9834294b72d31d274e7ed79bca"},"headline":"FOTO\u011eRAF","datePublished":"2011-06-06T10:30:35+00:00","mainEntityOfPage":{"@id":"https:\/\/narteks.net\/index.php\/2011\/06\/06\/fotograf-3\/"},"wordCount":149,"commentCount":0,"publisher":{"@id":"https:\/\/narteks.net\/#organization"},"articleSection":["Birhan KESK\u0130N"],"inLanguage":"tr","potentialAction":[{"@type":"CommentAction","name":"Comment","target":["https:\/\/narteks.net\/index.php\/2011\/06\/06\/fotograf-3\/#respond"]}]},{"@type":"WebPage","@id":"https:\/\/narteks.net\/index.php\/2011\/06\/06\/fotograf-3\/","url":"https:\/\/narteks.net\/index.php\/2011\/06\/06\/fotograf-3\/","name":"FOTO\u011eRAF - narteks.net","isPartOf":{"@id":"https:\/\/narteks.net\/#website"},"datePublished":"2011-06-06T10:30:35+00:00","breadcrumb":{"@id":"https:\/\/narteks.net\/index.php\/2011\/06\/06\/fotograf-3\/#breadcrumb"},"inLanguage":"tr","potentialAction":[{"@type":"ReadAction","target":["https:\/\/narteks.net\/index.php\/2011\/06\/06\/fotograf-3\/"]}]},{"@type":"BreadcrumbList","@id":"https:\/\/narteks.net\/index.php\/2011\/06\/06\/fotograf-3\/#breadcrumb","itemListElement":[{"@type":"ListItem","position":1,"name":"Anasayfa","item":"https:\/\/narteks.net\/"},{"@type":"ListItem","position":2,"name":"FOTO\u011eRAF"}]},{"@type":"WebSite","@id":"https:\/\/narteks.net\/#website","url":"https:\/\/narteks.net\/","name":"narteks.net","description":"K\u00fclt\u00fcr Sanat Edebiyat Felsefe","publisher":{"@id":"https:\/\/narteks.net\/#organization"},"alternateName":"K\u00fclt\u00fcr Sanat Edebiyat Felsefe","potentialAction":[{"@type":"SearchAction","target":{"@type":"EntryPoint","urlTemplate":"https:\/\/narteks.net\/?s={search_term_string}"},"query-input":{"@type":"PropertyValueSpecification","valueRequired":true,"valueName":"search_term_string"}}],"inLanguage":"tr"},{"@type":"Organization","@id":"https:\/\/narteks.net\/#organization","name":"narteks.net","url":"https:\/\/narteks.net\/","logo":{"@type":"ImageObject","inLanguage":"tr","@id":"https:\/\/narteks.net\/#\/schema\/logo\/image\/","url":"https:\/\/narteks.net\/wp-content\/uploads\/narteks.png","contentUrl":"https:\/\/narteks.net\/wp-content\/uploads\/narteks.png","width":300,"height":90,"caption":"narteks.net"},"image":{"@id":"https:\/\/narteks.net\/#\/schema\/logo\/image\/"},"sameAs":["https:\/\/x.com\/narteks","https:\/\/instagram.com\/narteksnet"]},{"@type":"Person","@id":"https:\/\/narteks.net\/#\/schema\/person\/61f37d9834294b72d31d274e7ed79bca","name":"Tar\u0131k","image":{"@type":"ImageObject","inLanguage":"tr","@id":"https:\/\/narteks.net\/#\/schema\/person\/image\/","url":"https:\/\/secure.gravatar.com\/avatar\/50865afb55632c4ae467e0af0930f6510aa2297d8014be502a55b14f3b7550cf?s=96&d=mm&r=g","contentUrl":"https:\/\/secure.gravatar.com\/avatar\/50865afb55632c4ae467e0af0930f6510aa2297d8014be502a55b14f3b7550cf?s=96&d=mm&r=g","caption":"Tar\u0131k"},"sameAs":["http:\/\/narteks.net"],"url":"https:\/\/narteks.net\/index.php\/author\/narbak\/"}]}},"_links":{"self":[{"href":"https:\/\/narteks.net\/index.php\/wp-json\/wp\/v2\/posts\/6331","targetHints":{"allow":["GET"]}}],"collection":[{"href":"https:\/\/narteks.net\/index.php\/wp-json\/wp\/v2\/posts"}],"about":[{"href":"https:\/\/narteks.net\/index.php\/wp-json\/wp\/v2\/types\/post"}],"author":[{"embeddable":true,"href":"https:\/\/narteks.net\/index.php\/wp-json\/wp\/v2\/users\/1"}],"replies":[{"embeddable":true,"href":"https:\/\/narteks.net\/index.php\/wp-json\/wp\/v2\/comments?post=6331"}],"version-history":[{"count":0,"href":"https:\/\/narteks.net\/index.php\/wp-json\/wp\/v2\/posts\/6331\/revisions"}],"wp:attachment":[{"href":"https:\/\/narteks.net\/index.php\/wp-json\/wp\/v2\/media?parent=6331"}],"wp:term":[{"taxonomy":"category","embeddable":true,"href":"https:\/\/narteks.net\/index.php\/wp-json\/wp\/v2\/categories?post=6331"},{"taxonomy":"post_tag","embeddable":true,"href":"https:\/\/narteks.net\/index.php\/wp-json\/wp\/v2\/tags?post=6331"}],"curies":[{"name":"wp","href":"https:\/\/api.w.org\/{rel}","templated":true}]}}