{"id":6342,"date":"2011-06-07T10:42:09","date_gmt":"2011-06-07T07:42:09","guid":{"rendered":"http:\/\/localhost\/wordpress\/2011\/06\/07\/asya-afrika-yazarlarina\/"},"modified":"2011-06-07T10:42:09","modified_gmt":"2011-06-07T07:42:09","slug":"asya-afrika-yazarlarina","status":"publish","type":"post","link":"https:\/\/narteks.net\/index.php\/2011\/06\/07\/asya-afrika-yazarlarina\/","title":{"rendered":"ASYA &#8211; AFR\u0130KA YAZARLARINA"},"content":{"rendered":"<p>\u00a0<\/p>\n<p>Karde\u015flerim <br \/> bakmay\u0131n sar\u0131 sa\u00e7l\u0131 oldu\u011fuma <br \/> ben Asyal\u0131y\u0131m <br \/> bakmay\u0131n mavi g\u00f6zl\u00fc oldu\u011fuma <br \/> ben Afrikal\u0131y\u0131m <br \/> a\u011fa\u00e7lar kendi dibine g\u00f6lge vermez benim orda <br \/> sizin ordakiler gibi t\u0131pk\u0131 <br \/> benim orda arslan\u0131n a\u011fz\u0131ndad\u0131r ekmek <br \/> ejderler yatar ba\u015f\u0131nda \u00e7e\u015fmelerin <br \/> ve \u00f6l\u00fcn\u00fcr benim orda ellisine bas\u0131lmadan <br \/> sizin ordaki gibi t\u0131pk\u0131 <br \/> bakmay\u0131n sar\u0131 sa\u00e7l\u0131 oldu\u011fuma <br \/> ben Asyal\u0131y\u0131m <br \/> bakmay\u0131n mavi g\u00f6zl\u00fc oldu\u011fuma <br \/> ben Afrikal\u0131y\u0131m <br \/> okuyup yazma bilmez y\u00fczde sekseni benimkilerin <br \/> \u015fiirler gezer a\u011f\u0131zdan a\u011f\u0131za t\u00fcrk\u00fcle\u015ferek <br \/> \u015fiirler bayrakla\u015fabilir benim orda <br \/> sizin ordaki gibi <br \/> karde\u015flerim <br \/> s\u0131ska \u00f6k\u00fcz\u00fcn yan\u0131na ko\u015fulup \u015fiirlerimiz <br \/> topra\u011f\u0131 s\u00fcrebilmeli <br \/> pirin\u00e7 tarlalar\u0131nda batakl\u0131\u011fa girebilmeli <br \/> dizlerine kadar <br \/> b\u00fct\u00fcn sorular\u0131 sorabilmeli <br \/> b\u00fct\u00fcn \u0131\u015f\u0131klar\u0131 derebilmeli <br \/> yol ba\u015flar\u0131nda durabilmeli <br \/> kilometre ta\u015flar\u0131 gibi \u015fiirlerimiz <br \/> yakla\u015fan d\u00fc\u015fman\u0131 herkesten \u00f6nce g\u00f6rebilmeli <br \/> cengelde tamtamlara vurabilmeli <br \/> ve yery\u00fcz\u00fcnde tek esir yurt tek esir insan <br \/> g\u00f6ky\u00fcz\u00fcnde atomlu tek bulut kalmay\u0131ncaya kadar <br \/> mal\u0131 m\u00fclk\u00fc akl\u0131 fikri can\u0131 neyi varsa verebilmeli <br \/> b\u00fcy\u00fck h\u00fcrriyete \u015fiirlerimiz<\/p>\n<p>22 Ocak 1962, Moskova<\/p>\n<p>Naz\u0131m Hikmet RAN<\/p>\n","protected":false},"excerpt":{"rendered":"<p>\u00a0 Karde\u015flerim bakmay\u0131n sar\u0131 sa\u00e7l\u0131 oldu\u011fuma ben Asyal\u0131y\u0131m bakmay\u0131n mavi g\u00f6zl\u00fc oldu\u011fuma ben Afrikal\u0131y\u0131m a\u011fa\u00e7lar kendi dibine g\u00f6lge vermez benim orda sizin ordakiler gibi t\u0131pk\u0131 benim orda arslan\u0131n a\u011fz\u0131ndad\u0131r ekmek ejderler yatar ba\u015f\u0131nda \u00e7e\u015fmelerin ve \u00f6l\u00fcn\u00fcr benim orda ellisine bas\u0131lmadan sizin ordaki gibi t\u0131pk\u0131 bakmay\u0131n sar\u0131 sa\u00e7l\u0131 oldu\u011fuma ben Asyal\u0131y\u0131m bakmay\u0131n mavi g\u00f6zl\u00fc oldu\u011fuma ben [&hellip;]<\/p>\n","protected":false},"author":1,"featured_media":0,"comment_status":"open","ping_status":"open","sticky":false,"template":"","format":"standard","meta":{"footnotes":""},"categories":[59],"tags":[],"class_list":{"0":"post-6342","1":"post","2":"type-post","3":"status-publish","4":"format-standard","6":"category-nazim-hikmet-ran"},"yoast_head":"<!-- This site is optimized with the Yoast SEO Premium plugin v24.9 (Yoast SEO v24.9) - https:\/\/yoast.com\/wordpress\/plugins\/seo\/ -->\n<title>ASYA - AFR\u0130KA YAZARLARINA - narteks.net<\/title>\n<meta name=\"robots\" content=\"index, follow, max-snippet:-1, max-image-preview:large, max-video-preview:-1\" \/>\n<link rel=\"canonical\" href=\"https:\/\/narteks.net\/index.php\/2011\/06\/07\/asya-afrika-yazarlarina\/\" \/>\n<meta property=\"og:locale\" content=\"tr_TR\" \/>\n<meta property=\"og:type\" content=\"article\" \/>\n<meta property=\"og:title\" content=\"ASYA - AFR\u0130KA YAZARLARINA\" \/>\n<meta property=\"og:description\" content=\"\u00a0 Karde\u015flerim bakmay\u0131n sar\u0131 sa\u00e7l\u0131 oldu\u011fuma ben Asyal\u0131y\u0131m bakmay\u0131n mavi g\u00f6zl\u00fc oldu\u011fuma ben Afrikal\u0131y\u0131m a\u011fa\u00e7lar kendi dibine g\u00f6lge vermez benim orda sizin ordakiler gibi t\u0131pk\u0131 benim orda arslan\u0131n a\u011fz\u0131ndad\u0131r ekmek ejderler yatar ba\u015f\u0131nda \u00e7e\u015fmelerin ve \u00f6l\u00fcn\u00fcr benim orda ellisine bas\u0131lmadan sizin ordaki gibi t\u0131pk\u0131 bakmay\u0131n sar\u0131 sa\u00e7l\u0131 oldu\u011fuma ben Asyal\u0131y\u0131m bakmay\u0131n mavi g\u00f6zl\u00fc oldu\u011fuma ben [&hellip;]\" \/>\n<meta property=\"og:url\" content=\"https:\/\/narteks.net\/index.php\/2011\/06\/07\/asya-afrika-yazarlarina\/\" \/>\n<meta property=\"og:site_name\" content=\"narteks.net\" \/>\n<meta property=\"article:published_time\" content=\"2011-06-07T07:42:09+00:00\" \/>\n<meta property=\"og:image\" content=\"https:\/\/narteks.net\/wp-content\/uploads\/narteks.png\" \/>\n\t<meta property=\"og:image:width\" content=\"300\" \/>\n\t<meta property=\"og:image:height\" content=\"90\" \/>\n\t<meta property=\"og:image:type\" content=\"image\/png\" \/>\n<meta name=\"author\" content=\"Tar\u0131k\" \/>\n<meta name=\"twitter:card\" content=\"summary_large_image\" \/>\n<meta name=\"twitter:creator\" content=\"@narteks\" \/>\n<meta name=\"twitter:site\" content=\"@narteks\" \/>\n<meta name=\"twitter:label1\" content=\"Yazan:\" \/>\n\t<meta name=\"twitter:data1\" content=\"Tar\u0131k\" \/>\n\t<meta name=\"twitter:label2\" content=\"Tahmini okuma s\u00fcresi\" \/>\n\t<meta name=\"twitter:data2\" content=\"1 dakika\" \/>\n<script type=\"application\/ld+json\" class=\"yoast-schema-graph\">{\"@context\":\"https:\/\/schema.org\",\"@graph\":[{\"@type\":\"Article\",\"@id\":\"https:\/\/narteks.net\/index.php\/2011\/06\/07\/asya-afrika-yazarlarina\/#article\",\"isPartOf\":{\"@id\":\"https:\/\/narteks.net\/index.php\/2011\/06\/07\/asya-afrika-yazarlarina\/\"},\"author\":{\"name\":\"Tar\u0131k\",\"@id\":\"https:\/\/narteks.net\/#\/schema\/person\/61f37d9834294b72d31d274e7ed79bca\"},\"headline\":\"ASYA &#8211; AFR\u0130KA YAZARLARINA\",\"datePublished\":\"2011-06-07T07:42:09+00:00\",\"mainEntityOfPage\":{\"@id\":\"https:\/\/narteks.net\/index.php\/2011\/06\/07\/asya-afrika-yazarlarina\/\"},\"wordCount\":215,\"commentCount\":0,\"publisher\":{\"@id\":\"https:\/\/narteks.net\/#organization\"},\"articleSection\":[\"Naz\u0131m H\u0130KMET RAN\"],\"inLanguage\":\"tr\",\"potentialAction\":[{\"@type\":\"CommentAction\",\"name\":\"Comment\",\"target\":[\"https:\/\/narteks.net\/index.php\/2011\/06\/07\/asya-afrika-yazarlarina\/#respond\"]}]},{\"@type\":\"WebPage\",\"@id\":\"https:\/\/narteks.net\/index.php\/2011\/06\/07\/asya-afrika-yazarlarina\/\",\"url\":\"https:\/\/narteks.net\/index.php\/2011\/06\/07\/asya-afrika-yazarlarina\/\",\"name\":\"ASYA - AFR\u0130KA YAZARLARINA - narteks.net\",\"isPartOf\":{\"@id\":\"https:\/\/narteks.net\/#website\"},\"datePublished\":\"2011-06-07T07:42:09+00:00\",\"breadcrumb\":{\"@id\":\"https:\/\/narteks.net\/index.php\/2011\/06\/07\/asya-afrika-yazarlarina\/#breadcrumb\"},\"inLanguage\":\"tr\",\"potentialAction\":[{\"@type\":\"ReadAction\",\"target\":[\"https:\/\/narteks.net\/index.php\/2011\/06\/07\/asya-afrika-yazarlarina\/\"]}]},{\"@type\":\"BreadcrumbList\",\"@id\":\"https:\/\/narteks.net\/index.php\/2011\/06\/07\/asya-afrika-yazarlarina\/#breadcrumb\",\"itemListElement\":[{\"@type\":\"ListItem\",\"position\":1,\"name\":\"Anasayfa\",\"item\":\"https:\/\/narteks.net\/\"},{\"@type\":\"ListItem\",\"position\":2,\"name\":\"ASYA &#8211; AFR\u0130KA YAZARLARINA\"}]},{\"@type\":\"WebSite\",\"@id\":\"https:\/\/narteks.net\/#website\",\"url\":\"https:\/\/narteks.net\/\",\"name\":\"narteks.net\",\"description\":\"K\u00fclt\u00fcr Sanat Edebiyat Felsefe\",\"publisher\":{\"@id\":\"https:\/\/narteks.net\/#organization\"},\"alternateName\":\"K\u00fclt\u00fcr Sanat Edebiyat Felsefe\",\"potentialAction\":[{\"@type\":\"SearchAction\",\"target\":{\"@type\":\"EntryPoint\",\"urlTemplate\":\"https:\/\/narteks.net\/?s={search_term_string}\"},\"query-input\":{\"@type\":\"PropertyValueSpecification\",\"valueRequired\":true,\"valueName\":\"search_term_string\"}}],\"inLanguage\":\"tr\"},{\"@type\":\"Organization\",\"@id\":\"https:\/\/narteks.net\/#organization\",\"name\":\"narteks.net\",\"url\":\"https:\/\/narteks.net\/\",\"logo\":{\"@type\":\"ImageObject\",\"inLanguage\":\"tr\",\"@id\":\"https:\/\/narteks.net\/#\/schema\/logo\/image\/\",\"url\":\"https:\/\/narteks.net\/wp-content\/uploads\/narteks.png\",\"contentUrl\":\"https:\/\/narteks.net\/wp-content\/uploads\/narteks.png\",\"width\":300,\"height\":90,\"caption\":\"narteks.net\"},\"image\":{\"@id\":\"https:\/\/narteks.net\/#\/schema\/logo\/image\/\"},\"sameAs\":[\"https:\/\/x.com\/narteks\",\"https:\/\/instagram.com\/narteksnet\"]},{\"@type\":\"Person\",\"@id\":\"https:\/\/narteks.net\/#\/schema\/person\/61f37d9834294b72d31d274e7ed79bca\",\"name\":\"Tar\u0131k\",\"image\":{\"@type\":\"ImageObject\",\"inLanguage\":\"tr\",\"@id\":\"https:\/\/narteks.net\/#\/schema\/person\/image\/\",\"url\":\"https:\/\/secure.gravatar.com\/avatar\/50865afb55632c4ae467e0af0930f6510aa2297d8014be502a55b14f3b7550cf?s=96&d=mm&r=g\",\"contentUrl\":\"https:\/\/secure.gravatar.com\/avatar\/50865afb55632c4ae467e0af0930f6510aa2297d8014be502a55b14f3b7550cf?s=96&d=mm&r=g\",\"caption\":\"Tar\u0131k\"},\"sameAs\":[\"http:\/\/narteks.net\"],\"url\":\"https:\/\/narteks.net\/index.php\/author\/narbak\/\"}]}<\/script>\n<!-- \/ Yoast SEO Premium plugin. -->","yoast_head_json":{"title":"ASYA - AFR\u0130KA YAZARLARINA - narteks.net","robots":{"index":"index","follow":"follow","max-snippet":"max-snippet:-1","max-image-preview":"max-image-preview:large","max-video-preview":"max-video-preview:-1"},"canonical":"https:\/\/narteks.net\/index.php\/2011\/06\/07\/asya-afrika-yazarlarina\/","og_locale":"tr_TR","og_type":"article","og_title":"ASYA - AFR\u0130KA YAZARLARINA","og_description":"\u00a0 Karde\u015flerim bakmay\u0131n sar\u0131 sa\u00e7l\u0131 oldu\u011fuma ben Asyal\u0131y\u0131m bakmay\u0131n mavi g\u00f6zl\u00fc oldu\u011fuma ben Afrikal\u0131y\u0131m a\u011fa\u00e7lar kendi dibine g\u00f6lge vermez benim orda sizin ordakiler gibi t\u0131pk\u0131 benim orda arslan\u0131n a\u011fz\u0131ndad\u0131r ekmek ejderler yatar ba\u015f\u0131nda \u00e7e\u015fmelerin ve \u00f6l\u00fcn\u00fcr benim orda ellisine bas\u0131lmadan sizin ordaki gibi t\u0131pk\u0131 bakmay\u0131n sar\u0131 sa\u00e7l\u0131 oldu\u011fuma ben Asyal\u0131y\u0131m bakmay\u0131n mavi g\u00f6zl\u00fc oldu\u011fuma ben [&hellip;]","og_url":"https:\/\/narteks.net\/index.php\/2011\/06\/07\/asya-afrika-yazarlarina\/","og_site_name":"narteks.net","article_published_time":"2011-06-07T07:42:09+00:00","og_image":[{"width":300,"height":90,"url":"https:\/\/narteks.net\/wp-content\/uploads\/narteks.png","type":"image\/png"}],"author":"Tar\u0131k","twitter_card":"summary_large_image","twitter_creator":"@narteks","twitter_site":"@narteks","twitter_misc":{"Yazan:":"Tar\u0131k","Tahmini okuma s\u00fcresi":"1 dakika"},"schema":{"@context":"https:\/\/schema.org","@graph":[{"@type":"Article","@id":"https:\/\/narteks.net\/index.php\/2011\/06\/07\/asya-afrika-yazarlarina\/#article","isPartOf":{"@id":"https:\/\/narteks.net\/index.php\/2011\/06\/07\/asya-afrika-yazarlarina\/"},"author":{"name":"Tar\u0131k","@id":"https:\/\/narteks.net\/#\/schema\/person\/61f37d9834294b72d31d274e7ed79bca"},"headline":"ASYA &#8211; AFR\u0130KA YAZARLARINA","datePublished":"2011-06-07T07:42:09+00:00","mainEntityOfPage":{"@id":"https:\/\/narteks.net\/index.php\/2011\/06\/07\/asya-afrika-yazarlarina\/"},"wordCount":215,"commentCount":0,"publisher":{"@id":"https:\/\/narteks.net\/#organization"},"articleSection":["Naz\u0131m H\u0130KMET RAN"],"inLanguage":"tr","potentialAction":[{"@type":"CommentAction","name":"Comment","target":["https:\/\/narteks.net\/index.php\/2011\/06\/07\/asya-afrika-yazarlarina\/#respond"]}]},{"@type":"WebPage","@id":"https:\/\/narteks.net\/index.php\/2011\/06\/07\/asya-afrika-yazarlarina\/","url":"https:\/\/narteks.net\/index.php\/2011\/06\/07\/asya-afrika-yazarlarina\/","name":"ASYA - AFR\u0130KA YAZARLARINA - narteks.net","isPartOf":{"@id":"https:\/\/narteks.net\/#website"},"datePublished":"2011-06-07T07:42:09+00:00","breadcrumb":{"@id":"https:\/\/narteks.net\/index.php\/2011\/06\/07\/asya-afrika-yazarlarina\/#breadcrumb"},"inLanguage":"tr","potentialAction":[{"@type":"ReadAction","target":["https:\/\/narteks.net\/index.php\/2011\/06\/07\/asya-afrika-yazarlarina\/"]}]},{"@type":"BreadcrumbList","@id":"https:\/\/narteks.net\/index.php\/2011\/06\/07\/asya-afrika-yazarlarina\/#breadcrumb","itemListElement":[{"@type":"ListItem","position":1,"name":"Anasayfa","item":"https:\/\/narteks.net\/"},{"@type":"ListItem","position":2,"name":"ASYA &#8211; AFR\u0130KA YAZARLARINA"}]},{"@type":"WebSite","@id":"https:\/\/narteks.net\/#website","url":"https:\/\/narteks.net\/","name":"narteks.net","description":"K\u00fclt\u00fcr Sanat Edebiyat Felsefe","publisher":{"@id":"https:\/\/narteks.net\/#organization"},"alternateName":"K\u00fclt\u00fcr Sanat Edebiyat Felsefe","potentialAction":[{"@type":"SearchAction","target":{"@type":"EntryPoint","urlTemplate":"https:\/\/narteks.net\/?s={search_term_string}"},"query-input":{"@type":"PropertyValueSpecification","valueRequired":true,"valueName":"search_term_string"}}],"inLanguage":"tr"},{"@type":"Organization","@id":"https:\/\/narteks.net\/#organization","name":"narteks.net","url":"https:\/\/narteks.net\/","logo":{"@type":"ImageObject","inLanguage":"tr","@id":"https:\/\/narteks.net\/#\/schema\/logo\/image\/","url":"https:\/\/narteks.net\/wp-content\/uploads\/narteks.png","contentUrl":"https:\/\/narteks.net\/wp-content\/uploads\/narteks.png","width":300,"height":90,"caption":"narteks.net"},"image":{"@id":"https:\/\/narteks.net\/#\/schema\/logo\/image\/"},"sameAs":["https:\/\/x.com\/narteks","https:\/\/instagram.com\/narteksnet"]},{"@type":"Person","@id":"https:\/\/narteks.net\/#\/schema\/person\/61f37d9834294b72d31d274e7ed79bca","name":"Tar\u0131k","image":{"@type":"ImageObject","inLanguage":"tr","@id":"https:\/\/narteks.net\/#\/schema\/person\/image\/","url":"https:\/\/secure.gravatar.com\/avatar\/50865afb55632c4ae467e0af0930f6510aa2297d8014be502a55b14f3b7550cf?s=96&d=mm&r=g","contentUrl":"https:\/\/secure.gravatar.com\/avatar\/50865afb55632c4ae467e0af0930f6510aa2297d8014be502a55b14f3b7550cf?s=96&d=mm&r=g","caption":"Tar\u0131k"},"sameAs":["http:\/\/narteks.net"],"url":"https:\/\/narteks.net\/index.php\/author\/narbak\/"}]}},"_links":{"self":[{"href":"https:\/\/narteks.net\/index.php\/wp-json\/wp\/v2\/posts\/6342","targetHints":{"allow":["GET"]}}],"collection":[{"href":"https:\/\/narteks.net\/index.php\/wp-json\/wp\/v2\/posts"}],"about":[{"href":"https:\/\/narteks.net\/index.php\/wp-json\/wp\/v2\/types\/post"}],"author":[{"embeddable":true,"href":"https:\/\/narteks.net\/index.php\/wp-json\/wp\/v2\/users\/1"}],"replies":[{"embeddable":true,"href":"https:\/\/narteks.net\/index.php\/wp-json\/wp\/v2\/comments?post=6342"}],"version-history":[{"count":0,"href":"https:\/\/narteks.net\/index.php\/wp-json\/wp\/v2\/posts\/6342\/revisions"}],"wp:attachment":[{"href":"https:\/\/narteks.net\/index.php\/wp-json\/wp\/v2\/media?parent=6342"}],"wp:term":[{"taxonomy":"category","embeddable":true,"href":"https:\/\/narteks.net\/index.php\/wp-json\/wp\/v2\/categories?post=6342"},{"taxonomy":"post_tag","embeddable":true,"href":"https:\/\/narteks.net\/index.php\/wp-json\/wp\/v2\/tags?post=6342"}],"curies":[{"name":"wp","href":"https:\/\/api.w.org\/{rel}","templated":true}]}}