{"id":6348,"date":"2011-06-07T10:54:01","date_gmt":"2011-06-07T07:54:01","guid":{"rendered":"http:\/\/localhost\/wordpress\/2011\/06\/07\/buyuk-insanlik\/"},"modified":"2011-06-07T10:54:01","modified_gmt":"2011-06-07T07:54:01","slug":"buyuk-insanlik","status":"publish","type":"post","link":"https:\/\/narteks.net\/index.php\/2011\/06\/07\/buyuk-insanlik\/","title":{"rendered":"B\u00dcY\u00dcK \u0130NSANLIK"},"content":{"rendered":"<p>\u00a0<\/p>\n<p>B\u00fcy\u00fck insanl\u0131k gemide g\u00fcverte yolcusu <br \/> tirende \u00fc\u00e7\u00fcnc\u00fc mevki <br \/> \u015fosede yayan <br \/> b\u00fcy\u00fck insanl\u0131k.<\/p>\n<p>B\u00fcy\u00fck insanl\u0131k sekizinde i\u015fe gider <br \/> yirmisinde evlenir <br \/> k\u0131rk\u0131nda \u00f6l\u00fcr <br \/> b\u00fcy\u00fck insanl\u0131k.<\/p>\n<p>Ekmek b\u00fcy\u00fck insanl\u0131ktan ba\u015fka herkese yeter <br \/> pirin\u00e7 de \u00f6yle <br \/> \u015feker de \u00f6yle <br \/> kuma\u015f da \u00f6yle <br \/> kitap da \u00f6yle <br \/> b\u00fcy\u00fck insanl\u0131ktan ba\u015fka herkese yeter.<\/p>\n<p>B\u00fcy\u00fck insanl\u0131\u011f\u0131n topra\u011f\u0131nda g\u00f6lge yok <br \/> soka\u011f\u0131nda fener <br \/> penceresinde cam <br \/> ama umudu var b\u00fcy\u00fck insanl\u0131\u011f\u0131n <br \/> umutsuz ya\u015fanm\u0131yor.<\/p>\n<p>7 Ekim, Ta\u015fkent, 1958<\/p>\n<p>Naz\u0131m Hikmet RAN<\/p>\n","protected":false},"excerpt":{"rendered":"<p>\u00a0 B\u00fcy\u00fck insanl\u0131k gemide g\u00fcverte yolcusu tirende \u00fc\u00e7\u00fcnc\u00fc mevki \u015fosede yayan b\u00fcy\u00fck insanl\u0131k. B\u00fcy\u00fck insanl\u0131k sekizinde i\u015fe gider yirmisinde evlenir k\u0131rk\u0131nda \u00f6l\u00fcr b\u00fcy\u00fck insanl\u0131k. Ekmek b\u00fcy\u00fck insanl\u0131ktan ba\u015fka herkese yeter pirin\u00e7 de \u00f6yle \u015feker de \u00f6yle kuma\u015f da \u00f6yle kitap da \u00f6yle b\u00fcy\u00fck insanl\u0131ktan ba\u015fka herkese yeter. B\u00fcy\u00fck insanl\u0131\u011f\u0131n topra\u011f\u0131nda g\u00f6lge yok soka\u011f\u0131nda fener penceresinde [&hellip;]<\/p>\n","protected":false},"author":1,"featured_media":0,"comment_status":"open","ping_status":"open","sticky":false,"template":"","format":"standard","meta":{"footnotes":""},"categories":[59],"tags":[],"class_list":{"0":"post-6348","1":"post","2":"type-post","3":"status-publish","4":"format-standard","6":"category-nazim-hikmet-ran"},"yoast_head":"<!-- This site is optimized with the Yoast SEO Premium plugin v24.9 (Yoast SEO v24.9) - https:\/\/yoast.com\/wordpress\/plugins\/seo\/ -->\n<title>B\u00dcY\u00dcK \u0130NSANLIK - narteks.net<\/title>\n<meta name=\"robots\" content=\"index, follow, max-snippet:-1, max-image-preview:large, max-video-preview:-1\" \/>\n<link rel=\"canonical\" href=\"https:\/\/narteks.net\/index.php\/2011\/06\/07\/buyuk-insanlik\/\" \/>\n<meta property=\"og:locale\" content=\"tr_TR\" \/>\n<meta property=\"og:type\" content=\"article\" \/>\n<meta property=\"og:title\" content=\"B\u00dcY\u00dcK \u0130NSANLIK\" \/>\n<meta property=\"og:description\" content=\"\u00a0 B\u00fcy\u00fck insanl\u0131k gemide g\u00fcverte yolcusu tirende \u00fc\u00e7\u00fcnc\u00fc mevki \u015fosede yayan b\u00fcy\u00fck insanl\u0131k. B\u00fcy\u00fck insanl\u0131k sekizinde i\u015fe gider yirmisinde evlenir k\u0131rk\u0131nda \u00f6l\u00fcr b\u00fcy\u00fck insanl\u0131k. Ekmek b\u00fcy\u00fck insanl\u0131ktan ba\u015fka herkese yeter pirin\u00e7 de \u00f6yle \u015feker de \u00f6yle kuma\u015f da \u00f6yle kitap da \u00f6yle b\u00fcy\u00fck insanl\u0131ktan ba\u015fka herkese yeter. B\u00fcy\u00fck insanl\u0131\u011f\u0131n topra\u011f\u0131nda g\u00f6lge yok soka\u011f\u0131nda fener penceresinde [&hellip;]\" \/>\n<meta property=\"og:url\" content=\"https:\/\/narteks.net\/index.php\/2011\/06\/07\/buyuk-insanlik\/\" \/>\n<meta property=\"og:site_name\" content=\"narteks.net\" \/>\n<meta property=\"article:published_time\" content=\"2011-06-07T07:54:01+00:00\" \/>\n<meta property=\"og:image\" content=\"https:\/\/narteks.net\/wp-content\/uploads\/narteks.png\" \/>\n\t<meta property=\"og:image:width\" content=\"300\" \/>\n\t<meta property=\"og:image:height\" content=\"90\" \/>\n\t<meta property=\"og:image:type\" content=\"image\/png\" \/>\n<meta name=\"author\" content=\"Tar\u0131k\" \/>\n<meta name=\"twitter:card\" content=\"summary_large_image\" \/>\n<meta name=\"twitter:creator\" content=\"@narteks\" \/>\n<meta name=\"twitter:site\" content=\"@narteks\" \/>\n<meta name=\"twitter:label1\" content=\"Yazan:\" \/>\n\t<meta name=\"twitter:data1\" content=\"Tar\u0131k\" \/>\n\t<meta name=\"twitter:label2\" content=\"Tahmini okuma s\u00fcresi\" \/>\n\t<meta name=\"twitter:data2\" content=\"1 dakika\" \/>\n<script type=\"application\/ld+json\" class=\"yoast-schema-graph\">{\"@context\":\"https:\/\/schema.org\",\"@graph\":[{\"@type\":\"Article\",\"@id\":\"https:\/\/narteks.net\/index.php\/2011\/06\/07\/buyuk-insanlik\/#article\",\"isPartOf\":{\"@id\":\"https:\/\/narteks.net\/index.php\/2011\/06\/07\/buyuk-insanlik\/\"},\"author\":{\"name\":\"Tar\u0131k\",\"@id\":\"https:\/\/narteks.net\/#\/schema\/person\/61f37d9834294b72d31d274e7ed79bca\"},\"headline\":\"B\u00dcY\u00dcK \u0130NSANLIK\",\"datePublished\":\"2011-06-07T07:54:01+00:00\",\"mainEntityOfPage\":{\"@id\":\"https:\/\/narteks.net\/index.php\/2011\/06\/07\/buyuk-insanlik\/\"},\"wordCount\":109,\"commentCount\":0,\"publisher\":{\"@id\":\"https:\/\/narteks.net\/#organization\"},\"articleSection\":[\"Naz\u0131m H\u0130KMET RAN\"],\"inLanguage\":\"tr\",\"potentialAction\":[{\"@type\":\"CommentAction\",\"name\":\"Comment\",\"target\":[\"https:\/\/narteks.net\/index.php\/2011\/06\/07\/buyuk-insanlik\/#respond\"]}]},{\"@type\":\"WebPage\",\"@id\":\"https:\/\/narteks.net\/index.php\/2011\/06\/07\/buyuk-insanlik\/\",\"url\":\"https:\/\/narteks.net\/index.php\/2011\/06\/07\/buyuk-insanlik\/\",\"name\":\"B\u00dcY\u00dcK \u0130NSANLIK - narteks.net\",\"isPartOf\":{\"@id\":\"https:\/\/narteks.net\/#website\"},\"datePublished\":\"2011-06-07T07:54:01+00:00\",\"breadcrumb\":{\"@id\":\"https:\/\/narteks.net\/index.php\/2011\/06\/07\/buyuk-insanlik\/#breadcrumb\"},\"inLanguage\":\"tr\",\"potentialAction\":[{\"@type\":\"ReadAction\",\"target\":[\"https:\/\/narteks.net\/index.php\/2011\/06\/07\/buyuk-insanlik\/\"]}]},{\"@type\":\"BreadcrumbList\",\"@id\":\"https:\/\/narteks.net\/index.php\/2011\/06\/07\/buyuk-insanlik\/#breadcrumb\",\"itemListElement\":[{\"@type\":\"ListItem\",\"position\":1,\"name\":\"Anasayfa\",\"item\":\"https:\/\/narteks.net\/\"},{\"@type\":\"ListItem\",\"position\":2,\"name\":\"B\u00dcY\u00dcK \u0130NSANLIK\"}]},{\"@type\":\"WebSite\",\"@id\":\"https:\/\/narteks.net\/#website\",\"url\":\"https:\/\/narteks.net\/\",\"name\":\"narteks.net\",\"description\":\"K\u00fclt\u00fcr Sanat Edebiyat Felsefe\",\"publisher\":{\"@id\":\"https:\/\/narteks.net\/#organization\"},\"alternateName\":\"K\u00fclt\u00fcr Sanat Edebiyat Felsefe\",\"potentialAction\":[{\"@type\":\"SearchAction\",\"target\":{\"@type\":\"EntryPoint\",\"urlTemplate\":\"https:\/\/narteks.net\/?s={search_term_string}\"},\"query-input\":{\"@type\":\"PropertyValueSpecification\",\"valueRequired\":true,\"valueName\":\"search_term_string\"}}],\"inLanguage\":\"tr\"},{\"@type\":\"Organization\",\"@id\":\"https:\/\/narteks.net\/#organization\",\"name\":\"narteks.net\",\"url\":\"https:\/\/narteks.net\/\",\"logo\":{\"@type\":\"ImageObject\",\"inLanguage\":\"tr\",\"@id\":\"https:\/\/narteks.net\/#\/schema\/logo\/image\/\",\"url\":\"https:\/\/narteks.net\/wp-content\/uploads\/narteks.png\",\"contentUrl\":\"https:\/\/narteks.net\/wp-content\/uploads\/narteks.png\",\"width\":300,\"height\":90,\"caption\":\"narteks.net\"},\"image\":{\"@id\":\"https:\/\/narteks.net\/#\/schema\/logo\/image\/\"},\"sameAs\":[\"https:\/\/x.com\/narteks\",\"https:\/\/instagram.com\/narteksnet\"]},{\"@type\":\"Person\",\"@id\":\"https:\/\/narteks.net\/#\/schema\/person\/61f37d9834294b72d31d274e7ed79bca\",\"name\":\"Tar\u0131k\",\"image\":{\"@type\":\"ImageObject\",\"inLanguage\":\"tr\",\"@id\":\"https:\/\/narteks.net\/#\/schema\/person\/image\/\",\"url\":\"https:\/\/secure.gravatar.com\/avatar\/50865afb55632c4ae467e0af0930f6510aa2297d8014be502a55b14f3b7550cf?s=96&d=mm&r=g\",\"contentUrl\":\"https:\/\/secure.gravatar.com\/avatar\/50865afb55632c4ae467e0af0930f6510aa2297d8014be502a55b14f3b7550cf?s=96&d=mm&r=g\",\"caption\":\"Tar\u0131k\"},\"sameAs\":[\"http:\/\/narteks.net\"],\"url\":\"https:\/\/narteks.net\/index.php\/author\/narbak\/\"}]}<\/script>\n<!-- \/ Yoast SEO Premium plugin. -->","yoast_head_json":{"title":"B\u00dcY\u00dcK \u0130NSANLIK - narteks.net","robots":{"index":"index","follow":"follow","max-snippet":"max-snippet:-1","max-image-preview":"max-image-preview:large","max-video-preview":"max-video-preview:-1"},"canonical":"https:\/\/narteks.net\/index.php\/2011\/06\/07\/buyuk-insanlik\/","og_locale":"tr_TR","og_type":"article","og_title":"B\u00dcY\u00dcK \u0130NSANLIK","og_description":"\u00a0 B\u00fcy\u00fck insanl\u0131k gemide g\u00fcverte yolcusu tirende \u00fc\u00e7\u00fcnc\u00fc mevki \u015fosede yayan b\u00fcy\u00fck insanl\u0131k. B\u00fcy\u00fck insanl\u0131k sekizinde i\u015fe gider yirmisinde evlenir k\u0131rk\u0131nda \u00f6l\u00fcr b\u00fcy\u00fck insanl\u0131k. Ekmek b\u00fcy\u00fck insanl\u0131ktan ba\u015fka herkese yeter pirin\u00e7 de \u00f6yle \u015feker de \u00f6yle kuma\u015f da \u00f6yle kitap da \u00f6yle b\u00fcy\u00fck insanl\u0131ktan ba\u015fka herkese yeter. B\u00fcy\u00fck insanl\u0131\u011f\u0131n topra\u011f\u0131nda g\u00f6lge yok soka\u011f\u0131nda fener penceresinde [&hellip;]","og_url":"https:\/\/narteks.net\/index.php\/2011\/06\/07\/buyuk-insanlik\/","og_site_name":"narteks.net","article_published_time":"2011-06-07T07:54:01+00:00","og_image":[{"width":300,"height":90,"url":"https:\/\/narteks.net\/wp-content\/uploads\/narteks.png","type":"image\/png"}],"author":"Tar\u0131k","twitter_card":"summary_large_image","twitter_creator":"@narteks","twitter_site":"@narteks","twitter_misc":{"Yazan:":"Tar\u0131k","Tahmini okuma s\u00fcresi":"1 dakika"},"schema":{"@context":"https:\/\/schema.org","@graph":[{"@type":"Article","@id":"https:\/\/narteks.net\/index.php\/2011\/06\/07\/buyuk-insanlik\/#article","isPartOf":{"@id":"https:\/\/narteks.net\/index.php\/2011\/06\/07\/buyuk-insanlik\/"},"author":{"name":"Tar\u0131k","@id":"https:\/\/narteks.net\/#\/schema\/person\/61f37d9834294b72d31d274e7ed79bca"},"headline":"B\u00dcY\u00dcK \u0130NSANLIK","datePublished":"2011-06-07T07:54:01+00:00","mainEntityOfPage":{"@id":"https:\/\/narteks.net\/index.php\/2011\/06\/07\/buyuk-insanlik\/"},"wordCount":109,"commentCount":0,"publisher":{"@id":"https:\/\/narteks.net\/#organization"},"articleSection":["Naz\u0131m H\u0130KMET RAN"],"inLanguage":"tr","potentialAction":[{"@type":"CommentAction","name":"Comment","target":["https:\/\/narteks.net\/index.php\/2011\/06\/07\/buyuk-insanlik\/#respond"]}]},{"@type":"WebPage","@id":"https:\/\/narteks.net\/index.php\/2011\/06\/07\/buyuk-insanlik\/","url":"https:\/\/narteks.net\/index.php\/2011\/06\/07\/buyuk-insanlik\/","name":"B\u00dcY\u00dcK \u0130NSANLIK - narteks.net","isPartOf":{"@id":"https:\/\/narteks.net\/#website"},"datePublished":"2011-06-07T07:54:01+00:00","breadcrumb":{"@id":"https:\/\/narteks.net\/index.php\/2011\/06\/07\/buyuk-insanlik\/#breadcrumb"},"inLanguage":"tr","potentialAction":[{"@type":"ReadAction","target":["https:\/\/narteks.net\/index.php\/2011\/06\/07\/buyuk-insanlik\/"]}]},{"@type":"BreadcrumbList","@id":"https:\/\/narteks.net\/index.php\/2011\/06\/07\/buyuk-insanlik\/#breadcrumb","itemListElement":[{"@type":"ListItem","position":1,"name":"Anasayfa","item":"https:\/\/narteks.net\/"},{"@type":"ListItem","position":2,"name":"B\u00dcY\u00dcK \u0130NSANLIK"}]},{"@type":"WebSite","@id":"https:\/\/narteks.net\/#website","url":"https:\/\/narteks.net\/","name":"narteks.net","description":"K\u00fclt\u00fcr Sanat Edebiyat Felsefe","publisher":{"@id":"https:\/\/narteks.net\/#organization"},"alternateName":"K\u00fclt\u00fcr Sanat Edebiyat Felsefe","potentialAction":[{"@type":"SearchAction","target":{"@type":"EntryPoint","urlTemplate":"https:\/\/narteks.net\/?s={search_term_string}"},"query-input":{"@type":"PropertyValueSpecification","valueRequired":true,"valueName":"search_term_string"}}],"inLanguage":"tr"},{"@type":"Organization","@id":"https:\/\/narteks.net\/#organization","name":"narteks.net","url":"https:\/\/narteks.net\/","logo":{"@type":"ImageObject","inLanguage":"tr","@id":"https:\/\/narteks.net\/#\/schema\/logo\/image\/","url":"https:\/\/narteks.net\/wp-content\/uploads\/narteks.png","contentUrl":"https:\/\/narteks.net\/wp-content\/uploads\/narteks.png","width":300,"height":90,"caption":"narteks.net"},"image":{"@id":"https:\/\/narteks.net\/#\/schema\/logo\/image\/"},"sameAs":["https:\/\/x.com\/narteks","https:\/\/instagram.com\/narteksnet"]},{"@type":"Person","@id":"https:\/\/narteks.net\/#\/schema\/person\/61f37d9834294b72d31d274e7ed79bca","name":"Tar\u0131k","image":{"@type":"ImageObject","inLanguage":"tr","@id":"https:\/\/narteks.net\/#\/schema\/person\/image\/","url":"https:\/\/secure.gravatar.com\/avatar\/50865afb55632c4ae467e0af0930f6510aa2297d8014be502a55b14f3b7550cf?s=96&d=mm&r=g","contentUrl":"https:\/\/secure.gravatar.com\/avatar\/50865afb55632c4ae467e0af0930f6510aa2297d8014be502a55b14f3b7550cf?s=96&d=mm&r=g","caption":"Tar\u0131k"},"sameAs":["http:\/\/narteks.net"],"url":"https:\/\/narteks.net\/index.php\/author\/narbak\/"}]}},"_links":{"self":[{"href":"https:\/\/narteks.net\/index.php\/wp-json\/wp\/v2\/posts\/6348","targetHints":{"allow":["GET"]}}],"collection":[{"href":"https:\/\/narteks.net\/index.php\/wp-json\/wp\/v2\/posts"}],"about":[{"href":"https:\/\/narteks.net\/index.php\/wp-json\/wp\/v2\/types\/post"}],"author":[{"embeddable":true,"href":"https:\/\/narteks.net\/index.php\/wp-json\/wp\/v2\/users\/1"}],"replies":[{"embeddable":true,"href":"https:\/\/narteks.net\/index.php\/wp-json\/wp\/v2\/comments?post=6348"}],"version-history":[{"count":0,"href":"https:\/\/narteks.net\/index.php\/wp-json\/wp\/v2\/posts\/6348\/revisions"}],"wp:attachment":[{"href":"https:\/\/narteks.net\/index.php\/wp-json\/wp\/v2\/media?parent=6348"}],"wp:term":[{"taxonomy":"category","embeddable":true,"href":"https:\/\/narteks.net\/index.php\/wp-json\/wp\/v2\/categories?post=6348"},{"taxonomy":"post_tag","embeddable":true,"href":"https:\/\/narteks.net\/index.php\/wp-json\/wp\/v2\/tags?post=6348"}],"curies":[{"name":"wp","href":"https:\/\/api.w.org\/{rel}","templated":true}]}}