{"id":6350,"date":"2011-06-07T10:56:58","date_gmt":"2011-06-07T07:56:58","guid":{"rendered":"http:\/\/localhost\/wordpress\/2011\/06\/07\/ceviz-agaci-ile-topal-yunusun-hikayesi\/"},"modified":"2011-06-07T10:56:58","modified_gmt":"2011-06-07T07:56:58","slug":"ceviz-agaci-ile-topal-yunusun-hikayesi","status":"publish","type":"post","link":"https:\/\/narteks.net\/index.php\/2011\/06\/07\/ceviz-agaci-ile-topal-yunusun-hikayesi\/","title":{"rendered":"CEV\u0130Z A\u011eACI \u0130LE TOPAL YUNUS&#8217;UN H\u0130KAYES\u0130"},"content":{"rendered":"<p>\u00a0<\/p>\n<p>Burda bir dostumuz var : <br \/> \u00c7erke\u015f&#8217;in <br \/> Kavak k\u00f6y\u00fcnden. <br \/> B\u00fcy\u00fck kitaplar gibi <br \/> i\u00e7inde bir \u015feyler sakl\u0131. <br \/> Ak\u0131ll\u0131 adamlara <br \/> ajans haberlerine <br \/> ve bilmeceye merakl\u0131. <br \/> Ad\u0131 : Yunus. <br \/> Ate\u015fimizi yak\u0131p <br \/> suyumuzu veriyor. <br \/> A\u011fa\u00e7lardan <br \/> ve g\u00fcnlerden konu\u015fuyoruz. <br \/> Herhal ilerdedir <br \/> ya\u015fanacak g\u00fcnlerin <br \/> en g\u00fczelleri. <br \/> \u015eimdilik <br \/> sohbetimizde kederi : <br \/> kesilip <br \/> sat\u0131lm\u0131\u015f <br \/> bir ceviz a\u011fac\u0131n\u0131n&#8230;<\/p>\n<p>Onu tan\u0131yoruz : <br \/> avlunun i\u00e7inde <br \/> kap\u0131n\u0131n solundayd\u0131. <br \/> Ve alt\u0131 ya\u015f\u0131nda <br \/> dal\u0131ndan d\u00fc\u015ft\u00fc Yunus, <br \/> topall\u0131\u011f\u0131 ondand\u0131r.<\/p>\n<p>\u00d6k\u00fczler topallar\u0131 sever, <br \/> \u00e7\u00fcnk\u00fc topallar a\u011f\u0131r y\u00fcr\u00fcrler. <br \/> \u00d6k\u00fczler topallar\u0131 sever, <br \/> ceviz a\u011fa\u00e7lar\u0131 sevmez topallar\u0131 : <br \/> \u00e7\u00fcnk\u00fc topallar s\u0131\u00e7rayamazlar yemi\u015flere, <br \/> \u00e7\u00fcnk\u00fc \u00fczerlerine \u00e7\u0131k\u0131p <br \/> silkeleyemezler dallar\u0131. <br \/> Ceviz a\u011fa\u00e7lar\u0131 sevmez topallar\u0131&#8230;<\/p>\n<p>Bir acayiptir muhabbet bahsi : <br \/> mutlaka kendini dereye atmaz <br \/> sevilmeyenlerin hepsi. <br \/> \u0130nsanlar\u0131n h\u00fcnerleri \u00e7oktur : <br \/> insanlar <br \/> sevilmeden de sevmesini bilirler&#8230;<\/p>\n<p>Bir acayiptir muhabbet bahsi, <br \/> bir acayiptir <br \/> ceviz a\u011fac\u0131 ile <br \/> topal Yunus&#8217;un hik\u00e2yesi&#8230;<\/p>\n<p>&#8230;.. Cevizlerini Eyl\u00fclde d\u00f6ker, <br \/> yapraklar\u0131 ye\u015fil dururdu Kas\u0131ma kadar. <br \/> Ve \u00c7erke\u015f yolu \u00fczerinden <br \/> sabah namaz\u0131 \u0131\u015f\u0131y\u0131p geldi\u011fi zaman, <br \/> kad\u0131nlardan \u00f6nce uyan\u0131rd\u0131 dallar\u0131. <br \/> Alt\u0131ndan ge\u00e7erken d\u00fc\u015f\u00fcn\u00fcrd\u00fc Yunus&#8230;<\/p>\n<p>&#8230;.. D\u00fc\u015f\u00fcnmek : <br \/> ne mukaddes bir i\u015f <br \/> ne fel\u00e2ket <br \/> ne de bahtiyarl\u0131kt\u0131, <br \/> ve \u00f6l\u00fcm : <br \/> mutlaka var\u0131l\u0131p d\u00f6n\u00fclmeyen, <br \/> fakat \u00fczerinde d\u00fc\u015f\u00fcn\u00fclmeyen <br \/> bir k\u00f6yd\u00fc Yunus i\u00e7in&#8230;<\/p>\n<p>&#8230;.. Cevizlerini Eyl\u00fclde d\u00f6ker, <br \/> yapraklar\u0131 ye\u015fil dururdu Kas\u0131ma kadar. <br \/> G\u00fcne\u015fte g\u00f6lgesi hain olurdu, <br \/> r\u00fczg\u00e2rda konu\u015furdu kendi kendine, <br \/> dallar\u0131 yukardan Yunus&#8217;a bakar&#8230;<\/p>\n<p>&#8230;.. G\u00fcnd\u00fczleri y\u0131ld\u0131zlar\u0131n niye s\u00f6nd\u00fc\u011f\u00fcn\u00fc, <br \/> d\u00fcnyan\u0131n yuvarlak oldu\u011funu <br \/> ve g\u00fcne\u015fin etraf\u0131nda d\u00f6nd\u00fc\u011f\u00fcn\u00fc <br \/> bilmiyordu Yunus. <br \/> Bunlar\u0131 biz anlatt\u0131k ona <br \/> \u015fa\u015f\u0131p kalmad\u0131&#8230;<\/p>\n<p>&#8230;.. Cevizlerini Eyl\u00fclde d\u00f6ker, <br \/> yapraklar\u0131 ye\u015fil dururdu Kas\u0131ma kadar. <br \/> Y\u00fcksekti, geni\u015fti alabildi\u011fine. <br \/> \u00dc\u00e7 ki\u015fi el ele versen <br \/> k\u00fct\u00fc\u011f\u00fcn\u00fc \u00e7eviremezdin. <br \/> Gece alt\u0131nda oturdun muydu <br \/> y\u0131ld\u0131zlar\u0131 g\u00f6remezdin. <br \/> Her gece alt\u0131nda otururdu Yunus&#8230;<\/p>\n<p>&#8230;.. \u00c7inli m\u00fcsl\u00fcmanlara, <br \/> burunlar\u0131 tek boynuzlu gergedanlara, <br \/> ve bir damla suda bir milyon mikroba dair <br \/> fikri yoktu Yunus&#8217;un. <br \/> Bunlar\u0131 bizden \u00f6\u011frendi\u011fi g\u00fcn <br \/> hayret etmedi&#8230;<\/p>\n<p>&#8230;.. Cevizlerini Eyl\u00fclde d\u00f6ker, <br \/> yapraklar\u0131 ye\u015fil dururdu Kas\u0131ma kadar. <br \/> Topra\u011f\u0131n i\u00e7inde gider k\u00f6kleri, <br \/> karanl\u0131k bir sudur tepende akar. <br \/> Her ak\u015fam alt\u0131ndan ge\u00e7erdi Yunus&#8230;<\/p>\n<p>&#8230;.. Bir g\u00fcn ate\u015fimizi yak\u0131p <br \/> verirken suyumuzu : <br \/> \u00ab Biz hizmetk\u00e2r\u0131n\u0131z senin, <br \/> sen efendimizsin\u00bb\u00a0 dedik. <br \/> \u015ea\u015f\u0131r\u0131p kald\u0131 Yunus&#8230;<\/p>\n<p>&#8230;.. Cevizlerini Eyl\u00fclde d\u00f6ker, <br \/> yapraklar\u0131 ye\u015fil dururdu Kas\u0131ma kadar. <br \/> R\u00fczg\u00e2rda konu\u015furdu kendi kendine. <br \/> Y\u00fcksekti, geni\u015fti alabildi\u011fine. <br \/> Gece alt\u0131nda oturdun muydu <br \/> y\u0131ld\u0131zlar\u0131 g\u00f6remezdin. <br \/> Karanl\u0131k bir sudur tepende akar, <br \/> topra\u011f\u0131n i\u00e7inde gider k\u00f6kleri, <br \/> dallar\u0131, yukardan Yunus&#8217;a bakar&#8230;<\/p>\n<p>\u00ab K\u00f6y i\u015fi zordur katiyen <br \/> v\u00fccut ezilir bir defa. <br \/> Topra\u011fa \u00e7\u00f6melip bak d\u00f6rt tarafa : <br \/> bela hangi inde pusmu\u015f <br \/> bilinir mi? <br \/> M\u00fcmk\u00fcn\u00fc yok vurulsun&#8230;\u00bb<\/p>\n<p>Vurmu\u015f bel\u00e2, ci\u011ferinden Yunus&#8217;u&#8230;<\/p>\n<p>\u00ab Biz hi\u00e7 d\u00fcnyada ya\u015fam\u0131\u015f de\u011filiz. <br \/> Geldik <br \/> gidiyoruz \u00f6ylesine&#8230; <br \/> Tevat\u00fcr g\u00fczelmi\u015f \u0130stanbul \u015fehri, <br \/> var\u0131p g\u00f6r\u00fclmesi nasibolmad\u0131. <br \/> Vel\u00e2kin niye tifti\u011fi yok <br \/> altm\u0131\u015f haneden otuzunun?&#8230;\u00bb<\/p>\n<p>Tifti\u011fi yoktu Yunus&#8217;un&#8230;<\/p>\n<p>\u00ab Att\u0131\u011f\u0131n ta\u015f <br \/> dedi\u011fin ku\u015fu vurmuyor. <br \/> D\u00fcnya trene bindi. <br \/> Gayr\u0131 d\u00fcnya \u00f6k\u00fcz\u00fcn boynuzunda durmuyor. <br \/> Elimiz aya\u011f\u0131m\u0131z : \u00f6k\u00fcz. <br \/> \u00c7ok zor olur \u00f6k\u00fcz\u00fc satmak, <br \/> yar\u0131 \u00f6l\u00fcmd\u00fcr yani. <br \/> \u00d6k\u00fcz gitti mi korkulursun&#8230;\u00bb<\/p>\n<p>Satt\u0131lar \u00f6k\u00fcz\u00fcn\u00fc Yunus&#8217;un&#8230;<\/p>\n<p>\u00ab Herhal yollar\u0131n sonu g\u00f6r\u00fcnd\u00fc. <br \/> Bu olan i\u015fleri ak\u0131l almaz. <br \/> Toprak sabuna d\u00f6nd\u00fc <br \/> kayar insan\u0131n elinden. <br \/> C\u00fcmle mahlukat\u0131n mek\u00e2n\u0131 vard\u0131r <br \/> kurdun mek\u00e2n\u0131 olmaz. <br \/> Topra\u011f\u0131n elinden kayd\u0131 m\u0131yd\u0131 <br \/> bir mek\u00e2ns\u0131z kurt olursun&#8230;\u00bb<\/p>\n<p>Kayd\u0131 topra\u011f\u0131 elinden Yunus&#8217;un&#8230;<\/p>\n<p>Cevizlerini Eyl\u00fclde d\u00f6ker, <br \/> yapraklar\u0131 ye\u015fil dururdu Kas\u0131ma kadar. <br \/> G\u00fcne\u015fte g\u00f6lgesi hain olurdu. <br \/> Yunus durmadan <br \/> Yunus kaybettik\u00e7e onu d\u00fc\u015f\u00fcn\u00fcr, <br \/> o, bir \u015fey isteyip, bir \u015fey sormadan <br \/> r\u00fczg\u00e2rda konu\u015furdu kendi kendine&#8230;<\/p>\n<p>\u00c7ocuklara ana, <br \/> tohuma toprak <br \/> ve kar\u0131 l\u00e2z\u0131md\u0131r erkek k\u0131sm\u0131na&#8230;<\/p>\n<p>Bir k\u0131z ka\u00e7\u0131rd\u0131 Yunus : <br \/> \u00c7\u00fcnk\u00fc d\u00fc\u011f\u00fcn pahal\u0131 <br \/> k\u0131z ka\u00e7\u0131rmak ucuz&#8230;<\/p>\n<p>Fakirin kar\u0131s\u0131 kavi olmaz&#8230;<\/p>\n<p>Ve bir g\u00fcn <br \/> \u00c7erke\u015f yolu \u00fczerinden <br \/> sabah namaz\u0131 \u0131\u015f\u0131y\u0131p geldi\u011fi zaman <br \/> giderlerdi. <br \/> Yunus&#8217;un arkas\u0131nda yuvarland\u0131 yere, <br \/> k\u0131rm\u0131z\u0131 pe\u015ftemal\u0131n\u0131n i\u00e7inde \u00f6l\u00fcverdi&#8230;<\/p>\n<p>Topraks\u0131z, \u00f6k\u00fczs\u00fcz ve kad\u0131ns\u0131z, <br \/> kald\u0131lar d\u00fcnyada bir ba\u015flar\u0131na <br \/> ceviz a\u011fac\u0131 ile Yunus. <br \/> Yaln\u0131zl\u0131k koyduk\u00e7a koydu Yunus&#8217;a. <br \/> El topra\u011f\u0131nda ter d\u00f6ker oldu. <br \/> Cevizi karanl\u0131kta kaybolur san\u0131p <br \/> uyumaz beklerdi sabaha kadar. <br \/> Yaln\u0131zl\u0131k umrunda de\u011fil cevizin, <br \/> topra\u011f\u0131n i\u00e7inde gider k\u00f6kleri, <br \/> dallar\u0131 yukardan Yunus&#8217;a bakar&#8230;<\/p>\n<p>Cevizden konsol yaparlar, <br \/> topal Yunus ne i\u015fe yarar?<\/p>\n<p>Zemheriler geldi bar\u0131namazs\u0131n. <br \/> Cevizden konsol yaparlar. <br \/> Gayr\u0131 daha fazla s\u00fcr\u00fcnemezsin. <br \/> Sat Yunus cevizini&#8230;<\/p>\n<p>Y\u00fcn yorgan de\u011fil bu sar\u0131namazs\u0131n. <br \/> Cevizden konsol yaparlar. <br \/> Bir cans\u0131z a\u011fa\u00e7t\u0131r yaranamazs\u0131n. <br \/> Sat Yunus cevizini&#8230;<\/p>\n<p>Varl\u0131lar vars\u0131za dokur mu kilim, <br \/> vay cevizin hali, vay benim halim&#8230;<\/p>\n<p>Mek\u00e2ns\u0131z kurda mek\u00e2nd\u0131. <br \/> Cevizden konsol yaparlar. <br \/> Yar\u0131 a\u011fa\u00e7, yar\u0131 insand\u0131. <br \/> Sat Yunus cevizini&#8230;<\/p>\n<p>Cenaze \u00e7\u0131r\u00e7\u0131plak, kara uzand\u0131. <br \/> Cevizden konsol yaparlar. <br \/> Kesildi dallar\u0131, dallar budand\u0131. <br \/> Satt\u0131 Yunus cevizini&#8230;<\/p>\n<p>Varl\u0131lar vars\u0131za dokur mu kilim, <br \/> vay cevizin hali, vay benim halim&#8230;<\/p>\n<p>Sabah\u0131n sahibi vard\u0131r. <br \/> G\u00fcn daima bulutta kalmaz. <br \/> Herhal ilerdedir <br \/> ya\u015fanacak g\u00fcnlerin <br \/> en g\u00fczelleri&#8230; <br \/> \u015eimdilik <br \/> sohbetimizde kederi : <br \/> kesilip <br \/> sat\u0131lm\u0131\u015f <br \/> bir ceviz a\u011fac\u0131n\u0131n&#8230;<\/p>\n<p>Naz\u0131m Hikmet RAN<\/p>\n","protected":false},"excerpt":{"rendered":"<p>\u00a0 Burda bir dostumuz var : \u00c7erke\u015f&#8217;in Kavak k\u00f6y\u00fcnden. B\u00fcy\u00fck kitaplar gibi i\u00e7inde bir \u015feyler sakl\u0131. Ak\u0131ll\u0131 adamlara ajans haberlerine ve bilmeceye merakl\u0131. Ad\u0131 : Yunus. Ate\u015fimizi yak\u0131p suyumuzu veriyor. A\u011fa\u00e7lardan ve g\u00fcnlerden konu\u015fuyoruz. Herhal ilerdedir ya\u015fanacak g\u00fcnlerin en g\u00fczelleri. \u015eimdilik sohbetimizde kederi : kesilip sat\u0131lm\u0131\u015f bir ceviz a\u011fac\u0131n\u0131n&#8230; Onu tan\u0131yoruz : avlunun i\u00e7inde kap\u0131n\u0131n [&hellip;]<\/p>\n","protected":false},"author":1,"featured_media":0,"comment_status":"open","ping_status":"open","sticky":false,"template":"","format":"standard","meta":{"footnotes":""},"categories":[59],"tags":[],"class_list":{"0":"post-6350","1":"post","2":"type-post","3":"status-publish","4":"format-standard","6":"category-nazim-hikmet-ran"},"yoast_head":"<!-- This site is optimized with the Yoast SEO Premium plugin v24.9 (Yoast SEO v24.9) - https:\/\/yoast.com\/wordpress\/plugins\/seo\/ -->\n<title>CEV\u0130Z A\u011eACI \u0130LE TOPAL YUNUS&#039;UN H\u0130KAYES\u0130 - narteks.net<\/title>\n<meta name=\"robots\" content=\"index, follow, max-snippet:-1, max-image-preview:large, max-video-preview:-1\" \/>\n<link rel=\"canonical\" href=\"https:\/\/narteks.net\/index.php\/2011\/06\/07\/ceviz-agaci-ile-topal-yunusun-hikayesi\/\" \/>\n<meta property=\"og:locale\" content=\"tr_TR\" \/>\n<meta property=\"og:type\" content=\"article\" \/>\n<meta property=\"og:title\" content=\"CEV\u0130Z A\u011eACI \u0130LE TOPAL YUNUS&#039;UN H\u0130KAYES\u0130\" \/>\n<meta property=\"og:description\" content=\"\u00a0 Burda bir dostumuz var : \u00c7erke\u015f&#8217;in Kavak k\u00f6y\u00fcnden. B\u00fcy\u00fck kitaplar gibi i\u00e7inde bir \u015feyler sakl\u0131. Ak\u0131ll\u0131 adamlara ajans haberlerine ve bilmeceye merakl\u0131. Ad\u0131 : Yunus. Ate\u015fimizi yak\u0131p suyumuzu veriyor. A\u011fa\u00e7lardan ve g\u00fcnlerden konu\u015fuyoruz. Herhal ilerdedir ya\u015fanacak g\u00fcnlerin en g\u00fczelleri. \u015eimdilik sohbetimizde kederi : kesilip sat\u0131lm\u0131\u015f bir ceviz a\u011fac\u0131n\u0131n&#8230; Onu tan\u0131yoruz : avlunun i\u00e7inde kap\u0131n\u0131n [&hellip;]\" \/>\n<meta property=\"og:url\" content=\"https:\/\/narteks.net\/index.php\/2011\/06\/07\/ceviz-agaci-ile-topal-yunusun-hikayesi\/\" \/>\n<meta property=\"og:site_name\" content=\"narteks.net\" \/>\n<meta property=\"article:published_time\" content=\"2011-06-07T07:56:58+00:00\" \/>\n<meta property=\"og:image\" content=\"https:\/\/narteks.net\/wp-content\/uploads\/narteks.png\" \/>\n\t<meta property=\"og:image:width\" content=\"300\" \/>\n\t<meta property=\"og:image:height\" content=\"90\" \/>\n\t<meta property=\"og:image:type\" content=\"image\/png\" \/>\n<meta name=\"author\" content=\"Tar\u0131k\" \/>\n<meta name=\"twitter:card\" content=\"summary_large_image\" \/>\n<meta name=\"twitter:creator\" content=\"@narteks\" \/>\n<meta name=\"twitter:site\" content=\"@narteks\" \/>\n<meta name=\"twitter:label1\" content=\"Yazan:\" \/>\n\t<meta name=\"twitter:data1\" content=\"Tar\u0131k\" \/>\n\t<meta name=\"twitter:label2\" content=\"Tahmini okuma s\u00fcresi\" \/>\n\t<meta name=\"twitter:data2\" content=\"5 dakika\" \/>\n<script type=\"application\/ld+json\" class=\"yoast-schema-graph\">{\"@context\":\"https:\/\/schema.org\",\"@graph\":[{\"@type\":\"Article\",\"@id\":\"https:\/\/narteks.net\/index.php\/2011\/06\/07\/ceviz-agaci-ile-topal-yunusun-hikayesi\/#article\",\"isPartOf\":{\"@id\":\"https:\/\/narteks.net\/index.php\/2011\/06\/07\/ceviz-agaci-ile-topal-yunusun-hikayesi\/\"},\"author\":{\"name\":\"Tar\u0131k\",\"@id\":\"https:\/\/narteks.net\/#\/schema\/person\/61f37d9834294b72d31d274e7ed79bca\"},\"headline\":\"CEV\u0130Z A\u011eACI \u0130LE TOPAL YUNUS&#8217;UN H\u0130KAYES\u0130\",\"datePublished\":\"2011-06-07T07:56:58+00:00\",\"mainEntityOfPage\":{\"@id\":\"https:\/\/narteks.net\/index.php\/2011\/06\/07\/ceviz-agaci-ile-topal-yunusun-hikayesi\/\"},\"wordCount\":966,\"commentCount\":0,\"publisher\":{\"@id\":\"https:\/\/narteks.net\/#organization\"},\"articleSection\":[\"Naz\u0131m H\u0130KMET RAN\"],\"inLanguage\":\"tr\",\"potentialAction\":[{\"@type\":\"CommentAction\",\"name\":\"Comment\",\"target\":[\"https:\/\/narteks.net\/index.php\/2011\/06\/07\/ceviz-agaci-ile-topal-yunusun-hikayesi\/#respond\"]}]},{\"@type\":\"WebPage\",\"@id\":\"https:\/\/narteks.net\/index.php\/2011\/06\/07\/ceviz-agaci-ile-topal-yunusun-hikayesi\/\",\"url\":\"https:\/\/narteks.net\/index.php\/2011\/06\/07\/ceviz-agaci-ile-topal-yunusun-hikayesi\/\",\"name\":\"CEV\u0130Z A\u011eACI \u0130LE TOPAL YUNUS'UN H\u0130KAYES\u0130 - narteks.net\",\"isPartOf\":{\"@id\":\"https:\/\/narteks.net\/#website\"},\"datePublished\":\"2011-06-07T07:56:58+00:00\",\"breadcrumb\":{\"@id\":\"https:\/\/narteks.net\/index.php\/2011\/06\/07\/ceviz-agaci-ile-topal-yunusun-hikayesi\/#breadcrumb\"},\"inLanguage\":\"tr\",\"potentialAction\":[{\"@type\":\"ReadAction\",\"target\":[\"https:\/\/narteks.net\/index.php\/2011\/06\/07\/ceviz-agaci-ile-topal-yunusun-hikayesi\/\"]}]},{\"@type\":\"BreadcrumbList\",\"@id\":\"https:\/\/narteks.net\/index.php\/2011\/06\/07\/ceviz-agaci-ile-topal-yunusun-hikayesi\/#breadcrumb\",\"itemListElement\":[{\"@type\":\"ListItem\",\"position\":1,\"name\":\"Anasayfa\",\"item\":\"https:\/\/narteks.net\/\"},{\"@type\":\"ListItem\",\"position\":2,\"name\":\"CEV\u0130Z A\u011eACI \u0130LE TOPAL YUNUS&#8217;UN H\u0130KAYES\u0130\"}]},{\"@type\":\"WebSite\",\"@id\":\"https:\/\/narteks.net\/#website\",\"url\":\"https:\/\/narteks.net\/\",\"name\":\"narteks.net\",\"description\":\"K\u00fclt\u00fcr Sanat Edebiyat Felsefe\",\"publisher\":{\"@id\":\"https:\/\/narteks.net\/#organization\"},\"alternateName\":\"K\u00fclt\u00fcr Sanat Edebiyat Felsefe\",\"potentialAction\":[{\"@type\":\"SearchAction\",\"target\":{\"@type\":\"EntryPoint\",\"urlTemplate\":\"https:\/\/narteks.net\/?s={search_term_string}\"},\"query-input\":{\"@type\":\"PropertyValueSpecification\",\"valueRequired\":true,\"valueName\":\"search_term_string\"}}],\"inLanguage\":\"tr\"},{\"@type\":\"Organization\",\"@id\":\"https:\/\/narteks.net\/#organization\",\"name\":\"narteks.net\",\"url\":\"https:\/\/narteks.net\/\",\"logo\":{\"@type\":\"ImageObject\",\"inLanguage\":\"tr\",\"@id\":\"https:\/\/narteks.net\/#\/schema\/logo\/image\/\",\"url\":\"https:\/\/narteks.net\/wp-content\/uploads\/narteks.png\",\"contentUrl\":\"https:\/\/narteks.net\/wp-content\/uploads\/narteks.png\",\"width\":300,\"height\":90,\"caption\":\"narteks.net\"},\"image\":{\"@id\":\"https:\/\/narteks.net\/#\/schema\/logo\/image\/\"},\"sameAs\":[\"https:\/\/x.com\/narteks\",\"https:\/\/instagram.com\/narteksnet\"]},{\"@type\":\"Person\",\"@id\":\"https:\/\/narteks.net\/#\/schema\/person\/61f37d9834294b72d31d274e7ed79bca\",\"name\":\"Tar\u0131k\",\"image\":{\"@type\":\"ImageObject\",\"inLanguage\":\"tr\",\"@id\":\"https:\/\/narteks.net\/#\/schema\/person\/image\/\",\"url\":\"https:\/\/secure.gravatar.com\/avatar\/50865afb55632c4ae467e0af0930f6510aa2297d8014be502a55b14f3b7550cf?s=96&d=mm&r=g\",\"contentUrl\":\"https:\/\/secure.gravatar.com\/avatar\/50865afb55632c4ae467e0af0930f6510aa2297d8014be502a55b14f3b7550cf?s=96&d=mm&r=g\",\"caption\":\"Tar\u0131k\"},\"sameAs\":[\"http:\/\/narteks.net\"],\"url\":\"https:\/\/narteks.net\/index.php\/author\/narbak\/\"}]}<\/script>\n<!-- \/ Yoast SEO Premium plugin. -->","yoast_head_json":{"title":"CEV\u0130Z A\u011eACI \u0130LE TOPAL YUNUS'UN H\u0130KAYES\u0130 - narteks.net","robots":{"index":"index","follow":"follow","max-snippet":"max-snippet:-1","max-image-preview":"max-image-preview:large","max-video-preview":"max-video-preview:-1"},"canonical":"https:\/\/narteks.net\/index.php\/2011\/06\/07\/ceviz-agaci-ile-topal-yunusun-hikayesi\/","og_locale":"tr_TR","og_type":"article","og_title":"CEV\u0130Z A\u011eACI \u0130LE TOPAL YUNUS'UN H\u0130KAYES\u0130","og_description":"\u00a0 Burda bir dostumuz var : \u00c7erke\u015f&#8217;in Kavak k\u00f6y\u00fcnden. B\u00fcy\u00fck kitaplar gibi i\u00e7inde bir \u015feyler sakl\u0131. Ak\u0131ll\u0131 adamlara ajans haberlerine ve bilmeceye merakl\u0131. Ad\u0131 : Yunus. Ate\u015fimizi yak\u0131p suyumuzu veriyor. A\u011fa\u00e7lardan ve g\u00fcnlerden konu\u015fuyoruz. Herhal ilerdedir ya\u015fanacak g\u00fcnlerin en g\u00fczelleri. \u015eimdilik sohbetimizde kederi : kesilip sat\u0131lm\u0131\u015f bir ceviz a\u011fac\u0131n\u0131n&#8230; Onu tan\u0131yoruz : avlunun i\u00e7inde kap\u0131n\u0131n [&hellip;]","og_url":"https:\/\/narteks.net\/index.php\/2011\/06\/07\/ceviz-agaci-ile-topal-yunusun-hikayesi\/","og_site_name":"narteks.net","article_published_time":"2011-06-07T07:56:58+00:00","og_image":[{"width":300,"height":90,"url":"https:\/\/narteks.net\/wp-content\/uploads\/narteks.png","type":"image\/png"}],"author":"Tar\u0131k","twitter_card":"summary_large_image","twitter_creator":"@narteks","twitter_site":"@narteks","twitter_misc":{"Yazan:":"Tar\u0131k","Tahmini okuma s\u00fcresi":"5 dakika"},"schema":{"@context":"https:\/\/schema.org","@graph":[{"@type":"Article","@id":"https:\/\/narteks.net\/index.php\/2011\/06\/07\/ceviz-agaci-ile-topal-yunusun-hikayesi\/#article","isPartOf":{"@id":"https:\/\/narteks.net\/index.php\/2011\/06\/07\/ceviz-agaci-ile-topal-yunusun-hikayesi\/"},"author":{"name":"Tar\u0131k","@id":"https:\/\/narteks.net\/#\/schema\/person\/61f37d9834294b72d31d274e7ed79bca"},"headline":"CEV\u0130Z A\u011eACI \u0130LE TOPAL YUNUS&#8217;UN H\u0130KAYES\u0130","datePublished":"2011-06-07T07:56:58+00:00","mainEntityOfPage":{"@id":"https:\/\/narteks.net\/index.php\/2011\/06\/07\/ceviz-agaci-ile-topal-yunusun-hikayesi\/"},"wordCount":966,"commentCount":0,"publisher":{"@id":"https:\/\/narteks.net\/#organization"},"articleSection":["Naz\u0131m H\u0130KMET RAN"],"inLanguage":"tr","potentialAction":[{"@type":"CommentAction","name":"Comment","target":["https:\/\/narteks.net\/index.php\/2011\/06\/07\/ceviz-agaci-ile-topal-yunusun-hikayesi\/#respond"]}]},{"@type":"WebPage","@id":"https:\/\/narteks.net\/index.php\/2011\/06\/07\/ceviz-agaci-ile-topal-yunusun-hikayesi\/","url":"https:\/\/narteks.net\/index.php\/2011\/06\/07\/ceviz-agaci-ile-topal-yunusun-hikayesi\/","name":"CEV\u0130Z A\u011eACI \u0130LE TOPAL YUNUS'UN H\u0130KAYES\u0130 - narteks.net","isPartOf":{"@id":"https:\/\/narteks.net\/#website"},"datePublished":"2011-06-07T07:56:58+00:00","breadcrumb":{"@id":"https:\/\/narteks.net\/index.php\/2011\/06\/07\/ceviz-agaci-ile-topal-yunusun-hikayesi\/#breadcrumb"},"inLanguage":"tr","potentialAction":[{"@type":"ReadAction","target":["https:\/\/narteks.net\/index.php\/2011\/06\/07\/ceviz-agaci-ile-topal-yunusun-hikayesi\/"]}]},{"@type":"BreadcrumbList","@id":"https:\/\/narteks.net\/index.php\/2011\/06\/07\/ceviz-agaci-ile-topal-yunusun-hikayesi\/#breadcrumb","itemListElement":[{"@type":"ListItem","position":1,"name":"Anasayfa","item":"https:\/\/narteks.net\/"},{"@type":"ListItem","position":2,"name":"CEV\u0130Z A\u011eACI \u0130LE TOPAL YUNUS&#8217;UN H\u0130KAYES\u0130"}]},{"@type":"WebSite","@id":"https:\/\/narteks.net\/#website","url":"https:\/\/narteks.net\/","name":"narteks.net","description":"K\u00fclt\u00fcr Sanat Edebiyat Felsefe","publisher":{"@id":"https:\/\/narteks.net\/#organization"},"alternateName":"K\u00fclt\u00fcr Sanat Edebiyat Felsefe","potentialAction":[{"@type":"SearchAction","target":{"@type":"EntryPoint","urlTemplate":"https:\/\/narteks.net\/?s={search_term_string}"},"query-input":{"@type":"PropertyValueSpecification","valueRequired":true,"valueName":"search_term_string"}}],"inLanguage":"tr"},{"@type":"Organization","@id":"https:\/\/narteks.net\/#organization","name":"narteks.net","url":"https:\/\/narteks.net\/","logo":{"@type":"ImageObject","inLanguage":"tr","@id":"https:\/\/narteks.net\/#\/schema\/logo\/image\/","url":"https:\/\/narteks.net\/wp-content\/uploads\/narteks.png","contentUrl":"https:\/\/narteks.net\/wp-content\/uploads\/narteks.png","width":300,"height":90,"caption":"narteks.net"},"image":{"@id":"https:\/\/narteks.net\/#\/schema\/logo\/image\/"},"sameAs":["https:\/\/x.com\/narteks","https:\/\/instagram.com\/narteksnet"]},{"@type":"Person","@id":"https:\/\/narteks.net\/#\/schema\/person\/61f37d9834294b72d31d274e7ed79bca","name":"Tar\u0131k","image":{"@type":"ImageObject","inLanguage":"tr","@id":"https:\/\/narteks.net\/#\/schema\/person\/image\/","url":"https:\/\/secure.gravatar.com\/avatar\/50865afb55632c4ae467e0af0930f6510aa2297d8014be502a55b14f3b7550cf?s=96&d=mm&r=g","contentUrl":"https:\/\/secure.gravatar.com\/avatar\/50865afb55632c4ae467e0af0930f6510aa2297d8014be502a55b14f3b7550cf?s=96&d=mm&r=g","caption":"Tar\u0131k"},"sameAs":["http:\/\/narteks.net"],"url":"https:\/\/narteks.net\/index.php\/author\/narbak\/"}]}},"_links":{"self":[{"href":"https:\/\/narteks.net\/index.php\/wp-json\/wp\/v2\/posts\/6350","targetHints":{"allow":["GET"]}}],"collection":[{"href":"https:\/\/narteks.net\/index.php\/wp-json\/wp\/v2\/posts"}],"about":[{"href":"https:\/\/narteks.net\/index.php\/wp-json\/wp\/v2\/types\/post"}],"author":[{"embeddable":true,"href":"https:\/\/narteks.net\/index.php\/wp-json\/wp\/v2\/users\/1"}],"replies":[{"embeddable":true,"href":"https:\/\/narteks.net\/index.php\/wp-json\/wp\/v2\/comments?post=6350"}],"version-history":[{"count":0,"href":"https:\/\/narteks.net\/index.php\/wp-json\/wp\/v2\/posts\/6350\/revisions"}],"wp:attachment":[{"href":"https:\/\/narteks.net\/index.php\/wp-json\/wp\/v2\/media?parent=6350"}],"wp:term":[{"taxonomy":"category","embeddable":true,"href":"https:\/\/narteks.net\/index.php\/wp-json\/wp\/v2\/categories?post=6350"},{"taxonomy":"post_tag","embeddable":true,"href":"https:\/\/narteks.net\/index.php\/wp-json\/wp\/v2\/tags?post=6350"}],"curies":[{"name":"wp","href":"https:\/\/api.w.org\/{rel}","templated":true}]}}