{"id":6356,"date":"2011-06-07T11:04:36","date_gmt":"2011-06-07T08:04:36","guid":{"rendered":"http:\/\/localhost\/wordpress\/2011\/06\/07\/gazete-fotograflari-ustune\/"},"modified":"2011-06-07T11:04:36","modified_gmt":"2011-06-07T08:04:36","slug":"gazete-fotograflari-ustune","status":"publish","type":"post","link":"https:\/\/narteks.net\/index.php\/2011\/06\/07\/gazete-fotograflari-ustune\/","title":{"rendered":"GAZETE FOTO\u011eRAFLARI \u00dcST\u00dcNE"},"content":{"rendered":"<p>1<\/p>\n<p><em>Kara Yara<\/em><\/p>\n<p>Birinci sayfada yat\u0131yor iki s\u00fctun \u00fcst\u00fcne <br \/> iki \u00e7\u0131plak yavrucuk, <br \/> birinci sayfada iki s\u00fctun \u00fcst\u00fcne <br \/> bir avu\u00e7 kemik deri. <br \/> Delinmi\u015f patlam\u0131\u015f etleri. <br \/> Biri Diyarbak\u0131rl\u0131, Erganili biri. <br \/> Kollar\u0131 bacaklar\u0131 kargac\u0131k burgac\u0131k, <br \/> kafalar\u0131 kocaman, <br \/> a\u011f\u0131zlar\u0131 korkun\u00e7 bir hayk\u0131r\u0131\u015fla a\u00e7\u0131k, <br \/> birinci sayfada ta\u015fla ezilmi\u015f iki kurba\u011fac\u0131k. <br \/> \u0130ki kurba\u011fac\u0131k <br \/> kara yaral\u0131 iki yavrum benim. <br \/> Y\u0131lda kim bilir ka\u00e7 bininiz <br \/> ac\u0131 suya bile doymadan gelip gidiyor&#8230; <br \/> Ve m\u00fcste\u015far bey : <br \/> (Kara Yaraya tutulas\u0131) <br \/> &#8220;Endi\u015feye mahal yok,&#8221; diyor.<\/p>\n<p>3 A\u011fustos 1959 <\/p>\n<p><\/p>\n<p>2<\/p>\n<p><em>Emniyet M\u00fcd\u00fcr\u00fc<\/em><\/p>\n<p>G\u00fcne\u015f bir yara gibi a\u00e7\u0131lm\u0131\u015f g\u00f6kte <br \/> ak\u0131yor kan\u0131. <br \/> U\u00e7ak alan\u0131. <br \/> Kar\u015f\u0131lay\u0131c\u0131lar, eller g\u00f6bekte : <br \/> coplar, cipler, <br \/> hapisane duvarlar\u0131, karakollar <br \/> ve dara\u011fa\u00e7lar\u0131nda sallanan ipler <br \/> ve siviller g\u00f6ze g\u00f6r\u00fcnmez <br \/> ve bir \u00e7ocuk i\u015fkenceye dayanamad\u0131 <br \/> att\u0131 kendini Emniyet&#8217;te \u00fc\u00e7\u00fcnc\u00fc kattan. <br \/> Ve i\u015fte Emniyet M\u00fcd\u00fcr\u00fc bey <br \/> u\u00e7aktan iniyorlar <br \/> Amerika&#8217;dan d\u00f6n\u00fcyorlar <br \/> mesleki tetkikattan.<\/p>\n<p>\u0130ncelediler uyku uyutmamak usullerini <br \/> ve memnun kald\u0131lar pek <br \/> hayalara ba\u011flanan elektrottan <br \/> ve bizdeki tabutluklar\u0131n \u00fcst\u00fcne bir de konferans vererek <br \/> a\u00e7\u0131klad\u0131lar faydalar\u0131n\u0131 <br \/> koltuk altlar\u0131na kaynar yumurta koyman\u0131n, <br \/> boyun derisini kibritle ince ince yak\u0131p soyman\u0131n.<\/p>\n<p>Emniyet M\u00fcd\u00fcr\u00fc bey u\u00e7aktan iniyorlar <br \/> Amerika&#8217;dan d\u00f6n\u00fcyorlar <br \/> ve coplar cipler <br \/> ve dara\u011fa\u00e7lar\u0131nda sallanan ipler <br \/> \u00fcstat d\u00f6nd\u00fc diye seviniyorlar.<\/p>\n<p>1959 <\/p>\n<p><\/p>\n<p>3<\/p>\n<p><em>Adnan Bey<\/em><\/p>\n<p>T\u00fcrk\u00fcler s\u00f6ylendik\u00e7e T\u00fcrk diliyle <br \/> Seni seviyorum g\u00fcl\u00fcm, dendik\u00e7e T\u00fcrk diliyle <br \/> T\u00fcrk diliyle g\u00fcl\u00fcn\u00fcp <br \/> T\u00fcrk diliyle a\u011f\u0131tlar yak\u0131ld\u0131k\u00e7a, Adnan Bey, <br \/> ben an\u0131laca\u011f\u0131m, <br \/> an\u0131lacak T\u00fcrk diliyle size s\u00f6v\u00fc\u015f\u00fcm. <br \/> Tarlalar\u0131m\u0131za girmi\u015f de\u011fil sizin gibisi yaban domuzunun. <br \/> \u015eehrimiz g\u00f6rm\u00fc\u015f de\u011fil yang\u0131n\u0131n sizden kanl\u0131s\u0131n\u0131. <br \/> Bir ad\u0131n\u0131z var, Adnan Bey, ad\u0131m\u0131za benzeyen. <br \/> Dilimiz kuruyor dilimizi konu\u015ftu\u011funuz i\u00e7in. <br \/> Bitten, a\u00e7l\u0131ktan, s\u0131tmadan betersiniz. <br \/> Y\u00fcz T\u00fcrkiye olsa <br \/> elinizden de gelse <br \/> y\u00fcz\u00fcn\u00fc de zincire vurur <br \/> y\u00fcz kere satars\u0131n\u0131z. <br \/> Milletimin en talihsiz gecesi <br \/> ana rahmine d\u00fc\u015ft\u00fc\u011f\u00fcn\u00fcz gecedir.<\/p>\n<p>1959 <\/p>\n<p>4<\/p>\n<p><em>Ahmet Emin Yalman<\/em><\/p>\n<p>Selanikli Osman Efendi <br \/> keskin muhasebecilerdendi <br \/> ama o da yan\u0131ld\u0131 \u00f6mr\u00fcnde bir kere <br \/> yanl\u0131\u015f bir tohum at\u0131p rahm-i madere. <br \/> Bu tohum d\u00fcnyaya \u00e7\u0131k\u0131p insan bi\u00e7imini ald\u0131ysa da, <br \/> boyu bir kar\u0131\u015f kald\u0131ysa da, <br \/> \u00f6yle haltlar yedi, \u00f6yle i\u015fler kar\u0131\u015ft\u0131rd\u0131 ki <br \/> s\u00f6vd\u00fcler kabrinde bile babas\u0131 Osman Efendiye. <br \/> Osman Efendi, Ahmet Emin ad\u0131n\u0131 takm\u0131\u015ft\u0131 tohumuna, <br \/> Ahmet Emin, Yalman&#8217;l\u0131\u011f\u0131 katt\u0131 buna <br \/> ve Ahmet Emin Yalman <br \/> \u00f6nce Alaman oldu sonra Amerikan. <br \/> Ona g\u00f6re her devirde, her zaman <br \/> sat\u0131lacak bir gazeteydi &#8220;Vatan&#8221; <br \/> ve hazret satt\u0131 vatan\u0131. <br \/> Hapse atacaklarm\u0131\u015f Ahmet Emin Yalman&#8217;\u0131 <br \/> Amerikana yaranmaktaki rekabet y\u00fcz\u00fcnden. <br \/> Hapisteki h\u0131rs\u0131zlara ac\u0131yorum ben, <br \/> ahl\u00e2klar\u0131 bozulacak <br \/> Emin Beyle ayn\u0131 damda ya\u015fayarak&#8230;<\/p>\n<p>1959 <\/p>\n<p>5<\/p>\n<p><em>Refik Koraltan<\/em><\/p>\n<p>\u00abTekstilde umutsuz durum. <br \/> Bir i\u015fsiz kezzap i\u00e7ti. <br \/> Bir milyon \u00e7ocuk okuldan mahrum. <br \/> Kara yara Mardin&#8217;e ge\u00e7ti. <br \/> Grev yapan i\u015f\u00e7iler yakaland\u0131. <br \/> K\u00f6yl\u00fc, \u00e7iftliklerinin ekinini yak\u0131yor&#8230;\u00bb <br \/> Bir gazete sayfas\u0131nda <br \/> ba\u015fl\u0131klar\u0131n aras\u0131ndan bak\u0131yor ba\u015fkan <br \/> ba\u015fkan Refik Bey, <br \/> bel bel bak\u0131yor. <br \/> B\u00fcy\u00fck Millet Meclisi&#8217;nin sahibi <br \/> g\u00f6steriyor surat\u0131n\u0131 milletime <br \/> bilmem neyini g\u00f6steren bir deli gibi.<\/p>\n<p>Biliyoruz, <br \/> odur k\u00fc\u00e7\u00fck da\u011flar\u0131 <br \/> ve da\u011flar\u0131n do\u011furdu\u011fu fareleri yaratan <br \/> ve Debreli Hasan gibi martini atan.<\/p>\n<p>Biliyoruz, <br \/> tutmu\u015f elinden Amerikan : <br \/> Y\u00fcr\u00fc ya Refik kulum, demi\u015f <br \/> ve Refik Bey y\u00fcr\u00fcm\u00fc\u015f, <br \/> g\u00f6be\u011fi kendinden bir kar\u0131\u015f \u00f6nde, <br \/> diz kapaklar\u0131na kadar kana batarak, <br \/> mill\u00ee \u015ferefimizin kemikleri \u00fcst\u00fcnde. <br \/> Biliyoruz, biliyoruz, <br \/> bu vatan\u0131n anas\u0131n\u0131 a\u011flatan <br \/> bir \u0130smet, bir Adnan, bir de Koraltan.<\/p>\n<p>1959 <\/p>\n<p><\/p>\n<p>6<\/p>\n<p><em>Korku<\/em><\/p>\n<p>Korkuyor Adnan Menderes <br \/> \u00f6l\u00fclerden korkuyor. <br \/> Kore da\u011flar\u0131ndan geliyor kimi <br \/> apa\u00e7\u0131k g\u00f6zleri dumanl\u0131 <br \/> kaytan b\u0131y\u0131klar\u0131 kanl\u0131 <br \/> ya\u015flar\u0131 yirmi.<\/p>\n<p>Korkuyor Adnan Menderes <br \/> \u00f6l\u00fclerden korkuyor <br \/> hele \u00e7ocuk \u00f6l\u00fclerinden. <br \/> Kar\u0131nlar\u0131 davul gibi, boyunlar\u0131 \u00e7\u00f6pten ince, <br \/> k\u0131r\u0131yorlar Adnan Bey&#8217;in mutfak camlar\u0131n\u0131 <br \/> her gece mezarlar\u0131ndan \u00e7\u0131k\u0131nca&#8230;<\/p>\n<p>Korkuyor Adnan Menderes <br \/> dirilerden korkuyor <br \/> hele \u00e7ar\u0131kl\u0131lardan <br \/> hele kasketlilerden. <br \/> Kasketliler hay\u0131n\u0131 ba\u011f\u0131\u015flamay\u0131 bilmez.<\/p>\n<p>Korkuyor Adnan Menderes <br \/> kocaman yanaklar\u0131 <br \/> sark\u0131yor ya\u011fl\u0131, sar\u0131. <br \/> Korkuyor Adnan Menderes <br \/> \u00fc\u00e7 saata indi uykusu. <br \/> Korkuyor Adnan Menderes <br \/> hi\u00e7bir korkuya benzemez <br \/> halk\u0131n\u0131 satan\u0131n korkusu.<\/p>\n<p>1959<\/p>\n<p>Naz\u0131m Hikmet RAN<\/p>\n","protected":false},"excerpt":{"rendered":"<p>1 Kara Yara Birinci sayfada yat\u0131yor iki s\u00fctun \u00fcst\u00fcne iki \u00e7\u0131plak yavrucuk, birinci sayfada iki s\u00fctun \u00fcst\u00fcne bir avu\u00e7 kemik deri. Delinmi\u015f patlam\u0131\u015f etleri. Biri Diyarbak\u0131rl\u0131, Erganili biri. Kollar\u0131 bacaklar\u0131 kargac\u0131k burgac\u0131k, kafalar\u0131 kocaman, a\u011f\u0131zlar\u0131 korkun\u00e7 bir hayk\u0131r\u0131\u015fla a\u00e7\u0131k, birinci sayfada ta\u015fla ezilmi\u015f iki kurba\u011fac\u0131k. \u0130ki kurba\u011fac\u0131k kara yaral\u0131 iki yavrum benim. Y\u0131lda kim bilir [&hellip;]<\/p>\n","protected":false},"author":1,"featured_media":0,"comment_status":"open","ping_status":"open","sticky":false,"template":"","format":"standard","meta":{"footnotes":""},"categories":[59],"tags":[],"class_list":{"0":"post-6356","1":"post","2":"type-post","3":"status-publish","4":"format-standard","6":"category-nazim-hikmet-ran"},"yoast_head":"<!-- This site is optimized with the Yoast SEO Premium plugin v24.9 (Yoast SEO v24.9) - https:\/\/yoast.com\/wordpress\/plugins\/seo\/ -->\n<title>GAZETE FOTO\u011eRAFLARI \u00dcST\u00dcNE - narteks.net<\/title>\n<meta name=\"robots\" content=\"index, follow, max-snippet:-1, max-image-preview:large, max-video-preview:-1\" \/>\n<link rel=\"canonical\" href=\"https:\/\/narteks.net\/index.php\/2011\/06\/07\/gazete-fotograflari-ustune\/\" \/>\n<meta property=\"og:locale\" content=\"tr_TR\" \/>\n<meta property=\"og:type\" content=\"article\" \/>\n<meta property=\"og:title\" content=\"GAZETE FOTO\u011eRAFLARI \u00dcST\u00dcNE\" \/>\n<meta property=\"og:description\" content=\"1 Kara Yara Birinci sayfada yat\u0131yor iki s\u00fctun \u00fcst\u00fcne iki \u00e7\u0131plak yavrucuk, birinci sayfada iki s\u00fctun \u00fcst\u00fcne bir avu\u00e7 kemik deri. Delinmi\u015f patlam\u0131\u015f etleri. Biri Diyarbak\u0131rl\u0131, Erganili biri. Kollar\u0131 bacaklar\u0131 kargac\u0131k burgac\u0131k, kafalar\u0131 kocaman, a\u011f\u0131zlar\u0131 korkun\u00e7 bir hayk\u0131r\u0131\u015fla a\u00e7\u0131k, birinci sayfada ta\u015fla ezilmi\u015f iki kurba\u011fac\u0131k. \u0130ki kurba\u011fac\u0131k kara yaral\u0131 iki yavrum benim. Y\u0131lda kim bilir [&hellip;]\" \/>\n<meta property=\"og:url\" content=\"https:\/\/narteks.net\/index.php\/2011\/06\/07\/gazete-fotograflari-ustune\/\" \/>\n<meta property=\"og:site_name\" content=\"narteks.net\" \/>\n<meta property=\"article:published_time\" content=\"2011-06-07T08:04:36+00:00\" \/>\n<meta property=\"og:image\" content=\"https:\/\/narteks.net\/wp-content\/uploads\/narteks.png\" \/>\n\t<meta property=\"og:image:width\" content=\"300\" \/>\n\t<meta property=\"og:image:height\" content=\"90\" \/>\n\t<meta property=\"og:image:type\" content=\"image\/png\" \/>\n<meta name=\"author\" content=\"Tar\u0131k\" \/>\n<meta name=\"twitter:card\" content=\"summary_large_image\" \/>\n<meta name=\"twitter:creator\" content=\"@narteks\" \/>\n<meta name=\"twitter:site\" content=\"@narteks\" \/>\n<meta name=\"twitter:label1\" content=\"Yazan:\" \/>\n\t<meta name=\"twitter:data1\" content=\"Tar\u0131k\" \/>\n\t<meta name=\"twitter:label2\" content=\"Tahmini okuma s\u00fcresi\" \/>\n\t<meta name=\"twitter:data2\" content=\"4 dakika\" \/>\n<script type=\"application\/ld+json\" class=\"yoast-schema-graph\">{\"@context\":\"https:\/\/schema.org\",\"@graph\":[{\"@type\":\"Article\",\"@id\":\"https:\/\/narteks.net\/index.php\/2011\/06\/07\/gazete-fotograflari-ustune\/#article\",\"isPartOf\":{\"@id\":\"https:\/\/narteks.net\/index.php\/2011\/06\/07\/gazete-fotograflari-ustune\/\"},\"author\":{\"name\":\"Tar\u0131k\",\"@id\":\"https:\/\/narteks.net\/#\/schema\/person\/61f37d9834294b72d31d274e7ed79bca\"},\"headline\":\"GAZETE FOTO\u011eRAFLARI \u00dcST\u00dcNE\",\"datePublished\":\"2011-06-07T08:04:36+00:00\",\"mainEntityOfPage\":{\"@id\":\"https:\/\/narteks.net\/index.php\/2011\/06\/07\/gazete-fotograflari-ustune\/\"},\"wordCount\":750,\"commentCount\":0,\"publisher\":{\"@id\":\"https:\/\/narteks.net\/#organization\"},\"articleSection\":[\"Naz\u0131m H\u0130KMET RAN\"],\"inLanguage\":\"tr\",\"potentialAction\":[{\"@type\":\"CommentAction\",\"name\":\"Comment\",\"target\":[\"https:\/\/narteks.net\/index.php\/2011\/06\/07\/gazete-fotograflari-ustune\/#respond\"]}]},{\"@type\":\"WebPage\",\"@id\":\"https:\/\/narteks.net\/index.php\/2011\/06\/07\/gazete-fotograflari-ustune\/\",\"url\":\"https:\/\/narteks.net\/index.php\/2011\/06\/07\/gazete-fotograflari-ustune\/\",\"name\":\"GAZETE FOTO\u011eRAFLARI \u00dcST\u00dcNE - narteks.net\",\"isPartOf\":{\"@id\":\"https:\/\/narteks.net\/#website\"},\"datePublished\":\"2011-06-07T08:04:36+00:00\",\"breadcrumb\":{\"@id\":\"https:\/\/narteks.net\/index.php\/2011\/06\/07\/gazete-fotograflari-ustune\/#breadcrumb\"},\"inLanguage\":\"tr\",\"potentialAction\":[{\"@type\":\"ReadAction\",\"target\":[\"https:\/\/narteks.net\/index.php\/2011\/06\/07\/gazete-fotograflari-ustune\/\"]}]},{\"@type\":\"BreadcrumbList\",\"@id\":\"https:\/\/narteks.net\/index.php\/2011\/06\/07\/gazete-fotograflari-ustune\/#breadcrumb\",\"itemListElement\":[{\"@type\":\"ListItem\",\"position\":1,\"name\":\"Anasayfa\",\"item\":\"https:\/\/narteks.net\/\"},{\"@type\":\"ListItem\",\"position\":2,\"name\":\"GAZETE FOTO\u011eRAFLARI \u00dcST\u00dcNE\"}]},{\"@type\":\"WebSite\",\"@id\":\"https:\/\/narteks.net\/#website\",\"url\":\"https:\/\/narteks.net\/\",\"name\":\"narteks.net\",\"description\":\"K\u00fclt\u00fcr Sanat Edebiyat Felsefe\",\"publisher\":{\"@id\":\"https:\/\/narteks.net\/#organization\"},\"alternateName\":\"K\u00fclt\u00fcr Sanat Edebiyat Felsefe\",\"potentialAction\":[{\"@type\":\"SearchAction\",\"target\":{\"@type\":\"EntryPoint\",\"urlTemplate\":\"https:\/\/narteks.net\/?s={search_term_string}\"},\"query-input\":{\"@type\":\"PropertyValueSpecification\",\"valueRequired\":true,\"valueName\":\"search_term_string\"}}],\"inLanguage\":\"tr\"},{\"@type\":\"Organization\",\"@id\":\"https:\/\/narteks.net\/#organization\",\"name\":\"narteks.net\",\"url\":\"https:\/\/narteks.net\/\",\"logo\":{\"@type\":\"ImageObject\",\"inLanguage\":\"tr\",\"@id\":\"https:\/\/narteks.net\/#\/schema\/logo\/image\/\",\"url\":\"https:\/\/narteks.net\/wp-content\/uploads\/narteks.png\",\"contentUrl\":\"https:\/\/narteks.net\/wp-content\/uploads\/narteks.png\",\"width\":300,\"height\":90,\"caption\":\"narteks.net\"},\"image\":{\"@id\":\"https:\/\/narteks.net\/#\/schema\/logo\/image\/\"},\"sameAs\":[\"https:\/\/x.com\/narteks\",\"https:\/\/instagram.com\/narteksnet\"]},{\"@type\":\"Person\",\"@id\":\"https:\/\/narteks.net\/#\/schema\/person\/61f37d9834294b72d31d274e7ed79bca\",\"name\":\"Tar\u0131k\",\"image\":{\"@type\":\"ImageObject\",\"inLanguage\":\"tr\",\"@id\":\"https:\/\/narteks.net\/#\/schema\/person\/image\/\",\"url\":\"https:\/\/secure.gravatar.com\/avatar\/50865afb55632c4ae467e0af0930f6510aa2297d8014be502a55b14f3b7550cf?s=96&d=mm&r=g\",\"contentUrl\":\"https:\/\/secure.gravatar.com\/avatar\/50865afb55632c4ae467e0af0930f6510aa2297d8014be502a55b14f3b7550cf?s=96&d=mm&r=g\",\"caption\":\"Tar\u0131k\"},\"sameAs\":[\"http:\/\/narteks.net\"],\"url\":\"https:\/\/narteks.net\/index.php\/author\/narbak\/\"}]}<\/script>\n<!-- \/ Yoast SEO Premium plugin. -->","yoast_head_json":{"title":"GAZETE FOTO\u011eRAFLARI \u00dcST\u00dcNE - narteks.net","robots":{"index":"index","follow":"follow","max-snippet":"max-snippet:-1","max-image-preview":"max-image-preview:large","max-video-preview":"max-video-preview:-1"},"canonical":"https:\/\/narteks.net\/index.php\/2011\/06\/07\/gazete-fotograflari-ustune\/","og_locale":"tr_TR","og_type":"article","og_title":"GAZETE FOTO\u011eRAFLARI \u00dcST\u00dcNE","og_description":"1 Kara Yara Birinci sayfada yat\u0131yor iki s\u00fctun \u00fcst\u00fcne iki \u00e7\u0131plak yavrucuk, birinci sayfada iki s\u00fctun \u00fcst\u00fcne bir avu\u00e7 kemik deri. Delinmi\u015f patlam\u0131\u015f etleri. Biri Diyarbak\u0131rl\u0131, Erganili biri. Kollar\u0131 bacaklar\u0131 kargac\u0131k burgac\u0131k, kafalar\u0131 kocaman, a\u011f\u0131zlar\u0131 korkun\u00e7 bir hayk\u0131r\u0131\u015fla a\u00e7\u0131k, birinci sayfada ta\u015fla ezilmi\u015f iki kurba\u011fac\u0131k. \u0130ki kurba\u011fac\u0131k kara yaral\u0131 iki yavrum benim. Y\u0131lda kim bilir [&hellip;]","og_url":"https:\/\/narteks.net\/index.php\/2011\/06\/07\/gazete-fotograflari-ustune\/","og_site_name":"narteks.net","article_published_time":"2011-06-07T08:04:36+00:00","og_image":[{"width":300,"height":90,"url":"https:\/\/narteks.net\/wp-content\/uploads\/narteks.png","type":"image\/png"}],"author":"Tar\u0131k","twitter_card":"summary_large_image","twitter_creator":"@narteks","twitter_site":"@narteks","twitter_misc":{"Yazan:":"Tar\u0131k","Tahmini okuma s\u00fcresi":"4 dakika"},"schema":{"@context":"https:\/\/schema.org","@graph":[{"@type":"Article","@id":"https:\/\/narteks.net\/index.php\/2011\/06\/07\/gazete-fotograflari-ustune\/#article","isPartOf":{"@id":"https:\/\/narteks.net\/index.php\/2011\/06\/07\/gazete-fotograflari-ustune\/"},"author":{"name":"Tar\u0131k","@id":"https:\/\/narteks.net\/#\/schema\/person\/61f37d9834294b72d31d274e7ed79bca"},"headline":"GAZETE FOTO\u011eRAFLARI \u00dcST\u00dcNE","datePublished":"2011-06-07T08:04:36+00:00","mainEntityOfPage":{"@id":"https:\/\/narteks.net\/index.php\/2011\/06\/07\/gazete-fotograflari-ustune\/"},"wordCount":750,"commentCount":0,"publisher":{"@id":"https:\/\/narteks.net\/#organization"},"articleSection":["Naz\u0131m H\u0130KMET RAN"],"inLanguage":"tr","potentialAction":[{"@type":"CommentAction","name":"Comment","target":["https:\/\/narteks.net\/index.php\/2011\/06\/07\/gazete-fotograflari-ustune\/#respond"]}]},{"@type":"WebPage","@id":"https:\/\/narteks.net\/index.php\/2011\/06\/07\/gazete-fotograflari-ustune\/","url":"https:\/\/narteks.net\/index.php\/2011\/06\/07\/gazete-fotograflari-ustune\/","name":"GAZETE FOTO\u011eRAFLARI \u00dcST\u00dcNE - narteks.net","isPartOf":{"@id":"https:\/\/narteks.net\/#website"},"datePublished":"2011-06-07T08:04:36+00:00","breadcrumb":{"@id":"https:\/\/narteks.net\/index.php\/2011\/06\/07\/gazete-fotograflari-ustune\/#breadcrumb"},"inLanguage":"tr","potentialAction":[{"@type":"ReadAction","target":["https:\/\/narteks.net\/index.php\/2011\/06\/07\/gazete-fotograflari-ustune\/"]}]},{"@type":"BreadcrumbList","@id":"https:\/\/narteks.net\/index.php\/2011\/06\/07\/gazete-fotograflari-ustune\/#breadcrumb","itemListElement":[{"@type":"ListItem","position":1,"name":"Anasayfa","item":"https:\/\/narteks.net\/"},{"@type":"ListItem","position":2,"name":"GAZETE FOTO\u011eRAFLARI \u00dcST\u00dcNE"}]},{"@type":"WebSite","@id":"https:\/\/narteks.net\/#website","url":"https:\/\/narteks.net\/","name":"narteks.net","description":"K\u00fclt\u00fcr Sanat Edebiyat Felsefe","publisher":{"@id":"https:\/\/narteks.net\/#organization"},"alternateName":"K\u00fclt\u00fcr Sanat Edebiyat Felsefe","potentialAction":[{"@type":"SearchAction","target":{"@type":"EntryPoint","urlTemplate":"https:\/\/narteks.net\/?s={search_term_string}"},"query-input":{"@type":"PropertyValueSpecification","valueRequired":true,"valueName":"search_term_string"}}],"inLanguage":"tr"},{"@type":"Organization","@id":"https:\/\/narteks.net\/#organization","name":"narteks.net","url":"https:\/\/narteks.net\/","logo":{"@type":"ImageObject","inLanguage":"tr","@id":"https:\/\/narteks.net\/#\/schema\/logo\/image\/","url":"https:\/\/narteks.net\/wp-content\/uploads\/narteks.png","contentUrl":"https:\/\/narteks.net\/wp-content\/uploads\/narteks.png","width":300,"height":90,"caption":"narteks.net"},"image":{"@id":"https:\/\/narteks.net\/#\/schema\/logo\/image\/"},"sameAs":["https:\/\/x.com\/narteks","https:\/\/instagram.com\/narteksnet"]},{"@type":"Person","@id":"https:\/\/narteks.net\/#\/schema\/person\/61f37d9834294b72d31d274e7ed79bca","name":"Tar\u0131k","image":{"@type":"ImageObject","inLanguage":"tr","@id":"https:\/\/narteks.net\/#\/schema\/person\/image\/","url":"https:\/\/secure.gravatar.com\/avatar\/50865afb55632c4ae467e0af0930f6510aa2297d8014be502a55b14f3b7550cf?s=96&d=mm&r=g","contentUrl":"https:\/\/secure.gravatar.com\/avatar\/50865afb55632c4ae467e0af0930f6510aa2297d8014be502a55b14f3b7550cf?s=96&d=mm&r=g","caption":"Tar\u0131k"},"sameAs":["http:\/\/narteks.net"],"url":"https:\/\/narteks.net\/index.php\/author\/narbak\/"}]}},"_links":{"self":[{"href":"https:\/\/narteks.net\/index.php\/wp-json\/wp\/v2\/posts\/6356","targetHints":{"allow":["GET"]}}],"collection":[{"href":"https:\/\/narteks.net\/index.php\/wp-json\/wp\/v2\/posts"}],"about":[{"href":"https:\/\/narteks.net\/index.php\/wp-json\/wp\/v2\/types\/post"}],"author":[{"embeddable":true,"href":"https:\/\/narteks.net\/index.php\/wp-json\/wp\/v2\/users\/1"}],"replies":[{"embeddable":true,"href":"https:\/\/narteks.net\/index.php\/wp-json\/wp\/v2\/comments?post=6356"}],"version-history":[{"count":0,"href":"https:\/\/narteks.net\/index.php\/wp-json\/wp\/v2\/posts\/6356\/revisions"}],"wp:attachment":[{"href":"https:\/\/narteks.net\/index.php\/wp-json\/wp\/v2\/media?parent=6356"}],"wp:term":[{"taxonomy":"category","embeddable":true,"href":"https:\/\/narteks.net\/index.php\/wp-json\/wp\/v2\/categories?post=6356"},{"taxonomy":"post_tag","embeddable":true,"href":"https:\/\/narteks.net\/index.php\/wp-json\/wp\/v2\/tags?post=6356"}],"curies":[{"name":"wp","href":"https:\/\/api.w.org\/{rel}","templated":true}]}}