{"id":6359,"date":"2011-06-07T11:09:30","date_gmt":"2011-06-07T08:09:30","guid":{"rendered":"http:\/\/localhost\/wordpress\/2011\/06\/07\/gerileyen-turkiye-yahut-adnan-menderese-ogutler\/"},"modified":"2011-06-07T11:09:30","modified_gmt":"2011-06-07T08:09:30","slug":"gerileyen-turkiye-yahut-adnan-menderese-ogutler","status":"publish","type":"post","link":"https:\/\/narteks.net\/index.php\/2011\/06\/07\/gerileyen-turkiye-yahut-adnan-menderese-ogutler\/","title":{"rendered":"GER\u0130LEYEN T\u00dcRK\u0130YE YAHUT ADNAN MENDERES&#8217;E \u00d6\u011e\u00dcTLER"},"content":{"rendered":"<p>Nev York Tayms gazetesi 29 Aral\u0131k 1954 tarihli say\u0131s\u0131nda &#8220;T\u00fcrkiye Geriliyor&#8221; ba\u015fl\u0131kl\u0131 bir ba\u015fyaz\u0131 yay\u0131mlad\u0131. Bu ba\u015fyaz\u0131da \u015f\u00f6yle sat\u0131rlar var : &#8220;O &#8211; Adnan Menderes &#8211; Bas\u0131n h\u00fcrriyetini yok ediyor&#8230; Bas\u0131nda kendisini tenkit edenleri hapse at\u0131yor&#8230; Siyasi muhalefeti eziyor&#8230; Menderes i\u015f\u00e7ilere grev hakk\u0131n\u0131 tan\u0131yaca\u011f\u0131n\u0131 vaad etmi\u015fti&#8230; Halbuki en k\u0131sa grevler i\u00e7in i\u015f\u00e7ileri takip ediyor&#8230;&#8221;<br \/> Ben, N\u00e2z\u0131m Hikmet, Nev York Tayms gazetesinin sat\u0131rlar\u0131 aras\u0131nda kalan yaz\u0131lar\u0131 da okudum. Bu sat\u0131rlar\u0131n aras\u0131ndaki sat\u0131rlar\u0131 aynen a\u015fa\u011f\u0131ya ge\u00e7iriyorum.<\/p>\n<p>\u015ea\u015fk\u0131nl\u0131\u011f\u0131n bu kadar\u0131na do\u011frusu ya pes.<br \/>Bindi\u011fin dal\u0131 kesiyorsun Adnan Menderes.<br \/>\u0130lle de as\u0131p kesmek geliyorsa i\u00e7inden<br \/>Ezmekte dev\u00e2m et Bar\u0131\u015f\u00e7\u0131lar&#8217;\u0131, ama sen<br \/>Mesel\u00e2 Yal\u00e7\u0131n&#8217;\u0131 da t\u0131k\u0131yorsun deli\u011fe (1)<br \/>\u0130htiyarc\u0131k sana az\u0131c\u0131k cilve yapt\u0131 diye,<br \/>Git, ko\u015f, elini \u00f6p, af dile, y\u00fcz\u00fcn\u00fc g\u00fcld\u00fcr,<br \/>O, yaln\u0131z alt\u0131n kafeslerde \u00f6ten b\u00fclb\u00fcld\u00fcr.<br \/>O, matbaalar y\u0131kt\u0131r\u0131p kitaplar yakt\u0131ran, (2)<br \/>O, b\u00fcy\u00fck demokrat, O, h\u00fcrriyet\u00e7i kahraman,<br \/>Moskova&#8217;y\u0131 atomlayal\u0131m diyen insanc\u0131&#8230;<br \/>Kendine ac\u0131mazsan bize bir par\u00e7a ac\u0131.<br \/>A be Adnan Menderes, b\u00f6yle bir dal kesilmez,<br \/>B\u00f6yle \u015fa\u015fk\u0131nl\u0131klar\u0131n sonu da iyi gelmez&#8230;<br \/>\u015eu muhalefetle de al\u0131p veremedi\u011fin ne?<br \/>Niye \u00f6yle h\u0131\u015f\u0131mla y\u00fcr\u00fcyorsun \u00fcst\u00fcne?<br \/>Kore&#8217;ye asker g\u00f6nderdin de &#8220;Hay\u0131r&#8221; m\u0131 dedi?<br \/>&#8220;Kan akt\u0131 hesab\u0131 sorulmal\u0131d\u0131r!&#8221; m\u0131 dedi?<br \/>Orduyu emrimize verdin, ses \u00e7\u0131kard\u0131 m\u0131?<br \/>&#8220;Olmaz olsun&#8221; mu dedi Amerikan yard\u0131m\u0131?<br \/>Feryat m\u0131 etti &#8220;\u0130stikl\u00e2l elden gitti&#8221; diye?<br \/>Zavall\u0131, s\u0131ms\u0131k\u0131 sar\u0131lm\u0131\u015f demokrasiye :<br \/>&#8220;Ba\u015fvekil merasimsiz kar\u015f\u0131lanmal\u0131&#8221; diyor. (3)<br \/>Bir de bazan co\u015farak &#8220;Hayat pahal\u0131&#8221; diyor.<br \/>Bu aksoylu muhalefeti ezilir g\u00f6rmek<br \/>T\u00fcrk\u00fcn Bat\u0131l\u0131 dostlar\u0131n\u0131 pek \u00fcz\u00fcyor pek. (4)<br \/>\u015ea\u015fk\u0131nl\u0131\u011f\u0131n bu kadar\u0131na do\u011frusu ya pes.<br \/>Bindi\u011fin dal\u0131 kesiyorsun Adnan Menderes.<\/p>\n<p>Hani, her i\u015fte bizden \u00f6rnek alacakt\u0131n ya?<br \/>H\u00fcrriyet nizam\u0131na s\u00e2d\u0131k kalacakt\u0131n ya?<br \/>Vaadettin tan\u0131mad\u0131n i\u015f\u00e7inin grev hakk\u0131n\u0131.<br \/>O hakk\u0131 bizim tan\u0131d\u0131\u011f\u0131m\u0131z gibi tan\u0131.<br \/>Elli istiyorlarsa ate\u015f a\u00e7, sonra be\u015f ver.<br \/>Ama ufak tefek grevlerde anlay\u0131\u015f g\u00f6ster.<br \/>Sendika liderlerinizin bir\u00e7o\u011fu zaten<br \/>bizde oldu\u011fu gibi emir al\u0131r polisten.<br \/>Niye tela\u015flan\u0131p kaybedersin vekar\u0131n\u0131?<br \/>Hem de k\u0131rars\u0131n liderlerin itibar\u0131n\u0131?<br \/>\u015ea\u015fk\u0131nl\u0131\u011f\u0131n\u00a0 bu kadar\u0131na do\u011frusu ya pes,<br \/>Bindi\u011fin dal\u0131 kesiyorsun Adnan Menderes.<\/p>\n<p>Senin bindi\u011fin dallar ve bindi\u011fimiz dallar,<br \/>Unutma bu dallardan ba\u015fka as\u0131l a\u011fa\u00e7 var,<br \/>\u00f6fkeyle homurdanan yar\u0131 \u00e7\u0131plak, yar\u0131 a\u00e7,<br \/>bizi silkip atmaya f\u0131rsat koll\u0131yan a\u011fa\u00e7&#8230;<\/p>\n<p>1955<\/p>\n<p>Naz\u0131m Hikmet RAN <\/p>\n<p>(1) Adnan Menderes tevkif etti\u011fi gazeteciler aras\u0131nda H\u00fcseyin Cahit Yal\u00e7\u0131n&#8217;\u0131 da hapise att\u0131.<br \/>(2) 1945 y\u0131l\u0131nda Tan gazetesi ba\u015fta olmak \u00fczere bir\u00e7ok gazete, dergi matbaas\u0131 y\u0131k\u0131l\u0131p ya\u011fma edilmi\u015f, meydanlarda kitaplar yak\u0131lm\u0131\u015ft\u0131. Bu fa\u015fist s\u00fcr\u00fclerine &#8220;\u0130leri&#8221; emrini Yal\u00e7\u0131n vermi\u015fti.<br \/>(3) Burjuva muhalefet gazeteleri ve partileri, Adnan Menderes&#8217;e \u0130stanbul&#8217;a filan gelip gidi\u015flerinde merasim yap\u0131lmas\u0131na itiraz ediyorlar.<br \/>(4) Nev-York Tayms yaz\u0131s\u0131n\u0131 \u015f\u00f6yle bitiriyor: &#8220;Bu durum T\u00fcrkiye&#8217;nin Bat\u0131daki dostlar\u0131n\u0131 kederlendirmektedir.&#8221;<\/p>\n","protected":false},"excerpt":{"rendered":"<p>Nev York Tayms gazetesi 29 Aral\u0131k 1954 tarihli say\u0131s\u0131nda &#8220;T\u00fcrkiye Geriliyor&#8221; ba\u015fl\u0131kl\u0131 bir ba\u015fyaz\u0131 yay\u0131mlad\u0131. Bu ba\u015fyaz\u0131da \u015f\u00f6yle sat\u0131rlar var : &#8220;O &#8211; Adnan Menderes &#8211; Bas\u0131n h\u00fcrriyetini yok ediyor&#8230; Bas\u0131nda kendisini tenkit edenleri hapse at\u0131yor&#8230; Siyasi muhalefeti eziyor&#8230; Menderes i\u015f\u00e7ilere grev hakk\u0131n\u0131 tan\u0131yaca\u011f\u0131n\u0131 vaad etmi\u015fti&#8230; Halbuki en k\u0131sa grevler i\u00e7in i\u015f\u00e7ileri takip ediyor&#8230;&#8221; Ben, [&hellip;]<\/p>\n","protected":false},"author":1,"featured_media":0,"comment_status":"open","ping_status":"open","sticky":false,"template":"","format":"standard","meta":{"footnotes":""},"categories":[59],"tags":[],"class_list":{"0":"post-6359","1":"post","2":"type-post","3":"status-publish","4":"format-standard","6":"category-nazim-hikmet-ran"},"yoast_head":"<!-- This site is optimized with the Yoast SEO Premium plugin v24.9 (Yoast SEO v24.9) - https:\/\/yoast.com\/wordpress\/plugins\/seo\/ -->\n<title>GER\u0130LEYEN T\u00dcRK\u0130YE YAHUT ADNAN MENDERES&#039;E \u00d6\u011e\u00dcTLER - narteks.net<\/title>\n<meta name=\"robots\" content=\"index, follow, max-snippet:-1, max-image-preview:large, max-video-preview:-1\" \/>\n<link rel=\"canonical\" href=\"https:\/\/narteks.net\/index.php\/2011\/06\/07\/gerileyen-turkiye-yahut-adnan-menderese-ogutler\/\" \/>\n<meta property=\"og:locale\" content=\"tr_TR\" \/>\n<meta property=\"og:type\" content=\"article\" \/>\n<meta property=\"og:title\" content=\"GER\u0130LEYEN T\u00dcRK\u0130YE YAHUT ADNAN MENDERES&#039;E \u00d6\u011e\u00dcTLER\" \/>\n<meta property=\"og:description\" content=\"Nev York Tayms gazetesi 29 Aral\u0131k 1954 tarihli say\u0131s\u0131nda &#8220;T\u00fcrkiye Geriliyor&#8221; ba\u015fl\u0131kl\u0131 bir ba\u015fyaz\u0131 yay\u0131mlad\u0131. Bu ba\u015fyaz\u0131da \u015f\u00f6yle sat\u0131rlar var : &#8220;O &#8211; Adnan Menderes &#8211; Bas\u0131n h\u00fcrriyetini yok ediyor&#8230; Bas\u0131nda kendisini tenkit edenleri hapse at\u0131yor&#8230; Siyasi muhalefeti eziyor&#8230; Menderes i\u015f\u00e7ilere grev hakk\u0131n\u0131 tan\u0131yaca\u011f\u0131n\u0131 vaad etmi\u015fti&#8230; Halbuki en k\u0131sa grevler i\u00e7in i\u015f\u00e7ileri takip ediyor&#8230;&#8221; Ben, [&hellip;]\" \/>\n<meta property=\"og:url\" content=\"https:\/\/narteks.net\/index.php\/2011\/06\/07\/gerileyen-turkiye-yahut-adnan-menderese-ogutler\/\" \/>\n<meta property=\"og:site_name\" content=\"narteks.net\" \/>\n<meta property=\"article:published_time\" content=\"2011-06-07T08:09:30+00:00\" \/>\n<meta property=\"og:image\" content=\"https:\/\/narteks.net\/wp-content\/uploads\/narteks.png\" \/>\n\t<meta property=\"og:image:width\" content=\"300\" \/>\n\t<meta property=\"og:image:height\" content=\"90\" \/>\n\t<meta property=\"og:image:type\" content=\"image\/png\" \/>\n<meta name=\"author\" content=\"Tar\u0131k\" \/>\n<meta name=\"twitter:card\" content=\"summary_large_image\" \/>\n<meta name=\"twitter:creator\" content=\"@narteks\" \/>\n<meta name=\"twitter:site\" content=\"@narteks\" \/>\n<meta name=\"twitter:label1\" content=\"Yazan:\" \/>\n\t<meta name=\"twitter:data1\" content=\"Tar\u0131k\" \/>\n\t<meta name=\"twitter:label2\" content=\"Tahmini okuma s\u00fcresi\" \/>\n\t<meta name=\"twitter:data2\" content=\"3 dakika\" \/>\n<script type=\"application\/ld+json\" class=\"yoast-schema-graph\">{\"@context\":\"https:\/\/schema.org\",\"@graph\":[{\"@type\":\"Article\",\"@id\":\"https:\/\/narteks.net\/index.php\/2011\/06\/07\/gerileyen-turkiye-yahut-adnan-menderese-ogutler\/#article\",\"isPartOf\":{\"@id\":\"https:\/\/narteks.net\/index.php\/2011\/06\/07\/gerileyen-turkiye-yahut-adnan-menderese-ogutler\/\"},\"author\":{\"name\":\"Tar\u0131k\",\"@id\":\"https:\/\/narteks.net\/#\/schema\/person\/61f37d9834294b72d31d274e7ed79bca\"},\"headline\":\"GER\u0130LEYEN T\u00dcRK\u0130YE YAHUT ADNAN MENDERES&#8217;E \u00d6\u011e\u00dcTLER\",\"datePublished\":\"2011-06-07T08:09:30+00:00\",\"mainEntityOfPage\":{\"@id\":\"https:\/\/narteks.net\/index.php\/2011\/06\/07\/gerileyen-turkiye-yahut-adnan-menderese-ogutler\/\"},\"wordCount\":569,\"commentCount\":0,\"publisher\":{\"@id\":\"https:\/\/narteks.net\/#organization\"},\"articleSection\":[\"Naz\u0131m H\u0130KMET RAN\"],\"inLanguage\":\"tr\",\"potentialAction\":[{\"@type\":\"CommentAction\",\"name\":\"Comment\",\"target\":[\"https:\/\/narteks.net\/index.php\/2011\/06\/07\/gerileyen-turkiye-yahut-adnan-menderese-ogutler\/#respond\"]}]},{\"@type\":\"WebPage\",\"@id\":\"https:\/\/narteks.net\/index.php\/2011\/06\/07\/gerileyen-turkiye-yahut-adnan-menderese-ogutler\/\",\"url\":\"https:\/\/narteks.net\/index.php\/2011\/06\/07\/gerileyen-turkiye-yahut-adnan-menderese-ogutler\/\",\"name\":\"GER\u0130LEYEN T\u00dcRK\u0130YE YAHUT ADNAN MENDERES'E \u00d6\u011e\u00dcTLER - narteks.net\",\"isPartOf\":{\"@id\":\"https:\/\/narteks.net\/#website\"},\"datePublished\":\"2011-06-07T08:09:30+00:00\",\"breadcrumb\":{\"@id\":\"https:\/\/narteks.net\/index.php\/2011\/06\/07\/gerileyen-turkiye-yahut-adnan-menderese-ogutler\/#breadcrumb\"},\"inLanguage\":\"tr\",\"potentialAction\":[{\"@type\":\"ReadAction\",\"target\":[\"https:\/\/narteks.net\/index.php\/2011\/06\/07\/gerileyen-turkiye-yahut-adnan-menderese-ogutler\/\"]}]},{\"@type\":\"BreadcrumbList\",\"@id\":\"https:\/\/narteks.net\/index.php\/2011\/06\/07\/gerileyen-turkiye-yahut-adnan-menderese-ogutler\/#breadcrumb\",\"itemListElement\":[{\"@type\":\"ListItem\",\"position\":1,\"name\":\"Anasayfa\",\"item\":\"https:\/\/narteks.net\/\"},{\"@type\":\"ListItem\",\"position\":2,\"name\":\"GER\u0130LEYEN T\u00dcRK\u0130YE YAHUT ADNAN MENDERES&#8217;E \u00d6\u011e\u00dcTLER\"}]},{\"@type\":\"WebSite\",\"@id\":\"https:\/\/narteks.net\/#website\",\"url\":\"https:\/\/narteks.net\/\",\"name\":\"narteks.net\",\"description\":\"K\u00fclt\u00fcr Sanat Edebiyat Felsefe\",\"publisher\":{\"@id\":\"https:\/\/narteks.net\/#organization\"},\"alternateName\":\"K\u00fclt\u00fcr Sanat Edebiyat Felsefe\",\"potentialAction\":[{\"@type\":\"SearchAction\",\"target\":{\"@type\":\"EntryPoint\",\"urlTemplate\":\"https:\/\/narteks.net\/?s={search_term_string}\"},\"query-input\":{\"@type\":\"PropertyValueSpecification\",\"valueRequired\":true,\"valueName\":\"search_term_string\"}}],\"inLanguage\":\"tr\"},{\"@type\":\"Organization\",\"@id\":\"https:\/\/narteks.net\/#organization\",\"name\":\"narteks.net\",\"url\":\"https:\/\/narteks.net\/\",\"logo\":{\"@type\":\"ImageObject\",\"inLanguage\":\"tr\",\"@id\":\"https:\/\/narteks.net\/#\/schema\/logo\/image\/\",\"url\":\"https:\/\/narteks.net\/wp-content\/uploads\/narteks.png\",\"contentUrl\":\"https:\/\/narteks.net\/wp-content\/uploads\/narteks.png\",\"width\":300,\"height\":90,\"caption\":\"narteks.net\"},\"image\":{\"@id\":\"https:\/\/narteks.net\/#\/schema\/logo\/image\/\"},\"sameAs\":[\"https:\/\/x.com\/narteks\",\"https:\/\/instagram.com\/narteksnet\"]},{\"@type\":\"Person\",\"@id\":\"https:\/\/narteks.net\/#\/schema\/person\/61f37d9834294b72d31d274e7ed79bca\",\"name\":\"Tar\u0131k\",\"image\":{\"@type\":\"ImageObject\",\"inLanguage\":\"tr\",\"@id\":\"https:\/\/narteks.net\/#\/schema\/person\/image\/\",\"url\":\"https:\/\/secure.gravatar.com\/avatar\/50865afb55632c4ae467e0af0930f6510aa2297d8014be502a55b14f3b7550cf?s=96&d=mm&r=g\",\"contentUrl\":\"https:\/\/secure.gravatar.com\/avatar\/50865afb55632c4ae467e0af0930f6510aa2297d8014be502a55b14f3b7550cf?s=96&d=mm&r=g\",\"caption\":\"Tar\u0131k\"},\"sameAs\":[\"http:\/\/narteks.net\"],\"url\":\"https:\/\/narteks.net\/index.php\/author\/narbak\/\"}]}<\/script>\n<!-- \/ Yoast SEO Premium plugin. -->","yoast_head_json":{"title":"GER\u0130LEYEN T\u00dcRK\u0130YE YAHUT ADNAN MENDERES'E \u00d6\u011e\u00dcTLER - narteks.net","robots":{"index":"index","follow":"follow","max-snippet":"max-snippet:-1","max-image-preview":"max-image-preview:large","max-video-preview":"max-video-preview:-1"},"canonical":"https:\/\/narteks.net\/index.php\/2011\/06\/07\/gerileyen-turkiye-yahut-adnan-menderese-ogutler\/","og_locale":"tr_TR","og_type":"article","og_title":"GER\u0130LEYEN T\u00dcRK\u0130YE YAHUT ADNAN MENDERES'E \u00d6\u011e\u00dcTLER","og_description":"Nev York Tayms gazetesi 29 Aral\u0131k 1954 tarihli say\u0131s\u0131nda &#8220;T\u00fcrkiye Geriliyor&#8221; ba\u015fl\u0131kl\u0131 bir ba\u015fyaz\u0131 yay\u0131mlad\u0131. Bu ba\u015fyaz\u0131da \u015f\u00f6yle sat\u0131rlar var : &#8220;O &#8211; Adnan Menderes &#8211; Bas\u0131n h\u00fcrriyetini yok ediyor&#8230; Bas\u0131nda kendisini tenkit edenleri hapse at\u0131yor&#8230; Siyasi muhalefeti eziyor&#8230; Menderes i\u015f\u00e7ilere grev hakk\u0131n\u0131 tan\u0131yaca\u011f\u0131n\u0131 vaad etmi\u015fti&#8230; Halbuki en k\u0131sa grevler i\u00e7in i\u015f\u00e7ileri takip ediyor&#8230;&#8221; Ben, [&hellip;]","og_url":"https:\/\/narteks.net\/index.php\/2011\/06\/07\/gerileyen-turkiye-yahut-adnan-menderese-ogutler\/","og_site_name":"narteks.net","article_published_time":"2011-06-07T08:09:30+00:00","og_image":[{"width":300,"height":90,"url":"https:\/\/narteks.net\/wp-content\/uploads\/narteks.png","type":"image\/png"}],"author":"Tar\u0131k","twitter_card":"summary_large_image","twitter_creator":"@narteks","twitter_site":"@narteks","twitter_misc":{"Yazan:":"Tar\u0131k","Tahmini okuma s\u00fcresi":"3 dakika"},"schema":{"@context":"https:\/\/schema.org","@graph":[{"@type":"Article","@id":"https:\/\/narteks.net\/index.php\/2011\/06\/07\/gerileyen-turkiye-yahut-adnan-menderese-ogutler\/#article","isPartOf":{"@id":"https:\/\/narteks.net\/index.php\/2011\/06\/07\/gerileyen-turkiye-yahut-adnan-menderese-ogutler\/"},"author":{"name":"Tar\u0131k","@id":"https:\/\/narteks.net\/#\/schema\/person\/61f37d9834294b72d31d274e7ed79bca"},"headline":"GER\u0130LEYEN T\u00dcRK\u0130YE YAHUT ADNAN MENDERES&#8217;E \u00d6\u011e\u00dcTLER","datePublished":"2011-06-07T08:09:30+00:00","mainEntityOfPage":{"@id":"https:\/\/narteks.net\/index.php\/2011\/06\/07\/gerileyen-turkiye-yahut-adnan-menderese-ogutler\/"},"wordCount":569,"commentCount":0,"publisher":{"@id":"https:\/\/narteks.net\/#organization"},"articleSection":["Naz\u0131m H\u0130KMET RAN"],"inLanguage":"tr","potentialAction":[{"@type":"CommentAction","name":"Comment","target":["https:\/\/narteks.net\/index.php\/2011\/06\/07\/gerileyen-turkiye-yahut-adnan-menderese-ogutler\/#respond"]}]},{"@type":"WebPage","@id":"https:\/\/narteks.net\/index.php\/2011\/06\/07\/gerileyen-turkiye-yahut-adnan-menderese-ogutler\/","url":"https:\/\/narteks.net\/index.php\/2011\/06\/07\/gerileyen-turkiye-yahut-adnan-menderese-ogutler\/","name":"GER\u0130LEYEN T\u00dcRK\u0130YE YAHUT ADNAN MENDERES'E \u00d6\u011e\u00dcTLER - narteks.net","isPartOf":{"@id":"https:\/\/narteks.net\/#website"},"datePublished":"2011-06-07T08:09:30+00:00","breadcrumb":{"@id":"https:\/\/narteks.net\/index.php\/2011\/06\/07\/gerileyen-turkiye-yahut-adnan-menderese-ogutler\/#breadcrumb"},"inLanguage":"tr","potentialAction":[{"@type":"ReadAction","target":["https:\/\/narteks.net\/index.php\/2011\/06\/07\/gerileyen-turkiye-yahut-adnan-menderese-ogutler\/"]}]},{"@type":"BreadcrumbList","@id":"https:\/\/narteks.net\/index.php\/2011\/06\/07\/gerileyen-turkiye-yahut-adnan-menderese-ogutler\/#breadcrumb","itemListElement":[{"@type":"ListItem","position":1,"name":"Anasayfa","item":"https:\/\/narteks.net\/"},{"@type":"ListItem","position":2,"name":"GER\u0130LEYEN T\u00dcRK\u0130YE YAHUT ADNAN MENDERES&#8217;E \u00d6\u011e\u00dcTLER"}]},{"@type":"WebSite","@id":"https:\/\/narteks.net\/#website","url":"https:\/\/narteks.net\/","name":"narteks.net","description":"K\u00fclt\u00fcr Sanat Edebiyat Felsefe","publisher":{"@id":"https:\/\/narteks.net\/#organization"},"alternateName":"K\u00fclt\u00fcr Sanat Edebiyat Felsefe","potentialAction":[{"@type":"SearchAction","target":{"@type":"EntryPoint","urlTemplate":"https:\/\/narteks.net\/?s={search_term_string}"},"query-input":{"@type":"PropertyValueSpecification","valueRequired":true,"valueName":"search_term_string"}}],"inLanguage":"tr"},{"@type":"Organization","@id":"https:\/\/narteks.net\/#organization","name":"narteks.net","url":"https:\/\/narteks.net\/","logo":{"@type":"ImageObject","inLanguage":"tr","@id":"https:\/\/narteks.net\/#\/schema\/logo\/image\/","url":"https:\/\/narteks.net\/wp-content\/uploads\/narteks.png","contentUrl":"https:\/\/narteks.net\/wp-content\/uploads\/narteks.png","width":300,"height":90,"caption":"narteks.net"},"image":{"@id":"https:\/\/narteks.net\/#\/schema\/logo\/image\/"},"sameAs":["https:\/\/x.com\/narteks","https:\/\/instagram.com\/narteksnet"]},{"@type":"Person","@id":"https:\/\/narteks.net\/#\/schema\/person\/61f37d9834294b72d31d274e7ed79bca","name":"Tar\u0131k","image":{"@type":"ImageObject","inLanguage":"tr","@id":"https:\/\/narteks.net\/#\/schema\/person\/image\/","url":"https:\/\/secure.gravatar.com\/avatar\/50865afb55632c4ae467e0af0930f6510aa2297d8014be502a55b14f3b7550cf?s=96&d=mm&r=g","contentUrl":"https:\/\/secure.gravatar.com\/avatar\/50865afb55632c4ae467e0af0930f6510aa2297d8014be502a55b14f3b7550cf?s=96&d=mm&r=g","caption":"Tar\u0131k"},"sameAs":["http:\/\/narteks.net"],"url":"https:\/\/narteks.net\/index.php\/author\/narbak\/"}]}},"_links":{"self":[{"href":"https:\/\/narteks.net\/index.php\/wp-json\/wp\/v2\/posts\/6359","targetHints":{"allow":["GET"]}}],"collection":[{"href":"https:\/\/narteks.net\/index.php\/wp-json\/wp\/v2\/posts"}],"about":[{"href":"https:\/\/narteks.net\/index.php\/wp-json\/wp\/v2\/types\/post"}],"author":[{"embeddable":true,"href":"https:\/\/narteks.net\/index.php\/wp-json\/wp\/v2\/users\/1"}],"replies":[{"embeddable":true,"href":"https:\/\/narteks.net\/index.php\/wp-json\/wp\/v2\/comments?post=6359"}],"version-history":[{"count":0,"href":"https:\/\/narteks.net\/index.php\/wp-json\/wp\/v2\/posts\/6359\/revisions"}],"wp:attachment":[{"href":"https:\/\/narteks.net\/index.php\/wp-json\/wp\/v2\/media?parent=6359"}],"wp:term":[{"taxonomy":"category","embeddable":true,"href":"https:\/\/narteks.net\/index.php\/wp-json\/wp\/v2\/categories?post=6359"},{"taxonomy":"post_tag","embeddable":true,"href":"https:\/\/narteks.net\/index.php\/wp-json\/wp\/v2\/tags?post=6359"}],"curies":[{"name":"wp","href":"https:\/\/api.w.org\/{rel}","templated":true}]}}