{"id":636,"date":"2009-04-16T10:17:19","date_gmt":"2009-04-16T07:17:19","guid":{"rendered":"http:\/\/localhost\/wordpress\/2009\/04\/16\/ancak-bir-benzerim-oldurebilir-beni\/"},"modified":"2009-04-16T10:17:19","modified_gmt":"2009-04-16T07:17:19","slug":"ancak-bir-benzerim-oldurebilir-beni","status":"publish","type":"post","link":"https:\/\/narteks.net\/index.php\/2009\/04\/16\/ancak-bir-benzerim-oldurebilir-beni\/","title":{"rendered":"ANCAK B\u0130R BENZER\u0130M \u00d6LD\u00dcREB\u0130L\u0130R BEN\u0130"},"content":{"rendered":"<p>\u00a0<\/p>\n<p style=\"text-align: justify;\">Art\u0131k daha fazla b\u00f6yle ya\u015fayamazd\u0131. \u0130\u00e7indeki o sadece ve sadece kendisine ait olan \u00f6z\u00fc ortaya \u00e7\u0131karmak ve onu ya\u015fatmak istiyordu. \u00c7\u00fcnk\u00fc b\u00f6yle, birden fazla ve kendisinin olmayan ve ger\u00e7ek mi sahte mi oldu\u011funun ay\u0131rd\u0131na varamad\u0131\u011f\u0131 ki\u015filikleri ta\u015f\u0131yordu, s\u0131k\u0131nt\u0131l\u0131 bir y\u00fck gibi&#8230; Peki, ger\u00e7ek ve sadece ona ait bir \u00f6z\u00fc var m\u0131yd\u0131 onun? Varsa neredeydi ve kimdi o? \u00d6ylesine \u00e7ok maske kullanm\u0131\u015f, \u00f6ylesine \u00e7ok de\u011fi\u015fik kal\u0131plara girmi\u015f, \u015fekil de\u011fi\u015ftirmek zorunda kalm\u0131\u015ft\u0131 ki, ger\u00e7ek niteli\u011fini yitirmi\u015f olarak duruyordu. Belki de hi\u00e7 olmad\u0131\u011f\u0131 korkusuna kap\u0131l\u0131yordu arada bir. S\u0131k s\u0131k o ger\u00e7ek \u00f6z\u00fcn\u00fc bulabilmek, ona ula\u015fabilmek i\u00e7in eve kapan\u0131yor, g\u00fcnlerce hi\u00e7bir arkada\u015f\u0131n\u0131, yak\u0131n\u0131n\u0131 aram\u0131yordu. Kendisine yeni bir koza \u00f6rmeliydi ve ger\u00e7ek \u00f6z\u00fcn\u00fc buldu\u011funu san\u0131p, &#8216;art\u0131k insanlar\u0131n i\u00e7ine \u00e7\u0131kabilirim, onlar\u0131 ger\u00e7ek ki\u015fili\u011fimle g\u00f6r\u00fcp, hissedebilirim&#8217; diye d\u00fc\u015f\u00fcn\u00fcyor, yanlar\u0131na sevgi ve hasretle ko\u015fuyor, ama biraz konu\u015ftuktan sonra, konu\u015fman\u0131n yine kendisine ait bir \u00f6z olmad\u0131\u011f\u0131n\u0131 g\u00f6r\u00fcyordu. Bir ba\u015fkas\u0131yd\u0131 sanki o. Ya da kimseye ait olmayan birinin \u00f6z\u00fcyd\u00fc ta\u015f\u0131d\u0131\u011f\u0131. Unutulmu\u015f, tesad\u00fcfen bulunmu\u015f ya da korkudan, kayg\u0131dan alelacele olu\u015fturulmu\u015f yapma bir \u015feydi. O \u00e2n\u0131 kotarmas\u0131 i\u00e7in, ili\u015fkileri ge\u00e7i\u015ftirebilmek, kendini orada o an i\u00e7in var edebilmek i\u00e7in yaratt\u0131\u011f\u0131 sahte bir ki\u015filikti sanki&#8230; <\/p>\n<p> Bu y\u00fczden arkada\u015flar\u0131na dostlar\u0131na sevgiyle, umutla ko\u015far, sonra da yapma ki\u015fili\u011finin yaratt\u0131\u011f\u0131 s\u0131k\u0131nt\u0131, tats\u0131zl\u0131k, bo\u015fluk belli belirsiz bir kasvet duygusuyla yeniden ger\u00e7ek \u00f6z\u00fcn\u00fc bulmak i\u00e7in evine, odas\u0131na d\u00f6nerdi. Yine olmam\u0131\u015ft\u0131. \u0130\u00e7indeki o ger\u00e7ek \u00f6z, e\u011fer bir ara var olmu\u015fsa onu belki de sonsuza kadar terk etmi\u015f, onu b\u00f6yle \u00f6ks\u00fcz, hep doyumsuz, ge\u00e7icilik ve kenarda kalm\u0131\u015f olma duygular\u0131yla b\u0131rakm\u0131\u015ft\u0131. Bu hep ge\u00e7icilik duygusuna, \u015fu anlams\u0131zl\u0131k duygusuna daha fazla dayanamazd\u0131. Bir g\u00fcn ger\u00e7ek kendisiyle bulu\u015facakt\u0131. Bu tutkuyla bekleyi\u015f, ona ge\u00e7mi\u015fte bir ara, belki \u00e7ok k\u0131sa bir s\u00fcre bu \u00f6zle birlikte ya\u015fad\u0131\u011f\u0131 inanc\u0131n\u0131 veriyordu. &#8216;O vard\u0131 ki ben onu b\u00f6ylesine \u00e7ok \u00f6zl\u00fcyorum&#8217; diyordu&#8230; \u015eimdiyse &#8216;binlerce hi\u00e7 kimseydi&#8217;. Tek ba\u015f\u0131na bile de\u011fildi. \u00c7\u00fcnk\u00fc tek ba\u015f\u0131na olmak bir sa\u011flam varolu\u015ftu ve bak\u0131m isteyen bir \u015feydi. &#8216;Tek ba\u015f\u0131nal\u0131k bir \u015fans&#8217;t\u0131. <\/p>\n<p> Yaln\u0131z bile olamad\u0131\u011f\u0131, bir hi\u00e7 kimse oldu\u011fu i\u00e7in bu y\u00fczden kim ger\u00e7ek dostu, kim d\u00fc\u015fman\u0131, kim onu seven, kim katili, asla i\u00e7tenlikle anlayam\u0131yordu, alg\u0131layam\u0131yordu. \u0130\u015fte bu y\u00fczden onu ger\u00e7ekten sevenleri g\u00f6remiyor, onu pek de ciddiye almayanlara \u00e7ok yak\u0131nl\u0131k duydu\u011funu san\u0131yordu. \u00c7o\u011fu kez sevgisinden ve nefretinden emin olamad\u0131\u011f\u0131 i\u00e7in hep endi\u015feler ve kayg\u0131lar i\u00e7inde ve g\u00fcvensizlik duygular\u0131yla ya\u015f\u0131yordu. <\/p>\n<p> Hep bir doyum ar\u0131yor, ama yine hep a\u00e7l\u0131k hissediyordu. Kahramanl\u0131k yapmak, cesur ser\u00fcvenler ya\u015famak istiyor, ama korkular\u0131 buna izin vermiyordu. Hep o sahte kimliklerinin t\u00fcm\u00fcnden kurtulup \u00e7\u0131lg\u0131n ve ba\u015f\u0131bo\u015f bir a\u015fk ya\u015famak istiyor, sonunda g\u00fcvenli, ancak s\u0131k\u0131nt\u0131l\u0131, co\u015fkusuz, tekd\u00fcze ili\u015fkilere saplan\u0131p kal\u0131yordu&#8230;<\/p>\n<p style=\"text-align: justify;\">Cezmi ERS\u00d6Z<\/p>\n","protected":false},"excerpt":{"rendered":"<p>\u00a0 Art\u0131k daha fazla b\u00f6yle ya\u015fayamazd\u0131. \u0130\u00e7indeki o sadece ve sadece kendisine ait olan \u00f6z\u00fc ortaya \u00e7\u0131karmak ve onu ya\u015fatmak istiyordu. \u00c7\u00fcnk\u00fc b\u00f6yle, birden fazla ve kendisinin olmayan ve ger\u00e7ek mi sahte mi oldu\u011funun ay\u0131rd\u0131na varamad\u0131\u011f\u0131 ki\u015filikleri ta\u015f\u0131yordu, s\u0131k\u0131nt\u0131l\u0131 bir y\u00fck gibi&#8230; Peki, ger\u00e7ek ve sadece ona ait bir \u00f6z\u00fc var m\u0131yd\u0131 onun? Varsa neredeydi [&hellip;]<\/p>\n","protected":false},"author":1,"featured_media":0,"comment_status":"open","ping_status":"open","sticky":false,"template":"","format":"standard","meta":{"footnotes":""},"categories":[18],"tags":[],"class_list":{"0":"post-636","1":"post","2":"type-post","3":"status-publish","4":"format-standard","6":"category-cezmi-ersoz"},"yoast_head":"<!-- This site is optimized with the Yoast SEO Premium plugin v24.9 (Yoast SEO v24.9) - https:\/\/yoast.com\/wordpress\/plugins\/seo\/ -->\n<title>ANCAK B\u0130R BENZER\u0130M \u00d6LD\u00dcREB\u0130L\u0130R BEN\u0130 - narteks.net<\/title>\n<meta name=\"robots\" content=\"index, follow, max-snippet:-1, max-image-preview:large, max-video-preview:-1\" \/>\n<link rel=\"canonical\" href=\"https:\/\/narteks.net\/index.php\/2009\/04\/16\/ancak-bir-benzerim-oldurebilir-beni\/\" \/>\n<meta property=\"og:locale\" content=\"tr_TR\" \/>\n<meta property=\"og:type\" content=\"article\" \/>\n<meta property=\"og:title\" content=\"ANCAK B\u0130R BENZER\u0130M \u00d6LD\u00dcREB\u0130L\u0130R BEN\u0130\" \/>\n<meta property=\"og:description\" content=\"\u00a0 Art\u0131k daha fazla b\u00f6yle ya\u015fayamazd\u0131. \u0130\u00e7indeki o sadece ve sadece kendisine ait olan \u00f6z\u00fc ortaya \u00e7\u0131karmak ve onu ya\u015fatmak istiyordu. \u00c7\u00fcnk\u00fc b\u00f6yle, birden fazla ve kendisinin olmayan ve ger\u00e7ek mi sahte mi oldu\u011funun ay\u0131rd\u0131na varamad\u0131\u011f\u0131 ki\u015filikleri ta\u015f\u0131yordu, s\u0131k\u0131nt\u0131l\u0131 bir y\u00fck gibi&#8230; Peki, ger\u00e7ek ve sadece ona ait bir \u00f6z\u00fc var m\u0131yd\u0131 onun? Varsa neredeydi [&hellip;]\" \/>\n<meta property=\"og:url\" content=\"https:\/\/narteks.net\/index.php\/2009\/04\/16\/ancak-bir-benzerim-oldurebilir-beni\/\" \/>\n<meta property=\"og:site_name\" content=\"narteks.net\" \/>\n<meta property=\"article:published_time\" content=\"2009-04-16T07:17:19+00:00\" \/>\n<meta property=\"og:image\" content=\"https:\/\/narteks.net\/wp-content\/uploads\/narteks.png\" \/>\n\t<meta property=\"og:image:width\" content=\"300\" \/>\n\t<meta property=\"og:image:height\" content=\"90\" \/>\n\t<meta property=\"og:image:type\" content=\"image\/png\" \/>\n<meta name=\"author\" content=\"Tar\u0131k\" \/>\n<meta name=\"twitter:card\" content=\"summary_large_image\" \/>\n<meta name=\"twitter:creator\" content=\"@narteks\" \/>\n<meta name=\"twitter:site\" content=\"@narteks\" \/>\n<meta name=\"twitter:label1\" content=\"Yazan:\" \/>\n\t<meta name=\"twitter:data1\" content=\"Tar\u0131k\" \/>\n\t<meta name=\"twitter:label2\" content=\"Tahmini okuma s\u00fcresi\" \/>\n\t<meta name=\"twitter:data2\" content=\"3 dakika\" \/>\n<script type=\"application\/ld+json\" class=\"yoast-schema-graph\">{\"@context\":\"https:\/\/schema.org\",\"@graph\":[{\"@type\":\"Article\",\"@id\":\"https:\/\/narteks.net\/index.php\/2009\/04\/16\/ancak-bir-benzerim-oldurebilir-beni\/#article\",\"isPartOf\":{\"@id\":\"https:\/\/narteks.net\/index.php\/2009\/04\/16\/ancak-bir-benzerim-oldurebilir-beni\/\"},\"author\":{\"name\":\"Tar\u0131k\",\"@id\":\"https:\/\/narteks.net\/#\/schema\/person\/61f37d9834294b72d31d274e7ed79bca\"},\"headline\":\"ANCAK B\u0130R BENZER\u0130M \u00d6LD\u00dcREB\u0130L\u0130R BEN\u0130\",\"datePublished\":\"2009-04-16T07:17:19+00:00\",\"mainEntityOfPage\":{\"@id\":\"https:\/\/narteks.net\/index.php\/2009\/04\/16\/ancak-bir-benzerim-oldurebilir-beni\/\"},\"wordCount\":588,\"commentCount\":0,\"publisher\":{\"@id\":\"https:\/\/narteks.net\/#organization\"},\"articleSection\":[\"Cezmi ERS\u00d6Z\"],\"inLanguage\":\"tr\",\"potentialAction\":[{\"@type\":\"CommentAction\",\"name\":\"Comment\",\"target\":[\"https:\/\/narteks.net\/index.php\/2009\/04\/16\/ancak-bir-benzerim-oldurebilir-beni\/#respond\"]}]},{\"@type\":\"WebPage\",\"@id\":\"https:\/\/narteks.net\/index.php\/2009\/04\/16\/ancak-bir-benzerim-oldurebilir-beni\/\",\"url\":\"https:\/\/narteks.net\/index.php\/2009\/04\/16\/ancak-bir-benzerim-oldurebilir-beni\/\",\"name\":\"ANCAK B\u0130R BENZER\u0130M \u00d6LD\u00dcREB\u0130L\u0130R BEN\u0130 - narteks.net\",\"isPartOf\":{\"@id\":\"https:\/\/narteks.net\/#website\"},\"datePublished\":\"2009-04-16T07:17:19+00:00\",\"breadcrumb\":{\"@id\":\"https:\/\/narteks.net\/index.php\/2009\/04\/16\/ancak-bir-benzerim-oldurebilir-beni\/#breadcrumb\"},\"inLanguage\":\"tr\",\"potentialAction\":[{\"@type\":\"ReadAction\",\"target\":[\"https:\/\/narteks.net\/index.php\/2009\/04\/16\/ancak-bir-benzerim-oldurebilir-beni\/\"]}]},{\"@type\":\"BreadcrumbList\",\"@id\":\"https:\/\/narteks.net\/index.php\/2009\/04\/16\/ancak-bir-benzerim-oldurebilir-beni\/#breadcrumb\",\"itemListElement\":[{\"@type\":\"ListItem\",\"position\":1,\"name\":\"Anasayfa\",\"item\":\"https:\/\/narteks.net\/\"},{\"@type\":\"ListItem\",\"position\":2,\"name\":\"ANCAK B\u0130R BENZER\u0130M \u00d6LD\u00dcREB\u0130L\u0130R BEN\u0130\"}]},{\"@type\":\"WebSite\",\"@id\":\"https:\/\/narteks.net\/#website\",\"url\":\"https:\/\/narteks.net\/\",\"name\":\"narteks.net\",\"description\":\"K\u00fclt\u00fcr Sanat Edebiyat Felsefe\",\"publisher\":{\"@id\":\"https:\/\/narteks.net\/#organization\"},\"alternateName\":\"K\u00fclt\u00fcr Sanat Edebiyat Felsefe\",\"potentialAction\":[{\"@type\":\"SearchAction\",\"target\":{\"@type\":\"EntryPoint\",\"urlTemplate\":\"https:\/\/narteks.net\/?s={search_term_string}\"},\"query-input\":{\"@type\":\"PropertyValueSpecification\",\"valueRequired\":true,\"valueName\":\"search_term_string\"}}],\"inLanguage\":\"tr\"},{\"@type\":\"Organization\",\"@id\":\"https:\/\/narteks.net\/#organization\",\"name\":\"narteks.net\",\"url\":\"https:\/\/narteks.net\/\",\"logo\":{\"@type\":\"ImageObject\",\"inLanguage\":\"tr\",\"@id\":\"https:\/\/narteks.net\/#\/schema\/logo\/image\/\",\"url\":\"https:\/\/narteks.net\/wp-content\/uploads\/narteks.png\",\"contentUrl\":\"https:\/\/narteks.net\/wp-content\/uploads\/narteks.png\",\"width\":300,\"height\":90,\"caption\":\"narteks.net\"},\"image\":{\"@id\":\"https:\/\/narteks.net\/#\/schema\/logo\/image\/\"},\"sameAs\":[\"https:\/\/x.com\/narteks\",\"https:\/\/instagram.com\/narteksnet\"]},{\"@type\":\"Person\",\"@id\":\"https:\/\/narteks.net\/#\/schema\/person\/61f37d9834294b72d31d274e7ed79bca\",\"name\":\"Tar\u0131k\",\"image\":{\"@type\":\"ImageObject\",\"inLanguage\":\"tr\",\"@id\":\"https:\/\/narteks.net\/#\/schema\/person\/image\/\",\"url\":\"https:\/\/secure.gravatar.com\/avatar\/50865afb55632c4ae467e0af0930f6510aa2297d8014be502a55b14f3b7550cf?s=96&d=mm&r=g\",\"contentUrl\":\"https:\/\/secure.gravatar.com\/avatar\/50865afb55632c4ae467e0af0930f6510aa2297d8014be502a55b14f3b7550cf?s=96&d=mm&r=g\",\"caption\":\"Tar\u0131k\"},\"sameAs\":[\"http:\/\/narteks.net\"],\"url\":\"https:\/\/narteks.net\/index.php\/author\/narbak\/\"}]}<\/script>\n<!-- \/ Yoast SEO Premium plugin. -->","yoast_head_json":{"title":"ANCAK B\u0130R BENZER\u0130M \u00d6LD\u00dcREB\u0130L\u0130R BEN\u0130 - narteks.net","robots":{"index":"index","follow":"follow","max-snippet":"max-snippet:-1","max-image-preview":"max-image-preview:large","max-video-preview":"max-video-preview:-1"},"canonical":"https:\/\/narteks.net\/index.php\/2009\/04\/16\/ancak-bir-benzerim-oldurebilir-beni\/","og_locale":"tr_TR","og_type":"article","og_title":"ANCAK B\u0130R BENZER\u0130M \u00d6LD\u00dcREB\u0130L\u0130R BEN\u0130","og_description":"\u00a0 Art\u0131k daha fazla b\u00f6yle ya\u015fayamazd\u0131. \u0130\u00e7indeki o sadece ve sadece kendisine ait olan \u00f6z\u00fc ortaya \u00e7\u0131karmak ve onu ya\u015fatmak istiyordu. \u00c7\u00fcnk\u00fc b\u00f6yle, birden fazla ve kendisinin olmayan ve ger\u00e7ek mi sahte mi oldu\u011funun ay\u0131rd\u0131na varamad\u0131\u011f\u0131 ki\u015filikleri ta\u015f\u0131yordu, s\u0131k\u0131nt\u0131l\u0131 bir y\u00fck gibi&#8230; Peki, ger\u00e7ek ve sadece ona ait bir \u00f6z\u00fc var m\u0131yd\u0131 onun? Varsa neredeydi [&hellip;]","og_url":"https:\/\/narteks.net\/index.php\/2009\/04\/16\/ancak-bir-benzerim-oldurebilir-beni\/","og_site_name":"narteks.net","article_published_time":"2009-04-16T07:17:19+00:00","og_image":[{"width":300,"height":90,"url":"https:\/\/narteks.net\/wp-content\/uploads\/narteks.png","type":"image\/png"}],"author":"Tar\u0131k","twitter_card":"summary_large_image","twitter_creator":"@narteks","twitter_site":"@narteks","twitter_misc":{"Yazan:":"Tar\u0131k","Tahmini okuma s\u00fcresi":"3 dakika"},"schema":{"@context":"https:\/\/schema.org","@graph":[{"@type":"Article","@id":"https:\/\/narteks.net\/index.php\/2009\/04\/16\/ancak-bir-benzerim-oldurebilir-beni\/#article","isPartOf":{"@id":"https:\/\/narteks.net\/index.php\/2009\/04\/16\/ancak-bir-benzerim-oldurebilir-beni\/"},"author":{"name":"Tar\u0131k","@id":"https:\/\/narteks.net\/#\/schema\/person\/61f37d9834294b72d31d274e7ed79bca"},"headline":"ANCAK B\u0130R BENZER\u0130M \u00d6LD\u00dcREB\u0130L\u0130R BEN\u0130","datePublished":"2009-04-16T07:17:19+00:00","mainEntityOfPage":{"@id":"https:\/\/narteks.net\/index.php\/2009\/04\/16\/ancak-bir-benzerim-oldurebilir-beni\/"},"wordCount":588,"commentCount":0,"publisher":{"@id":"https:\/\/narteks.net\/#organization"},"articleSection":["Cezmi ERS\u00d6Z"],"inLanguage":"tr","potentialAction":[{"@type":"CommentAction","name":"Comment","target":["https:\/\/narteks.net\/index.php\/2009\/04\/16\/ancak-bir-benzerim-oldurebilir-beni\/#respond"]}]},{"@type":"WebPage","@id":"https:\/\/narteks.net\/index.php\/2009\/04\/16\/ancak-bir-benzerim-oldurebilir-beni\/","url":"https:\/\/narteks.net\/index.php\/2009\/04\/16\/ancak-bir-benzerim-oldurebilir-beni\/","name":"ANCAK B\u0130R BENZER\u0130M \u00d6LD\u00dcREB\u0130L\u0130R BEN\u0130 - narteks.net","isPartOf":{"@id":"https:\/\/narteks.net\/#website"},"datePublished":"2009-04-16T07:17:19+00:00","breadcrumb":{"@id":"https:\/\/narteks.net\/index.php\/2009\/04\/16\/ancak-bir-benzerim-oldurebilir-beni\/#breadcrumb"},"inLanguage":"tr","potentialAction":[{"@type":"ReadAction","target":["https:\/\/narteks.net\/index.php\/2009\/04\/16\/ancak-bir-benzerim-oldurebilir-beni\/"]}]},{"@type":"BreadcrumbList","@id":"https:\/\/narteks.net\/index.php\/2009\/04\/16\/ancak-bir-benzerim-oldurebilir-beni\/#breadcrumb","itemListElement":[{"@type":"ListItem","position":1,"name":"Anasayfa","item":"https:\/\/narteks.net\/"},{"@type":"ListItem","position":2,"name":"ANCAK B\u0130R BENZER\u0130M \u00d6LD\u00dcREB\u0130L\u0130R BEN\u0130"}]},{"@type":"WebSite","@id":"https:\/\/narteks.net\/#website","url":"https:\/\/narteks.net\/","name":"narteks.net","description":"K\u00fclt\u00fcr Sanat Edebiyat Felsefe","publisher":{"@id":"https:\/\/narteks.net\/#organization"},"alternateName":"K\u00fclt\u00fcr Sanat Edebiyat Felsefe","potentialAction":[{"@type":"SearchAction","target":{"@type":"EntryPoint","urlTemplate":"https:\/\/narteks.net\/?s={search_term_string}"},"query-input":{"@type":"PropertyValueSpecification","valueRequired":true,"valueName":"search_term_string"}}],"inLanguage":"tr"},{"@type":"Organization","@id":"https:\/\/narteks.net\/#organization","name":"narteks.net","url":"https:\/\/narteks.net\/","logo":{"@type":"ImageObject","inLanguage":"tr","@id":"https:\/\/narteks.net\/#\/schema\/logo\/image\/","url":"https:\/\/narteks.net\/wp-content\/uploads\/narteks.png","contentUrl":"https:\/\/narteks.net\/wp-content\/uploads\/narteks.png","width":300,"height":90,"caption":"narteks.net"},"image":{"@id":"https:\/\/narteks.net\/#\/schema\/logo\/image\/"},"sameAs":["https:\/\/x.com\/narteks","https:\/\/instagram.com\/narteksnet"]},{"@type":"Person","@id":"https:\/\/narteks.net\/#\/schema\/person\/61f37d9834294b72d31d274e7ed79bca","name":"Tar\u0131k","image":{"@type":"ImageObject","inLanguage":"tr","@id":"https:\/\/narteks.net\/#\/schema\/person\/image\/","url":"https:\/\/secure.gravatar.com\/avatar\/50865afb55632c4ae467e0af0930f6510aa2297d8014be502a55b14f3b7550cf?s=96&d=mm&r=g","contentUrl":"https:\/\/secure.gravatar.com\/avatar\/50865afb55632c4ae467e0af0930f6510aa2297d8014be502a55b14f3b7550cf?s=96&d=mm&r=g","caption":"Tar\u0131k"},"sameAs":["http:\/\/narteks.net"],"url":"https:\/\/narteks.net\/index.php\/author\/narbak\/"}]}},"_links":{"self":[{"href":"https:\/\/narteks.net\/index.php\/wp-json\/wp\/v2\/posts\/636","targetHints":{"allow":["GET"]}}],"collection":[{"href":"https:\/\/narteks.net\/index.php\/wp-json\/wp\/v2\/posts"}],"about":[{"href":"https:\/\/narteks.net\/index.php\/wp-json\/wp\/v2\/types\/post"}],"author":[{"embeddable":true,"href":"https:\/\/narteks.net\/index.php\/wp-json\/wp\/v2\/users\/1"}],"replies":[{"embeddable":true,"href":"https:\/\/narteks.net\/index.php\/wp-json\/wp\/v2\/comments?post=636"}],"version-history":[{"count":0,"href":"https:\/\/narteks.net\/index.php\/wp-json\/wp\/v2\/posts\/636\/revisions"}],"wp:attachment":[{"href":"https:\/\/narteks.net\/index.php\/wp-json\/wp\/v2\/media?parent=636"}],"wp:term":[{"taxonomy":"category","embeddable":true,"href":"https:\/\/narteks.net\/index.php\/wp-json\/wp\/v2\/categories?post=636"},{"taxonomy":"post_tag","embeddable":true,"href":"https:\/\/narteks.net\/index.php\/wp-json\/wp\/v2\/tags?post=636"}],"curies":[{"name":"wp","href":"https:\/\/api.w.org\/{rel}","templated":true}]}}