{"id":6361,"date":"2011-06-07T11:12:33","date_gmt":"2011-06-07T08:12:33","guid":{"rendered":"http:\/\/localhost\/wordpress\/2011\/06\/07\/gomlek-pantolon-kasket-ve-fotre-dair\/"},"modified":"2011-06-07T11:12:33","modified_gmt":"2011-06-07T08:12:33","slug":"gomlek-pantolon-kasket-ve-fotre-dair","status":"publish","type":"post","link":"https:\/\/narteks.net\/index.php\/2011\/06\/07\/gomlek-pantolon-kasket-ve-fotre-dair\/","title":{"rendered":"G\u00d6MLEK, PANTOLON, KASKET VE F\u00d6TRE DA\u0130R"},"content":{"rendered":"<p>\u00a0<\/p>\n<p>Bana:<br \/> &#8220;temiz g\u00f6mlek<br \/> giymek<br \/> d\u00fc\u015fman\u0131d\u0131r,&#8221; diyenler<br \/> varsa e\u011fer,<br \/> muazzam hocam\u0131n resmine baks\u0131n.<br \/> Ustalar\u0131m\u0131n ustas\u0131 Marks&#8217;\u0131n<br \/> ceketi rehindeydi,<br \/> bir \u00f6v\u00fcn yemek yerdi d\u00f6rt g\u00fcnde.<br \/> Dalgalan\u0131rd\u0131 fakat<br \/> heybetli sakal\u0131:<br \/> bembeyaz<br \/> tertemiz<br \/> kolal\u0131<br \/> bir g\u00f6mle\u011fin \u00fcst\u00fcnde..<br \/> \u00dct\u00fcl\u00fc pantolana idam h\u00fckm\u00fc kim verdi?<br \/> Tosunlar,<br \/> \u015fu bizim tarihi de mek parmak okusunlar:<br \/> 1848&#8217;de kur\u015funlar<br \/> demir bir tarak gibi ge\u00e7erken ba\u015f\u0131ndan,<br \/> halis \u0130ngiliz kuma\u015f\u0131ndan<br \/> halis \u0130ngiliz modas\u0131yla<br \/> \u00fct\u00fcl\u00fc mum gibi bir pantolon giyerdi<br \/> -Alanglez-<br \/> insanlar\u0131n en b\u00fcy\u00fc\u011f\u00fc Engels&#8230;<br \/> Vladimir \u0130li\u00e7 Ulyanof Lenin<br \/> ate\u015ften bir dev gibi \u00e7\u0131kt\u0131\u011f\u0131 zaman<br \/> barikata,<br \/> yakal\u0131\u011f\u0131 da vard\u0131<br \/> k\u0131ravat\u0131 da..<br \/> Bana gelince:<br \/> Ben ki, herhangi bir proleter \u015fairiyim,<br \/> Marksisto-Leninist \u015fuur,<br \/> 30 kilo kemik<br \/> 7 litre kan,<br \/> bir iki kilometre kadar,<br \/> damar,<br \/> adale, et, sinir ve deriyim;<br \/> ne kafam\u0131n d\u0131\u015f\u0131ndaki kasket<br \/> i\u00e7indekine delalet<br \/> eder,<br \/> ne de biricik f\u00f6tr\u00fcm beni<br \/> ge\u00e7mekte olan ge\u00e7mi\u015fe alet<br \/> eder&#8230;.<br \/> Buna ra\u011fmen<br \/> ben:<br \/> haftada alt\u0131 g\u00fcn kasketliysem e\u011fer,<br \/> haftada bir g\u00fcn<br \/> sevgilimle seyrana giderken<br \/> biricik f\u00f6tr\u00fcm\u00fc<br \/> tertemiz<br \/> giymek i\u00e7indir bu&#8230;<br \/> Fakat<br \/> neden benim iki f\u00f6tr\u00fcm yok?<br \/> Ne dersin \u00fcstat?<br \/> Tembel miyim?<br \/> Hay\u0131r!<br \/> G\u00fcnde 12 saat<br \/> sayfa ba\u011flamak,<br \/> ayakta dikilip<br \/> anas\u0131 a\u011flamak<br \/> sap\u0131na kadar \u00e7al\u0131\u015fmakt\u0131r..<br \/> Kapkara cahil miyiz?<br \/> Hay\u0131r!<br \/> Mesela:<br \/> &#8220;Sat-Sin&#8221; bey kadar cahil\u00fc c\u00fchela<br \/> olmasam gerek&#8230;.<br \/> Budala m\u0131y\u0131m?<br \/> Eh,<br \/> pek<br \/> de\u011fil..<br \/> Belki biraz derbederim..<br \/> Lakin hep<br \/> as\u0131l sebep:<br \/> proleterim,<br \/> be birader,<br \/> proleter!!..<br \/> Ve benim iki f\u00f6tr\u00fcm,<br \/> iki milyon f\u00f6tr\u00fcm, ancak<br \/> her<br \/> proleter<br \/> gibi,<br \/> Borsalino-Habik-Mosan-Man\u00e7ister<br \/> tezgahlar\u0131n\u0131n sahibi<br \/> olursam-olursak-olacak!&#8230;<br \/> Ve ilaaaaaaa,<br \/> Laaaaaaa!!!!!!!&#8230;.<\/p>\n<p>5.2.1931<\/p>\n<p>Naz\u0131m Hikmet RAN<\/p>\n","protected":false},"excerpt":{"rendered":"<p>\u00a0 Bana: &#8220;temiz g\u00f6mlek giymek d\u00fc\u015fman\u0131d\u0131r,&#8221; diyenler varsa e\u011fer, muazzam hocam\u0131n resmine baks\u0131n. Ustalar\u0131m\u0131n ustas\u0131 Marks&#8217;\u0131n ceketi rehindeydi, bir \u00f6v\u00fcn yemek yerdi d\u00f6rt g\u00fcnde. Dalgalan\u0131rd\u0131 fakat heybetli sakal\u0131: bembeyaz tertemiz kolal\u0131 bir g\u00f6mle\u011fin \u00fcst\u00fcnde.. \u00dct\u00fcl\u00fc pantolana idam h\u00fckm\u00fc kim verdi? Tosunlar, \u015fu bizim tarihi de mek parmak okusunlar: 1848&#8217;de kur\u015funlar demir bir tarak gibi ge\u00e7erken [&hellip;]<\/p>\n","protected":false},"author":1,"featured_media":0,"comment_status":"open","ping_status":"open","sticky":false,"template":"","format":"standard","meta":{"footnotes":""},"categories":[59],"tags":[],"class_list":{"0":"post-6361","1":"post","2":"type-post","3":"status-publish","4":"format-standard","6":"category-nazim-hikmet-ran"},"yoast_head":"<!-- This site is optimized with the Yoast SEO Premium plugin v24.9 (Yoast SEO v24.9) - https:\/\/yoast.com\/wordpress\/plugins\/seo\/ -->\n<title>G\u00d6MLEK, PANTOLON, KASKET VE F\u00d6TRE DA\u0130R - narteks.net<\/title>\n<meta name=\"robots\" content=\"index, follow, max-snippet:-1, max-image-preview:large, max-video-preview:-1\" \/>\n<link rel=\"canonical\" href=\"https:\/\/narteks.net\/index.php\/2011\/06\/07\/gomlek-pantolon-kasket-ve-fotre-dair\/\" \/>\n<meta property=\"og:locale\" content=\"tr_TR\" \/>\n<meta property=\"og:type\" content=\"article\" \/>\n<meta property=\"og:title\" content=\"G\u00d6MLEK, PANTOLON, KASKET VE F\u00d6TRE DA\u0130R\" \/>\n<meta property=\"og:description\" content=\"\u00a0 Bana: &#8220;temiz g\u00f6mlek giymek d\u00fc\u015fman\u0131d\u0131r,&#8221; diyenler varsa e\u011fer, muazzam hocam\u0131n resmine baks\u0131n. Ustalar\u0131m\u0131n ustas\u0131 Marks&#8217;\u0131n ceketi rehindeydi, bir \u00f6v\u00fcn yemek yerdi d\u00f6rt g\u00fcnde. Dalgalan\u0131rd\u0131 fakat heybetli sakal\u0131: bembeyaz tertemiz kolal\u0131 bir g\u00f6mle\u011fin \u00fcst\u00fcnde.. \u00dct\u00fcl\u00fc pantolana idam h\u00fckm\u00fc kim verdi? Tosunlar, \u015fu bizim tarihi de mek parmak okusunlar: 1848&#8217;de kur\u015funlar demir bir tarak gibi ge\u00e7erken [&hellip;]\" \/>\n<meta property=\"og:url\" content=\"https:\/\/narteks.net\/index.php\/2011\/06\/07\/gomlek-pantolon-kasket-ve-fotre-dair\/\" \/>\n<meta property=\"og:site_name\" content=\"narteks.net\" \/>\n<meta property=\"article:published_time\" content=\"2011-06-07T08:12:33+00:00\" \/>\n<meta property=\"og:image\" content=\"https:\/\/narteks.net\/wp-content\/uploads\/narteks.png\" \/>\n\t<meta property=\"og:image:width\" content=\"300\" \/>\n\t<meta property=\"og:image:height\" content=\"90\" \/>\n\t<meta property=\"og:image:type\" content=\"image\/png\" \/>\n<meta name=\"author\" content=\"Tar\u0131k\" \/>\n<meta name=\"twitter:card\" content=\"summary_large_image\" \/>\n<meta name=\"twitter:creator\" content=\"@narteks\" \/>\n<meta name=\"twitter:site\" content=\"@narteks\" \/>\n<meta name=\"twitter:label1\" content=\"Yazan:\" \/>\n\t<meta name=\"twitter:data1\" content=\"Tar\u0131k\" \/>\n\t<meta name=\"twitter:label2\" content=\"Tahmini okuma s\u00fcresi\" \/>\n\t<meta name=\"twitter:data2\" content=\"1 dakika\" \/>\n<script type=\"application\/ld+json\" class=\"yoast-schema-graph\">{\"@context\":\"https:\/\/schema.org\",\"@graph\":[{\"@type\":\"Article\",\"@id\":\"https:\/\/narteks.net\/index.php\/2011\/06\/07\/gomlek-pantolon-kasket-ve-fotre-dair\/#article\",\"isPartOf\":{\"@id\":\"https:\/\/narteks.net\/index.php\/2011\/06\/07\/gomlek-pantolon-kasket-ve-fotre-dair\/\"},\"author\":{\"name\":\"Tar\u0131k\",\"@id\":\"https:\/\/narteks.net\/#\/schema\/person\/61f37d9834294b72d31d274e7ed79bca\"},\"headline\":\"G\u00d6MLEK, PANTOLON, KASKET VE F\u00d6TRE DA\u0130R\",\"datePublished\":\"2011-06-07T08:12:33+00:00\",\"mainEntityOfPage\":{\"@id\":\"https:\/\/narteks.net\/index.php\/2011\/06\/07\/gomlek-pantolon-kasket-ve-fotre-dair\/\"},\"wordCount\":297,\"commentCount\":0,\"publisher\":{\"@id\":\"https:\/\/narteks.net\/#organization\"},\"articleSection\":[\"Naz\u0131m H\u0130KMET RAN\"],\"inLanguage\":\"tr\",\"potentialAction\":[{\"@type\":\"CommentAction\",\"name\":\"Comment\",\"target\":[\"https:\/\/narteks.net\/index.php\/2011\/06\/07\/gomlek-pantolon-kasket-ve-fotre-dair\/#respond\"]}]},{\"@type\":\"WebPage\",\"@id\":\"https:\/\/narteks.net\/index.php\/2011\/06\/07\/gomlek-pantolon-kasket-ve-fotre-dair\/\",\"url\":\"https:\/\/narteks.net\/index.php\/2011\/06\/07\/gomlek-pantolon-kasket-ve-fotre-dair\/\",\"name\":\"G\u00d6MLEK, PANTOLON, KASKET VE F\u00d6TRE DA\u0130R - narteks.net\",\"isPartOf\":{\"@id\":\"https:\/\/narteks.net\/#website\"},\"datePublished\":\"2011-06-07T08:12:33+00:00\",\"breadcrumb\":{\"@id\":\"https:\/\/narteks.net\/index.php\/2011\/06\/07\/gomlek-pantolon-kasket-ve-fotre-dair\/#breadcrumb\"},\"inLanguage\":\"tr\",\"potentialAction\":[{\"@type\":\"ReadAction\",\"target\":[\"https:\/\/narteks.net\/index.php\/2011\/06\/07\/gomlek-pantolon-kasket-ve-fotre-dair\/\"]}]},{\"@type\":\"BreadcrumbList\",\"@id\":\"https:\/\/narteks.net\/index.php\/2011\/06\/07\/gomlek-pantolon-kasket-ve-fotre-dair\/#breadcrumb\",\"itemListElement\":[{\"@type\":\"ListItem\",\"position\":1,\"name\":\"Anasayfa\",\"item\":\"https:\/\/narteks.net\/\"},{\"@type\":\"ListItem\",\"position\":2,\"name\":\"G\u00d6MLEK, PANTOLON, KASKET VE F\u00d6TRE DA\u0130R\"}]},{\"@type\":\"WebSite\",\"@id\":\"https:\/\/narteks.net\/#website\",\"url\":\"https:\/\/narteks.net\/\",\"name\":\"narteks.net\",\"description\":\"K\u00fclt\u00fcr Sanat Edebiyat Felsefe\",\"publisher\":{\"@id\":\"https:\/\/narteks.net\/#organization\"},\"alternateName\":\"K\u00fclt\u00fcr Sanat Edebiyat Felsefe\",\"potentialAction\":[{\"@type\":\"SearchAction\",\"target\":{\"@type\":\"EntryPoint\",\"urlTemplate\":\"https:\/\/narteks.net\/?s={search_term_string}\"},\"query-input\":{\"@type\":\"PropertyValueSpecification\",\"valueRequired\":true,\"valueName\":\"search_term_string\"}}],\"inLanguage\":\"tr\"},{\"@type\":\"Organization\",\"@id\":\"https:\/\/narteks.net\/#organization\",\"name\":\"narteks.net\",\"url\":\"https:\/\/narteks.net\/\",\"logo\":{\"@type\":\"ImageObject\",\"inLanguage\":\"tr\",\"@id\":\"https:\/\/narteks.net\/#\/schema\/logo\/image\/\",\"url\":\"https:\/\/narteks.net\/wp-content\/uploads\/narteks.png\",\"contentUrl\":\"https:\/\/narteks.net\/wp-content\/uploads\/narteks.png\",\"width\":300,\"height\":90,\"caption\":\"narteks.net\"},\"image\":{\"@id\":\"https:\/\/narteks.net\/#\/schema\/logo\/image\/\"},\"sameAs\":[\"https:\/\/x.com\/narteks\",\"https:\/\/instagram.com\/narteksnet\"]},{\"@type\":\"Person\",\"@id\":\"https:\/\/narteks.net\/#\/schema\/person\/61f37d9834294b72d31d274e7ed79bca\",\"name\":\"Tar\u0131k\",\"image\":{\"@type\":\"ImageObject\",\"inLanguage\":\"tr\",\"@id\":\"https:\/\/narteks.net\/#\/schema\/person\/image\/\",\"url\":\"https:\/\/secure.gravatar.com\/avatar\/50865afb55632c4ae467e0af0930f6510aa2297d8014be502a55b14f3b7550cf?s=96&d=mm&r=g\",\"contentUrl\":\"https:\/\/secure.gravatar.com\/avatar\/50865afb55632c4ae467e0af0930f6510aa2297d8014be502a55b14f3b7550cf?s=96&d=mm&r=g\",\"caption\":\"Tar\u0131k\"},\"sameAs\":[\"http:\/\/narteks.net\"],\"url\":\"https:\/\/narteks.net\/index.php\/author\/narbak\/\"}]}<\/script>\n<!-- \/ Yoast SEO Premium plugin. -->","yoast_head_json":{"title":"G\u00d6MLEK, PANTOLON, KASKET VE F\u00d6TRE DA\u0130R - narteks.net","robots":{"index":"index","follow":"follow","max-snippet":"max-snippet:-1","max-image-preview":"max-image-preview:large","max-video-preview":"max-video-preview:-1"},"canonical":"https:\/\/narteks.net\/index.php\/2011\/06\/07\/gomlek-pantolon-kasket-ve-fotre-dair\/","og_locale":"tr_TR","og_type":"article","og_title":"G\u00d6MLEK, PANTOLON, KASKET VE F\u00d6TRE DA\u0130R","og_description":"\u00a0 Bana: &#8220;temiz g\u00f6mlek giymek d\u00fc\u015fman\u0131d\u0131r,&#8221; diyenler varsa e\u011fer, muazzam hocam\u0131n resmine baks\u0131n. Ustalar\u0131m\u0131n ustas\u0131 Marks&#8217;\u0131n ceketi rehindeydi, bir \u00f6v\u00fcn yemek yerdi d\u00f6rt g\u00fcnde. Dalgalan\u0131rd\u0131 fakat heybetli sakal\u0131: bembeyaz tertemiz kolal\u0131 bir g\u00f6mle\u011fin \u00fcst\u00fcnde.. \u00dct\u00fcl\u00fc pantolana idam h\u00fckm\u00fc kim verdi? Tosunlar, \u015fu bizim tarihi de mek parmak okusunlar: 1848&#8217;de kur\u015funlar demir bir tarak gibi ge\u00e7erken [&hellip;]","og_url":"https:\/\/narteks.net\/index.php\/2011\/06\/07\/gomlek-pantolon-kasket-ve-fotre-dair\/","og_site_name":"narteks.net","article_published_time":"2011-06-07T08:12:33+00:00","og_image":[{"width":300,"height":90,"url":"https:\/\/narteks.net\/wp-content\/uploads\/narteks.png","type":"image\/png"}],"author":"Tar\u0131k","twitter_card":"summary_large_image","twitter_creator":"@narteks","twitter_site":"@narteks","twitter_misc":{"Yazan:":"Tar\u0131k","Tahmini okuma s\u00fcresi":"1 dakika"},"schema":{"@context":"https:\/\/schema.org","@graph":[{"@type":"Article","@id":"https:\/\/narteks.net\/index.php\/2011\/06\/07\/gomlek-pantolon-kasket-ve-fotre-dair\/#article","isPartOf":{"@id":"https:\/\/narteks.net\/index.php\/2011\/06\/07\/gomlek-pantolon-kasket-ve-fotre-dair\/"},"author":{"name":"Tar\u0131k","@id":"https:\/\/narteks.net\/#\/schema\/person\/61f37d9834294b72d31d274e7ed79bca"},"headline":"G\u00d6MLEK, PANTOLON, KASKET VE F\u00d6TRE DA\u0130R","datePublished":"2011-06-07T08:12:33+00:00","mainEntityOfPage":{"@id":"https:\/\/narteks.net\/index.php\/2011\/06\/07\/gomlek-pantolon-kasket-ve-fotre-dair\/"},"wordCount":297,"commentCount":0,"publisher":{"@id":"https:\/\/narteks.net\/#organization"},"articleSection":["Naz\u0131m H\u0130KMET RAN"],"inLanguage":"tr","potentialAction":[{"@type":"CommentAction","name":"Comment","target":["https:\/\/narteks.net\/index.php\/2011\/06\/07\/gomlek-pantolon-kasket-ve-fotre-dair\/#respond"]}]},{"@type":"WebPage","@id":"https:\/\/narteks.net\/index.php\/2011\/06\/07\/gomlek-pantolon-kasket-ve-fotre-dair\/","url":"https:\/\/narteks.net\/index.php\/2011\/06\/07\/gomlek-pantolon-kasket-ve-fotre-dair\/","name":"G\u00d6MLEK, PANTOLON, KASKET VE F\u00d6TRE DA\u0130R - narteks.net","isPartOf":{"@id":"https:\/\/narteks.net\/#website"},"datePublished":"2011-06-07T08:12:33+00:00","breadcrumb":{"@id":"https:\/\/narteks.net\/index.php\/2011\/06\/07\/gomlek-pantolon-kasket-ve-fotre-dair\/#breadcrumb"},"inLanguage":"tr","potentialAction":[{"@type":"ReadAction","target":["https:\/\/narteks.net\/index.php\/2011\/06\/07\/gomlek-pantolon-kasket-ve-fotre-dair\/"]}]},{"@type":"BreadcrumbList","@id":"https:\/\/narteks.net\/index.php\/2011\/06\/07\/gomlek-pantolon-kasket-ve-fotre-dair\/#breadcrumb","itemListElement":[{"@type":"ListItem","position":1,"name":"Anasayfa","item":"https:\/\/narteks.net\/"},{"@type":"ListItem","position":2,"name":"G\u00d6MLEK, PANTOLON, KASKET VE F\u00d6TRE DA\u0130R"}]},{"@type":"WebSite","@id":"https:\/\/narteks.net\/#website","url":"https:\/\/narteks.net\/","name":"narteks.net","description":"K\u00fclt\u00fcr Sanat Edebiyat Felsefe","publisher":{"@id":"https:\/\/narteks.net\/#organization"},"alternateName":"K\u00fclt\u00fcr Sanat Edebiyat Felsefe","potentialAction":[{"@type":"SearchAction","target":{"@type":"EntryPoint","urlTemplate":"https:\/\/narteks.net\/?s={search_term_string}"},"query-input":{"@type":"PropertyValueSpecification","valueRequired":true,"valueName":"search_term_string"}}],"inLanguage":"tr"},{"@type":"Organization","@id":"https:\/\/narteks.net\/#organization","name":"narteks.net","url":"https:\/\/narteks.net\/","logo":{"@type":"ImageObject","inLanguage":"tr","@id":"https:\/\/narteks.net\/#\/schema\/logo\/image\/","url":"https:\/\/narteks.net\/wp-content\/uploads\/narteks.png","contentUrl":"https:\/\/narteks.net\/wp-content\/uploads\/narteks.png","width":300,"height":90,"caption":"narteks.net"},"image":{"@id":"https:\/\/narteks.net\/#\/schema\/logo\/image\/"},"sameAs":["https:\/\/x.com\/narteks","https:\/\/instagram.com\/narteksnet"]},{"@type":"Person","@id":"https:\/\/narteks.net\/#\/schema\/person\/61f37d9834294b72d31d274e7ed79bca","name":"Tar\u0131k","image":{"@type":"ImageObject","inLanguage":"tr","@id":"https:\/\/narteks.net\/#\/schema\/person\/image\/","url":"https:\/\/secure.gravatar.com\/avatar\/50865afb55632c4ae467e0af0930f6510aa2297d8014be502a55b14f3b7550cf?s=96&d=mm&r=g","contentUrl":"https:\/\/secure.gravatar.com\/avatar\/50865afb55632c4ae467e0af0930f6510aa2297d8014be502a55b14f3b7550cf?s=96&d=mm&r=g","caption":"Tar\u0131k"},"sameAs":["http:\/\/narteks.net"],"url":"https:\/\/narteks.net\/index.php\/author\/narbak\/"}]}},"_links":{"self":[{"href":"https:\/\/narteks.net\/index.php\/wp-json\/wp\/v2\/posts\/6361","targetHints":{"allow":["GET"]}}],"collection":[{"href":"https:\/\/narteks.net\/index.php\/wp-json\/wp\/v2\/posts"}],"about":[{"href":"https:\/\/narteks.net\/index.php\/wp-json\/wp\/v2\/types\/post"}],"author":[{"embeddable":true,"href":"https:\/\/narteks.net\/index.php\/wp-json\/wp\/v2\/users\/1"}],"replies":[{"embeddable":true,"href":"https:\/\/narteks.net\/index.php\/wp-json\/wp\/v2\/comments?post=6361"}],"version-history":[{"count":0,"href":"https:\/\/narteks.net\/index.php\/wp-json\/wp\/v2\/posts\/6361\/revisions"}],"wp:attachment":[{"href":"https:\/\/narteks.net\/index.php\/wp-json\/wp\/v2\/media?parent=6361"}],"wp:term":[{"taxonomy":"category","embeddable":true,"href":"https:\/\/narteks.net\/index.php\/wp-json\/wp\/v2\/categories?post=6361"},{"taxonomy":"post_tag","embeddable":true,"href":"https:\/\/narteks.net\/index.php\/wp-json\/wp\/v2\/tags?post=6361"}],"curies":[{"name":"wp","href":"https:\/\/api.w.org\/{rel}","templated":true}]}}