{"id":6363,"date":"2011-06-07T11:14:51","date_gmt":"2011-06-07T08:14:51","guid":{"rendered":"http:\/\/localhost\/wordpress\/2011\/06\/07\/gunesin-sofrasinda-soylenen-turku\/"},"modified":"2011-06-07T11:14:51","modified_gmt":"2011-06-07T08:14:51","slug":"gunesin-sofrasinda-soylenen-turku","status":"publish","type":"post","link":"https:\/\/narteks.net\/index.php\/2011\/06\/07\/gunesin-sofrasinda-soylenen-turku\/","title":{"rendered":"G\u00dcNE\u015e\u0130N SOFRASINDA S\u00d6YLENEN T\u00dcRK\u00dc"},"content":{"rendered":"<p>\u00a0<\/p>\n<p>Dalgalar\u0131 kar\u015f\u0131layan gemiler gibi,<br \/> g\u00f6vdemizle karanl\u0131klar\u0131 yara yara<br \/> \u00e7\u0131kt\u0131k, r\u00fczgarlar\u0131 en serin<br \/> u\u00e7urumlar\u0131 en derin<br \/> havalar\u0131 en \u0131\u015f\u0131kl\u0131 s\u0131ra da\u011flara.<br \/> Arkam\u0131zda bir d\u00fc\u015fman g\u00f6z\u00fc gibi karanl\u0131\u011f\u0131n yolu.<br \/> \u00d6n\u00fcm\u00fczde bak\u0131r taslar g\u00fcne\u015f dolu.<br \/> Dostlar\u0131n aras\u0131nday\u0131z!<br \/> G\u00fcne\u015fin sofras\u0131nday\u0131z!<br \/> Da\u011flarda g\u00f6lgeniz g\u00f6klere vursun,<br \/> g\u00f6z g\u00f6ze<br \/> yan yana<br \/> durun \u00e7ocuklar.<br \/> Ta\u015flar\u0131 birbirine vurun \u00e7ocuklar.<br \/> Doldurun \u00e7ocuklar,<br \/> doldurun<br \/> doldurun<br \/> doldur i\u00e7elim.<br \/> Ba\u015flar\u0131<br \/> g\u00f6klere<br \/> atal\u0131m<br \/> serden ge\u00e7elim..<br \/> Heeey, nerden ge\u00e7elim?<br \/> Yalnayak<br \/> ko\u015farak<br \/> devlerin<br \/> ge\u00e7ti\u011fi<br \/> yerden ge\u00e7elim.<br \/> Heeey<br \/> hop<br \/> Heeey<br \/> hep<br \/> birden ge\u00e7elim.<br \/> Doldurun \u00e7ocuklar,<br \/> doldurun<br \/> doldurun,<br \/> doldur i\u00e7elim.<br \/> Dostlar\u0131n aras\u0131nday\u0131z!<br \/> G\u00fcne\u015fin sofras\u0131nday\u0131z!.<\/p>\n<p>Naz\u0131m Hikmet RAN<\/p>\n","protected":false},"excerpt":{"rendered":"<p>\u00a0 Dalgalar\u0131 kar\u015f\u0131layan gemiler gibi, g\u00f6vdemizle karanl\u0131klar\u0131 yara yara \u00e7\u0131kt\u0131k, r\u00fczgarlar\u0131 en serin u\u00e7urumlar\u0131 en derin havalar\u0131 en \u0131\u015f\u0131kl\u0131 s\u0131ra da\u011flara. Arkam\u0131zda bir d\u00fc\u015fman g\u00f6z\u00fc gibi karanl\u0131\u011f\u0131n yolu. \u00d6n\u00fcm\u00fczde bak\u0131r taslar g\u00fcne\u015f dolu. Dostlar\u0131n aras\u0131nday\u0131z! G\u00fcne\u015fin sofras\u0131nday\u0131z! Da\u011flarda g\u00f6lgeniz g\u00f6klere vursun, g\u00f6z g\u00f6ze yan yana durun \u00e7ocuklar. Ta\u015flar\u0131 birbirine vurun \u00e7ocuklar. Doldurun \u00e7ocuklar, doldurun doldurun [&hellip;]<\/p>\n","protected":false},"author":1,"featured_media":0,"comment_status":"open","ping_status":"open","sticky":false,"template":"","format":"standard","meta":{"footnotes":""},"categories":[59],"tags":[],"class_list":{"0":"post-6363","1":"post","2":"type-post","3":"status-publish","4":"format-standard","6":"category-nazim-hikmet-ran"},"yoast_head":"<!-- This site is optimized with the Yoast SEO Premium plugin v24.9 (Yoast SEO v24.9) - https:\/\/yoast.com\/wordpress\/plugins\/seo\/ -->\n<title>G\u00dcNE\u015e\u0130N SOFRASINDA S\u00d6YLENEN T\u00dcRK\u00dc - narteks.net<\/title>\n<meta name=\"robots\" content=\"index, follow, max-snippet:-1, max-image-preview:large, max-video-preview:-1\" \/>\n<link rel=\"canonical\" href=\"https:\/\/narteks.net\/index.php\/2011\/06\/07\/gunesin-sofrasinda-soylenen-turku\/\" \/>\n<meta property=\"og:locale\" content=\"tr_TR\" \/>\n<meta property=\"og:type\" content=\"article\" \/>\n<meta property=\"og:title\" content=\"G\u00dcNE\u015e\u0130N SOFRASINDA S\u00d6YLENEN T\u00dcRK\u00dc\" \/>\n<meta property=\"og:description\" content=\"\u00a0 Dalgalar\u0131 kar\u015f\u0131layan gemiler gibi, g\u00f6vdemizle karanl\u0131klar\u0131 yara yara \u00e7\u0131kt\u0131k, r\u00fczgarlar\u0131 en serin u\u00e7urumlar\u0131 en derin havalar\u0131 en \u0131\u015f\u0131kl\u0131 s\u0131ra da\u011flara. Arkam\u0131zda bir d\u00fc\u015fman g\u00f6z\u00fc gibi karanl\u0131\u011f\u0131n yolu. \u00d6n\u00fcm\u00fczde bak\u0131r taslar g\u00fcne\u015f dolu. Dostlar\u0131n aras\u0131nday\u0131z! G\u00fcne\u015fin sofras\u0131nday\u0131z! Da\u011flarda g\u00f6lgeniz g\u00f6klere vursun, g\u00f6z g\u00f6ze yan yana durun \u00e7ocuklar. Ta\u015flar\u0131 birbirine vurun \u00e7ocuklar. Doldurun \u00e7ocuklar, doldurun doldurun [&hellip;]\" \/>\n<meta property=\"og:url\" content=\"https:\/\/narteks.net\/index.php\/2011\/06\/07\/gunesin-sofrasinda-soylenen-turku\/\" \/>\n<meta property=\"og:site_name\" content=\"narteks.net\" \/>\n<meta property=\"article:published_time\" content=\"2011-06-07T08:14:51+00:00\" \/>\n<meta property=\"og:image\" content=\"https:\/\/narteks.net\/wp-content\/uploads\/narteks.png\" \/>\n\t<meta property=\"og:image:width\" content=\"300\" \/>\n\t<meta property=\"og:image:height\" content=\"90\" \/>\n\t<meta property=\"og:image:type\" content=\"image\/png\" \/>\n<meta name=\"author\" content=\"Tar\u0131k\" \/>\n<meta name=\"twitter:card\" content=\"summary_large_image\" \/>\n<meta name=\"twitter:creator\" content=\"@narteks\" \/>\n<meta name=\"twitter:site\" content=\"@narteks\" \/>\n<meta name=\"twitter:label1\" content=\"Yazan:\" \/>\n\t<meta name=\"twitter:data1\" content=\"Tar\u0131k\" \/>\n\t<meta name=\"twitter:label2\" content=\"Tahmini okuma s\u00fcresi\" \/>\n\t<meta name=\"twitter:data2\" content=\"1 dakika\" \/>\n<script type=\"application\/ld+json\" class=\"yoast-schema-graph\">{\"@context\":\"https:\/\/schema.org\",\"@graph\":[{\"@type\":\"Article\",\"@id\":\"https:\/\/narteks.net\/index.php\/2011\/06\/07\/gunesin-sofrasinda-soylenen-turku\/#article\",\"isPartOf\":{\"@id\":\"https:\/\/narteks.net\/index.php\/2011\/06\/07\/gunesin-sofrasinda-soylenen-turku\/\"},\"author\":{\"name\":\"Tar\u0131k\",\"@id\":\"https:\/\/narteks.net\/#\/schema\/person\/61f37d9834294b72d31d274e7ed79bca\"},\"headline\":\"G\u00dcNE\u015e\u0130N SOFRASINDA S\u00d6YLENEN T\u00dcRK\u00dc\",\"datePublished\":\"2011-06-07T08:14:51+00:00\",\"mainEntityOfPage\":{\"@id\":\"https:\/\/narteks.net\/index.php\/2011\/06\/07\/gunesin-sofrasinda-soylenen-turku\/\"},\"wordCount\":146,\"commentCount\":0,\"publisher\":{\"@id\":\"https:\/\/narteks.net\/#organization\"},\"articleSection\":[\"Naz\u0131m H\u0130KMET RAN\"],\"inLanguage\":\"tr\",\"potentialAction\":[{\"@type\":\"CommentAction\",\"name\":\"Comment\",\"target\":[\"https:\/\/narteks.net\/index.php\/2011\/06\/07\/gunesin-sofrasinda-soylenen-turku\/#respond\"]}]},{\"@type\":\"WebPage\",\"@id\":\"https:\/\/narteks.net\/index.php\/2011\/06\/07\/gunesin-sofrasinda-soylenen-turku\/\",\"url\":\"https:\/\/narteks.net\/index.php\/2011\/06\/07\/gunesin-sofrasinda-soylenen-turku\/\",\"name\":\"G\u00dcNE\u015e\u0130N SOFRASINDA S\u00d6YLENEN T\u00dcRK\u00dc - narteks.net\",\"isPartOf\":{\"@id\":\"https:\/\/narteks.net\/#website\"},\"datePublished\":\"2011-06-07T08:14:51+00:00\",\"breadcrumb\":{\"@id\":\"https:\/\/narteks.net\/index.php\/2011\/06\/07\/gunesin-sofrasinda-soylenen-turku\/#breadcrumb\"},\"inLanguage\":\"tr\",\"potentialAction\":[{\"@type\":\"ReadAction\",\"target\":[\"https:\/\/narteks.net\/index.php\/2011\/06\/07\/gunesin-sofrasinda-soylenen-turku\/\"]}]},{\"@type\":\"BreadcrumbList\",\"@id\":\"https:\/\/narteks.net\/index.php\/2011\/06\/07\/gunesin-sofrasinda-soylenen-turku\/#breadcrumb\",\"itemListElement\":[{\"@type\":\"ListItem\",\"position\":1,\"name\":\"Anasayfa\",\"item\":\"https:\/\/narteks.net\/\"},{\"@type\":\"ListItem\",\"position\":2,\"name\":\"G\u00dcNE\u015e\u0130N SOFRASINDA S\u00d6YLENEN T\u00dcRK\u00dc\"}]},{\"@type\":\"WebSite\",\"@id\":\"https:\/\/narteks.net\/#website\",\"url\":\"https:\/\/narteks.net\/\",\"name\":\"narteks.net\",\"description\":\"K\u00fclt\u00fcr Sanat Edebiyat Felsefe\",\"publisher\":{\"@id\":\"https:\/\/narteks.net\/#organization\"},\"alternateName\":\"K\u00fclt\u00fcr Sanat Edebiyat Felsefe\",\"potentialAction\":[{\"@type\":\"SearchAction\",\"target\":{\"@type\":\"EntryPoint\",\"urlTemplate\":\"https:\/\/narteks.net\/?s={search_term_string}\"},\"query-input\":{\"@type\":\"PropertyValueSpecification\",\"valueRequired\":true,\"valueName\":\"search_term_string\"}}],\"inLanguage\":\"tr\"},{\"@type\":\"Organization\",\"@id\":\"https:\/\/narteks.net\/#organization\",\"name\":\"narteks.net\",\"url\":\"https:\/\/narteks.net\/\",\"logo\":{\"@type\":\"ImageObject\",\"inLanguage\":\"tr\",\"@id\":\"https:\/\/narteks.net\/#\/schema\/logo\/image\/\",\"url\":\"https:\/\/narteks.net\/wp-content\/uploads\/narteks.png\",\"contentUrl\":\"https:\/\/narteks.net\/wp-content\/uploads\/narteks.png\",\"width\":300,\"height\":90,\"caption\":\"narteks.net\"},\"image\":{\"@id\":\"https:\/\/narteks.net\/#\/schema\/logo\/image\/\"},\"sameAs\":[\"https:\/\/x.com\/narteks\",\"https:\/\/instagram.com\/narteksnet\"]},{\"@type\":\"Person\",\"@id\":\"https:\/\/narteks.net\/#\/schema\/person\/61f37d9834294b72d31d274e7ed79bca\",\"name\":\"Tar\u0131k\",\"image\":{\"@type\":\"ImageObject\",\"inLanguage\":\"tr\",\"@id\":\"https:\/\/narteks.net\/#\/schema\/person\/image\/\",\"url\":\"https:\/\/secure.gravatar.com\/avatar\/50865afb55632c4ae467e0af0930f6510aa2297d8014be502a55b14f3b7550cf?s=96&d=mm&r=g\",\"contentUrl\":\"https:\/\/secure.gravatar.com\/avatar\/50865afb55632c4ae467e0af0930f6510aa2297d8014be502a55b14f3b7550cf?s=96&d=mm&r=g\",\"caption\":\"Tar\u0131k\"},\"sameAs\":[\"http:\/\/narteks.net\"],\"url\":\"https:\/\/narteks.net\/index.php\/author\/narbak\/\"}]}<\/script>\n<!-- \/ Yoast SEO Premium plugin. -->","yoast_head_json":{"title":"G\u00dcNE\u015e\u0130N SOFRASINDA S\u00d6YLENEN T\u00dcRK\u00dc - narteks.net","robots":{"index":"index","follow":"follow","max-snippet":"max-snippet:-1","max-image-preview":"max-image-preview:large","max-video-preview":"max-video-preview:-1"},"canonical":"https:\/\/narteks.net\/index.php\/2011\/06\/07\/gunesin-sofrasinda-soylenen-turku\/","og_locale":"tr_TR","og_type":"article","og_title":"G\u00dcNE\u015e\u0130N SOFRASINDA S\u00d6YLENEN T\u00dcRK\u00dc","og_description":"\u00a0 Dalgalar\u0131 kar\u015f\u0131layan gemiler gibi, g\u00f6vdemizle karanl\u0131klar\u0131 yara yara \u00e7\u0131kt\u0131k, r\u00fczgarlar\u0131 en serin u\u00e7urumlar\u0131 en derin havalar\u0131 en \u0131\u015f\u0131kl\u0131 s\u0131ra da\u011flara. Arkam\u0131zda bir d\u00fc\u015fman g\u00f6z\u00fc gibi karanl\u0131\u011f\u0131n yolu. \u00d6n\u00fcm\u00fczde bak\u0131r taslar g\u00fcne\u015f dolu. Dostlar\u0131n aras\u0131nday\u0131z! G\u00fcne\u015fin sofras\u0131nday\u0131z! Da\u011flarda g\u00f6lgeniz g\u00f6klere vursun, g\u00f6z g\u00f6ze yan yana durun \u00e7ocuklar. Ta\u015flar\u0131 birbirine vurun \u00e7ocuklar. Doldurun \u00e7ocuklar, doldurun doldurun [&hellip;]","og_url":"https:\/\/narteks.net\/index.php\/2011\/06\/07\/gunesin-sofrasinda-soylenen-turku\/","og_site_name":"narteks.net","article_published_time":"2011-06-07T08:14:51+00:00","og_image":[{"width":300,"height":90,"url":"https:\/\/narteks.net\/wp-content\/uploads\/narteks.png","type":"image\/png"}],"author":"Tar\u0131k","twitter_card":"summary_large_image","twitter_creator":"@narteks","twitter_site":"@narteks","twitter_misc":{"Yazan:":"Tar\u0131k","Tahmini okuma s\u00fcresi":"1 dakika"},"schema":{"@context":"https:\/\/schema.org","@graph":[{"@type":"Article","@id":"https:\/\/narteks.net\/index.php\/2011\/06\/07\/gunesin-sofrasinda-soylenen-turku\/#article","isPartOf":{"@id":"https:\/\/narteks.net\/index.php\/2011\/06\/07\/gunesin-sofrasinda-soylenen-turku\/"},"author":{"name":"Tar\u0131k","@id":"https:\/\/narteks.net\/#\/schema\/person\/61f37d9834294b72d31d274e7ed79bca"},"headline":"G\u00dcNE\u015e\u0130N SOFRASINDA S\u00d6YLENEN T\u00dcRK\u00dc","datePublished":"2011-06-07T08:14:51+00:00","mainEntityOfPage":{"@id":"https:\/\/narteks.net\/index.php\/2011\/06\/07\/gunesin-sofrasinda-soylenen-turku\/"},"wordCount":146,"commentCount":0,"publisher":{"@id":"https:\/\/narteks.net\/#organization"},"articleSection":["Naz\u0131m H\u0130KMET RAN"],"inLanguage":"tr","potentialAction":[{"@type":"CommentAction","name":"Comment","target":["https:\/\/narteks.net\/index.php\/2011\/06\/07\/gunesin-sofrasinda-soylenen-turku\/#respond"]}]},{"@type":"WebPage","@id":"https:\/\/narteks.net\/index.php\/2011\/06\/07\/gunesin-sofrasinda-soylenen-turku\/","url":"https:\/\/narteks.net\/index.php\/2011\/06\/07\/gunesin-sofrasinda-soylenen-turku\/","name":"G\u00dcNE\u015e\u0130N SOFRASINDA S\u00d6YLENEN T\u00dcRK\u00dc - narteks.net","isPartOf":{"@id":"https:\/\/narteks.net\/#website"},"datePublished":"2011-06-07T08:14:51+00:00","breadcrumb":{"@id":"https:\/\/narteks.net\/index.php\/2011\/06\/07\/gunesin-sofrasinda-soylenen-turku\/#breadcrumb"},"inLanguage":"tr","potentialAction":[{"@type":"ReadAction","target":["https:\/\/narteks.net\/index.php\/2011\/06\/07\/gunesin-sofrasinda-soylenen-turku\/"]}]},{"@type":"BreadcrumbList","@id":"https:\/\/narteks.net\/index.php\/2011\/06\/07\/gunesin-sofrasinda-soylenen-turku\/#breadcrumb","itemListElement":[{"@type":"ListItem","position":1,"name":"Anasayfa","item":"https:\/\/narteks.net\/"},{"@type":"ListItem","position":2,"name":"G\u00dcNE\u015e\u0130N SOFRASINDA S\u00d6YLENEN T\u00dcRK\u00dc"}]},{"@type":"WebSite","@id":"https:\/\/narteks.net\/#website","url":"https:\/\/narteks.net\/","name":"narteks.net","description":"K\u00fclt\u00fcr Sanat Edebiyat Felsefe","publisher":{"@id":"https:\/\/narteks.net\/#organization"},"alternateName":"K\u00fclt\u00fcr Sanat Edebiyat Felsefe","potentialAction":[{"@type":"SearchAction","target":{"@type":"EntryPoint","urlTemplate":"https:\/\/narteks.net\/?s={search_term_string}"},"query-input":{"@type":"PropertyValueSpecification","valueRequired":true,"valueName":"search_term_string"}}],"inLanguage":"tr"},{"@type":"Organization","@id":"https:\/\/narteks.net\/#organization","name":"narteks.net","url":"https:\/\/narteks.net\/","logo":{"@type":"ImageObject","inLanguage":"tr","@id":"https:\/\/narteks.net\/#\/schema\/logo\/image\/","url":"https:\/\/narteks.net\/wp-content\/uploads\/narteks.png","contentUrl":"https:\/\/narteks.net\/wp-content\/uploads\/narteks.png","width":300,"height":90,"caption":"narteks.net"},"image":{"@id":"https:\/\/narteks.net\/#\/schema\/logo\/image\/"},"sameAs":["https:\/\/x.com\/narteks","https:\/\/instagram.com\/narteksnet"]},{"@type":"Person","@id":"https:\/\/narteks.net\/#\/schema\/person\/61f37d9834294b72d31d274e7ed79bca","name":"Tar\u0131k","image":{"@type":"ImageObject","inLanguage":"tr","@id":"https:\/\/narteks.net\/#\/schema\/person\/image\/","url":"https:\/\/secure.gravatar.com\/avatar\/50865afb55632c4ae467e0af0930f6510aa2297d8014be502a55b14f3b7550cf?s=96&d=mm&r=g","contentUrl":"https:\/\/secure.gravatar.com\/avatar\/50865afb55632c4ae467e0af0930f6510aa2297d8014be502a55b14f3b7550cf?s=96&d=mm&r=g","caption":"Tar\u0131k"},"sameAs":["http:\/\/narteks.net"],"url":"https:\/\/narteks.net\/index.php\/author\/narbak\/"}]}},"_links":{"self":[{"href":"https:\/\/narteks.net\/index.php\/wp-json\/wp\/v2\/posts\/6363","targetHints":{"allow":["GET"]}}],"collection":[{"href":"https:\/\/narteks.net\/index.php\/wp-json\/wp\/v2\/posts"}],"about":[{"href":"https:\/\/narteks.net\/index.php\/wp-json\/wp\/v2\/types\/post"}],"author":[{"embeddable":true,"href":"https:\/\/narteks.net\/index.php\/wp-json\/wp\/v2\/users\/1"}],"replies":[{"embeddable":true,"href":"https:\/\/narteks.net\/index.php\/wp-json\/wp\/v2\/comments?post=6363"}],"version-history":[{"count":0,"href":"https:\/\/narteks.net\/index.php\/wp-json\/wp\/v2\/posts\/6363\/revisions"}],"wp:attachment":[{"href":"https:\/\/narteks.net\/index.php\/wp-json\/wp\/v2\/media?parent=6363"}],"wp:term":[{"taxonomy":"category","embeddable":true,"href":"https:\/\/narteks.net\/index.php\/wp-json\/wp\/v2\/categories?post=6363"},{"taxonomy":"post_tag","embeddable":true,"href":"https:\/\/narteks.net\/index.php\/wp-json\/wp\/v2\/tags?post=6363"}],"curies":[{"name":"wp","href":"https:\/\/api.w.org\/{rel}","templated":true}]}}