{"id":6365,"date":"2011-06-07T11:17:03","date_gmt":"2011-06-07T08:17:03","guid":{"rendered":"http:\/\/localhost\/wordpress\/2011\/06\/07\/hiciv-vadisinde-bir-tecrubei-kalemiye\/"},"modified":"2011-06-07T11:17:03","modified_gmt":"2011-06-07T08:17:03","slug":"hiciv-vadisinde-bir-tecrubei-kalemiye","status":"publish","type":"post","link":"https:\/\/narteks.net\/index.php\/2011\/06\/07\/hiciv-vadisinde-bir-tecrubei-kalemiye\/","title":{"rendered":"H\u0130C\u0130V VAD\u0130S\u0130NDE B\u0130R TECR\u00dcBE\u0130 KALEM\u0130YE"},"content":{"rendered":"<p>\u00a0<\/p>\n<p>Bir varm\u0131\u015f<br \/> bir yokmu\u015f.<br \/> Develer tellall\u0131k edip satarken develeri,<br \/> bir benim babam varm\u0131\u015f,<br \/> bir de bir zat\u0131muhteremin pederi.<br \/> Benim babam,<br \/> dazlak kafal\u0131 ufak tefek bir adam.<br \/> O bir zat\u0131muhteremin pederi<br \/> \u0130kinci Sultan Hamidin<br \/> me\u015fhur h\u0131rs\u0131z seraskeri.<br \/> Benim babam,<br \/> dolu koymu\u015f<br \/> bo\u015f \u00e7\u0131km\u0131\u015f,<br \/> b\u00fct\u00fcn \u00f6mr\u00fcnce \u00e7evirmi\u015f simsiyah defterleri.<br \/> O, bir zat\u0131muhteremin pederi &#8211;<br \/> Yemen \u00e7\u00f6l\u00fcnde a\u00e7l\u0131ktan \u00f6lenlerin<br \/> suyundan, ekme\u011finden \u00e7alarak,<br \/> kumun \u00fcst\u00fcne akan kandan<br \/> y\u00fczde y\u00fcz komisyon alarak<br \/> han, hamam, apart\u0131man yapm\u0131\u015f&#8230;<br \/> Ey zat\u0131muhterem!<br \/> \u015eaire, &#8220;K\u0131sa kes, diyelim, s\u00f6zlerini!&#8221;<br \/> \u00d6lm\u00fc\u015f sizin serasker<br \/> peder.<br \/> Benim de babam \u00f6ld\u00fc.<br \/> Ve d\u00fcnyaya yummadan evvel<br \/> \u0131\u015f\u0131kl\u0131 \u00e7ocuk g\u00f6zlerini<br \/> siz onun yan\u0131ndayd\u0131n\u0131z.<br \/> Son be\u015f papelin hesab\u0131n\u0131 vermeden \u00f6lmesin, diye<br \/> kalbinin at\u0131\u015f\u0131n\u0131 sayd\u0131n\u0131z.<br \/> Tutmuyordu babam\u0131n \u00f6p\u00fclesi elleri.<br \/> O eller..<br \/> Babam\u0131n g\u00f6zleri art\u0131k<br \/> simsiyah defterleri g\u00f6remiyordu&#8230;<br \/> Fakat yine siz hakl\u0131s\u0131n\u0131z:<br \/> o g\u00fcnd\u00fc hesap g\u00fcn\u00fc.<br \/> Takt\u0131n\u0131z tenezz\u00fclen kendi elinizle siz<br \/> bir \u00f6l\u00fcn\u00fcn burnuna g\u00f6zl\u00fc\u011f\u00fcn\u00fc,<br \/> be\u015f papelin hesab\u0131n\u0131 istediniz.<br \/> \u0130\u015fte o hesab\u0131 \u015fimdi ben veriyorum.<br \/> Size bir tokat<br \/> borcum vard\u0131.<br \/> Dikkat!<br \/> Kolumu geriyorum.<br \/> \u0130kimiz kar\u015f\u0131 kar\u015f\u0131yay\u0131z.<br \/> Sizin peder \u00f6lm\u00fc\u015f.<br \/> \u00d6ld\u00fc benim babam.<br \/> Kar\u015f\u0131 kar\u015f\u0131ya kald\u0131k iki me\u015fhur adam.<br \/> Benim \u015f\u00f6hretim nerden gelir,<br \/> ben neyimle me\u015fhurum &#8211;<br \/> -MALUM!.<br \/> Size gelince:<br \/> sizi me\u015fhur eden \u015fey:<br \/> h\u0131rs\u0131z bir baban\u0131n kanl\u0131 alt\u0131nlar\u0131n\u0131 \u00e7alan<br \/> h\u0131rs\u0131z bir o\u011flun paras\u0131d\u0131r.<br \/> Sizin \u015f\u00f6hretiniz:<br \/> lanetle dolu bir y\u00fck\u00fcn<br \/> \u00e7uval daras\u0131d\u0131r.<br \/> \u015e\u00f6hretiniz:<br \/> k\u0131vrak \u00e7engiler, b\u00fcy\u00fck kemanc\u0131lar veren<br \/> \u00e7ingene \u00e7ad\u0131rlar\u0131n\u0131n y\u00fcz karas\u0131d\u0131r.<br \/> \u0130nanmazsan\u0131z e\u011fer,<br \/> kar\u0131\u015ft\u0131rs\u0131n alim efendiler<br \/> kal\u0131n yaprakl\u0131 kitaplar gibi seneleri:<br \/> anlars\u0131n\u0131z ki, Edirne boyu<br \/> \u00e7ingeneleri,<br \/> g\u00f6rmemi\u015ftir soyunuz gibi bir soyu&#8230;<br \/> Bir varm\u0131\u015f<br \/> bir yokmu\u015f.<br \/> Develer tellall\u0131k edip satarken develeri,<br \/> bir benim babam varm\u0131\u015f,<br \/> bir de bir zat\u0131muhteremin pederi.<br \/> Ey zat\u0131muhterem!<br \/> \u00d6lm\u00fc\u015f sizin serasker<br \/> peder.<br \/> \u00d6ld\u00fc benim babam.<br \/> Kar\u015f\u0131 kar\u015f\u0131ya kald\u0131k<br \/> iki me\u015fhur adam&#8230;<\/p>\n<p>1933<\/p>\n<p>Naz\u0131m Hikmet RAN<\/p>\n","protected":false},"excerpt":{"rendered":"<p>\u00a0 Bir varm\u0131\u015f bir yokmu\u015f. Develer tellall\u0131k edip satarken develeri, bir benim babam varm\u0131\u015f, bir de bir zat\u0131muhteremin pederi. Benim babam, dazlak kafal\u0131 ufak tefek bir adam. O bir zat\u0131muhteremin pederi \u0130kinci Sultan Hamidin me\u015fhur h\u0131rs\u0131z seraskeri. Benim babam, dolu koymu\u015f bo\u015f \u00e7\u0131km\u0131\u015f, b\u00fct\u00fcn \u00f6mr\u00fcnce \u00e7evirmi\u015f simsiyah defterleri. O, bir zat\u0131muhteremin pederi &#8211; Yemen \u00e7\u00f6l\u00fcnde [&hellip;]<\/p>\n","protected":false},"author":1,"featured_media":0,"comment_status":"open","ping_status":"open","sticky":false,"template":"","format":"standard","meta":{"footnotes":""},"categories":[59],"tags":[],"class_list":{"0":"post-6365","1":"post","2":"type-post","3":"status-publish","4":"format-standard","6":"category-nazim-hikmet-ran"},"yoast_head":"<!-- This site is optimized with the Yoast SEO Premium plugin v24.9 (Yoast SEO v24.9) - https:\/\/yoast.com\/wordpress\/plugins\/seo\/ -->\n<title>H\u0130C\u0130V VAD\u0130S\u0130NDE B\u0130R TECR\u00dcBE\u0130 KALEM\u0130YE - narteks.net<\/title>\n<meta name=\"robots\" content=\"index, follow, max-snippet:-1, max-image-preview:large, max-video-preview:-1\" \/>\n<link rel=\"canonical\" href=\"https:\/\/narteks.net\/index.php\/2011\/06\/07\/hiciv-vadisinde-bir-tecrubei-kalemiye\/\" \/>\n<meta property=\"og:locale\" content=\"tr_TR\" \/>\n<meta property=\"og:type\" content=\"article\" \/>\n<meta property=\"og:title\" content=\"H\u0130C\u0130V VAD\u0130S\u0130NDE B\u0130R TECR\u00dcBE\u0130 KALEM\u0130YE\" \/>\n<meta property=\"og:description\" content=\"\u00a0 Bir varm\u0131\u015f bir yokmu\u015f. Develer tellall\u0131k edip satarken develeri, bir benim babam varm\u0131\u015f, bir de bir zat\u0131muhteremin pederi. Benim babam, dazlak kafal\u0131 ufak tefek bir adam. O bir zat\u0131muhteremin pederi \u0130kinci Sultan Hamidin me\u015fhur h\u0131rs\u0131z seraskeri. Benim babam, dolu koymu\u015f bo\u015f \u00e7\u0131km\u0131\u015f, b\u00fct\u00fcn \u00f6mr\u00fcnce \u00e7evirmi\u015f simsiyah defterleri. O, bir zat\u0131muhteremin pederi &#8211; Yemen \u00e7\u00f6l\u00fcnde [&hellip;]\" \/>\n<meta property=\"og:url\" content=\"https:\/\/narteks.net\/index.php\/2011\/06\/07\/hiciv-vadisinde-bir-tecrubei-kalemiye\/\" \/>\n<meta property=\"og:site_name\" content=\"narteks.net\" \/>\n<meta property=\"article:published_time\" content=\"2011-06-07T08:17:03+00:00\" \/>\n<meta property=\"og:image\" content=\"https:\/\/narteks.net\/wp-content\/uploads\/narteks.png\" \/>\n\t<meta property=\"og:image:width\" content=\"300\" \/>\n\t<meta property=\"og:image:height\" content=\"90\" \/>\n\t<meta property=\"og:image:type\" content=\"image\/png\" \/>\n<meta name=\"author\" content=\"Tar\u0131k\" \/>\n<meta name=\"twitter:card\" content=\"summary_large_image\" \/>\n<meta name=\"twitter:creator\" content=\"@narteks\" \/>\n<meta name=\"twitter:site\" content=\"@narteks\" \/>\n<meta name=\"twitter:label1\" content=\"Yazan:\" \/>\n\t<meta name=\"twitter:data1\" content=\"Tar\u0131k\" \/>\n\t<meta name=\"twitter:label2\" content=\"Tahmini okuma s\u00fcresi\" \/>\n\t<meta name=\"twitter:data2\" content=\"2 dakika\" \/>\n<script type=\"application\/ld+json\" class=\"yoast-schema-graph\">{\"@context\":\"https:\/\/schema.org\",\"@graph\":[{\"@type\":\"Article\",\"@id\":\"https:\/\/narteks.net\/index.php\/2011\/06\/07\/hiciv-vadisinde-bir-tecrubei-kalemiye\/#article\",\"isPartOf\":{\"@id\":\"https:\/\/narteks.net\/index.php\/2011\/06\/07\/hiciv-vadisinde-bir-tecrubei-kalemiye\/\"},\"author\":{\"name\":\"Tar\u0131k\",\"@id\":\"https:\/\/narteks.net\/#\/schema\/person\/61f37d9834294b72d31d274e7ed79bca\"},\"headline\":\"H\u0130C\u0130V VAD\u0130S\u0130NDE B\u0130R TECR\u00dcBE\u0130 KALEM\u0130YE\",\"datePublished\":\"2011-06-07T08:17:03+00:00\",\"mainEntityOfPage\":{\"@id\":\"https:\/\/narteks.net\/index.php\/2011\/06\/07\/hiciv-vadisinde-bir-tecrubei-kalemiye\/\"},\"wordCount\":376,\"commentCount\":0,\"publisher\":{\"@id\":\"https:\/\/narteks.net\/#organization\"},\"articleSection\":[\"Naz\u0131m H\u0130KMET RAN\"],\"inLanguage\":\"tr\",\"potentialAction\":[{\"@type\":\"CommentAction\",\"name\":\"Comment\",\"target\":[\"https:\/\/narteks.net\/index.php\/2011\/06\/07\/hiciv-vadisinde-bir-tecrubei-kalemiye\/#respond\"]}]},{\"@type\":\"WebPage\",\"@id\":\"https:\/\/narteks.net\/index.php\/2011\/06\/07\/hiciv-vadisinde-bir-tecrubei-kalemiye\/\",\"url\":\"https:\/\/narteks.net\/index.php\/2011\/06\/07\/hiciv-vadisinde-bir-tecrubei-kalemiye\/\",\"name\":\"H\u0130C\u0130V VAD\u0130S\u0130NDE B\u0130R TECR\u00dcBE\u0130 KALEM\u0130YE - narteks.net\",\"isPartOf\":{\"@id\":\"https:\/\/narteks.net\/#website\"},\"datePublished\":\"2011-06-07T08:17:03+00:00\",\"breadcrumb\":{\"@id\":\"https:\/\/narteks.net\/index.php\/2011\/06\/07\/hiciv-vadisinde-bir-tecrubei-kalemiye\/#breadcrumb\"},\"inLanguage\":\"tr\",\"potentialAction\":[{\"@type\":\"ReadAction\",\"target\":[\"https:\/\/narteks.net\/index.php\/2011\/06\/07\/hiciv-vadisinde-bir-tecrubei-kalemiye\/\"]}]},{\"@type\":\"BreadcrumbList\",\"@id\":\"https:\/\/narteks.net\/index.php\/2011\/06\/07\/hiciv-vadisinde-bir-tecrubei-kalemiye\/#breadcrumb\",\"itemListElement\":[{\"@type\":\"ListItem\",\"position\":1,\"name\":\"Anasayfa\",\"item\":\"https:\/\/narteks.net\/\"},{\"@type\":\"ListItem\",\"position\":2,\"name\":\"H\u0130C\u0130V VAD\u0130S\u0130NDE B\u0130R TECR\u00dcBE\u0130 KALEM\u0130YE\"}]},{\"@type\":\"WebSite\",\"@id\":\"https:\/\/narteks.net\/#website\",\"url\":\"https:\/\/narteks.net\/\",\"name\":\"narteks.net\",\"description\":\"K\u00fclt\u00fcr Sanat Edebiyat Felsefe\",\"publisher\":{\"@id\":\"https:\/\/narteks.net\/#organization\"},\"alternateName\":\"K\u00fclt\u00fcr Sanat Edebiyat Felsefe\",\"potentialAction\":[{\"@type\":\"SearchAction\",\"target\":{\"@type\":\"EntryPoint\",\"urlTemplate\":\"https:\/\/narteks.net\/?s={search_term_string}\"},\"query-input\":{\"@type\":\"PropertyValueSpecification\",\"valueRequired\":true,\"valueName\":\"search_term_string\"}}],\"inLanguage\":\"tr\"},{\"@type\":\"Organization\",\"@id\":\"https:\/\/narteks.net\/#organization\",\"name\":\"narteks.net\",\"url\":\"https:\/\/narteks.net\/\",\"logo\":{\"@type\":\"ImageObject\",\"inLanguage\":\"tr\",\"@id\":\"https:\/\/narteks.net\/#\/schema\/logo\/image\/\",\"url\":\"https:\/\/narteks.net\/wp-content\/uploads\/narteks.png\",\"contentUrl\":\"https:\/\/narteks.net\/wp-content\/uploads\/narteks.png\",\"width\":300,\"height\":90,\"caption\":\"narteks.net\"},\"image\":{\"@id\":\"https:\/\/narteks.net\/#\/schema\/logo\/image\/\"},\"sameAs\":[\"https:\/\/x.com\/narteks\",\"https:\/\/instagram.com\/narteksnet\"]},{\"@type\":\"Person\",\"@id\":\"https:\/\/narteks.net\/#\/schema\/person\/61f37d9834294b72d31d274e7ed79bca\",\"name\":\"Tar\u0131k\",\"image\":{\"@type\":\"ImageObject\",\"inLanguage\":\"tr\",\"@id\":\"https:\/\/narteks.net\/#\/schema\/person\/image\/\",\"url\":\"https:\/\/secure.gravatar.com\/avatar\/50865afb55632c4ae467e0af0930f6510aa2297d8014be502a55b14f3b7550cf?s=96&d=mm&r=g\",\"contentUrl\":\"https:\/\/secure.gravatar.com\/avatar\/50865afb55632c4ae467e0af0930f6510aa2297d8014be502a55b14f3b7550cf?s=96&d=mm&r=g\",\"caption\":\"Tar\u0131k\"},\"sameAs\":[\"http:\/\/narteks.net\"],\"url\":\"https:\/\/narteks.net\/index.php\/author\/narbak\/\"}]}<\/script>\n<!-- \/ Yoast SEO Premium plugin. -->","yoast_head_json":{"title":"H\u0130C\u0130V VAD\u0130S\u0130NDE B\u0130R TECR\u00dcBE\u0130 KALEM\u0130YE - narteks.net","robots":{"index":"index","follow":"follow","max-snippet":"max-snippet:-1","max-image-preview":"max-image-preview:large","max-video-preview":"max-video-preview:-1"},"canonical":"https:\/\/narteks.net\/index.php\/2011\/06\/07\/hiciv-vadisinde-bir-tecrubei-kalemiye\/","og_locale":"tr_TR","og_type":"article","og_title":"H\u0130C\u0130V VAD\u0130S\u0130NDE B\u0130R TECR\u00dcBE\u0130 KALEM\u0130YE","og_description":"\u00a0 Bir varm\u0131\u015f bir yokmu\u015f. Develer tellall\u0131k edip satarken develeri, bir benim babam varm\u0131\u015f, bir de bir zat\u0131muhteremin pederi. Benim babam, dazlak kafal\u0131 ufak tefek bir adam. O bir zat\u0131muhteremin pederi \u0130kinci Sultan Hamidin me\u015fhur h\u0131rs\u0131z seraskeri. Benim babam, dolu koymu\u015f bo\u015f \u00e7\u0131km\u0131\u015f, b\u00fct\u00fcn \u00f6mr\u00fcnce \u00e7evirmi\u015f simsiyah defterleri. O, bir zat\u0131muhteremin pederi &#8211; Yemen \u00e7\u00f6l\u00fcnde [&hellip;]","og_url":"https:\/\/narteks.net\/index.php\/2011\/06\/07\/hiciv-vadisinde-bir-tecrubei-kalemiye\/","og_site_name":"narteks.net","article_published_time":"2011-06-07T08:17:03+00:00","og_image":[{"width":300,"height":90,"url":"https:\/\/narteks.net\/wp-content\/uploads\/narteks.png","type":"image\/png"}],"author":"Tar\u0131k","twitter_card":"summary_large_image","twitter_creator":"@narteks","twitter_site":"@narteks","twitter_misc":{"Yazan:":"Tar\u0131k","Tahmini okuma s\u00fcresi":"2 dakika"},"schema":{"@context":"https:\/\/schema.org","@graph":[{"@type":"Article","@id":"https:\/\/narteks.net\/index.php\/2011\/06\/07\/hiciv-vadisinde-bir-tecrubei-kalemiye\/#article","isPartOf":{"@id":"https:\/\/narteks.net\/index.php\/2011\/06\/07\/hiciv-vadisinde-bir-tecrubei-kalemiye\/"},"author":{"name":"Tar\u0131k","@id":"https:\/\/narteks.net\/#\/schema\/person\/61f37d9834294b72d31d274e7ed79bca"},"headline":"H\u0130C\u0130V VAD\u0130S\u0130NDE B\u0130R TECR\u00dcBE\u0130 KALEM\u0130YE","datePublished":"2011-06-07T08:17:03+00:00","mainEntityOfPage":{"@id":"https:\/\/narteks.net\/index.php\/2011\/06\/07\/hiciv-vadisinde-bir-tecrubei-kalemiye\/"},"wordCount":376,"commentCount":0,"publisher":{"@id":"https:\/\/narteks.net\/#organization"},"articleSection":["Naz\u0131m H\u0130KMET RAN"],"inLanguage":"tr","potentialAction":[{"@type":"CommentAction","name":"Comment","target":["https:\/\/narteks.net\/index.php\/2011\/06\/07\/hiciv-vadisinde-bir-tecrubei-kalemiye\/#respond"]}]},{"@type":"WebPage","@id":"https:\/\/narteks.net\/index.php\/2011\/06\/07\/hiciv-vadisinde-bir-tecrubei-kalemiye\/","url":"https:\/\/narteks.net\/index.php\/2011\/06\/07\/hiciv-vadisinde-bir-tecrubei-kalemiye\/","name":"H\u0130C\u0130V VAD\u0130S\u0130NDE B\u0130R TECR\u00dcBE\u0130 KALEM\u0130YE - narteks.net","isPartOf":{"@id":"https:\/\/narteks.net\/#website"},"datePublished":"2011-06-07T08:17:03+00:00","breadcrumb":{"@id":"https:\/\/narteks.net\/index.php\/2011\/06\/07\/hiciv-vadisinde-bir-tecrubei-kalemiye\/#breadcrumb"},"inLanguage":"tr","potentialAction":[{"@type":"ReadAction","target":["https:\/\/narteks.net\/index.php\/2011\/06\/07\/hiciv-vadisinde-bir-tecrubei-kalemiye\/"]}]},{"@type":"BreadcrumbList","@id":"https:\/\/narteks.net\/index.php\/2011\/06\/07\/hiciv-vadisinde-bir-tecrubei-kalemiye\/#breadcrumb","itemListElement":[{"@type":"ListItem","position":1,"name":"Anasayfa","item":"https:\/\/narteks.net\/"},{"@type":"ListItem","position":2,"name":"H\u0130C\u0130V VAD\u0130S\u0130NDE B\u0130R TECR\u00dcBE\u0130 KALEM\u0130YE"}]},{"@type":"WebSite","@id":"https:\/\/narteks.net\/#website","url":"https:\/\/narteks.net\/","name":"narteks.net","description":"K\u00fclt\u00fcr Sanat Edebiyat Felsefe","publisher":{"@id":"https:\/\/narteks.net\/#organization"},"alternateName":"K\u00fclt\u00fcr Sanat Edebiyat Felsefe","potentialAction":[{"@type":"SearchAction","target":{"@type":"EntryPoint","urlTemplate":"https:\/\/narteks.net\/?s={search_term_string}"},"query-input":{"@type":"PropertyValueSpecification","valueRequired":true,"valueName":"search_term_string"}}],"inLanguage":"tr"},{"@type":"Organization","@id":"https:\/\/narteks.net\/#organization","name":"narteks.net","url":"https:\/\/narteks.net\/","logo":{"@type":"ImageObject","inLanguage":"tr","@id":"https:\/\/narteks.net\/#\/schema\/logo\/image\/","url":"https:\/\/narteks.net\/wp-content\/uploads\/narteks.png","contentUrl":"https:\/\/narteks.net\/wp-content\/uploads\/narteks.png","width":300,"height":90,"caption":"narteks.net"},"image":{"@id":"https:\/\/narteks.net\/#\/schema\/logo\/image\/"},"sameAs":["https:\/\/x.com\/narteks","https:\/\/instagram.com\/narteksnet"]},{"@type":"Person","@id":"https:\/\/narteks.net\/#\/schema\/person\/61f37d9834294b72d31d274e7ed79bca","name":"Tar\u0131k","image":{"@type":"ImageObject","inLanguage":"tr","@id":"https:\/\/narteks.net\/#\/schema\/person\/image\/","url":"https:\/\/secure.gravatar.com\/avatar\/50865afb55632c4ae467e0af0930f6510aa2297d8014be502a55b14f3b7550cf?s=96&d=mm&r=g","contentUrl":"https:\/\/secure.gravatar.com\/avatar\/50865afb55632c4ae467e0af0930f6510aa2297d8014be502a55b14f3b7550cf?s=96&d=mm&r=g","caption":"Tar\u0131k"},"sameAs":["http:\/\/narteks.net"],"url":"https:\/\/narteks.net\/index.php\/author\/narbak\/"}]}},"_links":{"self":[{"href":"https:\/\/narteks.net\/index.php\/wp-json\/wp\/v2\/posts\/6365","targetHints":{"allow":["GET"]}}],"collection":[{"href":"https:\/\/narteks.net\/index.php\/wp-json\/wp\/v2\/posts"}],"about":[{"href":"https:\/\/narteks.net\/index.php\/wp-json\/wp\/v2\/types\/post"}],"author":[{"embeddable":true,"href":"https:\/\/narteks.net\/index.php\/wp-json\/wp\/v2\/users\/1"}],"replies":[{"embeddable":true,"href":"https:\/\/narteks.net\/index.php\/wp-json\/wp\/v2\/comments?post=6365"}],"version-history":[{"count":0,"href":"https:\/\/narteks.net\/index.php\/wp-json\/wp\/v2\/posts\/6365\/revisions"}],"wp:attachment":[{"href":"https:\/\/narteks.net\/index.php\/wp-json\/wp\/v2\/media?parent=6365"}],"wp:term":[{"taxonomy":"category","embeddable":true,"href":"https:\/\/narteks.net\/index.php\/wp-json\/wp\/v2\/categories?post=6365"},{"taxonomy":"post_tag","embeddable":true,"href":"https:\/\/narteks.net\/index.php\/wp-json\/wp\/v2\/tags?post=6365"}],"curies":[{"name":"wp","href":"https:\/\/api.w.org\/{rel}","templated":true}]}}