{"id":6368,"date":"2011-06-07T11:20:55","date_gmt":"2011-06-07T08:20:55","guid":{"rendered":"http:\/\/localhost\/wordpress\/2011\/06\/07\/isimsiz-siirler\/"},"modified":"2011-06-07T11:20:55","modified_gmt":"2011-06-07T08:20:55","slug":"isimsiz-siirler","status":"publish","type":"post","link":"https:\/\/narteks.net\/index.php\/2011\/06\/07\/isimsiz-siirler\/","title":{"rendered":"\u0130S\u0130MS\u0130Z \u015e\u0130\u0130RLER"},"content":{"rendered":"<p>* * *<\/p>\n<p>\u0130\u015fte geldik gidiyoruz <br \/> ho\u015f\u00e7a kal karde\u015fim deniz <br \/> biraz \u00e7ak\u0131l\u0131ndan ald\u0131k <br \/> biraz da masmavi tuzundan <br \/> sonsuzlu\u011fundan da biraz <br \/> \u0131\u015f\u0131\u011f\u0131ndan da birazc\u0131k <br \/> birazc\u0131k da kederinden <br \/> bir \u015feyler anlatt\u0131n bize <br \/> denizli\u011fin kaderinden <br \/> biraz daha umutluyuz <br \/> biraz daha adam olduk <br \/> i\u015fte geldik gidiyoruz <br \/> ho\u015f\u00e7a kal karde\u015fim deniz<\/p>\n<p>27 Eyl\u00fcl, Pitsunda, 1958<\/p>\n<p>* * *<\/p>\n<p>ho\u015f geldin bebek <br \/> ya\u015fama s\u0131ras\u0131 sende <br \/> senin yolunu g\u00f6zl\u00fcyor ku\u015fpalaz\u0131 bo\u011fmaca kara \u00e7i\u00e7ek s\u0131tma <br \/> ince hastal\u0131k y\u00fcrek enfarkt\u0131 kanser filan <br \/> i\u015fsizlik a\u00e7l\u0131k filan <br \/> tiren kazas\u0131 otob\u00fcs kazas\u0131 u\u00e7ak kazas\u0131 i\u015f kazas\u0131 yer depremi sel bask\u0131n\u0131 <br \/> kurakl\u0131k falan <br \/> karasevda ayya\u015fl\u0131k filan <br \/> polis copu hapisane kap\u0131s\u0131 falan <br \/> senin yolunu g\u00f6zl\u00fcyor atom bombas\u0131 falan <br \/> ho\u015f geldin bebek <br \/> ya\u015fama s\u0131ras\u0131 sende <br \/> senin yolunu g\u00f6zl\u00fcyor sosyalizm kom\u00fcnizm filan.<\/p>\n<p>10 Eyl\u00fcl 1961, Laypzig<\/p>\n<p>* * *<\/p>\n<p>Denizin \u00fcst\u00fcnde ala bulut <br \/> y\u00fcz\u00fcnde g\u00fcm\u00fc\u015f gemi <br \/> i\u00e7inde sar\u0131 bal\u0131k <br \/> dibinde mavi yosun <br \/> k\u0131y\u0131da bir \u00e7\u0131plak adam <br \/> durmu\u015f d\u00fc\u015f\u00fcn\u00fcr.<\/p>\n<p>Bulut mu olsam, <br \/> gemi mi yoksa, <br \/> bal\u0131k m\u0131 olsam, <br \/> yosun mu yoksa?.. <br \/> Ne o, ne o, ne o. <br \/> Deniz olunmal\u0131, o\u011flum, <br \/> bulutuyla, gemisiyle, bal\u0131\u011f\u0131yla, yosunuyla.<\/p>\n<p>15 Eyl\u00fcl 1958 <br \/> Arhipo Osipovka<\/p>\n<p>* * *<\/p>\n<p>Seni d\u00fc\u015f\u00fcnmek g\u00fczel \u015fey <br \/> \u00fcmitli \u015fey <br \/> d\u00fcnyan\u0131n en g\u00fczel sesinden en g\u00fczel \u015fark\u0131y\u0131 dinlemek gibi bir \u015fey. <br \/> Fakat art\u0131k \u00fcmit yetmiyor bana, <br \/> ben art\u0131k \u015fark\u0131 dinlemek de\u011fil <br \/> \u015fark\u0131 s\u00f6ylemek istiyorum&#8230; <\/p>\n<p>* * *<\/p>\n<p>Sevgilim, <br \/> ba\u015flar \u00f6nde, g\u00f6zler alabildi\u011fine a\u00e7\u0131k, <br \/> yanan \u015fehirlerin k\u0131z\u0131lt\u0131s\u0131, <br \/> \u00e7i\u011fnenen ekinler <br \/> ve bitmez t\u00fckenmez ayak sesleri : <br \/> gidiliyor. <br \/> Ve insanlar katlediliyor : <br \/> a\u011fa\u00e7lardan ve danalardan <br \/> daha rahat <br \/> daha kolay <br \/> daha \u00e7ok.<\/p>\n<p>Sevgilim, <br \/> bu ayak sesleri, bu katli\u00e2mda <br \/> h\u00fcrriyetimi, ekme\u011fimi ve seni kaybetti\u011fim oldu, <br \/> fakat a\u00e7l\u0131\u011f\u0131n, karanl\u0131\u011f\u0131n ve \u00e7\u0131\u011fl\u0131klar\u0131n i\u00e7inden <br \/> g\u00fcne\u015fli elleriyle kap\u0131m\u0131z\u0131 \u00e7alacak olan <br \/> gelecek g\u00fcnlere g\u00fcvenimi kaybetmedim hi\u00e7bir zaman&#8230;<\/p>\n<p>(\u0130stanbul Hapisanesi)<\/p>\n<p>* * *<\/p>\n<p>Hasretini, yoklu\u011funu, sensizli\u011fi <br \/> bir ate\u015f yan\u0131\u011f\u0131 gibi \u00f6yle ac\u0131yla duydum ki y\u00fcre\u011fimin etinde, <br \/> gitgide \u00e7o\u011falarak <br \/> gitgide derinden i\u015fleyerek <br \/> \u00f6yle dayan\u0131lmaz oldu ki bu <br \/> seni bo\u011fabilirdim senden kurtulmak i\u00e7in <br \/> \u00e7\u00fcnk\u00fc seni o kadar seviyorum.<\/p>\n<p>25-2-43<\/p>\n<p>* * *<\/p>\n<p>Baba! <br \/> her y\u0131lba\u015f\u0131nda <br \/> sana s\u00f6yleyecek <br \/> bir tek <br \/> s\u00f6z\u00fcm var : <br \/> &#8220;Seni ne kadar \u00e7ok seversem <br \/> o kadar <br \/> \u00e7ok olsun \u00f6mr\u00fcnden ge\u00e7en y\u0131llar&#8230;&#8221;<\/p>\n<p>Baba! <br \/> Babam, a\u011fabeyim, karde\u015fim, arkada\u015f\u0131m! <br \/> Ne zul\u00fcm, ne \u00f6l\u00fcm, ne korku <br \/> ba\u015f\u0131m\u0131 e\u011femez! <br \/> Yaln\u0131z senin elini \u00f6pmek i\u00e7in <br \/> e\u011filir ba\u015f\u0131m. <br \/> Babam, a\u011fabeyim, karde\u015fim, arkada\u015f\u0131m&#8230;<\/p>\n<p>1\/1\/1932 <\/p>\n<p>* * *<\/p>\n<p>Seviyorum seni ekmegi tuza ban\u0131p yer gibi <br \/> geceleyin ate\u015fler i\u00e7inde uyanarak <br \/> a\u011fz\u0131m\u0131 dayay\u0131p muslu\u011fa su i\u00e7er gibi, <br \/> a\u011f\u0131r posta paketini,\u00a0 neyin nesi belirsiz, <br \/> tel\u00e2\u015fl\u0131, sevin\u00e7li, ku\u015fkulu a\u00e7ar gibi, <br \/> seviyorum seni denizi u\u00e7akla ilk defa ge\u00e7er gibi. <br \/> \u0130stanbul&#8217;da yumu\u015fac\u0131k karar\u0131rken ortal\u0131k <br \/> i\u00e7imde k\u0131m\u0131ldanan bir \u015feyler gibi, <br \/> seviyorum seni &#8220;Ya\u015f\u0131yoruz \u00e7ok \u015f\u00fck\u00fcr!&#8217; der gibi.<\/p>\n<p>27 A\u011fustos 1960<\/p>\n<p>* * *<\/p>\n<p>Seni d\u00fc\u015f\u00fcn\u00fcr\u00fcm <br \/> anam\u0131n kokusu gelir burnuma <br \/> d\u00fcnya g\u00fczeli anam\u0131n.<\/p>\n<p>Binmi\u015fin atl\u0131kar\u0131ncas\u0131na i\u00e7imdeki bayram\u0131n <br \/> f\u0131r d\u00f6nersin eteklerinle sa\u00e7lar\u0131n u\u00e7u\u015fur <br \/> bir yitirip bir bulurum al al olmu\u015f y\u00fcz\u00fcn\u00fc.<\/p>\n<p>Sebebi ne <br \/> seni bir b\u0131\u00e7ak yaras\u0131 gibi hat\u0131rlamam\u0131n <br \/> sen b\u00f6yle uzakken senin sesini duyup <br \/> yerimden f\u0131rlamam\u0131n sebebi ne?<\/p>\n<p>Diz \u00e7\u00f6k\u00fcp bakar\u0131m ellerine <br \/> ellerine dokunmak isterim <br \/> dokunamam <br \/> arkas\u0131ndas\u0131n cam\u0131n. <br \/> Ben bir \u015fa\u015fk\u0131n seyircisiyim g\u00fcl\u00fcm <br \/> alacakaranl\u0131\u011f\u0131mda oynad\u0131\u011f\u0131m dram\u0131n.<\/p>\n<p>7 A\u011fustos 1959<\/p>\n<p>* * *<\/p>\n<p>G\u00fcl\u00fcm, iki g\u00f6z\u00fcm\u00fcn bebe\u011fi <br \/> \u00f6lmekten korkmuyorum, <br \/> \u00f6lmek ar\u0131ma gidiyor, <br \/> onuruma yediremiyorum \u00f6lme\u011fi.<\/p>\n<p>15 A\u011fustos 1959<\/p>\n<p>* * *<\/p>\n<p>Aya gidilecek <br \/> daha da \u00f6telere, <br \/> teleskoplar\u0131n bile g\u00f6rmedi\u011fi yere. <br \/> Ama bizim d\u00fcnyada ne zaman kimse a\u00e7 <br \/> kalmayacak, <br \/> korkmayacak kimse kimseden, <br \/> emretmeyecek kimse kimseye, <br \/> yermeyecek kimse kimseyi, <br \/> umudunu \u00e7almayacak kimse kimsenin?<\/p>\n<p>\u0130\u015fte ben kom\u00fcnistim bu soruya kar\u015f\u0131l\u0131k <br \/> verdi\u011fim i\u00e7in.<\/p>\n<p>26 A\u011fustos 1959<\/p>\n<p>* * *<\/p>\n<p>Merih&#8217;e giden kosmos gemisinde turistler <br \/> yery\u00fcz\u00fcyce yaz\u0131lm\u0131\u015f \u015fiirler okuyacak. <br \/> Her s\u00f6z\u00fc beste beste, renk renk, kat kat a\u00e7arak <br \/> en s\u0131rl\u0131 \u00e7ekirde\u011fe ula\u015fabilecekler.<\/p>\n<p>Aral\u0131k 1959<\/p>\n<p>* * *<\/p>\n<p>Ak bir karanfil gibi \u00e7atlay\u0131p da \u00e7ekirdek <br \/> atom bah\u00e7elerine y\u00fcr\u00fcy\u00fcnce ayd\u0131nl\u0131k, <br \/> yaln\u0131z merakl\u0131lar\u0131 de\u011fil, b\u00fct\u00fcn insanl\u0131k <br \/> \u015fiirin aynas\u0131nda kendini seyredecek.<\/p>\n<p>Aral\u0131k 1959<\/p>\n<p>* * *<\/p>\n<p>K\u0131rd\u0131lar tazecik ye\u015fil dallar\u0131m\u0131z\u0131 <br \/> K\u0131rd\u0131lar kitap tutan ellerimizi <br \/> Kan\u0131na girdiler \u00e7ocuklar\u0131m\u0131z\u0131n.<\/p>\n<p>1960, Nisan<\/p>\n<p>* * *<\/p>\n<p>Laypzig&#8217;de bir ya\u011fmur ya\u011f\u0131yor incecikten, <br \/> ya\u011f\u0131yoruz vitrinler, a\u011fa\u00e7lar, insanlar, <br \/> bir de otomobillerin h\u0131z\u0131, <br \/> bir de ge\u00e7mi\u015f zamanlar, <br \/> bir de saman sar\u0131s\u0131, <br \/> bir de ben <br \/> ya\u011f\u0131yoruz ya\u011fan ya\u011fmurla beraber incecikten.<\/p>\n<p>18 Eyl\u00fcl 1960<\/p>\n<p>* * *<\/p>\n<p>\u0130nsanlar\u0131n t\u00fcrk\u00fcleri kendilerinden g\u00fczel, <br \/> kendilerinden umutlu, <br \/> kendilerinden kederli, <br \/> daha uzun \u00f6m\u00fcrl\u00fc kendilerinden. <br \/> Sevdim insanlardan \u00e7ok t\u00fcrk\u00fclerini. <br \/> \u0130nsans\u0131z ya\u015fayabildim <br \/> t\u00fcrk\u00fcs\u00fcz hi\u00e7bir zaman. <br \/> Hi\u00e7bir zaman beni aldatmad\u0131 t\u00fcrk\u00fcler de.<\/p>\n<p>T\u00fcrk\u00fcleri anlad\u0131m hangi dilde s\u00f6ylenirse s\u00f6ylensin.<\/p>\n<p>Bu d\u00fcnyada yiyip i\u00e7tiklerimin, <br \/> gezip tozduklar\u0131m\u0131n, <br \/> g\u00f6r\u00fcp i\u015fittiklerimin, <br \/> dokunduklar\u0131m\u0131n, anlad\u0131klar\u0131m\u0131n <br \/> hi\u00e7biri, hi\u00e7biri, <br \/> beni bahtiyar etmedi t\u00fcrk\u00fcler kadar&#8230;<\/p>\n<p>20 Eyl\u00fcl 1960<\/p>\n<p>* * *<\/p>\n<p>g\u00fcnde ka\u00e7 milyon insan \u00f6l\u00fcr yery\u00fcz\u00fcnde <br \/> do\u011far ka\u00e7 milyon <br \/> ka\u00e7\u0131 ya\u015fad\u0131m diyebilirdi <br \/> ka\u00e7\u0131 ya\u015fad\u0131m diyebilecek <br \/> ka\u00e7\u0131 g\u00fcnde \u00fc\u00e7 \u00f6\u011f\u00fcn yemek yiyebilirdi <br \/> ka\u00e7\u0131 yiyebilecek<\/p>\n<p>13 A\u011fustos 1961, gece<\/p>\n<p>* * *<\/p>\n<p>Ya\u015f\u0131m altm\u0131\u015f <br \/> on dokuzumdan beri bir d\u00fc\u015f g\u00f6r\u00fcr\u00fcm <br \/> ya\u011fmur \u00e7amur yaz k\u0131\u015f <br \/> uykuda uyan\u0131k <br \/> tak\u0131lm\u0131\u015f d\u00fc\u015f\u00fcm\u00fcn pe\u015fine y\u00fcr\u00fcr\u00fcm. <br \/> Neleri al\u0131p g\u00f6t\u00fcrmedi benden ayr\u0131l\u0131k; <br \/> kilometrelerle umut, tonlarla keder, <br \/> tarad\u0131\u011f\u0131m sa\u00e7lar, s\u0131kt\u0131\u011f\u0131m eller. <br \/> Bir d\u00fc\u015f\u00fcmle ayr\u0131lmad\u0131k. <br \/> Avrupa&#8217;y\u0131, Asya&#8217;y\u0131, Afrika&#8217;y\u0131 d\u00fc\u015f\u00fcmle dola\u015ft\u0131m <br \/> bir Amerikanlar vize vermediler <br \/> denizlerden da\u011flardan \u00e7\u00f6llerden \u00e7ok adamlar\u0131 sevdim <br \/> adamlara \u015fa\u015ft\u0131m. <br \/> Mapusanelerde \u0131\u015f\u0131\u011f\u0131yd\u0131 h\u00fcrriyetimin <br \/> ekme\u011fimin kat\u0131\u011f\u0131yd\u0131 s\u00fcrg\u00fcnde <br \/> her biten ak\u015famdayd\u0131, her ba\u015flayan g\u00fcnde : <br \/> ulu kurtulu\u015f d\u00fc\u015f\u00fc memleketimin.<\/p>\n<p>1962<\/p>\n<p>* * *<\/p>\n<p>D\u00fcnyay\u0131 verelim \u00e7ocuklara hi\u00e7 de\u011filse bir g\u00fcnl\u00fc\u011f\u00fcne <br \/> all\u0131 pullu bir balon gibi verelim oynas\u0131nlar <br \/> oynas\u0131nlar t\u00fcrk\u00fcler s\u00f6yliyerek y\u0131ld\u0131zlar\u0131n aras\u0131nda <br \/> d\u00fcnyay\u0131 \u00e7ocuklara verelim <br \/> kocaman bir elma gibi verelim s\u0131cac\u0131k bir ekmek somunu gibi <br \/> hi\u00e7 de\u011filse bir g\u00fcnl\u00fc\u011f\u00fcne doysunlar <br \/> d\u00fcnyay\u0131 \u00e7ocuklara verelim <br \/> bir g\u00fcnl\u00fck de olsa \u00f6\u011frensin d\u00fcnya arkada\u015fl\u0131\u011f\u0131 <br \/> \u00e7ocuklar d\u00fcnyay\u0131 alacak elimizden <br \/> \u00f6l\u00fcms\u00fcz a\u011fa\u00e7lar dikecekler<\/p>\n<p>21 May\u0131s 962, Moskova<\/p>\n<p>Naz\u0131m Hikmet RAN<\/p>\n","protected":false},"excerpt":{"rendered":"<p>* * * \u0130\u015fte geldik gidiyoruz ho\u015f\u00e7a kal karde\u015fim deniz biraz \u00e7ak\u0131l\u0131ndan ald\u0131k biraz da masmavi tuzundan sonsuzlu\u011fundan da biraz \u0131\u015f\u0131\u011f\u0131ndan da birazc\u0131k birazc\u0131k da kederinden bir \u015feyler anlatt\u0131n bize denizli\u011fin kaderinden biraz daha umutluyuz biraz daha adam olduk i\u015fte geldik gidiyoruz ho\u015f\u00e7a kal karde\u015fim deniz 27 Eyl\u00fcl, Pitsunda, 1958 * * * ho\u015f geldin [&hellip;]<\/p>\n","protected":false},"author":1,"featured_media":0,"comment_status":"open","ping_status":"open","sticky":false,"template":"","format":"standard","meta":{"footnotes":""},"categories":[59],"tags":[],"class_list":{"0":"post-6368","1":"post","2":"type-post","3":"status-publish","4":"format-standard","6":"category-nazim-hikmet-ran"},"yoast_head":"<!-- This site is optimized with the Yoast SEO Premium plugin v24.9 (Yoast SEO v24.9) - https:\/\/yoast.com\/wordpress\/plugins\/seo\/ -->\n<title>\u0130S\u0130MS\u0130Z \u015e\u0130\u0130RLER - narteks.net<\/title>\n<meta name=\"robots\" content=\"index, follow, max-snippet:-1, max-image-preview:large, max-video-preview:-1\" \/>\n<link rel=\"canonical\" href=\"https:\/\/narteks.net\/index.php\/2011\/06\/07\/isimsiz-siirler\/\" \/>\n<meta property=\"og:locale\" content=\"tr_TR\" \/>\n<meta property=\"og:type\" content=\"article\" \/>\n<meta property=\"og:title\" content=\"\u0130S\u0130MS\u0130Z \u015e\u0130\u0130RLER\" \/>\n<meta property=\"og:description\" content=\"* * * \u0130\u015fte geldik gidiyoruz ho\u015f\u00e7a kal karde\u015fim deniz biraz \u00e7ak\u0131l\u0131ndan ald\u0131k biraz da masmavi tuzundan sonsuzlu\u011fundan da biraz \u0131\u015f\u0131\u011f\u0131ndan da birazc\u0131k birazc\u0131k da kederinden bir \u015feyler anlatt\u0131n bize denizli\u011fin kaderinden biraz daha umutluyuz biraz daha adam olduk i\u015fte geldik gidiyoruz ho\u015f\u00e7a kal karde\u015fim deniz 27 Eyl\u00fcl, Pitsunda, 1958 * * * ho\u015f geldin [&hellip;]\" \/>\n<meta property=\"og:url\" content=\"https:\/\/narteks.net\/index.php\/2011\/06\/07\/isimsiz-siirler\/\" \/>\n<meta property=\"og:site_name\" content=\"narteks.net\" \/>\n<meta property=\"article:published_time\" content=\"2011-06-07T08:20:55+00:00\" \/>\n<meta property=\"og:image\" content=\"https:\/\/narteks.net\/wp-content\/uploads\/narteks.png\" \/>\n\t<meta property=\"og:image:width\" content=\"300\" \/>\n\t<meta property=\"og:image:height\" content=\"90\" \/>\n\t<meta property=\"og:image:type\" content=\"image\/png\" \/>\n<meta name=\"author\" content=\"Tar\u0131k\" \/>\n<meta name=\"twitter:card\" content=\"summary_large_image\" \/>\n<meta name=\"twitter:creator\" content=\"@narteks\" \/>\n<meta name=\"twitter:site\" content=\"@narteks\" \/>\n<meta name=\"twitter:label1\" content=\"Yazan:\" \/>\n\t<meta name=\"twitter:data1\" content=\"Tar\u0131k\" \/>\n\t<meta name=\"twitter:label2\" content=\"Tahmini okuma s\u00fcresi\" \/>\n\t<meta name=\"twitter:data2\" content=\"6 dakika\" \/>\n<script type=\"application\/ld+json\" class=\"yoast-schema-graph\">{\"@context\":\"https:\/\/schema.org\",\"@graph\":[{\"@type\":\"Article\",\"@id\":\"https:\/\/narteks.net\/index.php\/2011\/06\/07\/isimsiz-siirler\/#article\",\"isPartOf\":{\"@id\":\"https:\/\/narteks.net\/index.php\/2011\/06\/07\/isimsiz-siirler\/\"},\"author\":{\"name\":\"Tar\u0131k\",\"@id\":\"https:\/\/narteks.net\/#\/schema\/person\/61f37d9834294b72d31d274e7ed79bca\"},\"headline\":\"\u0130S\u0130MS\u0130Z \u015e\u0130\u0130RLER\",\"datePublished\":\"2011-06-07T08:20:55+00:00\",\"mainEntityOfPage\":{\"@id\":\"https:\/\/narteks.net\/index.php\/2011\/06\/07\/isimsiz-siirler\/\"},\"wordCount\":1164,\"commentCount\":0,\"publisher\":{\"@id\":\"https:\/\/narteks.net\/#organization\"},\"articleSection\":[\"Naz\u0131m H\u0130KMET RAN\"],\"inLanguage\":\"tr\",\"potentialAction\":[{\"@type\":\"CommentAction\",\"name\":\"Comment\",\"target\":[\"https:\/\/narteks.net\/index.php\/2011\/06\/07\/isimsiz-siirler\/#respond\"]}]},{\"@type\":\"WebPage\",\"@id\":\"https:\/\/narteks.net\/index.php\/2011\/06\/07\/isimsiz-siirler\/\",\"url\":\"https:\/\/narteks.net\/index.php\/2011\/06\/07\/isimsiz-siirler\/\",\"name\":\"\u0130S\u0130MS\u0130Z \u015e\u0130\u0130RLER - narteks.net\",\"isPartOf\":{\"@id\":\"https:\/\/narteks.net\/#website\"},\"datePublished\":\"2011-06-07T08:20:55+00:00\",\"breadcrumb\":{\"@id\":\"https:\/\/narteks.net\/index.php\/2011\/06\/07\/isimsiz-siirler\/#breadcrumb\"},\"inLanguage\":\"tr\",\"potentialAction\":[{\"@type\":\"ReadAction\",\"target\":[\"https:\/\/narteks.net\/index.php\/2011\/06\/07\/isimsiz-siirler\/\"]}]},{\"@type\":\"BreadcrumbList\",\"@id\":\"https:\/\/narteks.net\/index.php\/2011\/06\/07\/isimsiz-siirler\/#breadcrumb\",\"itemListElement\":[{\"@type\":\"ListItem\",\"position\":1,\"name\":\"Anasayfa\",\"item\":\"https:\/\/narteks.net\/\"},{\"@type\":\"ListItem\",\"position\":2,\"name\":\"\u0130S\u0130MS\u0130Z \u015e\u0130\u0130RLER\"}]},{\"@type\":\"WebSite\",\"@id\":\"https:\/\/narteks.net\/#website\",\"url\":\"https:\/\/narteks.net\/\",\"name\":\"narteks.net\",\"description\":\"K\u00fclt\u00fcr Sanat Edebiyat Felsefe\",\"publisher\":{\"@id\":\"https:\/\/narteks.net\/#organization\"},\"alternateName\":\"K\u00fclt\u00fcr Sanat Edebiyat Felsefe\",\"potentialAction\":[{\"@type\":\"SearchAction\",\"target\":{\"@type\":\"EntryPoint\",\"urlTemplate\":\"https:\/\/narteks.net\/?s={search_term_string}\"},\"query-input\":{\"@type\":\"PropertyValueSpecification\",\"valueRequired\":true,\"valueName\":\"search_term_string\"}}],\"inLanguage\":\"tr\"},{\"@type\":\"Organization\",\"@id\":\"https:\/\/narteks.net\/#organization\",\"name\":\"narteks.net\",\"url\":\"https:\/\/narteks.net\/\",\"logo\":{\"@type\":\"ImageObject\",\"inLanguage\":\"tr\",\"@id\":\"https:\/\/narteks.net\/#\/schema\/logo\/image\/\",\"url\":\"https:\/\/narteks.net\/wp-content\/uploads\/narteks.png\",\"contentUrl\":\"https:\/\/narteks.net\/wp-content\/uploads\/narteks.png\",\"width\":300,\"height\":90,\"caption\":\"narteks.net\"},\"image\":{\"@id\":\"https:\/\/narteks.net\/#\/schema\/logo\/image\/\"},\"sameAs\":[\"https:\/\/x.com\/narteks\",\"https:\/\/instagram.com\/narteksnet\"]},{\"@type\":\"Person\",\"@id\":\"https:\/\/narteks.net\/#\/schema\/person\/61f37d9834294b72d31d274e7ed79bca\",\"name\":\"Tar\u0131k\",\"image\":{\"@type\":\"ImageObject\",\"inLanguage\":\"tr\",\"@id\":\"https:\/\/narteks.net\/#\/schema\/person\/image\/\",\"url\":\"https:\/\/secure.gravatar.com\/avatar\/50865afb55632c4ae467e0af0930f6510aa2297d8014be502a55b14f3b7550cf?s=96&d=mm&r=g\",\"contentUrl\":\"https:\/\/secure.gravatar.com\/avatar\/50865afb55632c4ae467e0af0930f6510aa2297d8014be502a55b14f3b7550cf?s=96&d=mm&r=g\",\"caption\":\"Tar\u0131k\"},\"sameAs\":[\"http:\/\/narteks.net\"],\"url\":\"https:\/\/narteks.net\/index.php\/author\/narbak\/\"}]}<\/script>\n<!-- \/ Yoast SEO Premium plugin. -->","yoast_head_json":{"title":"\u0130S\u0130MS\u0130Z \u015e\u0130\u0130RLER - narteks.net","robots":{"index":"index","follow":"follow","max-snippet":"max-snippet:-1","max-image-preview":"max-image-preview:large","max-video-preview":"max-video-preview:-1"},"canonical":"https:\/\/narteks.net\/index.php\/2011\/06\/07\/isimsiz-siirler\/","og_locale":"tr_TR","og_type":"article","og_title":"\u0130S\u0130MS\u0130Z \u015e\u0130\u0130RLER","og_description":"* * * \u0130\u015fte geldik gidiyoruz ho\u015f\u00e7a kal karde\u015fim deniz biraz \u00e7ak\u0131l\u0131ndan ald\u0131k biraz da masmavi tuzundan sonsuzlu\u011fundan da biraz \u0131\u015f\u0131\u011f\u0131ndan da birazc\u0131k birazc\u0131k da kederinden bir \u015feyler anlatt\u0131n bize denizli\u011fin kaderinden biraz daha umutluyuz biraz daha adam olduk i\u015fte geldik gidiyoruz ho\u015f\u00e7a kal karde\u015fim deniz 27 Eyl\u00fcl, Pitsunda, 1958 * * * ho\u015f geldin [&hellip;]","og_url":"https:\/\/narteks.net\/index.php\/2011\/06\/07\/isimsiz-siirler\/","og_site_name":"narteks.net","article_published_time":"2011-06-07T08:20:55+00:00","og_image":[{"width":300,"height":90,"url":"https:\/\/narteks.net\/wp-content\/uploads\/narteks.png","type":"image\/png"}],"author":"Tar\u0131k","twitter_card":"summary_large_image","twitter_creator":"@narteks","twitter_site":"@narteks","twitter_misc":{"Yazan:":"Tar\u0131k","Tahmini okuma s\u00fcresi":"6 dakika"},"schema":{"@context":"https:\/\/schema.org","@graph":[{"@type":"Article","@id":"https:\/\/narteks.net\/index.php\/2011\/06\/07\/isimsiz-siirler\/#article","isPartOf":{"@id":"https:\/\/narteks.net\/index.php\/2011\/06\/07\/isimsiz-siirler\/"},"author":{"name":"Tar\u0131k","@id":"https:\/\/narteks.net\/#\/schema\/person\/61f37d9834294b72d31d274e7ed79bca"},"headline":"\u0130S\u0130MS\u0130Z \u015e\u0130\u0130RLER","datePublished":"2011-06-07T08:20:55+00:00","mainEntityOfPage":{"@id":"https:\/\/narteks.net\/index.php\/2011\/06\/07\/isimsiz-siirler\/"},"wordCount":1164,"commentCount":0,"publisher":{"@id":"https:\/\/narteks.net\/#organization"},"articleSection":["Naz\u0131m H\u0130KMET RAN"],"inLanguage":"tr","potentialAction":[{"@type":"CommentAction","name":"Comment","target":["https:\/\/narteks.net\/index.php\/2011\/06\/07\/isimsiz-siirler\/#respond"]}]},{"@type":"WebPage","@id":"https:\/\/narteks.net\/index.php\/2011\/06\/07\/isimsiz-siirler\/","url":"https:\/\/narteks.net\/index.php\/2011\/06\/07\/isimsiz-siirler\/","name":"\u0130S\u0130MS\u0130Z \u015e\u0130\u0130RLER - narteks.net","isPartOf":{"@id":"https:\/\/narteks.net\/#website"},"datePublished":"2011-06-07T08:20:55+00:00","breadcrumb":{"@id":"https:\/\/narteks.net\/index.php\/2011\/06\/07\/isimsiz-siirler\/#breadcrumb"},"inLanguage":"tr","potentialAction":[{"@type":"ReadAction","target":["https:\/\/narteks.net\/index.php\/2011\/06\/07\/isimsiz-siirler\/"]}]},{"@type":"BreadcrumbList","@id":"https:\/\/narteks.net\/index.php\/2011\/06\/07\/isimsiz-siirler\/#breadcrumb","itemListElement":[{"@type":"ListItem","position":1,"name":"Anasayfa","item":"https:\/\/narteks.net\/"},{"@type":"ListItem","position":2,"name":"\u0130S\u0130MS\u0130Z \u015e\u0130\u0130RLER"}]},{"@type":"WebSite","@id":"https:\/\/narteks.net\/#website","url":"https:\/\/narteks.net\/","name":"narteks.net","description":"K\u00fclt\u00fcr Sanat Edebiyat Felsefe","publisher":{"@id":"https:\/\/narteks.net\/#organization"},"alternateName":"K\u00fclt\u00fcr Sanat Edebiyat Felsefe","potentialAction":[{"@type":"SearchAction","target":{"@type":"EntryPoint","urlTemplate":"https:\/\/narteks.net\/?s={search_term_string}"},"query-input":{"@type":"PropertyValueSpecification","valueRequired":true,"valueName":"search_term_string"}}],"inLanguage":"tr"},{"@type":"Organization","@id":"https:\/\/narteks.net\/#organization","name":"narteks.net","url":"https:\/\/narteks.net\/","logo":{"@type":"ImageObject","inLanguage":"tr","@id":"https:\/\/narteks.net\/#\/schema\/logo\/image\/","url":"https:\/\/narteks.net\/wp-content\/uploads\/narteks.png","contentUrl":"https:\/\/narteks.net\/wp-content\/uploads\/narteks.png","width":300,"height":90,"caption":"narteks.net"},"image":{"@id":"https:\/\/narteks.net\/#\/schema\/logo\/image\/"},"sameAs":["https:\/\/x.com\/narteks","https:\/\/instagram.com\/narteksnet"]},{"@type":"Person","@id":"https:\/\/narteks.net\/#\/schema\/person\/61f37d9834294b72d31d274e7ed79bca","name":"Tar\u0131k","image":{"@type":"ImageObject","inLanguage":"tr","@id":"https:\/\/narteks.net\/#\/schema\/person\/image\/","url":"https:\/\/secure.gravatar.com\/avatar\/50865afb55632c4ae467e0af0930f6510aa2297d8014be502a55b14f3b7550cf?s=96&d=mm&r=g","contentUrl":"https:\/\/secure.gravatar.com\/avatar\/50865afb55632c4ae467e0af0930f6510aa2297d8014be502a55b14f3b7550cf?s=96&d=mm&r=g","caption":"Tar\u0131k"},"sameAs":["http:\/\/narteks.net"],"url":"https:\/\/narteks.net\/index.php\/author\/narbak\/"}]}},"_links":{"self":[{"href":"https:\/\/narteks.net\/index.php\/wp-json\/wp\/v2\/posts\/6368","targetHints":{"allow":["GET"]}}],"collection":[{"href":"https:\/\/narteks.net\/index.php\/wp-json\/wp\/v2\/posts"}],"about":[{"href":"https:\/\/narteks.net\/index.php\/wp-json\/wp\/v2\/types\/post"}],"author":[{"embeddable":true,"href":"https:\/\/narteks.net\/index.php\/wp-json\/wp\/v2\/users\/1"}],"replies":[{"embeddable":true,"href":"https:\/\/narteks.net\/index.php\/wp-json\/wp\/v2\/comments?post=6368"}],"version-history":[{"count":0,"href":"https:\/\/narteks.net\/index.php\/wp-json\/wp\/v2\/posts\/6368\/revisions"}],"wp:attachment":[{"href":"https:\/\/narteks.net\/index.php\/wp-json\/wp\/v2\/media?parent=6368"}],"wp:term":[{"taxonomy":"category","embeddable":true,"href":"https:\/\/narteks.net\/index.php\/wp-json\/wp\/v2\/categories?post=6368"},{"taxonomy":"post_tag","embeddable":true,"href":"https:\/\/narteks.net\/index.php\/wp-json\/wp\/v2\/tags?post=6368"}],"curies":[{"name":"wp","href":"https:\/\/api.w.org\/{rel}","templated":true}]}}