{"id":6369,"date":"2011-06-07T11:22:26","date_gmt":"2011-06-07T08:22:26","guid":{"rendered":"http:\/\/localhost\/wordpress\/2011\/06\/07\/istanbulda-tevkifane-avlusunda\/"},"modified":"2011-06-07T11:22:26","modified_gmt":"2011-06-07T08:22:26","slug":"istanbulda-tevkifane-avlusunda","status":"publish","type":"post","link":"https:\/\/narteks.net\/index.php\/2011\/06\/07\/istanbulda-tevkifane-avlusunda\/","title":{"rendered":"\u0130STANBUL&#8217;DA, TEVK\u0130FANE AVLUSUNDA"},"content":{"rendered":"<p>\u00a0<\/p>\n<p>\u0130stanbul&#8217;da, Tevkifane avlusunda, <br \/> g\u00fcne\u015fli bir k\u0131\u015f g\u00fcn\u00fc, ya\u011fmurdan sonra, <br \/> bulutlar, k\u0131rm\u0131z\u0131 kiremitler, duvarlar ve benim         y\u00fcz\u00fcm <br \/> yerde, su birikintilerinde k\u0131m\u0131ldan\u0131rken, <br \/> ben, nefsimin ne kadar cesur, ne kadar al\u00e7ak, <br \/> ne kadar kuvvetli, ne kadar zay\u0131f \u015feyi varsa <br \/> hepsini ta\u015f\u0131yarak : <br \/> d\u00fcnyay\u0131, memleketimi ve seni d\u00fc\u015f\u00fcnd\u00fcm&#8230;<\/p>\n<p>1939 \u015eubat \u0130stanbul Tevkifanesi<\/p>\n<p>Naz\u0131m Hikmet RAN<\/p>\n","protected":false},"excerpt":{"rendered":"<p>\u00a0 \u0130stanbul&#8217;da, Tevkifane avlusunda, g\u00fcne\u015fli bir k\u0131\u015f g\u00fcn\u00fc, ya\u011fmurdan sonra, bulutlar, k\u0131rm\u0131z\u0131 kiremitler, duvarlar ve benim y\u00fcz\u00fcm yerde, su birikintilerinde k\u0131m\u0131ldan\u0131rken, ben, nefsimin ne kadar cesur, ne kadar al\u00e7ak, ne kadar kuvvetli, ne kadar zay\u0131f \u015feyi varsa hepsini ta\u015f\u0131yarak : d\u00fcnyay\u0131, memleketimi ve seni d\u00fc\u015f\u00fcnd\u00fcm&#8230; 1939 \u015eubat \u0130stanbul Tevkifanesi Naz\u0131m Hikmet RAN<\/p>\n","protected":false},"author":1,"featured_media":0,"comment_status":"open","ping_status":"open","sticky":false,"template":"","format":"standard","meta":{"footnotes":""},"categories":[59],"tags":[],"class_list":{"0":"post-6369","1":"post","2":"type-post","3":"status-publish","4":"format-standard","6":"category-nazim-hikmet-ran"},"yoast_head":"<!-- This site is optimized with the Yoast SEO Premium plugin v24.9 (Yoast SEO v24.9) - https:\/\/yoast.com\/wordpress\/plugins\/seo\/ -->\n<title>\u0130STANBUL&#039;DA, TEVK\u0130FANE AVLUSUNDA - narteks.net<\/title>\n<meta name=\"robots\" content=\"index, follow, max-snippet:-1, max-image-preview:large, max-video-preview:-1\" \/>\n<link rel=\"canonical\" href=\"https:\/\/narteks.net\/index.php\/2011\/06\/07\/istanbulda-tevkifane-avlusunda\/\" \/>\n<meta property=\"og:locale\" content=\"tr_TR\" \/>\n<meta property=\"og:type\" content=\"article\" \/>\n<meta property=\"og:title\" content=\"\u0130STANBUL&#039;DA, TEVK\u0130FANE AVLUSUNDA\" \/>\n<meta property=\"og:description\" content=\"\u00a0 \u0130stanbul&#8217;da, Tevkifane avlusunda, g\u00fcne\u015fli bir k\u0131\u015f g\u00fcn\u00fc, ya\u011fmurdan sonra, bulutlar, k\u0131rm\u0131z\u0131 kiremitler, duvarlar ve benim y\u00fcz\u00fcm yerde, su birikintilerinde k\u0131m\u0131ldan\u0131rken, ben, nefsimin ne kadar cesur, ne kadar al\u00e7ak, ne kadar kuvvetli, ne kadar zay\u0131f \u015feyi varsa hepsini ta\u015f\u0131yarak : d\u00fcnyay\u0131, memleketimi ve seni d\u00fc\u015f\u00fcnd\u00fcm&#8230; 1939 \u015eubat \u0130stanbul Tevkifanesi Naz\u0131m Hikmet RAN\" \/>\n<meta property=\"og:url\" content=\"https:\/\/narteks.net\/index.php\/2011\/06\/07\/istanbulda-tevkifane-avlusunda\/\" \/>\n<meta property=\"og:site_name\" content=\"narteks.net\" \/>\n<meta property=\"article:published_time\" content=\"2011-06-07T08:22:26+00:00\" \/>\n<meta property=\"og:image\" content=\"https:\/\/narteks.net\/wp-content\/uploads\/narteks.png\" \/>\n\t<meta property=\"og:image:width\" content=\"300\" \/>\n\t<meta property=\"og:image:height\" content=\"90\" \/>\n\t<meta property=\"og:image:type\" content=\"image\/png\" \/>\n<meta name=\"author\" content=\"Tar\u0131k\" \/>\n<meta name=\"twitter:card\" content=\"summary_large_image\" \/>\n<meta name=\"twitter:creator\" content=\"@narteks\" \/>\n<meta name=\"twitter:site\" content=\"@narteks\" \/>\n<meta name=\"twitter:label1\" content=\"Yazan:\" \/>\n\t<meta name=\"twitter:data1\" content=\"Tar\u0131k\" \/>\n<script type=\"application\/ld+json\" class=\"yoast-schema-graph\">{\"@context\":\"https:\/\/schema.org\",\"@graph\":[{\"@type\":\"Article\",\"@id\":\"https:\/\/narteks.net\/index.php\/2011\/06\/07\/istanbulda-tevkifane-avlusunda\/#article\",\"isPartOf\":{\"@id\":\"https:\/\/narteks.net\/index.php\/2011\/06\/07\/istanbulda-tevkifane-avlusunda\/\"},\"author\":{\"name\":\"Tar\u0131k\",\"@id\":\"https:\/\/narteks.net\/#\/schema\/person\/61f37d9834294b72d31d274e7ed79bca\"},\"headline\":\"\u0130STANBUL&#8217;DA, TEVK\u0130FANE AVLUSUNDA\",\"datePublished\":\"2011-06-07T08:22:26+00:00\",\"mainEntityOfPage\":{\"@id\":\"https:\/\/narteks.net\/index.php\/2011\/06\/07\/istanbulda-tevkifane-avlusunda\/\"},\"wordCount\":71,\"commentCount\":0,\"publisher\":{\"@id\":\"https:\/\/narteks.net\/#organization\"},\"articleSection\":[\"Naz\u0131m H\u0130KMET RAN\"],\"inLanguage\":\"tr\",\"potentialAction\":[{\"@type\":\"CommentAction\",\"name\":\"Comment\",\"target\":[\"https:\/\/narteks.net\/index.php\/2011\/06\/07\/istanbulda-tevkifane-avlusunda\/#respond\"]}]},{\"@type\":\"WebPage\",\"@id\":\"https:\/\/narteks.net\/index.php\/2011\/06\/07\/istanbulda-tevkifane-avlusunda\/\",\"url\":\"https:\/\/narteks.net\/index.php\/2011\/06\/07\/istanbulda-tevkifane-avlusunda\/\",\"name\":\"\u0130STANBUL'DA, TEVK\u0130FANE AVLUSUNDA - narteks.net\",\"isPartOf\":{\"@id\":\"https:\/\/narteks.net\/#website\"},\"datePublished\":\"2011-06-07T08:22:26+00:00\",\"breadcrumb\":{\"@id\":\"https:\/\/narteks.net\/index.php\/2011\/06\/07\/istanbulda-tevkifane-avlusunda\/#breadcrumb\"},\"inLanguage\":\"tr\",\"potentialAction\":[{\"@type\":\"ReadAction\",\"target\":[\"https:\/\/narteks.net\/index.php\/2011\/06\/07\/istanbulda-tevkifane-avlusunda\/\"]}]},{\"@type\":\"BreadcrumbList\",\"@id\":\"https:\/\/narteks.net\/index.php\/2011\/06\/07\/istanbulda-tevkifane-avlusunda\/#breadcrumb\",\"itemListElement\":[{\"@type\":\"ListItem\",\"position\":1,\"name\":\"Anasayfa\",\"item\":\"https:\/\/narteks.net\/\"},{\"@type\":\"ListItem\",\"position\":2,\"name\":\"\u0130STANBUL&#8217;DA, TEVK\u0130FANE AVLUSUNDA\"}]},{\"@type\":\"WebSite\",\"@id\":\"https:\/\/narteks.net\/#website\",\"url\":\"https:\/\/narteks.net\/\",\"name\":\"narteks.net\",\"description\":\"K\u00fclt\u00fcr Sanat Edebiyat Felsefe\",\"publisher\":{\"@id\":\"https:\/\/narteks.net\/#organization\"},\"alternateName\":\"K\u00fclt\u00fcr Sanat Edebiyat Felsefe\",\"potentialAction\":[{\"@type\":\"SearchAction\",\"target\":{\"@type\":\"EntryPoint\",\"urlTemplate\":\"https:\/\/narteks.net\/?s={search_term_string}\"},\"query-input\":{\"@type\":\"PropertyValueSpecification\",\"valueRequired\":true,\"valueName\":\"search_term_string\"}}],\"inLanguage\":\"tr\"},{\"@type\":\"Organization\",\"@id\":\"https:\/\/narteks.net\/#organization\",\"name\":\"narteks.net\",\"url\":\"https:\/\/narteks.net\/\",\"logo\":{\"@type\":\"ImageObject\",\"inLanguage\":\"tr\",\"@id\":\"https:\/\/narteks.net\/#\/schema\/logo\/image\/\",\"url\":\"https:\/\/narteks.net\/wp-content\/uploads\/narteks.png\",\"contentUrl\":\"https:\/\/narteks.net\/wp-content\/uploads\/narteks.png\",\"width\":300,\"height\":90,\"caption\":\"narteks.net\"},\"image\":{\"@id\":\"https:\/\/narteks.net\/#\/schema\/logo\/image\/\"},\"sameAs\":[\"https:\/\/x.com\/narteks\",\"https:\/\/instagram.com\/narteksnet\"]},{\"@type\":\"Person\",\"@id\":\"https:\/\/narteks.net\/#\/schema\/person\/61f37d9834294b72d31d274e7ed79bca\",\"name\":\"Tar\u0131k\",\"image\":{\"@type\":\"ImageObject\",\"inLanguage\":\"tr\",\"@id\":\"https:\/\/narteks.net\/#\/schema\/person\/image\/\",\"url\":\"https:\/\/secure.gravatar.com\/avatar\/50865afb55632c4ae467e0af0930f6510aa2297d8014be502a55b14f3b7550cf?s=96&d=mm&r=g\",\"contentUrl\":\"https:\/\/secure.gravatar.com\/avatar\/50865afb55632c4ae467e0af0930f6510aa2297d8014be502a55b14f3b7550cf?s=96&d=mm&r=g\",\"caption\":\"Tar\u0131k\"},\"sameAs\":[\"http:\/\/narteks.net\"],\"url\":\"https:\/\/narteks.net\/index.php\/author\/narbak\/\"}]}<\/script>\n<!-- \/ Yoast SEO Premium plugin. -->","yoast_head_json":{"title":"\u0130STANBUL'DA, TEVK\u0130FANE AVLUSUNDA - narteks.net","robots":{"index":"index","follow":"follow","max-snippet":"max-snippet:-1","max-image-preview":"max-image-preview:large","max-video-preview":"max-video-preview:-1"},"canonical":"https:\/\/narteks.net\/index.php\/2011\/06\/07\/istanbulda-tevkifane-avlusunda\/","og_locale":"tr_TR","og_type":"article","og_title":"\u0130STANBUL'DA, TEVK\u0130FANE AVLUSUNDA","og_description":"\u00a0 \u0130stanbul&#8217;da, Tevkifane avlusunda, g\u00fcne\u015fli bir k\u0131\u015f g\u00fcn\u00fc, ya\u011fmurdan sonra, bulutlar, k\u0131rm\u0131z\u0131 kiremitler, duvarlar ve benim y\u00fcz\u00fcm yerde, su birikintilerinde k\u0131m\u0131ldan\u0131rken, ben, nefsimin ne kadar cesur, ne kadar al\u00e7ak, ne kadar kuvvetli, ne kadar zay\u0131f \u015feyi varsa hepsini ta\u015f\u0131yarak : d\u00fcnyay\u0131, memleketimi ve seni d\u00fc\u015f\u00fcnd\u00fcm&#8230; 1939 \u015eubat \u0130stanbul Tevkifanesi Naz\u0131m Hikmet RAN","og_url":"https:\/\/narteks.net\/index.php\/2011\/06\/07\/istanbulda-tevkifane-avlusunda\/","og_site_name":"narteks.net","article_published_time":"2011-06-07T08:22:26+00:00","og_image":[{"width":300,"height":90,"url":"https:\/\/narteks.net\/wp-content\/uploads\/narteks.png","type":"image\/png"}],"author":"Tar\u0131k","twitter_card":"summary_large_image","twitter_creator":"@narteks","twitter_site":"@narteks","twitter_misc":{"Yazan:":"Tar\u0131k"},"schema":{"@context":"https:\/\/schema.org","@graph":[{"@type":"Article","@id":"https:\/\/narteks.net\/index.php\/2011\/06\/07\/istanbulda-tevkifane-avlusunda\/#article","isPartOf":{"@id":"https:\/\/narteks.net\/index.php\/2011\/06\/07\/istanbulda-tevkifane-avlusunda\/"},"author":{"name":"Tar\u0131k","@id":"https:\/\/narteks.net\/#\/schema\/person\/61f37d9834294b72d31d274e7ed79bca"},"headline":"\u0130STANBUL&#8217;DA, TEVK\u0130FANE AVLUSUNDA","datePublished":"2011-06-07T08:22:26+00:00","mainEntityOfPage":{"@id":"https:\/\/narteks.net\/index.php\/2011\/06\/07\/istanbulda-tevkifane-avlusunda\/"},"wordCount":71,"commentCount":0,"publisher":{"@id":"https:\/\/narteks.net\/#organization"},"articleSection":["Naz\u0131m H\u0130KMET RAN"],"inLanguage":"tr","potentialAction":[{"@type":"CommentAction","name":"Comment","target":["https:\/\/narteks.net\/index.php\/2011\/06\/07\/istanbulda-tevkifane-avlusunda\/#respond"]}]},{"@type":"WebPage","@id":"https:\/\/narteks.net\/index.php\/2011\/06\/07\/istanbulda-tevkifane-avlusunda\/","url":"https:\/\/narteks.net\/index.php\/2011\/06\/07\/istanbulda-tevkifane-avlusunda\/","name":"\u0130STANBUL'DA, TEVK\u0130FANE AVLUSUNDA - narteks.net","isPartOf":{"@id":"https:\/\/narteks.net\/#website"},"datePublished":"2011-06-07T08:22:26+00:00","breadcrumb":{"@id":"https:\/\/narteks.net\/index.php\/2011\/06\/07\/istanbulda-tevkifane-avlusunda\/#breadcrumb"},"inLanguage":"tr","potentialAction":[{"@type":"ReadAction","target":["https:\/\/narteks.net\/index.php\/2011\/06\/07\/istanbulda-tevkifane-avlusunda\/"]}]},{"@type":"BreadcrumbList","@id":"https:\/\/narteks.net\/index.php\/2011\/06\/07\/istanbulda-tevkifane-avlusunda\/#breadcrumb","itemListElement":[{"@type":"ListItem","position":1,"name":"Anasayfa","item":"https:\/\/narteks.net\/"},{"@type":"ListItem","position":2,"name":"\u0130STANBUL&#8217;DA, TEVK\u0130FANE AVLUSUNDA"}]},{"@type":"WebSite","@id":"https:\/\/narteks.net\/#website","url":"https:\/\/narteks.net\/","name":"narteks.net","description":"K\u00fclt\u00fcr Sanat Edebiyat Felsefe","publisher":{"@id":"https:\/\/narteks.net\/#organization"},"alternateName":"K\u00fclt\u00fcr Sanat Edebiyat Felsefe","potentialAction":[{"@type":"SearchAction","target":{"@type":"EntryPoint","urlTemplate":"https:\/\/narteks.net\/?s={search_term_string}"},"query-input":{"@type":"PropertyValueSpecification","valueRequired":true,"valueName":"search_term_string"}}],"inLanguage":"tr"},{"@type":"Organization","@id":"https:\/\/narteks.net\/#organization","name":"narteks.net","url":"https:\/\/narteks.net\/","logo":{"@type":"ImageObject","inLanguage":"tr","@id":"https:\/\/narteks.net\/#\/schema\/logo\/image\/","url":"https:\/\/narteks.net\/wp-content\/uploads\/narteks.png","contentUrl":"https:\/\/narteks.net\/wp-content\/uploads\/narteks.png","width":300,"height":90,"caption":"narteks.net"},"image":{"@id":"https:\/\/narteks.net\/#\/schema\/logo\/image\/"},"sameAs":["https:\/\/x.com\/narteks","https:\/\/instagram.com\/narteksnet"]},{"@type":"Person","@id":"https:\/\/narteks.net\/#\/schema\/person\/61f37d9834294b72d31d274e7ed79bca","name":"Tar\u0131k","image":{"@type":"ImageObject","inLanguage":"tr","@id":"https:\/\/narteks.net\/#\/schema\/person\/image\/","url":"https:\/\/secure.gravatar.com\/avatar\/50865afb55632c4ae467e0af0930f6510aa2297d8014be502a55b14f3b7550cf?s=96&d=mm&r=g","contentUrl":"https:\/\/secure.gravatar.com\/avatar\/50865afb55632c4ae467e0af0930f6510aa2297d8014be502a55b14f3b7550cf?s=96&d=mm&r=g","caption":"Tar\u0131k"},"sameAs":["http:\/\/narteks.net"],"url":"https:\/\/narteks.net\/index.php\/author\/narbak\/"}]}},"_links":{"self":[{"href":"https:\/\/narteks.net\/index.php\/wp-json\/wp\/v2\/posts\/6369","targetHints":{"allow":["GET"]}}],"collection":[{"href":"https:\/\/narteks.net\/index.php\/wp-json\/wp\/v2\/posts"}],"about":[{"href":"https:\/\/narteks.net\/index.php\/wp-json\/wp\/v2\/types\/post"}],"author":[{"embeddable":true,"href":"https:\/\/narteks.net\/index.php\/wp-json\/wp\/v2\/users\/1"}],"replies":[{"embeddable":true,"href":"https:\/\/narteks.net\/index.php\/wp-json\/wp\/v2\/comments?post=6369"}],"version-history":[{"count":0,"href":"https:\/\/narteks.net\/index.php\/wp-json\/wp\/v2\/posts\/6369\/revisions"}],"wp:attachment":[{"href":"https:\/\/narteks.net\/index.php\/wp-json\/wp\/v2\/media?parent=6369"}],"wp:term":[{"taxonomy":"category","embeddable":true,"href":"https:\/\/narteks.net\/index.php\/wp-json\/wp\/v2\/categories?post=6369"},{"taxonomy":"post_tag","embeddable":true,"href":"https:\/\/narteks.net\/index.php\/wp-json\/wp\/v2\/tags?post=6369"}],"curies":[{"name":"wp","href":"https:\/\/api.w.org\/{rel}","templated":true}]}}