{"id":637,"date":"2009-04-16T10:19:24","date_gmt":"2009-04-16T07:19:24","guid":{"rendered":"http:\/\/localhost\/wordpress\/2009\/04\/16\/annelik-oyunu-bitti\/"},"modified":"2009-04-16T10:19:24","modified_gmt":"2009-04-16T07:19:24","slug":"annelik-oyunu-bitti","status":"publish","type":"post","link":"https:\/\/narteks.net\/index.php\/2009\/04\/16\/annelik-oyunu-bitti\/","title":{"rendered":"ANNEL\u0130K OYUNU B\u0130TT\u0130"},"content":{"rendered":"<p>\u00a0<\/p>\n<p style=\"text-align: justify;\">O ak\u015fam ne \u00e7ok \u015fey konu\u015fmu\u015ftuk onunla&#8230; Filmlerden, Polonyal\u0131 y\u00f6netmen Kieslowski&#8217;den. Yak\u0131nlarda kaybetmi\u015ftik onu. Peki Kieslowski o \u00f6zellikle Mavi filminde arad\u0131\u011f\u0131 iyili\u011fi bulmu\u015f muydu? Neredeydi iyilik? Ar\u0131nmak? G\u00f6r\u00fcnmeyen, sakl\u0131 bir yerde miydi? En dipte miydi iyilik, d\u00fc\u015fk\u00fcnl\u00fckte miydi? Yoksa iyilik, ar\u0131nma diye bir \u015fey yok muydu, biz d\u00fcnya s\u00fcrg\u00fcnlerinin \u00e7ekti\u011fimiz a\u015fk \u00f6zlemi gibi bir \u015fey miydi, iyili\u011fe, ar\u0131nmaya duydu\u011fumuz bu dinmez \u00f6zlem&#8230; <\/p>\n<p> Sahi, Metin Erksan&#8217;\u0131n Sevmek Zaman\u0131 filmini de konu\u015fmu\u015ftuk&#8230; \u0130nsan bir foto\u011frafa \u00e2\u015f\u0131k olabilir miydi? Belki de bug\u00fcne dek yap\u0131lm\u0131\u015f en umutsuz a\u015fk filmiydi Sevmek Zaman\u0131. Ger\u00e7ekli\u011fin ac\u0131mas\u0131zl\u0131\u011f\u0131ndan korkup suretlere s\u0131\u011f\u0131nan kalplerimizin trajik bir \u00f6zetiydi sanki&#8230; <\/p>\n<p> Sonra Beh\u00e7et Necatigil&#8217;i anm\u0131\u015ft\u0131k, onun Ka\u00e7malar \u015fiirini: S\u0131zlar ince i\u00e7erlerde yara \/ Vurur y\u00fczeylerde \u015feylere \u00fcz\u00fcnt\u00fcs\u00fc, ac\u0131s\u0131 \/ Elden kayar bir \u00e7atal \/ Ya da d\u00fc\u015f\u00fcncelerde erir boy&#8217;na sigara&#8230;\/ <\/p>\n<p> Sonra ans\u0131z\u0131n ba\u015f\u0131n\u0131 \u00f6rten \u015fehirli kad\u0131nlar\u0131 konu\u015fmu\u015ftuk, bir gece r\u00fcya g\u00f6r\u00fcp, sabah ans\u0131z\u0131n \u00f6rt\u00fcnen subay ve hakim e\u015flerini&#8230; \u015eehirlerin insan\u0131 yapayaln\u0131z b\u0131rakt\u0131\u011f\u0131n\u0131, buralarda kimsenin kazanamayaca\u011f\u0131n\u0131, s\u00fcrekli bir yenilgi duygusuyla ya\u015fanaca\u011f\u0131n\u0131 anlatm\u0131\u015ft\u0131k birbirimize&#8230; <\/p>\n<p> Anlam\u0131\u015ft\u0131m. Ayr\u0131l\u0131\u011f\u0131m\u0131z, geceye birbirimizi emanet edi\u015fimiz bu konu\u015ftuklar\u0131m\u0131zla ba\u011fda\u015fmayacak \u00f6l\u00e7\u00fcde yorgun ve \u00fcrkekti&#8230; Sanki bunca \u00f6nemli duyguyu, s\u00f6z\u00fc hakk\u0131m\u0131z olmadan konu\u015fmu\u015fuz gibi su\u00e7lu bir \u015fekilde vedala\u015fm\u0131\u015ft\u0131k&#8230; <\/p>\n<p> Acemice ka\u00e7ar gibi&#8230; B\u00fct\u00fcn bu zamans\u0131z vedala\u015fmalar\u0131 bir g\u00fcn konu\u015fmay\u0131 d\u00fc\u015f\u00fcnerek yat\u0131\u015ft\u0131racakt\u0131k sanki bu acemili\u011fin, bu birbirimizden ans\u0131z\u0131n kopmalar\u0131n su\u00e7lu tedirginli\u011fini&#8230; Eve gelince biraz kitap okudum. Bir iki sat\u0131r bir \u015fey yazd\u0131m. Eski yaz\u0131lar\u0131m\u0131 g\u00f6zden ge\u00e7irdim. Bir t\u00fcrl\u00fc bitiremedi\u011fim \u015fiirime birka\u00e7 dize ekledim&#8230; Ama ne yapsam onunla vedala\u015f\u0131rken ya\u015fad\u0131\u011f\u0131m o su\u00e7lu tedirginli\u011fimi i\u00e7imden atamad\u0131\u011f\u0131m\u0131 hissettim&#8230; Bu tedirginlik yoruyordu beni, uyumaya \u00e7al\u0131\u015fmal\u0131yd\u0131m&#8230; <\/p>\n<p> Biraz m\u00fczik dinlersem rahatlar\u0131m diye d\u00fc\u015f\u00fcnd\u00fcm. Radyomu yan\u0131ma al\u0131p yatak odama ge\u00e7tim. Yata\u011f\u0131ma uzand\u0131m, b\u00fct\u00fcn gece yaln\u0131zlar\u0131 gibi kendime uygun bir radyo istasyonu aramaya ba\u015flad\u0131m&#8230; Radyonun frekanslar\u0131 aras\u0131nda rastgele dola\u015f\u0131rken bir frekanstan gelen sesle ans\u0131z\u0131n irkildim: Benim ad\u0131m T\u00fclay. Sizin radyonuzu ilk kez dinliyorum. \u0130nsanlar\u0131 birbirleriyle bulu\u015fturman\u0131z ilgimi \u00e7ekti. Bu \u015fehirde insanlar \u00e7ok yaln\u0131zlar&#8230; \u0130nsanlar ne gariptir ki, sevgiye \u00e7ok ihtiya\u00e7 duyuyorlar, ama sevgiden \u00e7ok korkuyorlar, \u00f6zg\u00fcrl\u00fckten korktuklar\u0131 gibi&#8230; <\/p>\n<p> Evet, bu onun sesiydi. Bir\u00e7ok \u015feyi konu\u015ftuktan sonra su\u00e7lu bir tedirginlikle vedala\u015ft\u0131\u011f\u0131m insand\u0131 bu. Peki, onun ne i\u015fi vard\u0131 bu tuhaf radyoda? Bir anlam verememi\u015ftim. Tam bu s\u0131rada araya programc\u0131 girdi: T\u00fclay, sen bizim radyoya bir al\u0131\u015f, b\u0131rakamazs\u0131n. Muhabbet FM tiryakilik yapar&#8230; Sen de yaln\u0131zl\u0131ktan yak\u0131n\u0131yorsun de\u011fil mi? Benim bildi\u011fim bir \u015fey var, ka\u00e7an kovalan\u0131r, yani kendini a\u011f\u0131ra satacaks\u0131n; bir de \u00e7ok \u00f6nemli bir kural var, k\u0131skand\u0131racaks\u0131n. Programc\u0131 o bildik, o yapay, dahas\u0131 alayc\u0131 ses tonuyla h\u0131zl\u0131 h\u0131zl\u0131 konu\u015furken, T\u00fclay o mahcup sesiyle araya girmeye \u00e7al\u0131\u015f\u0131yordu: Yo, tam b\u00f6yle de\u011fil as\u0131l s\u00f6ylemek istedi\u011fim benim&#8230; Biraz \u00f6nce arayan bir arkada\u015f vard\u0131, yaln\u0131zl\u0131ktan bahseden&#8230; Bence \u00e7ok \u00f6nemli \u015feyler s\u00f6yl\u00fcyordu, s\u00f6zleri arada kaynad\u0131 gitti. <\/p>\n<p> Bu s\u0131rada programc\u0131 s\u0131k\u0131lm\u0131\u015f olmal\u0131yd\u0131 ki ayn\u0131 alayc\u0131 ve k\u00fc\u00e7\u00fcmseyen ses tonuyla: Bak T\u00fclay istersen sana \u015f\u00f6yle dertlerine uyan bir \u015fark\u0131 \u00e7alal\u0131m, ne dersin? Yoksa kar\u015f\u0131l\u0131kl\u0131 konu\u015facak birini mi istersin, karar ver, bize g\u00f6re hava ho\u015f. Bunu duyunca can havliyle hemen yan\u0131ba\u015f\u0131mda duran telefonumun tu\u015flar\u0131na basmaya ba\u015flad\u0131m. Me\u015fgul \u00e7al\u0131yordu. Tekrar tu\u015flara bast\u0131m. Bu s\u0131rada programc\u0131 T\u00fclay&#8217;a hangi \u015fark\u0131y\u0131 istedi\u011fini soruyordu bir taraftan. T\u00fclay, Mahler&#8217;den \u00d6l\u00fc \u00c7ocuklar A\u011f\u0131d\u0131&#8217;n\u0131 istedi&#8230; Haydaaa, o da ne yahu?\u00a0 dedi programc\u0131&#8230; Gel sana Selami \u015eahin&#8217;den \u00d6zledim&#8217;i \u00e7alal\u0131m, ne dersin? Bak bu \u015fark\u0131 sana \u00e7ok uyar, dinle beni&#8230; \u0130\u015fte tam bu s\u0131rada radyonun telefonunu d\u00fc\u015f\u00fcrmeyi ba\u015farm\u0131\u015ft\u0131m. Telefonda kar\u015f\u0131ma \u00e7\u0131kan k\u0131za programa dahil olmak istedi\u011fimi s\u00f6yleyince beni de hemen konuk ettiler. T\u00fclay, benim dedim, ne i\u015fin var senin bu radyoda, \u00e7ok \u015fa\u015f\u0131rd\u0131m. Bu adam d\u00fcped\u00fcz seninle alay ediyor, buna nas\u0131l izin verirsin?\u00a0 \u00d6nce bir sessizlik oldu. T\u00fclay&#8217;\u0131n sesi adeta titriyordu: Ben&#8230; \u00d6ylesine frekanslar\u0131 dola\u015f\u0131rken rastlant\u0131 olarak yani. \u015eimdi sen kar\u015f\u0131ma \u00e7\u0131k\u0131nca&#8230; \u00c7ok tuhaf oldum&#8230;Programc\u0131 f\u0131rsat\u0131 ka\u00e7\u0131rmam\u0131\u015ft\u0131 tabii: Ooo, T\u00fclay, yoksa eni\u015ftemiz mi, evet, \u015fimdi de sizi tan\u0131yal\u0131m. Muhabbet FM. \u0130\u015fte b\u00f6yle bulu\u015fturur. Hadi bana dua edin yine&#8230; Siz konu\u015furken fona Devran \u00c7a\u011flar&#8217;dan Hep Sevece\u011fim&#8217;i koyuyorum. Hadi iyisiniz, b\u00f6yle hizmet hi\u00e7bir yerde yok&#8230; <\/p>\n<p> \u00d6fkeden deliye d\u00f6nm\u00fc\u015ft\u00fcm: Ne bu rezalet? Bu adamla konu\u015facak ne buluyorsun diye sordum&#8230; <\/p>\n<p> Bir an bir sessizlik oldu. Sonra T\u00fclay konu\u015fmaya \u00e7al\u0131\u015ft\u0131, sesi g\u00fc\u00e7l\u00fckle \u00e7\u0131k\u0131yordu a\u011fz\u0131ndan: \u0130nsanlar\u0131 bulu\u015fturuyor o. Bence \u00e7ok k\u00f6t\u00fc biri de\u011fil&#8230; Sen de de\u011filsin&#8230; T\u00fclay kesik sesle konu\u015fuyordu. Sanki unutmu\u015ftu bir radyoda herkesin \u00f6n\u00fcnde oldu\u011funu&#8230; Sanki kendisiyle konu\u015fur gibiydi. Devam etti: Sadece sen daha \u00e7ok \u015fey biliyorsun ondan&#8230; Ama o da oldu\u011fu gibi, farkl\u0131 g\u00f6r\u00fcnmeye \u00e7abalam\u0131yor&#8230; Sen ve senin gibiler \u00e7ok \u00f6nemli, \u00e7ok farkl\u0131ym\u0131\u015f gibi g\u00f6r\u00fcn\u00fcyorsunuz, o g\u00f6r\u00fcnenin alt\u0131 bombo\u015f, y\u00fczeyin alt\u0131nda pek bir \u015fey yok asl\u0131nda&#8230; <\/p>\n<p> Bu s\u00f6zler kar\u015f\u0131s\u0131nda insan ne diyebilirdi ki susmaktan ba\u015fka. Hay\u0131r g\u00f6r\u00fcnenin alt\u0131nda yo\u011fun derinlikler, b\u00fcy\u00fck ser\u00fcvenler, anlamlar m\u0131 var demeliydim? .. <\/p>\n<p> Sadece \u015funu s\u00f6yledim: Bug\u00fcne dek konu\u015ftu\u011fumuz hi\u00e7bir \u015feyin pek bir \u00f6nemi yoktu sence \u00f6yle mi? .. Yine bir sessizlik oldu, T\u00fclay bug\u00fcne dek benimle hi\u00e7 konu\u015fmad\u0131\u011f\u0131 d\u00fc\u015f\u00fcnceleri anlat\u0131yordu \u015fimdi bana: Bir anlamda yoktu evet, ne konu\u015fursak konu\u015fal\u0131m, ben yine evime ayn\u0131 i\u00e7 s\u0131z\u0131s\u0131, ayn\u0131 eksiklik duygular\u0131yla d\u00f6n\u00fcyordum. Ayn\u0131 bo\u015fluk duygular\u0131yla&#8230; Yetmeyen bir \u015feyler vard\u0131 hep. Her \u015fey sadece s\u00f6zlerdeydi sanki. Sanki: Hadi hemen bir \u015feyler yapal\u0131m desem hi\u00e7biriniz yan\u0131mda olmayacakm\u0131\u015fs\u0131n\u0131z gibiydiniz&#8230; Hareketsizdiniz sanki hep. Bedenleriniz, elleriniz, ayaklar\u0131n\u0131z yok gibiydi&#8230; \u0130\u00e7inizde kimse birbirine bir \u015fey vermeye haz\u0131r de\u011filken, herkes birbirinden bir \u015fey al\u0131yor, alamay\u0131nca da d\u00fc\u015fman oluyordu&#8230; <\/p>\n<p> Programc\u0131 yine araya girmi\u015fti: Hadi yahu, bitmedi mi tart\u0131\u015fman\u0131z, bekleyenler var s\u0131rada, \u00e7abuk tutun elinizi&#8230; <\/p>\n<p> T\u00fclay,dedim,deminden beri ne yapt\u0131\u011f\u0131m\u0131z\u0131n fark\u0131nda m\u0131s\u0131n? Herkes bizi dinliyor.Fark\u0131nday\u0131m dedi, ac\u0131 bir ses tonuyla&#8230;Biliyor musun, benim i\u00e7in hi\u00e7 \u00f6nemi yok, ha seninle ba\u015fba\u015fa konu\u015fmu\u015fum, ha bu radyoda, herkesin \u00f6n\u00fcnde. Biliyor musun ben geceleri belki beni anlayan bir insan, bir dost bulurum umuduyla bu radyo frekanslar\u0131n\u0131 dola\u015f\u0131p duruyorum&#8230; Ama pek buldu\u011fum da s\u00f6ylenemez&#8230; Asl\u0131n\u0131 s\u00f6ylemek gerekirse, herkes kendisini o kadar \u00e7ok zaman gizlemi\u015f ki, sonunda kaybolmu\u015flar galiba&#8230; \u015eimdi \u00e7ok istese dahi kimse kimseyi bulam\u0131yor&#8230; Kaybolduk! <\/p>\n<p> Sonra sustu. K\u0131sa bir sessizlikten sonra telefonunu kapatt\u0131. Ard\u0131ndan ben de&#8230; <\/p>\n<p> Yar\u0131n yeniden konu\u015fmay\u0131 denemeliydim onunla. \u0130lk ve belki de son kez. Hem de bug\u00fcne dek b\u00fct\u00fcn konu\u015ftuklar\u0131m\u0131z\u0131 unutarak&#8230; Buralardan \u00e7ok uzakta, karanl\u0131k bir ormanda kar\u015f\u0131la\u015fan ve birbirini o ana dek hi\u00e7 tan\u0131mayan kaybolmu\u015f iki insan birbiriyle nas\u0131l konu\u015fmaya ba\u015flarsa \u00f6yle&#8230; Kurtulmalar\u0131, b\u00fct\u00fcn deneyimlerini hi\u00e7 saklamadan anlatmalar\u0131na ba\u011fl\u0131 olan iki kay\u0131p gibi&#8230;<\/p>\n<p style=\"text-align: justify;\">Cezmi ERS\u00d6Z<\/p>\n","protected":false},"excerpt":{"rendered":"<p>\u00a0 O ak\u015fam ne \u00e7ok \u015fey konu\u015fmu\u015ftuk onunla&#8230; Filmlerden, Polonyal\u0131 y\u00f6netmen Kieslowski&#8217;den. Yak\u0131nlarda kaybetmi\u015ftik onu. Peki Kieslowski o \u00f6zellikle Mavi filminde arad\u0131\u011f\u0131 iyili\u011fi bulmu\u015f muydu? Neredeydi iyilik? Ar\u0131nmak? G\u00f6r\u00fcnmeyen, sakl\u0131 bir yerde miydi? En dipte miydi iyilik, d\u00fc\u015fk\u00fcnl\u00fckte miydi? Yoksa iyilik, ar\u0131nma diye bir \u015fey yok muydu, biz d\u00fcnya s\u00fcrg\u00fcnlerinin \u00e7ekti\u011fimiz a\u015fk \u00f6zlemi gibi bir [&hellip;]<\/p>\n","protected":false},"author":1,"featured_media":0,"comment_status":"open","ping_status":"open","sticky":false,"template":"","format":"standard","meta":{"footnotes":""},"categories":[18],"tags":[],"class_list":{"0":"post-637","1":"post","2":"type-post","3":"status-publish","4":"format-standard","6":"category-cezmi-ersoz"},"yoast_head":"<!-- This site is optimized with the Yoast SEO Premium plugin v24.9 (Yoast SEO v24.9) - https:\/\/yoast.com\/wordpress\/plugins\/seo\/ -->\n<title>ANNEL\u0130K OYUNU B\u0130TT\u0130 - narteks.net<\/title>\n<meta name=\"robots\" content=\"index, follow, max-snippet:-1, max-image-preview:large, max-video-preview:-1\" \/>\n<link rel=\"canonical\" href=\"https:\/\/narteks.net\/index.php\/2009\/04\/16\/annelik-oyunu-bitti\/\" \/>\n<meta property=\"og:locale\" content=\"tr_TR\" \/>\n<meta property=\"og:type\" content=\"article\" \/>\n<meta property=\"og:title\" content=\"ANNEL\u0130K OYUNU B\u0130TT\u0130\" \/>\n<meta property=\"og:description\" content=\"\u00a0 O ak\u015fam ne \u00e7ok \u015fey konu\u015fmu\u015ftuk onunla&#8230; Filmlerden, Polonyal\u0131 y\u00f6netmen Kieslowski&#8217;den. Yak\u0131nlarda kaybetmi\u015ftik onu. Peki Kieslowski o \u00f6zellikle Mavi filminde arad\u0131\u011f\u0131 iyili\u011fi bulmu\u015f muydu? Neredeydi iyilik? Ar\u0131nmak? G\u00f6r\u00fcnmeyen, sakl\u0131 bir yerde miydi? En dipte miydi iyilik, d\u00fc\u015fk\u00fcnl\u00fckte miydi? Yoksa iyilik, ar\u0131nma diye bir \u015fey yok muydu, biz d\u00fcnya s\u00fcrg\u00fcnlerinin \u00e7ekti\u011fimiz a\u015fk \u00f6zlemi gibi bir [&hellip;]\" \/>\n<meta property=\"og:url\" content=\"https:\/\/narteks.net\/index.php\/2009\/04\/16\/annelik-oyunu-bitti\/\" \/>\n<meta property=\"og:site_name\" content=\"narteks.net\" \/>\n<meta property=\"article:published_time\" content=\"2009-04-16T07:19:24+00:00\" \/>\n<meta property=\"og:image\" content=\"https:\/\/narteks.net\/wp-content\/uploads\/narteks.png\" \/>\n\t<meta property=\"og:image:width\" content=\"300\" \/>\n\t<meta property=\"og:image:height\" content=\"90\" \/>\n\t<meta property=\"og:image:type\" content=\"image\/png\" \/>\n<meta name=\"author\" content=\"Tar\u0131k\" \/>\n<meta name=\"twitter:card\" content=\"summary_large_image\" \/>\n<meta name=\"twitter:creator\" content=\"@narteks\" \/>\n<meta name=\"twitter:site\" content=\"@narteks\" \/>\n<meta name=\"twitter:label1\" content=\"Yazan:\" \/>\n\t<meta name=\"twitter:data1\" content=\"Tar\u0131k\" \/>\n\t<meta name=\"twitter:label2\" content=\"Tahmini okuma s\u00fcresi\" \/>\n\t<meta name=\"twitter:data2\" content=\"7 dakika\" \/>\n<script type=\"application\/ld+json\" class=\"yoast-schema-graph\">{\"@context\":\"https:\/\/schema.org\",\"@graph\":[{\"@type\":\"Article\",\"@id\":\"https:\/\/narteks.net\/index.php\/2009\/04\/16\/annelik-oyunu-bitti\/#article\",\"isPartOf\":{\"@id\":\"https:\/\/narteks.net\/index.php\/2009\/04\/16\/annelik-oyunu-bitti\/\"},\"author\":{\"name\":\"Tar\u0131k\",\"@id\":\"https:\/\/narteks.net\/#\/schema\/person\/61f37d9834294b72d31d274e7ed79bca\"},\"headline\":\"ANNEL\u0130K OYUNU B\u0130TT\u0130\",\"datePublished\":\"2009-04-16T07:19:24+00:00\",\"mainEntityOfPage\":{\"@id\":\"https:\/\/narteks.net\/index.php\/2009\/04\/16\/annelik-oyunu-bitti\/\"},\"wordCount\":1367,\"commentCount\":0,\"publisher\":{\"@id\":\"https:\/\/narteks.net\/#organization\"},\"articleSection\":[\"Cezmi ERS\u00d6Z\"],\"inLanguage\":\"tr\",\"potentialAction\":[{\"@type\":\"CommentAction\",\"name\":\"Comment\",\"target\":[\"https:\/\/narteks.net\/index.php\/2009\/04\/16\/annelik-oyunu-bitti\/#respond\"]}]},{\"@type\":\"WebPage\",\"@id\":\"https:\/\/narteks.net\/index.php\/2009\/04\/16\/annelik-oyunu-bitti\/\",\"url\":\"https:\/\/narteks.net\/index.php\/2009\/04\/16\/annelik-oyunu-bitti\/\",\"name\":\"ANNEL\u0130K OYUNU B\u0130TT\u0130 - narteks.net\",\"isPartOf\":{\"@id\":\"https:\/\/narteks.net\/#website\"},\"datePublished\":\"2009-04-16T07:19:24+00:00\",\"breadcrumb\":{\"@id\":\"https:\/\/narteks.net\/index.php\/2009\/04\/16\/annelik-oyunu-bitti\/#breadcrumb\"},\"inLanguage\":\"tr\",\"potentialAction\":[{\"@type\":\"ReadAction\",\"target\":[\"https:\/\/narteks.net\/index.php\/2009\/04\/16\/annelik-oyunu-bitti\/\"]}]},{\"@type\":\"BreadcrumbList\",\"@id\":\"https:\/\/narteks.net\/index.php\/2009\/04\/16\/annelik-oyunu-bitti\/#breadcrumb\",\"itemListElement\":[{\"@type\":\"ListItem\",\"position\":1,\"name\":\"Anasayfa\",\"item\":\"https:\/\/narteks.net\/\"},{\"@type\":\"ListItem\",\"position\":2,\"name\":\"ANNEL\u0130K OYUNU B\u0130TT\u0130\"}]},{\"@type\":\"WebSite\",\"@id\":\"https:\/\/narteks.net\/#website\",\"url\":\"https:\/\/narteks.net\/\",\"name\":\"narteks.net\",\"description\":\"K\u00fclt\u00fcr Sanat Edebiyat Felsefe\",\"publisher\":{\"@id\":\"https:\/\/narteks.net\/#organization\"},\"alternateName\":\"K\u00fclt\u00fcr Sanat Edebiyat Felsefe\",\"potentialAction\":[{\"@type\":\"SearchAction\",\"target\":{\"@type\":\"EntryPoint\",\"urlTemplate\":\"https:\/\/narteks.net\/?s={search_term_string}\"},\"query-input\":{\"@type\":\"PropertyValueSpecification\",\"valueRequired\":true,\"valueName\":\"search_term_string\"}}],\"inLanguage\":\"tr\"},{\"@type\":\"Organization\",\"@id\":\"https:\/\/narteks.net\/#organization\",\"name\":\"narteks.net\",\"url\":\"https:\/\/narteks.net\/\",\"logo\":{\"@type\":\"ImageObject\",\"inLanguage\":\"tr\",\"@id\":\"https:\/\/narteks.net\/#\/schema\/logo\/image\/\",\"url\":\"https:\/\/narteks.net\/wp-content\/uploads\/narteks.png\",\"contentUrl\":\"https:\/\/narteks.net\/wp-content\/uploads\/narteks.png\",\"width\":300,\"height\":90,\"caption\":\"narteks.net\"},\"image\":{\"@id\":\"https:\/\/narteks.net\/#\/schema\/logo\/image\/\"},\"sameAs\":[\"https:\/\/x.com\/narteks\",\"https:\/\/instagram.com\/narteksnet\"]},{\"@type\":\"Person\",\"@id\":\"https:\/\/narteks.net\/#\/schema\/person\/61f37d9834294b72d31d274e7ed79bca\",\"name\":\"Tar\u0131k\",\"image\":{\"@type\":\"ImageObject\",\"inLanguage\":\"tr\",\"@id\":\"https:\/\/narteks.net\/#\/schema\/person\/image\/\",\"url\":\"https:\/\/secure.gravatar.com\/avatar\/50865afb55632c4ae467e0af0930f6510aa2297d8014be502a55b14f3b7550cf?s=96&d=mm&r=g\",\"contentUrl\":\"https:\/\/secure.gravatar.com\/avatar\/50865afb55632c4ae467e0af0930f6510aa2297d8014be502a55b14f3b7550cf?s=96&d=mm&r=g\",\"caption\":\"Tar\u0131k\"},\"sameAs\":[\"http:\/\/narteks.net\"],\"url\":\"https:\/\/narteks.net\/index.php\/author\/narbak\/\"}]}<\/script>\n<!-- \/ Yoast SEO Premium plugin. -->","yoast_head_json":{"title":"ANNEL\u0130K OYUNU B\u0130TT\u0130 - narteks.net","robots":{"index":"index","follow":"follow","max-snippet":"max-snippet:-1","max-image-preview":"max-image-preview:large","max-video-preview":"max-video-preview:-1"},"canonical":"https:\/\/narteks.net\/index.php\/2009\/04\/16\/annelik-oyunu-bitti\/","og_locale":"tr_TR","og_type":"article","og_title":"ANNEL\u0130K OYUNU B\u0130TT\u0130","og_description":"\u00a0 O ak\u015fam ne \u00e7ok \u015fey konu\u015fmu\u015ftuk onunla&#8230; Filmlerden, Polonyal\u0131 y\u00f6netmen Kieslowski&#8217;den. Yak\u0131nlarda kaybetmi\u015ftik onu. Peki Kieslowski o \u00f6zellikle Mavi filminde arad\u0131\u011f\u0131 iyili\u011fi bulmu\u015f muydu? Neredeydi iyilik? Ar\u0131nmak? G\u00f6r\u00fcnmeyen, sakl\u0131 bir yerde miydi? En dipte miydi iyilik, d\u00fc\u015fk\u00fcnl\u00fckte miydi? Yoksa iyilik, ar\u0131nma diye bir \u015fey yok muydu, biz d\u00fcnya s\u00fcrg\u00fcnlerinin \u00e7ekti\u011fimiz a\u015fk \u00f6zlemi gibi bir [&hellip;]","og_url":"https:\/\/narteks.net\/index.php\/2009\/04\/16\/annelik-oyunu-bitti\/","og_site_name":"narteks.net","article_published_time":"2009-04-16T07:19:24+00:00","og_image":[{"width":300,"height":90,"url":"https:\/\/narteks.net\/wp-content\/uploads\/narteks.png","type":"image\/png"}],"author":"Tar\u0131k","twitter_card":"summary_large_image","twitter_creator":"@narteks","twitter_site":"@narteks","twitter_misc":{"Yazan:":"Tar\u0131k","Tahmini okuma s\u00fcresi":"7 dakika"},"schema":{"@context":"https:\/\/schema.org","@graph":[{"@type":"Article","@id":"https:\/\/narteks.net\/index.php\/2009\/04\/16\/annelik-oyunu-bitti\/#article","isPartOf":{"@id":"https:\/\/narteks.net\/index.php\/2009\/04\/16\/annelik-oyunu-bitti\/"},"author":{"name":"Tar\u0131k","@id":"https:\/\/narteks.net\/#\/schema\/person\/61f37d9834294b72d31d274e7ed79bca"},"headline":"ANNEL\u0130K OYUNU B\u0130TT\u0130","datePublished":"2009-04-16T07:19:24+00:00","mainEntityOfPage":{"@id":"https:\/\/narteks.net\/index.php\/2009\/04\/16\/annelik-oyunu-bitti\/"},"wordCount":1367,"commentCount":0,"publisher":{"@id":"https:\/\/narteks.net\/#organization"},"articleSection":["Cezmi ERS\u00d6Z"],"inLanguage":"tr","potentialAction":[{"@type":"CommentAction","name":"Comment","target":["https:\/\/narteks.net\/index.php\/2009\/04\/16\/annelik-oyunu-bitti\/#respond"]}]},{"@type":"WebPage","@id":"https:\/\/narteks.net\/index.php\/2009\/04\/16\/annelik-oyunu-bitti\/","url":"https:\/\/narteks.net\/index.php\/2009\/04\/16\/annelik-oyunu-bitti\/","name":"ANNEL\u0130K OYUNU B\u0130TT\u0130 - narteks.net","isPartOf":{"@id":"https:\/\/narteks.net\/#website"},"datePublished":"2009-04-16T07:19:24+00:00","breadcrumb":{"@id":"https:\/\/narteks.net\/index.php\/2009\/04\/16\/annelik-oyunu-bitti\/#breadcrumb"},"inLanguage":"tr","potentialAction":[{"@type":"ReadAction","target":["https:\/\/narteks.net\/index.php\/2009\/04\/16\/annelik-oyunu-bitti\/"]}]},{"@type":"BreadcrumbList","@id":"https:\/\/narteks.net\/index.php\/2009\/04\/16\/annelik-oyunu-bitti\/#breadcrumb","itemListElement":[{"@type":"ListItem","position":1,"name":"Anasayfa","item":"https:\/\/narteks.net\/"},{"@type":"ListItem","position":2,"name":"ANNEL\u0130K OYUNU B\u0130TT\u0130"}]},{"@type":"WebSite","@id":"https:\/\/narteks.net\/#website","url":"https:\/\/narteks.net\/","name":"narteks.net","description":"K\u00fclt\u00fcr Sanat Edebiyat Felsefe","publisher":{"@id":"https:\/\/narteks.net\/#organization"},"alternateName":"K\u00fclt\u00fcr Sanat Edebiyat Felsefe","potentialAction":[{"@type":"SearchAction","target":{"@type":"EntryPoint","urlTemplate":"https:\/\/narteks.net\/?s={search_term_string}"},"query-input":{"@type":"PropertyValueSpecification","valueRequired":true,"valueName":"search_term_string"}}],"inLanguage":"tr"},{"@type":"Organization","@id":"https:\/\/narteks.net\/#organization","name":"narteks.net","url":"https:\/\/narteks.net\/","logo":{"@type":"ImageObject","inLanguage":"tr","@id":"https:\/\/narteks.net\/#\/schema\/logo\/image\/","url":"https:\/\/narteks.net\/wp-content\/uploads\/narteks.png","contentUrl":"https:\/\/narteks.net\/wp-content\/uploads\/narteks.png","width":300,"height":90,"caption":"narteks.net"},"image":{"@id":"https:\/\/narteks.net\/#\/schema\/logo\/image\/"},"sameAs":["https:\/\/x.com\/narteks","https:\/\/instagram.com\/narteksnet"]},{"@type":"Person","@id":"https:\/\/narteks.net\/#\/schema\/person\/61f37d9834294b72d31d274e7ed79bca","name":"Tar\u0131k","image":{"@type":"ImageObject","inLanguage":"tr","@id":"https:\/\/narteks.net\/#\/schema\/person\/image\/","url":"https:\/\/secure.gravatar.com\/avatar\/50865afb55632c4ae467e0af0930f6510aa2297d8014be502a55b14f3b7550cf?s=96&d=mm&r=g","contentUrl":"https:\/\/secure.gravatar.com\/avatar\/50865afb55632c4ae467e0af0930f6510aa2297d8014be502a55b14f3b7550cf?s=96&d=mm&r=g","caption":"Tar\u0131k"},"sameAs":["http:\/\/narteks.net"],"url":"https:\/\/narteks.net\/index.php\/author\/narbak\/"}]}},"_links":{"self":[{"href":"https:\/\/narteks.net\/index.php\/wp-json\/wp\/v2\/posts\/637","targetHints":{"allow":["GET"]}}],"collection":[{"href":"https:\/\/narteks.net\/index.php\/wp-json\/wp\/v2\/posts"}],"about":[{"href":"https:\/\/narteks.net\/index.php\/wp-json\/wp\/v2\/types\/post"}],"author":[{"embeddable":true,"href":"https:\/\/narteks.net\/index.php\/wp-json\/wp\/v2\/users\/1"}],"replies":[{"embeddable":true,"href":"https:\/\/narteks.net\/index.php\/wp-json\/wp\/v2\/comments?post=637"}],"version-history":[{"count":0,"href":"https:\/\/narteks.net\/index.php\/wp-json\/wp\/v2\/posts\/637\/revisions"}],"wp:attachment":[{"href":"https:\/\/narteks.net\/index.php\/wp-json\/wp\/v2\/media?parent=637"}],"wp:term":[{"taxonomy":"category","embeddable":true,"href":"https:\/\/narteks.net\/index.php\/wp-json\/wp\/v2\/categories?post=637"},{"taxonomy":"post_tag","embeddable":true,"href":"https:\/\/narteks.net\/index.php\/wp-json\/wp\/v2\/tags?post=637"}],"curies":[{"name":"wp","href":"https:\/\/api.w.org\/{rel}","templated":true}]}}