{"id":6374,"date":"2011-06-07T11:27:42","date_gmt":"2011-06-07T08:27:42","guid":{"rendered":"http:\/\/localhost\/wordpress\/2011\/06\/07\/kalbim\/"},"modified":"2011-06-07T11:27:42","modified_gmt":"2011-06-07T08:27:42","slug":"kalbim","status":"publish","type":"post","link":"https:\/\/narteks.net\/index.php\/2011\/06\/07\/kalbim\/","title":{"rendered":"KALB\u0130M"},"content":{"rendered":"<p>\u00a0<\/p>\n<p>G\u00f6\u011fs\u00fcmde 15 yara var!. <br \/> Sapland\u0131 g\u00f6\u011fs\u00fcme 15 kara sapl\u0131 b\u0131\u00e7ak!.. <br \/> Kalbim yine \u00e7arp\u0131yor, <br \/> kalbim yine \u00e7arpacak!!!<\/p>\n<p>G\u00f6\u011fs\u00fcmde 15 yara var! <br \/> Sar\u0131ld\u0131 15 yarama <br \/> kara kaygan y\u0131lanlar gibi karanl\u0131k sular! <br \/> Karadeniz bo\u011fmak istiyor beni, <br \/> bo\u011fmak istiyor beni, <br \/> kanl\u0131 karanl\u0131k sular!!!<\/p>\n<p>Sapland\u0131 g\u00f6\u011fs\u00fcme 15 kara sapl\u0131 b\u0131\u00e7ak. <br \/> Kalbim yine \u00e7arp\u0131yor, <br \/> kalbim yine \u00e7arpacak!&#8230;<\/p>\n<p>G\u00f6\u011fs\u00fcmde 15 yara var!. <br \/> Deldiler g\u00f6\u011fs\u00fcm\u00fc 15 yerinden, <br \/> sand\u0131lar ki vurmaz art\u0131k kalbim kederinden! <br \/> Kalbim yine \u00e7arp\u0131yor, <br \/> kalbim yine \u00e7arpacak!!!<\/p>\n<p>Yand\u0131 15 yaramdam 15 alev, <br \/> k\u0131r\u0131ld\u0131 g\u00f6\u011fs\u00fcmde 15 kara sapl\u0131 b\u0131\u00e7ak.. <br \/> Kalbim <br \/> kanl\u0131 bir bayrak gibi \u00e7arp\u0131yor, <br \/> \u00c7AR-PA-CAK!!<\/p>\n<p>1925<\/p>\n<p>Naz\u0131m Hikmet RAN<\/p>\n","protected":false},"excerpt":{"rendered":"<p>\u00a0 G\u00f6\u011fs\u00fcmde 15 yara var!. Sapland\u0131 g\u00f6\u011fs\u00fcme 15 kara sapl\u0131 b\u0131\u00e7ak!.. Kalbim yine \u00e7arp\u0131yor, kalbim yine \u00e7arpacak!!! G\u00f6\u011fs\u00fcmde 15 yara var! Sar\u0131ld\u0131 15 yarama kara kaygan y\u0131lanlar gibi karanl\u0131k sular! Karadeniz bo\u011fmak istiyor beni, bo\u011fmak istiyor beni, kanl\u0131 karanl\u0131k sular!!! Sapland\u0131 g\u00f6\u011fs\u00fcme 15 kara sapl\u0131 b\u0131\u00e7ak. Kalbim yine \u00e7arp\u0131yor, kalbim yine \u00e7arpacak!&#8230; G\u00f6\u011fs\u00fcmde 15 yara [&hellip;]<\/p>\n","protected":false},"author":1,"featured_media":0,"comment_status":"open","ping_status":"open","sticky":false,"template":"","format":"standard","meta":{"footnotes":""},"categories":[59],"tags":[],"class_list":{"0":"post-6374","1":"post","2":"type-post","3":"status-publish","4":"format-standard","6":"category-nazim-hikmet-ran"},"yoast_head":"<!-- This site is optimized with the Yoast SEO Premium plugin v24.9 (Yoast SEO v24.9) - https:\/\/yoast.com\/wordpress\/plugins\/seo\/ -->\n<title>KALB\u0130M - narteks.net<\/title>\n<meta name=\"robots\" content=\"index, follow, max-snippet:-1, max-image-preview:large, max-video-preview:-1\" \/>\n<link rel=\"canonical\" href=\"https:\/\/narteks.net\/index.php\/2011\/06\/07\/kalbim\/\" \/>\n<meta property=\"og:locale\" content=\"tr_TR\" \/>\n<meta property=\"og:type\" content=\"article\" \/>\n<meta property=\"og:title\" content=\"KALB\u0130M\" \/>\n<meta property=\"og:description\" content=\"\u00a0 G\u00f6\u011fs\u00fcmde 15 yara var!. Sapland\u0131 g\u00f6\u011fs\u00fcme 15 kara sapl\u0131 b\u0131\u00e7ak!.. Kalbim yine \u00e7arp\u0131yor, kalbim yine \u00e7arpacak!!! G\u00f6\u011fs\u00fcmde 15 yara var! Sar\u0131ld\u0131 15 yarama kara kaygan y\u0131lanlar gibi karanl\u0131k sular! Karadeniz bo\u011fmak istiyor beni, bo\u011fmak istiyor beni, kanl\u0131 karanl\u0131k sular!!! Sapland\u0131 g\u00f6\u011fs\u00fcme 15 kara sapl\u0131 b\u0131\u00e7ak. Kalbim yine \u00e7arp\u0131yor, kalbim yine \u00e7arpacak!&#8230; G\u00f6\u011fs\u00fcmde 15 yara [&hellip;]\" \/>\n<meta property=\"og:url\" content=\"https:\/\/narteks.net\/index.php\/2011\/06\/07\/kalbim\/\" \/>\n<meta property=\"og:site_name\" content=\"narteks.net\" \/>\n<meta property=\"article:published_time\" content=\"2011-06-07T08:27:42+00:00\" \/>\n<meta property=\"og:image\" content=\"https:\/\/narteks.net\/wp-content\/uploads\/narteks.png\" \/>\n\t<meta property=\"og:image:width\" content=\"300\" \/>\n\t<meta property=\"og:image:height\" content=\"90\" \/>\n\t<meta property=\"og:image:type\" content=\"image\/png\" \/>\n<meta name=\"author\" content=\"Tar\u0131k\" \/>\n<meta name=\"twitter:card\" content=\"summary_large_image\" \/>\n<meta name=\"twitter:creator\" content=\"@narteks\" \/>\n<meta name=\"twitter:site\" content=\"@narteks\" \/>\n<meta name=\"twitter:label1\" content=\"Yazan:\" \/>\n\t<meta name=\"twitter:data1\" content=\"Tar\u0131k\" \/>\n\t<meta name=\"twitter:label2\" content=\"Tahmini okuma s\u00fcresi\" \/>\n\t<meta name=\"twitter:data2\" content=\"1 dakika\" \/>\n<script type=\"application\/ld+json\" class=\"yoast-schema-graph\">{\"@context\":\"https:\/\/schema.org\",\"@graph\":[{\"@type\":\"Article\",\"@id\":\"https:\/\/narteks.net\/index.php\/2011\/06\/07\/kalbim\/#article\",\"isPartOf\":{\"@id\":\"https:\/\/narteks.net\/index.php\/2011\/06\/07\/kalbim\/\"},\"author\":{\"name\":\"Tar\u0131k\",\"@id\":\"https:\/\/narteks.net\/#\/schema\/person\/61f37d9834294b72d31d274e7ed79bca\"},\"headline\":\"KALB\u0130M\",\"datePublished\":\"2011-06-07T08:27:42+00:00\",\"mainEntityOfPage\":{\"@id\":\"https:\/\/narteks.net\/index.php\/2011\/06\/07\/kalbim\/\"},\"wordCount\":116,\"commentCount\":0,\"publisher\":{\"@id\":\"https:\/\/narteks.net\/#organization\"},\"articleSection\":[\"Naz\u0131m H\u0130KMET RAN\"],\"inLanguage\":\"tr\",\"potentialAction\":[{\"@type\":\"CommentAction\",\"name\":\"Comment\",\"target\":[\"https:\/\/narteks.net\/index.php\/2011\/06\/07\/kalbim\/#respond\"]}]},{\"@type\":\"WebPage\",\"@id\":\"https:\/\/narteks.net\/index.php\/2011\/06\/07\/kalbim\/\",\"url\":\"https:\/\/narteks.net\/index.php\/2011\/06\/07\/kalbim\/\",\"name\":\"KALB\u0130M - narteks.net\",\"isPartOf\":{\"@id\":\"https:\/\/narteks.net\/#website\"},\"datePublished\":\"2011-06-07T08:27:42+00:00\",\"breadcrumb\":{\"@id\":\"https:\/\/narteks.net\/index.php\/2011\/06\/07\/kalbim\/#breadcrumb\"},\"inLanguage\":\"tr\",\"potentialAction\":[{\"@type\":\"ReadAction\",\"target\":[\"https:\/\/narteks.net\/index.php\/2011\/06\/07\/kalbim\/\"]}]},{\"@type\":\"BreadcrumbList\",\"@id\":\"https:\/\/narteks.net\/index.php\/2011\/06\/07\/kalbim\/#breadcrumb\",\"itemListElement\":[{\"@type\":\"ListItem\",\"position\":1,\"name\":\"Anasayfa\",\"item\":\"https:\/\/narteks.net\/\"},{\"@type\":\"ListItem\",\"position\":2,\"name\":\"KALB\u0130M\"}]},{\"@type\":\"WebSite\",\"@id\":\"https:\/\/narteks.net\/#website\",\"url\":\"https:\/\/narteks.net\/\",\"name\":\"narteks.net\",\"description\":\"K\u00fclt\u00fcr Sanat Edebiyat Felsefe\",\"publisher\":{\"@id\":\"https:\/\/narteks.net\/#organization\"},\"alternateName\":\"K\u00fclt\u00fcr Sanat Edebiyat Felsefe\",\"potentialAction\":[{\"@type\":\"SearchAction\",\"target\":{\"@type\":\"EntryPoint\",\"urlTemplate\":\"https:\/\/narteks.net\/?s={search_term_string}\"},\"query-input\":{\"@type\":\"PropertyValueSpecification\",\"valueRequired\":true,\"valueName\":\"search_term_string\"}}],\"inLanguage\":\"tr\"},{\"@type\":\"Organization\",\"@id\":\"https:\/\/narteks.net\/#organization\",\"name\":\"narteks.net\",\"url\":\"https:\/\/narteks.net\/\",\"logo\":{\"@type\":\"ImageObject\",\"inLanguage\":\"tr\",\"@id\":\"https:\/\/narteks.net\/#\/schema\/logo\/image\/\",\"url\":\"https:\/\/narteks.net\/wp-content\/uploads\/narteks.png\",\"contentUrl\":\"https:\/\/narteks.net\/wp-content\/uploads\/narteks.png\",\"width\":300,\"height\":90,\"caption\":\"narteks.net\"},\"image\":{\"@id\":\"https:\/\/narteks.net\/#\/schema\/logo\/image\/\"},\"sameAs\":[\"https:\/\/x.com\/narteks\",\"https:\/\/instagram.com\/narteksnet\"]},{\"@type\":\"Person\",\"@id\":\"https:\/\/narteks.net\/#\/schema\/person\/61f37d9834294b72d31d274e7ed79bca\",\"name\":\"Tar\u0131k\",\"image\":{\"@type\":\"ImageObject\",\"inLanguage\":\"tr\",\"@id\":\"https:\/\/narteks.net\/#\/schema\/person\/image\/\",\"url\":\"https:\/\/secure.gravatar.com\/avatar\/50865afb55632c4ae467e0af0930f6510aa2297d8014be502a55b14f3b7550cf?s=96&d=mm&r=g\",\"contentUrl\":\"https:\/\/secure.gravatar.com\/avatar\/50865afb55632c4ae467e0af0930f6510aa2297d8014be502a55b14f3b7550cf?s=96&d=mm&r=g\",\"caption\":\"Tar\u0131k\"},\"sameAs\":[\"http:\/\/narteks.net\"],\"url\":\"https:\/\/narteks.net\/index.php\/author\/narbak\/\"}]}<\/script>\n<!-- \/ Yoast SEO Premium plugin. -->","yoast_head_json":{"title":"KALB\u0130M - narteks.net","robots":{"index":"index","follow":"follow","max-snippet":"max-snippet:-1","max-image-preview":"max-image-preview:large","max-video-preview":"max-video-preview:-1"},"canonical":"https:\/\/narteks.net\/index.php\/2011\/06\/07\/kalbim\/","og_locale":"tr_TR","og_type":"article","og_title":"KALB\u0130M","og_description":"\u00a0 G\u00f6\u011fs\u00fcmde 15 yara var!. Sapland\u0131 g\u00f6\u011fs\u00fcme 15 kara sapl\u0131 b\u0131\u00e7ak!.. Kalbim yine \u00e7arp\u0131yor, kalbim yine \u00e7arpacak!!! G\u00f6\u011fs\u00fcmde 15 yara var! Sar\u0131ld\u0131 15 yarama kara kaygan y\u0131lanlar gibi karanl\u0131k sular! Karadeniz bo\u011fmak istiyor beni, bo\u011fmak istiyor beni, kanl\u0131 karanl\u0131k sular!!! Sapland\u0131 g\u00f6\u011fs\u00fcme 15 kara sapl\u0131 b\u0131\u00e7ak. Kalbim yine \u00e7arp\u0131yor, kalbim yine \u00e7arpacak!&#8230; G\u00f6\u011fs\u00fcmde 15 yara [&hellip;]","og_url":"https:\/\/narteks.net\/index.php\/2011\/06\/07\/kalbim\/","og_site_name":"narteks.net","article_published_time":"2011-06-07T08:27:42+00:00","og_image":[{"width":300,"height":90,"url":"https:\/\/narteks.net\/wp-content\/uploads\/narteks.png","type":"image\/png"}],"author":"Tar\u0131k","twitter_card":"summary_large_image","twitter_creator":"@narteks","twitter_site":"@narteks","twitter_misc":{"Yazan:":"Tar\u0131k","Tahmini okuma s\u00fcresi":"1 dakika"},"schema":{"@context":"https:\/\/schema.org","@graph":[{"@type":"Article","@id":"https:\/\/narteks.net\/index.php\/2011\/06\/07\/kalbim\/#article","isPartOf":{"@id":"https:\/\/narteks.net\/index.php\/2011\/06\/07\/kalbim\/"},"author":{"name":"Tar\u0131k","@id":"https:\/\/narteks.net\/#\/schema\/person\/61f37d9834294b72d31d274e7ed79bca"},"headline":"KALB\u0130M","datePublished":"2011-06-07T08:27:42+00:00","mainEntityOfPage":{"@id":"https:\/\/narteks.net\/index.php\/2011\/06\/07\/kalbim\/"},"wordCount":116,"commentCount":0,"publisher":{"@id":"https:\/\/narteks.net\/#organization"},"articleSection":["Naz\u0131m H\u0130KMET RAN"],"inLanguage":"tr","potentialAction":[{"@type":"CommentAction","name":"Comment","target":["https:\/\/narteks.net\/index.php\/2011\/06\/07\/kalbim\/#respond"]}]},{"@type":"WebPage","@id":"https:\/\/narteks.net\/index.php\/2011\/06\/07\/kalbim\/","url":"https:\/\/narteks.net\/index.php\/2011\/06\/07\/kalbim\/","name":"KALB\u0130M - narteks.net","isPartOf":{"@id":"https:\/\/narteks.net\/#website"},"datePublished":"2011-06-07T08:27:42+00:00","breadcrumb":{"@id":"https:\/\/narteks.net\/index.php\/2011\/06\/07\/kalbim\/#breadcrumb"},"inLanguage":"tr","potentialAction":[{"@type":"ReadAction","target":["https:\/\/narteks.net\/index.php\/2011\/06\/07\/kalbim\/"]}]},{"@type":"BreadcrumbList","@id":"https:\/\/narteks.net\/index.php\/2011\/06\/07\/kalbim\/#breadcrumb","itemListElement":[{"@type":"ListItem","position":1,"name":"Anasayfa","item":"https:\/\/narteks.net\/"},{"@type":"ListItem","position":2,"name":"KALB\u0130M"}]},{"@type":"WebSite","@id":"https:\/\/narteks.net\/#website","url":"https:\/\/narteks.net\/","name":"narteks.net","description":"K\u00fclt\u00fcr Sanat Edebiyat Felsefe","publisher":{"@id":"https:\/\/narteks.net\/#organization"},"alternateName":"K\u00fclt\u00fcr Sanat Edebiyat Felsefe","potentialAction":[{"@type":"SearchAction","target":{"@type":"EntryPoint","urlTemplate":"https:\/\/narteks.net\/?s={search_term_string}"},"query-input":{"@type":"PropertyValueSpecification","valueRequired":true,"valueName":"search_term_string"}}],"inLanguage":"tr"},{"@type":"Organization","@id":"https:\/\/narteks.net\/#organization","name":"narteks.net","url":"https:\/\/narteks.net\/","logo":{"@type":"ImageObject","inLanguage":"tr","@id":"https:\/\/narteks.net\/#\/schema\/logo\/image\/","url":"https:\/\/narteks.net\/wp-content\/uploads\/narteks.png","contentUrl":"https:\/\/narteks.net\/wp-content\/uploads\/narteks.png","width":300,"height":90,"caption":"narteks.net"},"image":{"@id":"https:\/\/narteks.net\/#\/schema\/logo\/image\/"},"sameAs":["https:\/\/x.com\/narteks","https:\/\/instagram.com\/narteksnet"]},{"@type":"Person","@id":"https:\/\/narteks.net\/#\/schema\/person\/61f37d9834294b72d31d274e7ed79bca","name":"Tar\u0131k","image":{"@type":"ImageObject","inLanguage":"tr","@id":"https:\/\/narteks.net\/#\/schema\/person\/image\/","url":"https:\/\/secure.gravatar.com\/avatar\/50865afb55632c4ae467e0af0930f6510aa2297d8014be502a55b14f3b7550cf?s=96&d=mm&r=g","contentUrl":"https:\/\/secure.gravatar.com\/avatar\/50865afb55632c4ae467e0af0930f6510aa2297d8014be502a55b14f3b7550cf?s=96&d=mm&r=g","caption":"Tar\u0131k"},"sameAs":["http:\/\/narteks.net"],"url":"https:\/\/narteks.net\/index.php\/author\/narbak\/"}]}},"_links":{"self":[{"href":"https:\/\/narteks.net\/index.php\/wp-json\/wp\/v2\/posts\/6374","targetHints":{"allow":["GET"]}}],"collection":[{"href":"https:\/\/narteks.net\/index.php\/wp-json\/wp\/v2\/posts"}],"about":[{"href":"https:\/\/narteks.net\/index.php\/wp-json\/wp\/v2\/types\/post"}],"author":[{"embeddable":true,"href":"https:\/\/narteks.net\/index.php\/wp-json\/wp\/v2\/users\/1"}],"replies":[{"embeddable":true,"href":"https:\/\/narteks.net\/index.php\/wp-json\/wp\/v2\/comments?post=6374"}],"version-history":[{"count":0,"href":"https:\/\/narteks.net\/index.php\/wp-json\/wp\/v2\/posts\/6374\/revisions"}],"wp:attachment":[{"href":"https:\/\/narteks.net\/index.php\/wp-json\/wp\/v2\/media?parent=6374"}],"wp:term":[{"taxonomy":"category","embeddable":true,"href":"https:\/\/narteks.net\/index.php\/wp-json\/wp\/v2\/categories?post=6374"},{"taxonomy":"post_tag","embeddable":true,"href":"https:\/\/narteks.net\/index.php\/wp-json\/wp\/v2\/tags?post=6374"}],"curies":[{"name":"wp","href":"https:\/\/api.w.org\/{rel}","templated":true}]}}