{"id":6380,"date":"2011-06-07T11:34:18","date_gmt":"2011-06-07T08:34:18","guid":{"rendered":"http:\/\/localhost\/wordpress\/2011\/06\/07\/korede-olen-bir-yedek-subayimizin-menderese-soyledikleri\/"},"modified":"2011-06-07T11:34:18","modified_gmt":"2011-06-07T08:34:18","slug":"korede-olen-bir-yedek-subayimizin-menderese-soyledikleri","status":"publish","type":"post","link":"https:\/\/narteks.net\/index.php\/2011\/06\/07\/korede-olen-bir-yedek-subayimizin-menderese-soyledikleri\/","title":{"rendered":"KORE&#8217;DE \u00d6LEN B\u0130R YEDEK SUBAYIMIZIN MENDERES&#8217;E S\u00d6YLED\u0130KLER\u0130"},"content":{"rendered":"<p>\u00a0<\/p>\n<p>D\u0130YET<\/p>\n<p>G\u00f6zlerinizin ikisi de yerinde, Adnan Bey, <br \/> iki g\u00f6z\u00fcn\u00fczle bakars\u0131n\u0131z, <br \/> iki kurnaz, <br \/> iki hay\u0131n, <br \/> ve zeytini ya\u011fl\u0131 iki g\u00f6z\u00fcn\u00fczle <br \/> bakars\u0131n\u0131z k\u00fcrs\u00fcden Meclis&#8217;e kibirli kibirli <br \/> ve topraklar\u0131na \u00e7iftliklerinizin <br \/> ve \u00e7ek defterinize. <br \/> Ellerinizin ikisi de yerinde, Adnan Bey, <br \/> iki elinizle ok\u015fars\u0131n\u0131z, <br \/> iki tombul, <br \/> iki ak, <br \/> v\u0131c\u0131k v\u0131c\u0131k terli iki elinizle <br \/> ok\u015fars\u0131n\u0131z pomadal\u0131 sa\u00e7lar\u0131n\u0131z\u0131, <br \/> d\u00f6vizlerinizi, <br \/> ve memelerini metreslerinizin. <br \/> \u0130ki baca\u011f\u0131n\u0131z\u0131n ikisi de yerinde, Adnan Bey, <br \/> iki baca\u011f\u0131n\u0131z ta\u015f\u0131r geni\u015f kal\u00e7alar\u0131n\u0131z\u0131, <br \/> iki baca\u011f\u0131n\u0131zla \u00e7\u0131kars\u0131n\u0131z huzuruna Eisenhower&#8217;in, <br \/> ve b\u00fct\u00fcn kayg\u0131n\u0131z <br \/> iki baca\u011f\u0131n\u0131z\u0131n arkadan birle\u015fti\u011fi yeri <br \/> halk\u0131n tekmesinden korumakt\u0131r. <br \/> Benim g\u00f6zlerimin ikisi de yok. <br \/> Benim ellerimin ikisi de yok. <br \/> Benim bacaklar\u0131m\u0131n ikisi de yok. <br \/> Ben yokum. <br \/> Beni, \u00dcniversiteli yedek subay\u0131, <br \/> Kore&#8217;de harcad\u0131n\u0131z, Adnan Bey. <br \/> Elleriniz itti beni \u00f6l\u00fcme, <br \/> v\u0131c\u0131k v\u0131c\u0131k terli, tombul elleriniz. <br \/> G\u00f6zleriniz \u015f\u00f6yle bir bakt\u0131 arkamdan <br \/> ve ben al kan i\u00e7inde \u00f6l\u00fcrken <br \/> \u00e7\u0131\u011fl\u0131\u011f\u0131m\u0131 duymaman\u0131z i\u00e7in <br \/> ka\u00e7\u0131rd\u0131 sizi bacaklar\u0131n\u0131z araban\u0131za bindirip. <br \/> Ama ben pe\u015finizdeyim, Adnan Bey, <br \/> \u00f6l\u00fcler otomobilden h\u0131zl\u0131 gider, <br \/> k\u00f6r g\u00f6zlerim, <br \/> kopuk ellerim, <br \/> kesik bacaklar\u0131mla pe\u015finizdeyim. <br \/> Diyetimi istiyorum, Adnan Bey, <br \/> g\u00f6ze g\u00f6z, <br \/> ele el, <br \/> baca\u011fa bacak, <br \/> diyetimi istiyorum, <br \/> alaca\u011f\u0131m da. <\/p>\n<p>25 Haziran 1959<\/p>\n<p>Naz\u0131m Hikmet RAN<\/p>\n","protected":false},"excerpt":{"rendered":"<p>\u00a0 D\u0130YET G\u00f6zlerinizin ikisi de yerinde, Adnan Bey, iki g\u00f6z\u00fcn\u00fczle bakars\u0131n\u0131z, iki kurnaz, iki hay\u0131n, ve zeytini ya\u011fl\u0131 iki g\u00f6z\u00fcn\u00fczle bakars\u0131n\u0131z k\u00fcrs\u00fcden Meclis&#8217;e kibirli kibirli ve topraklar\u0131na \u00e7iftliklerinizin ve \u00e7ek defterinize. Ellerinizin ikisi de yerinde, Adnan Bey, iki elinizle ok\u015fars\u0131n\u0131z, iki tombul, iki ak, v\u0131c\u0131k v\u0131c\u0131k terli iki elinizle ok\u015fars\u0131n\u0131z pomadal\u0131 sa\u00e7lar\u0131n\u0131z\u0131, d\u00f6vizlerinizi, ve memelerini [&hellip;]<\/p>\n","protected":false},"author":1,"featured_media":0,"comment_status":"open","ping_status":"open","sticky":false,"template":"","format":"standard","meta":{"footnotes":""},"categories":[59],"tags":[],"class_list":{"0":"post-6380","1":"post","2":"type-post","3":"status-publish","4":"format-standard","6":"category-nazim-hikmet-ran"},"yoast_head":"<!-- This site is optimized with the Yoast SEO Premium plugin v24.9 (Yoast SEO v24.9) - https:\/\/yoast.com\/wordpress\/plugins\/seo\/ -->\n<title>KORE&#039;DE \u00d6LEN B\u0130R YEDEK SUBAYIMIZIN MENDERES&#039;E S\u00d6YLED\u0130KLER\u0130 - narteks.net<\/title>\n<meta name=\"robots\" content=\"index, follow, max-snippet:-1, max-image-preview:large, max-video-preview:-1\" \/>\n<link rel=\"canonical\" href=\"https:\/\/narteks.net\/index.php\/2011\/06\/07\/korede-olen-bir-yedek-subayimizin-menderese-soyledikleri\/\" \/>\n<meta property=\"og:locale\" content=\"tr_TR\" \/>\n<meta property=\"og:type\" content=\"article\" \/>\n<meta property=\"og:title\" content=\"KORE&#039;DE \u00d6LEN B\u0130R YEDEK SUBAYIMIZIN MENDERES&#039;E S\u00d6YLED\u0130KLER\u0130\" \/>\n<meta property=\"og:description\" content=\"\u00a0 D\u0130YET G\u00f6zlerinizin ikisi de yerinde, Adnan Bey, iki g\u00f6z\u00fcn\u00fczle bakars\u0131n\u0131z, iki kurnaz, iki hay\u0131n, ve zeytini ya\u011fl\u0131 iki g\u00f6z\u00fcn\u00fczle bakars\u0131n\u0131z k\u00fcrs\u00fcden Meclis&#8217;e kibirli kibirli ve topraklar\u0131na \u00e7iftliklerinizin ve \u00e7ek defterinize. Ellerinizin ikisi de yerinde, Adnan Bey, iki elinizle ok\u015fars\u0131n\u0131z, iki tombul, iki ak, v\u0131c\u0131k v\u0131c\u0131k terli iki elinizle ok\u015fars\u0131n\u0131z pomadal\u0131 sa\u00e7lar\u0131n\u0131z\u0131, d\u00f6vizlerinizi, ve memelerini [&hellip;]\" \/>\n<meta property=\"og:url\" content=\"https:\/\/narteks.net\/index.php\/2011\/06\/07\/korede-olen-bir-yedek-subayimizin-menderese-soyledikleri\/\" \/>\n<meta property=\"og:site_name\" content=\"narteks.net\" \/>\n<meta property=\"article:published_time\" content=\"2011-06-07T08:34:18+00:00\" \/>\n<meta property=\"og:image\" content=\"https:\/\/narteks.net\/wp-content\/uploads\/narteks.png\" \/>\n\t<meta property=\"og:image:width\" content=\"300\" \/>\n\t<meta property=\"og:image:height\" content=\"90\" \/>\n\t<meta property=\"og:image:type\" content=\"image\/png\" \/>\n<meta name=\"author\" content=\"Tar\u0131k\" \/>\n<meta name=\"twitter:card\" content=\"summary_large_image\" \/>\n<meta name=\"twitter:creator\" content=\"@narteks\" \/>\n<meta name=\"twitter:site\" content=\"@narteks\" \/>\n<meta name=\"twitter:label1\" content=\"Yazan:\" \/>\n\t<meta name=\"twitter:data1\" content=\"Tar\u0131k\" \/>\n\t<meta name=\"twitter:label2\" content=\"Tahmini okuma s\u00fcresi\" \/>\n\t<meta name=\"twitter:data2\" content=\"1 dakika\" \/>\n<script type=\"application\/ld+json\" class=\"yoast-schema-graph\">{\"@context\":\"https:\/\/schema.org\",\"@graph\":[{\"@type\":\"Article\",\"@id\":\"https:\/\/narteks.net\/index.php\/2011\/06\/07\/korede-olen-bir-yedek-subayimizin-menderese-soyledikleri\/#article\",\"isPartOf\":{\"@id\":\"https:\/\/narteks.net\/index.php\/2011\/06\/07\/korede-olen-bir-yedek-subayimizin-menderese-soyledikleri\/\"},\"author\":{\"name\":\"Tar\u0131k\",\"@id\":\"https:\/\/narteks.net\/#\/schema\/person\/61f37d9834294b72d31d274e7ed79bca\"},\"headline\":\"KORE&#8217;DE \u00d6LEN B\u0130R YEDEK SUBAYIMIZIN MENDERES&#8217;E S\u00d6YLED\u0130KLER\u0130\",\"datePublished\":\"2011-06-07T08:34:18+00:00\",\"mainEntityOfPage\":{\"@id\":\"https:\/\/narteks.net\/index.php\/2011\/06\/07\/korede-olen-bir-yedek-subayimizin-menderese-soyledikleri\/\"},\"wordCount\":267,\"commentCount\":0,\"publisher\":{\"@id\":\"https:\/\/narteks.net\/#organization\"},\"articleSection\":[\"Naz\u0131m H\u0130KMET RAN\"],\"inLanguage\":\"tr\",\"potentialAction\":[{\"@type\":\"CommentAction\",\"name\":\"Comment\",\"target\":[\"https:\/\/narteks.net\/index.php\/2011\/06\/07\/korede-olen-bir-yedek-subayimizin-menderese-soyledikleri\/#respond\"]}]},{\"@type\":\"WebPage\",\"@id\":\"https:\/\/narteks.net\/index.php\/2011\/06\/07\/korede-olen-bir-yedek-subayimizin-menderese-soyledikleri\/\",\"url\":\"https:\/\/narteks.net\/index.php\/2011\/06\/07\/korede-olen-bir-yedek-subayimizin-menderese-soyledikleri\/\",\"name\":\"KORE'DE \u00d6LEN B\u0130R YEDEK SUBAYIMIZIN MENDERES'E S\u00d6YLED\u0130KLER\u0130 - narteks.net\",\"isPartOf\":{\"@id\":\"https:\/\/narteks.net\/#website\"},\"datePublished\":\"2011-06-07T08:34:18+00:00\",\"breadcrumb\":{\"@id\":\"https:\/\/narteks.net\/index.php\/2011\/06\/07\/korede-olen-bir-yedek-subayimizin-menderese-soyledikleri\/#breadcrumb\"},\"inLanguage\":\"tr\",\"potentialAction\":[{\"@type\":\"ReadAction\",\"target\":[\"https:\/\/narteks.net\/index.php\/2011\/06\/07\/korede-olen-bir-yedek-subayimizin-menderese-soyledikleri\/\"]}]},{\"@type\":\"BreadcrumbList\",\"@id\":\"https:\/\/narteks.net\/index.php\/2011\/06\/07\/korede-olen-bir-yedek-subayimizin-menderese-soyledikleri\/#breadcrumb\",\"itemListElement\":[{\"@type\":\"ListItem\",\"position\":1,\"name\":\"Anasayfa\",\"item\":\"https:\/\/narteks.net\/\"},{\"@type\":\"ListItem\",\"position\":2,\"name\":\"KORE&#8217;DE \u00d6LEN B\u0130R YEDEK SUBAYIMIZIN MENDERES&#8217;E S\u00d6YLED\u0130KLER\u0130\"}]},{\"@type\":\"WebSite\",\"@id\":\"https:\/\/narteks.net\/#website\",\"url\":\"https:\/\/narteks.net\/\",\"name\":\"narteks.net\",\"description\":\"K\u00fclt\u00fcr Sanat Edebiyat Felsefe\",\"publisher\":{\"@id\":\"https:\/\/narteks.net\/#organization\"},\"alternateName\":\"K\u00fclt\u00fcr Sanat Edebiyat Felsefe\",\"potentialAction\":[{\"@type\":\"SearchAction\",\"target\":{\"@type\":\"EntryPoint\",\"urlTemplate\":\"https:\/\/narteks.net\/?s={search_term_string}\"},\"query-input\":{\"@type\":\"PropertyValueSpecification\",\"valueRequired\":true,\"valueName\":\"search_term_string\"}}],\"inLanguage\":\"tr\"},{\"@type\":\"Organization\",\"@id\":\"https:\/\/narteks.net\/#organization\",\"name\":\"narteks.net\",\"url\":\"https:\/\/narteks.net\/\",\"logo\":{\"@type\":\"ImageObject\",\"inLanguage\":\"tr\",\"@id\":\"https:\/\/narteks.net\/#\/schema\/logo\/image\/\",\"url\":\"https:\/\/narteks.net\/wp-content\/uploads\/narteks.png\",\"contentUrl\":\"https:\/\/narteks.net\/wp-content\/uploads\/narteks.png\",\"width\":300,\"height\":90,\"caption\":\"narteks.net\"},\"image\":{\"@id\":\"https:\/\/narteks.net\/#\/schema\/logo\/image\/\"},\"sameAs\":[\"https:\/\/x.com\/narteks\",\"https:\/\/instagram.com\/narteksnet\"]},{\"@type\":\"Person\",\"@id\":\"https:\/\/narteks.net\/#\/schema\/person\/61f37d9834294b72d31d274e7ed79bca\",\"name\":\"Tar\u0131k\",\"image\":{\"@type\":\"ImageObject\",\"inLanguage\":\"tr\",\"@id\":\"https:\/\/narteks.net\/#\/schema\/person\/image\/\",\"url\":\"https:\/\/secure.gravatar.com\/avatar\/50865afb55632c4ae467e0af0930f6510aa2297d8014be502a55b14f3b7550cf?s=96&d=mm&r=g\",\"contentUrl\":\"https:\/\/secure.gravatar.com\/avatar\/50865afb55632c4ae467e0af0930f6510aa2297d8014be502a55b14f3b7550cf?s=96&d=mm&r=g\",\"caption\":\"Tar\u0131k\"},\"sameAs\":[\"http:\/\/narteks.net\"],\"url\":\"https:\/\/narteks.net\/index.php\/author\/narbak\/\"}]}<\/script>\n<!-- \/ Yoast SEO Premium plugin. -->","yoast_head_json":{"title":"KORE'DE \u00d6LEN B\u0130R YEDEK SUBAYIMIZIN MENDERES'E S\u00d6YLED\u0130KLER\u0130 - narteks.net","robots":{"index":"index","follow":"follow","max-snippet":"max-snippet:-1","max-image-preview":"max-image-preview:large","max-video-preview":"max-video-preview:-1"},"canonical":"https:\/\/narteks.net\/index.php\/2011\/06\/07\/korede-olen-bir-yedek-subayimizin-menderese-soyledikleri\/","og_locale":"tr_TR","og_type":"article","og_title":"KORE'DE \u00d6LEN B\u0130R YEDEK SUBAYIMIZIN MENDERES'E S\u00d6YLED\u0130KLER\u0130","og_description":"\u00a0 D\u0130YET G\u00f6zlerinizin ikisi de yerinde, Adnan Bey, iki g\u00f6z\u00fcn\u00fczle bakars\u0131n\u0131z, iki kurnaz, iki hay\u0131n, ve zeytini ya\u011fl\u0131 iki g\u00f6z\u00fcn\u00fczle bakars\u0131n\u0131z k\u00fcrs\u00fcden Meclis&#8217;e kibirli kibirli ve topraklar\u0131na \u00e7iftliklerinizin ve \u00e7ek defterinize. Ellerinizin ikisi de yerinde, Adnan Bey, iki elinizle ok\u015fars\u0131n\u0131z, iki tombul, iki ak, v\u0131c\u0131k v\u0131c\u0131k terli iki elinizle ok\u015fars\u0131n\u0131z pomadal\u0131 sa\u00e7lar\u0131n\u0131z\u0131, d\u00f6vizlerinizi, ve memelerini [&hellip;]","og_url":"https:\/\/narteks.net\/index.php\/2011\/06\/07\/korede-olen-bir-yedek-subayimizin-menderese-soyledikleri\/","og_site_name":"narteks.net","article_published_time":"2011-06-07T08:34:18+00:00","og_image":[{"width":300,"height":90,"url":"https:\/\/narteks.net\/wp-content\/uploads\/narteks.png","type":"image\/png"}],"author":"Tar\u0131k","twitter_card":"summary_large_image","twitter_creator":"@narteks","twitter_site":"@narteks","twitter_misc":{"Yazan:":"Tar\u0131k","Tahmini okuma s\u00fcresi":"1 dakika"},"schema":{"@context":"https:\/\/schema.org","@graph":[{"@type":"Article","@id":"https:\/\/narteks.net\/index.php\/2011\/06\/07\/korede-olen-bir-yedek-subayimizin-menderese-soyledikleri\/#article","isPartOf":{"@id":"https:\/\/narteks.net\/index.php\/2011\/06\/07\/korede-olen-bir-yedek-subayimizin-menderese-soyledikleri\/"},"author":{"name":"Tar\u0131k","@id":"https:\/\/narteks.net\/#\/schema\/person\/61f37d9834294b72d31d274e7ed79bca"},"headline":"KORE&#8217;DE \u00d6LEN B\u0130R YEDEK SUBAYIMIZIN MENDERES&#8217;E S\u00d6YLED\u0130KLER\u0130","datePublished":"2011-06-07T08:34:18+00:00","mainEntityOfPage":{"@id":"https:\/\/narteks.net\/index.php\/2011\/06\/07\/korede-olen-bir-yedek-subayimizin-menderese-soyledikleri\/"},"wordCount":267,"commentCount":0,"publisher":{"@id":"https:\/\/narteks.net\/#organization"},"articleSection":["Naz\u0131m H\u0130KMET RAN"],"inLanguage":"tr","potentialAction":[{"@type":"CommentAction","name":"Comment","target":["https:\/\/narteks.net\/index.php\/2011\/06\/07\/korede-olen-bir-yedek-subayimizin-menderese-soyledikleri\/#respond"]}]},{"@type":"WebPage","@id":"https:\/\/narteks.net\/index.php\/2011\/06\/07\/korede-olen-bir-yedek-subayimizin-menderese-soyledikleri\/","url":"https:\/\/narteks.net\/index.php\/2011\/06\/07\/korede-olen-bir-yedek-subayimizin-menderese-soyledikleri\/","name":"KORE'DE \u00d6LEN B\u0130R YEDEK SUBAYIMIZIN MENDERES'E S\u00d6YLED\u0130KLER\u0130 - narteks.net","isPartOf":{"@id":"https:\/\/narteks.net\/#website"},"datePublished":"2011-06-07T08:34:18+00:00","breadcrumb":{"@id":"https:\/\/narteks.net\/index.php\/2011\/06\/07\/korede-olen-bir-yedek-subayimizin-menderese-soyledikleri\/#breadcrumb"},"inLanguage":"tr","potentialAction":[{"@type":"ReadAction","target":["https:\/\/narteks.net\/index.php\/2011\/06\/07\/korede-olen-bir-yedek-subayimizin-menderese-soyledikleri\/"]}]},{"@type":"BreadcrumbList","@id":"https:\/\/narteks.net\/index.php\/2011\/06\/07\/korede-olen-bir-yedek-subayimizin-menderese-soyledikleri\/#breadcrumb","itemListElement":[{"@type":"ListItem","position":1,"name":"Anasayfa","item":"https:\/\/narteks.net\/"},{"@type":"ListItem","position":2,"name":"KORE&#8217;DE \u00d6LEN B\u0130R YEDEK SUBAYIMIZIN MENDERES&#8217;E S\u00d6YLED\u0130KLER\u0130"}]},{"@type":"WebSite","@id":"https:\/\/narteks.net\/#website","url":"https:\/\/narteks.net\/","name":"narteks.net","description":"K\u00fclt\u00fcr Sanat Edebiyat Felsefe","publisher":{"@id":"https:\/\/narteks.net\/#organization"},"alternateName":"K\u00fclt\u00fcr Sanat Edebiyat Felsefe","potentialAction":[{"@type":"SearchAction","target":{"@type":"EntryPoint","urlTemplate":"https:\/\/narteks.net\/?s={search_term_string}"},"query-input":{"@type":"PropertyValueSpecification","valueRequired":true,"valueName":"search_term_string"}}],"inLanguage":"tr"},{"@type":"Organization","@id":"https:\/\/narteks.net\/#organization","name":"narteks.net","url":"https:\/\/narteks.net\/","logo":{"@type":"ImageObject","inLanguage":"tr","@id":"https:\/\/narteks.net\/#\/schema\/logo\/image\/","url":"https:\/\/narteks.net\/wp-content\/uploads\/narteks.png","contentUrl":"https:\/\/narteks.net\/wp-content\/uploads\/narteks.png","width":300,"height":90,"caption":"narteks.net"},"image":{"@id":"https:\/\/narteks.net\/#\/schema\/logo\/image\/"},"sameAs":["https:\/\/x.com\/narteks","https:\/\/instagram.com\/narteksnet"]},{"@type":"Person","@id":"https:\/\/narteks.net\/#\/schema\/person\/61f37d9834294b72d31d274e7ed79bca","name":"Tar\u0131k","image":{"@type":"ImageObject","inLanguage":"tr","@id":"https:\/\/narteks.net\/#\/schema\/person\/image\/","url":"https:\/\/secure.gravatar.com\/avatar\/50865afb55632c4ae467e0af0930f6510aa2297d8014be502a55b14f3b7550cf?s=96&d=mm&r=g","contentUrl":"https:\/\/secure.gravatar.com\/avatar\/50865afb55632c4ae467e0af0930f6510aa2297d8014be502a55b14f3b7550cf?s=96&d=mm&r=g","caption":"Tar\u0131k"},"sameAs":["http:\/\/narteks.net"],"url":"https:\/\/narteks.net\/index.php\/author\/narbak\/"}]}},"_links":{"self":[{"href":"https:\/\/narteks.net\/index.php\/wp-json\/wp\/v2\/posts\/6380","targetHints":{"allow":["GET"]}}],"collection":[{"href":"https:\/\/narteks.net\/index.php\/wp-json\/wp\/v2\/posts"}],"about":[{"href":"https:\/\/narteks.net\/index.php\/wp-json\/wp\/v2\/types\/post"}],"author":[{"embeddable":true,"href":"https:\/\/narteks.net\/index.php\/wp-json\/wp\/v2\/users\/1"}],"replies":[{"embeddable":true,"href":"https:\/\/narteks.net\/index.php\/wp-json\/wp\/v2\/comments?post=6380"}],"version-history":[{"count":0,"href":"https:\/\/narteks.net\/index.php\/wp-json\/wp\/v2\/posts\/6380\/revisions"}],"wp:attachment":[{"href":"https:\/\/narteks.net\/index.php\/wp-json\/wp\/v2\/media?parent=6380"}],"wp:term":[{"taxonomy":"category","embeddable":true,"href":"https:\/\/narteks.net\/index.php\/wp-json\/wp\/v2\/categories?post=6380"},{"taxonomy":"post_tag","embeddable":true,"href":"https:\/\/narteks.net\/index.php\/wp-json\/wp\/v2\/tags?post=6380"}],"curies":[{"name":"wp","href":"https:\/\/api.w.org\/{rel}","templated":true}]}}