{"id":6381,"date":"2011-06-07T11:35:24","date_gmt":"2011-06-07T08:35:24","guid":{"rendered":"http:\/\/localhost\/wordpress\/2011\/06\/07\/kuvayi-milliye-altinci-bap\/"},"modified":"2011-06-07T11:35:24","modified_gmt":"2011-06-07T08:35:24","slug":"kuvayi-milliye-altinci-bap","status":"publish","type":"post","link":"https:\/\/narteks.net\/index.php\/2011\/06\/07\/kuvayi-milliye-altinci-bap\/","title":{"rendered":"KUV\u00c2Y\u0130 M\u0130LL\u0130YE &#8211; ALTINCI BAP"},"content":{"rendered":"<p>MUHAREBELER ve D\u00dc\u015eMAN EL\u0130NDE KALANLAR ve KARTALLI K\u00c2ZIM&#8217;IN H\u0130K\u00c2YES\u0130<\/p>\n<p>\u0130n\u00f6n\u00fc meydan\u0131, yavrum, <br \/> r\u00fczg\u00e2r, <br \/> so\u011fuklar insan\u0131 ar\u0131 gibi ha\u015fl\u0131yor. <br \/> Zemheriler bitti diyelim, <br \/> hamsin ya ba\u015flad\u0131, ya ba\u015fl\u0131yor. <br \/> Muharebe be\u015f g\u00fcn be\u015f gece s\u00fcrd\u00fc. <br \/> Kan g\u00f6vdeyi g\u00f6t\u00fcrd\u00fc. <br \/> Ve nihayetinde <br \/> d\u00fc\u015fmanlar kar\u0131n \u00fcst\u00fcnde <br \/> top arabalar\u0131, sand\u0131klar dolusu konyak, <br \/> alt\u0131 kamyon b\u0131rakt\u0131lar. <br \/> Sonra, ka\u00e7arlarken, yavrum, <br \/> k\u00f6yleri, k\u00f6pr\u00fcleri yakt\u0131lar&#8230;<\/p>\n<p>Bu, Birinci \u0130n\u00f6n\u00fc, <br \/> sonra ikincisi : <br \/> 23 Mart 1921 g\u00fcn\u00fc <br \/> d\u00fc\u015fman\u0131n Bursa ve U\u015fak gruplar\u0131 \u00fcst\u00fcm\u00fcze y\u00fcr\u00fcyor. <br \/> Onlarda, top\u00e7u ve piyade <br \/> bizden \u00fc\u00e7 kere fazla, <br \/> bizim atl\u0131m\u0131z \u00e7ok. <br \/> Atlar\u0131n makanizmas\u0131, <br \/> hartucu, <br \/> namlusu yoktur <br \/> ve k\u0131l\u0131\u00e7 <br \/> \u00e7\u0131plak, ucuz bir demirdir. <br \/> 26 Mart : <br \/> Ak\u015fam. <br \/> Sa\u011f cenah ilerimize yana\u015ft\u0131lar. <br \/> 27 Mart : <br \/> B\u00fct\u00fcn cephelerde temas. <br \/> 28, 29, 30 : <br \/> Kavgaya devam. <br \/> Ve Mart\u0131n 31&#8217;inci gecesinde, <br \/> (ay\u0131\u015f\u0131\u011f\u0131 var m\u0131yd\u0131 bilmiyorum) <br \/> \u0130n\u00f6n\u00fc karanl\u0131\u011f\u0131 sesler ve k\u0131v\u0131lc\u0131mlarla doluydu. <br \/> Ve ertesi g\u00fcn <br \/> 1 Nisan : <br \/> Metristepe ayd\u0131nlan\u0131yor. <br \/> Saat alt\u0131 otuz. <br \/> Boz\u00f6y\u00fck yan\u0131yor. <br \/> D\u00fc\u015fman muharebe meydan\u0131n\u0131 sil\u00e2hlar\u0131m\u0131za terketmi\u015ftir.<\/p>\n<p>Sonra, 8 Nisandan 11 Nisana kadar : <br \/> Dumlup\u0131nar.<\/p>\n<p>Sonra, Haziran. <br \/> Bir yaz gecesi. <br \/> D\u00fcnyada yaln\u0131z p\u0131r\u0131lt\u0131lar <br \/> ve b\u00f6ceklerin sesi. <br \/> Sakarya&#8217;y\u0131 \u00fc\u00e7 yerinden sallarla ge\u00e7iyoruz. <br \/> Basarak ald\u0131k <br \/> Adapazar\u0131&#8217;n\u0131. <br \/> Ve dola\u015f\u0131p Sapanca G\u00f6l\u00fc&#8217;n\u00fcn sazl\u0131klar\u0131n\u0131 <br \/> yana\u015ft\u0131k \u0130zmit&#8217;in do\u011fusunda \u00e7uha fabrikas\u0131na. <br \/> D\u00fc\u015fman, <br \/> k\u0131smen gemilere binerek <br \/> denizden <br \/> ve k\u0131smen <br \/> Karam\u00fcrsel \u00fczerinden <br \/> Bursa&#8217;ya \u00e7ekilip <br \/> bo\u015faltt\u0131 \u0130zmit \u015fehrini gece yar\u0131s\u0131.<\/p>\n<p>Sonra 23 A\u011fustos : <br \/> Sakarya melhamei k\u00fcbr\u00e2s\u0131 ki <br \/> devam\u0131 13 Eyl\u00fcl g\u00fcn\u00fcne kadard\u0131r. <br \/> Bizim k\u0131rk bin piyademiz, <br \/> d\u00f6rt bin be\u015f y\u00fcz atl\u0131m\u0131z, <br \/> d\u00fc\u015fman\u0131n seksen sekiz bin piyadesi, <br \/> \u00fc\u00e7 y\u00fcz topu vard\u0131r. <br \/> Harp meydan\u0131n\u0131n kuzey yan\u0131 <br \/> Sakarya <br \/> ve da\u011flard\u0131r : <br \/> keskin <br \/> ve dik yama\u00e7lar\u0131yla <br \/> ve kire\u00e7li topraklar\u0131 <br \/> ve kayalar\u0131nda tek ba\u015flar\u0131na birbirinden uzak <br \/> ha\u015fin <br \/> ve m\u00fcnzevi \u00e7am a\u011fa\u00e7lar\u0131yla <br \/> Abd\u00fclsel\u00e2m-da\u011f\u0131, <br \/> G\u00f6kler-da\u011f\u0131, <br \/> da\u011flar.<\/p>\n<p>Ve Sakarya&#8217;dan bu havalide <br \/> yaln\u0131z, \u00e7atal t\u0131rnakl\u0131 karacalar su i\u00e7mektedir. <br \/> Ankara suyunun d\u00f6k\u00fcld\u00fc\u011f\u00fc yerden <br \/> Eski\u015fehir kuzeybat\u0131s\u0131na kadar <br \/> Sakarya mecras\u0131 u\u00e7urumlar i\u00e7inden ge\u00e7mektedir. <br \/> G\u00fcneyde <br \/> ve g\u00fcneydo\u011fuda <br \/> yapraks\u0131z ve hazin <br \/> geni\u015f ve uzun <br \/> ve insana b\u0131rakt\u0131\u011f\u0131 hi\u00e7bir \u015feye ac\u0131madan <br \/> \u00f6lmek arzusu veren <br \/> Cihanbeyli ovas\u0131 : <br \/> \u00e7\u00f6l&#8230; <br \/> Bu \u00e7\u00f6l\u00fcn, <br \/> bu da\u011flar\u0131n, <br \/> bu nehrin ve bizim \u00f6n\u00fcm\u00fczde <br \/> yirmi iki g\u00fcn ve gece fas\u0131las\u0131z d\u00f6v\u00fc\u015f\u00fcp <br \/> d\u00fc\u015fman ordusu ric&#8217;ata mecbur kald\u0131.<\/p>\n<p>Buna ra\u011fmen : <br \/> Sene 1922 <br \/> ve 15 vil\u00e2yet ve sancak <br \/> ve 9 b\u00fcy\u00fck \u015fehir <br \/> d\u00fc\u015fman elindedir. <br \/> \u0130nan\u0131lmaz \u015feyler d\u00fc\u015fmandad\u0131r ki <br \/> bunlar\u0131n aras\u0131nda : <br \/> 7 g\u00f6l, 11 nehir <br \/> ve k\u00f6klerinde baltam\u0131z\u0131n yaras\u0131 <br \/> ve yang\u0131nlar\u0131yla bizim olan <br \/> y\u00fcz kere y\u00fcz bin d\u00f6n\u00fcm orman, <br \/> bir tersane, iki sil\u00e2h fabrikas\u0131, <br \/> ve 19 k\u00f6rfez ve liman ki <br \/> belki bir\u00e7o\u011funun <br \/> r\u0131ht\u0131m\u0131, <br \/> mendire\u011fi, <br \/> k\u0131rm\u0131z\u0131, ye\u015fil fenerleri yoktur <br \/> ve belki sular\u0131nda <br \/> ate\u015f kay\u0131klar\u0131n\u0131n \u0131\u015f\u0131lt\u0131s\u0131ndan ba\u015fka \u0131\u015f\u0131k yanmad\u0131, <br \/> fakat onlar <br \/> tahta iskeleleri ve kederli bal\u0131k\u00e7\u0131lar\u0131yla bizimdiler. <br \/> Sonra, 3 deniz, <br \/> 6 kol tren hatt\u0131, <br \/> sonra, g\u00f6z alabildi\u011fine yol : <br \/> s\u0131laya gitti\u011fimiz, <br \/> gurbette g\u00f6r\u00fcnd\u00fc\u011f\u00fcm\u00fcz <br \/> ve neden <br \/> ve ni\u00e7in oldu\u011funu sormadan <br \/> \u00e7\u00f6le, \u00c7anakkale&#8217;ye, <br \/> \u00f6l\u00fcme gitti\u011fimiz yol <br \/> ve sonra toprak <br \/> ve o topra\u011f\u0131n insanlar\u0131 : <br \/> U\u015fak tezg\u00e2hlar\u0131n\u0131n hal\u0131 dokuyanlar\u0131, <br \/> klaptan i\u015flemeli e\u011ferleriyle me\u015fhur <br \/> Manisa&#8217;l\u0131 sara\u00e7lar, <br \/> yol k\u0131y\u0131lar\u0131nda ve istasyonlarda a\u00e7lar <br \/> ve kurnaz <br \/> ve cesur <br \/> ve a\u011f\u0131rba\u015fl\u0131 ve \u00e7apk\u0131n <br \/> ve k\u00fctleleriyle delikanl\u0131 <br \/> \u0130stanbul ve \u0130zmir i\u015f\u00e7ileri <br \/> ve zahire ve kantariye t\u00e2cirleriyle e\u015fraf ve \u00e2y\u00e2n, <br \/> k\u0131l \u00e7ad\u0131rl\u0131 y\u00fcr\u00fckleri Ayd\u0131n&#8217;\u0131n, <br \/> ve sonra, \u0131rgat, <br \/> ortak\u00e7\u0131, <br \/> maraba, <br \/> davarl\u0131 ve davars\u0131z, <br \/> yar\u0131m me\u015fin \u00e7izmeli <br \/> ve ham \u00e7ar\u0131kl\u0131 k\u00f6yl\u00fcler. <br \/> 15 vil\u00e2yet ve sancak <br \/> ve 9 b\u00fcy\u00fck \u015fehir <br \/> d\u00fc\u015fman elindedir.<\/p>\n<p>Mehtapl\u0131 bir gece, <br \/> g\u00fcm\u00fc\u015f bir kutunun i\u00e7indesin : <br \/> ortal\u0131k \u00f6yle bir tuhaf ayd\u0131nl\u0131k, \u00f6yle \u0131ss\u0131z. <br \/> Ya \u00e7ok seslidir <br \/> ya hi\u00e7 ses vermez mehtapl\u0131 gece zaten.<\/p>\n<p>Yat\u0131yor filintas\u0131n\u0131n arkas\u0131nda Kartall\u0131 K\u00e2z\u0131m. <br \/> K\u0131z gibi Osmanl\u0131 filintas\u0131. <br \/> Parl\u0131yor arpac\u0131k <br \/> naml\u0131n\u0131n ucunda : <br \/> y\u00fcz y\u0131ll\u0131k yoldaym\u0131\u015f gibi uzak <br \/> ve bir damlac\u0131k.<\/p>\n<p>K\u00e2z\u0131m emir ald\u0131 merkezden : <br \/> Gebze&#8217;deki \u0130ngiliz&#8217;in terc\u00fcman\u0131 vurulacak. <br \/> K\u00f6ylerde te\u015fkil\u00e2t kurmu\u015f terc\u00fcman Mansur : <br \/> sat\u0131yor bizimkileri.<\/p>\n<p>K\u00e2z\u0131m iyi hesaplam\u0131\u015f herifin ge\u00e7ece\u011fi yeri. <br \/> \u0130\u015fte s\u00f6k\u00fcn etti Mansur kar\u015f\u0131dan : <br \/> beygirin \u00fczerinde. <br \/> Beygir y\u00fcksek, <br \/> \u0130ngiliz kadanas\u0131. <br \/> Kendi halinde y\u00fcr\u00fcyor hayvan <br \/> ortas\u0131nda demiryolunun <br \/> sallana sallana, <br \/> a\u011f\u0131r a\u011f\u0131r. <br \/> Terc\u00fcman herhalde b\u0131rakm\u0131\u015f dizginleri, <br \/> ba\u015f\u0131 sallan\u0131yor, <br \/> belki de uyuyor \u00fczerinde beygirin.<\/p>\n<p>Yakla\u015ft\u0131k\u00e7a b\u00fcy\u00fcyor herif. <br \/> Zaten mehtapta heybetli g\u00f6r\u00fcn\u00fcr insan.<\/p>\n<p>Arada kald\u0131 kalmad\u0131 d\u00f6rt y\u00fcz ad\u0131m, <br \/> naml\u0131y\u0131 kald\u0131rd\u0131 birazc\u0131k K\u00e2z\u0131m, <br \/> ni\u015fan ald\u0131 sallanan ba\u015f\u0131na Mansur&#8217;un. <br \/> Soldaki yama\u00e7tan bir ta\u015f par\u00e7as\u0131 d\u00fc\u015ft\u00fc. <br \/> Bir ku\u015f u\u00e7tu sa\u011fdaki a\u011fa\u00e7tan, <br \/> -a\u011fa\u00e7 \u00e7\u0131nar-. <br \/> Ku\u015f \u00fcrkm\u00fc\u015f olacak. <br \/> \u00c7evrildi K\u00e2z\u0131m&#8217;\u0131n ba\u015f\u0131 ku\u015fun u\u00e7tu\u011fu yana, <br \/> mehtapla y\u00fcz y\u00fcze geldiler. <br \/> Mehtap koskocaman, <br \/> desde\u011firmi, <br \/> bembeyaz. <br \/> Ve K\u00e2z\u0131m&#8217;\u0131n g\u00f6z\u00fcn\u00fc ald\u0131 \u00e2deta. <br \/> Zaten bu y\u00fczden, <br \/> tekrar g\u00f6z, gez, arpac\u0131k <br \/> ve filintay\u0131 ate\u015fledi\u011fi zaman <br \/> ilk kur\u015fun Mansur&#8217;un ba\u015f\u0131n\u0131 delecek yerde <br \/> galiba omuzuna girdi. <br \/> Herif\u00a0 \u00abH\u0131nk\u00bb dedi bir, <br \/> beygirin ba\u015f\u0131n\u0131 \u00e7evirdi <br \/> d\u00f6rtnal ka\u00e7\u0131yor. <br \/> Yeti\u015ftirdi ikinci kur\u015funu K\u00e2z\u0131m. <br \/> Beygirin \u00fcst\u00fcnde sola y\u0131k\u0131ld\u0131 Mansur. <br \/> \u00dc\u00e7\u00fcnc\u00fc kur\u015fun. <br \/> Terc\u00fcman d\u00fc\u015ft\u00fc beygirden. <br \/> Fakat bir aya\u011f\u0131 \u00fczengiye tak\u0131l\u0131 kalm\u0131\u015f, <br \/> s\u00fcr\u00fcklendi ka\u00e7an hayvan\u0131n pe\u015finde biraz, <br \/> sonra kurtuldu ki aya\u011f\u0131 <br \/> y\u0131k\u0131l\u0131p kald\u0131 oldu\u011fu yerde. <br \/> Yamaca sard\u0131 beygir. <br \/> Kalkt\u0131 K\u00e2z\u0131m, <br \/> y\u00fcr\u00fcd\u00fc Mansur&#8217;a do\u011fru, <br \/> \u00fczerinden k\u00e2atlar\u0131 alacak. <br \/> Arada d\u00f6rt telgraf dire\u011fi yaln\u0131z, <br \/> elli\u015ferden iki y\u00fcz metre eder. <br \/> Mansur do\u011fruldu ans\u0131z\u0131n, <br \/> ka\u00e7\u0131yor bay\u0131r a\u015fa\u011f\u0131. <br \/> Filintay\u0131 omuzlad\u0131 K\u00e2z\u0131m. <br \/> D\u00f6rd\u00fcnc\u00fc kur\u015fun. <br \/> Y\u0131k\u0131ld\u0131 herif. <br \/> Ko\u015ftu K\u00e2z\u0131m. <br \/> Do\u011fruldu yine Mansur. <br \/> Y\u00fcr\u00fcyor sarho\u015f gibi sallanarak, <br \/> ka\u00e7m\u0131yor art\u0131k, <br \/> y\u00fcr\u00fcyor. <br \/> K\u00e2z\u0131m da b\u0131rakt\u0131 ko\u015fmay\u0131. <br \/> Deniz k\u0131y\u0131s\u0131na indiler. <br \/> Orda bo\u015f bir fabrika var, <br \/> bir de beyaz bir ev, <br \/> tahta iskelesi iner denizin i\u00e7ine kadar. <br \/> Mansur suya giriyor, <br \/> k\u00e2atlar \u0131slanacak. <br \/> Be\u015finci kur\u015funu yakt\u0131 K\u00e2z\u0131m. <br \/> Suya d\u00fc\u015f\u00fcp kald\u0131 \u00f6nde giden <br \/> ve K\u00e2z\u0131m tazelerken \u015farj\u00f6r\u00fc <br \/> bir \u0131\u015f\u0131k yand\u0131 beyaz evde, <br \/> bir pencere a\u00e7\u0131ld\u0131. <br \/> Galiba bir kad\u0131n bakt\u0131 d\u0131\u015far\u0131ya.. <br \/> Bo\u011fazlan\u0131yormu\u015f gibi ba\u011f\u0131rd\u0131 Mansur. <br \/> Pencere kapand\u0131, <br \/> \u0131\u015f\u0131k s\u00f6nd\u00fc. <br \/> Terc\u00fcman att\u0131 kendini tahta iskeleye. <br \/> Art ayaklar\u0131 k\u0131r\u0131lm\u0131\u015f bir hayvan gibi s\u00fcr\u00fcn\u00fcp t\u0131rman\u0131yor. <br \/> Hay anas\u0131n\u0131, <br \/> ay da denize d\u00fc\u015fm\u00fc\u015f <br \/> toplan\u0131p da\u011f\u0131l\u0131yor, <br \/> da\u011f\u0131l\u0131p toplan\u0131yor. <br \/> Velhas\u0131l, <br \/> l\u00e2f\u0131 uzatm\u0131yal\u0131m, <br \/> Mansur&#8217;un i\u015fini b\u0131\u00e7akla bitirdi K\u00e2z\u0131m. <br \/> K\u00e2atlar kan i\u00e7indeydi. <br \/> Fakat kan kapatm\u0131yor yaz\u0131y\u0131&#8230;<\/p>\n<p>Namussuzun biriydi Mansur, <br \/> muhakkak. <br \/> D\u00fc\u015fmana sat\u0131lm\u0131\u015ft\u0131, <br \/> oras\u0131 \u00f6yle. <br \/> Ka\u00e7 ki\u015finin ba\u015f\u0131n\u0131 yedi, <br \/> mal\u00fbm. <br \/> Ama ne de olsa <br \/> mehtapta herif beygirin \u00fczerinde uyumu\u015f geliyordu. <br \/> Demek istedi\u011fim, <br \/> b\u00f6yle g\u00fcnlerde bile, b\u00f6yle bir adam\u0131 bile bu \u00e7e\u015fit \u00f6ld\u00fcr\u00fcp <br \/> ortal\u0131k duruldukta, y\u0131llarca sonra mehtaba bakt\u0131\u011f\u0131n vakit <br \/> \u00fcz\u00fcnt\u00fc \u00e7ekmemek i\u00e7in, <br \/> ya insanlarda y\u00fcrek dedi\u011fin ta\u015ftan olacak, <br \/> yahut da deh\u015fetli namuslu olacak y\u00fcre\u011fin, <br \/> K\u00e2z\u0131m&#8217;\u0131nki ta\u015ftan de\u011fildi \u00e7ok \u015f\u00fck\u00fcr, <br \/> fakat namuslu. <br \/> Ne mal\u00fbm? dersen : <br \/> D\u00f6v\u00fc\u015ft\u00fc pir a\u015fk\u0131na, <br \/> yaraland\u0131 birka\u00e7 kere <br \/> ve saire. <br \/> Ve kavga bitti\u011fi zaman <br \/> ne \u00e7iftlik sahibi oldu, ne apart\u0131man. <br \/> Kavgadan \u00f6nce Kartal&#8217;da bah\u00e7\u0131vand\u0131, <br \/> kavgadan sonra Kartal&#8217;da bah\u00e7\u0131van&#8230;<\/p>\n<p>Naz\u0131m Hikmet RAN<\/p>\n","protected":false},"excerpt":{"rendered":"<p>MUHAREBELER ve D\u00dc\u015eMAN EL\u0130NDE KALANLAR ve KARTALLI K\u00c2ZIM&#8217;IN H\u0130K\u00c2YES\u0130 \u0130n\u00f6n\u00fc meydan\u0131, yavrum, r\u00fczg\u00e2r, so\u011fuklar insan\u0131 ar\u0131 gibi ha\u015fl\u0131yor. Zemheriler bitti diyelim, hamsin ya ba\u015flad\u0131, ya ba\u015fl\u0131yor. Muharebe be\u015f g\u00fcn be\u015f gece s\u00fcrd\u00fc. Kan g\u00f6vdeyi g\u00f6t\u00fcrd\u00fc. Ve nihayetinde d\u00fc\u015fmanlar kar\u0131n \u00fcst\u00fcnde top arabalar\u0131, sand\u0131klar dolusu konyak, alt\u0131 kamyon b\u0131rakt\u0131lar. Sonra, ka\u00e7arlarken, yavrum, k\u00f6yleri, k\u00f6pr\u00fcleri yakt\u0131lar&#8230; Bu, [&hellip;]<\/p>\n","protected":false},"author":1,"featured_media":0,"comment_status":"open","ping_status":"open","sticky":false,"template":"","format":"standard","meta":{"footnotes":""},"categories":[59],"tags":[],"class_list":{"0":"post-6381","1":"post","2":"type-post","3":"status-publish","4":"format-standard","6":"category-nazim-hikmet-ran"},"yoast_head":"<!-- This site is optimized with the Yoast SEO Premium plugin v24.9 (Yoast SEO v24.9) - https:\/\/yoast.com\/wordpress\/plugins\/seo\/ -->\n<title>KUV\u00c2Y\u0130 M\u0130LL\u0130YE - ALTINCI BAP - narteks.net<\/title>\n<meta name=\"robots\" content=\"index, follow, max-snippet:-1, max-image-preview:large, max-video-preview:-1\" \/>\n<link rel=\"canonical\" href=\"https:\/\/narteks.net\/index.php\/2011\/06\/07\/kuvayi-milliye-altinci-bap\/\" \/>\n<meta property=\"og:locale\" content=\"tr_TR\" \/>\n<meta property=\"og:type\" content=\"article\" \/>\n<meta property=\"og:title\" content=\"KUV\u00c2Y\u0130 M\u0130LL\u0130YE - ALTINCI BAP\" \/>\n<meta property=\"og:description\" content=\"MUHAREBELER ve D\u00dc\u015eMAN EL\u0130NDE KALANLAR ve KARTALLI K\u00c2ZIM&#8217;IN H\u0130K\u00c2YES\u0130 \u0130n\u00f6n\u00fc meydan\u0131, yavrum, r\u00fczg\u00e2r, so\u011fuklar insan\u0131 ar\u0131 gibi ha\u015fl\u0131yor. Zemheriler bitti diyelim, hamsin ya ba\u015flad\u0131, ya ba\u015fl\u0131yor. Muharebe be\u015f g\u00fcn be\u015f gece s\u00fcrd\u00fc. Kan g\u00f6vdeyi g\u00f6t\u00fcrd\u00fc. Ve nihayetinde d\u00fc\u015fmanlar kar\u0131n \u00fcst\u00fcnde top arabalar\u0131, sand\u0131klar dolusu konyak, alt\u0131 kamyon b\u0131rakt\u0131lar. Sonra, ka\u00e7arlarken, yavrum, k\u00f6yleri, k\u00f6pr\u00fcleri yakt\u0131lar&#8230; Bu, [&hellip;]\" \/>\n<meta property=\"og:url\" content=\"https:\/\/narteks.net\/index.php\/2011\/06\/07\/kuvayi-milliye-altinci-bap\/\" \/>\n<meta property=\"og:site_name\" content=\"narteks.net\" \/>\n<meta property=\"article:published_time\" content=\"2011-06-07T08:35:24+00:00\" \/>\n<meta property=\"og:image\" content=\"https:\/\/narteks.net\/wp-content\/uploads\/narteks.png\" \/>\n\t<meta property=\"og:image:width\" content=\"300\" \/>\n\t<meta property=\"og:image:height\" content=\"90\" \/>\n\t<meta property=\"og:image:type\" content=\"image\/png\" \/>\n<meta name=\"author\" content=\"Tar\u0131k\" \/>\n<meta name=\"twitter:card\" content=\"summary_large_image\" \/>\n<meta name=\"twitter:creator\" content=\"@narteks\" \/>\n<meta name=\"twitter:site\" content=\"@narteks\" \/>\n<meta name=\"twitter:label1\" content=\"Yazan:\" \/>\n\t<meta name=\"twitter:data1\" content=\"Tar\u0131k\" \/>\n\t<meta name=\"twitter:label2\" content=\"Tahmini okuma s\u00fcresi\" \/>\n\t<meta name=\"twitter:data2\" content=\"7 dakika\" \/>\n<script type=\"application\/ld+json\" class=\"yoast-schema-graph\">{\"@context\":\"https:\/\/schema.org\",\"@graph\":[{\"@type\":\"Article\",\"@id\":\"https:\/\/narteks.net\/index.php\/2011\/06\/07\/kuvayi-milliye-altinci-bap\/#article\",\"isPartOf\":{\"@id\":\"https:\/\/narteks.net\/index.php\/2011\/06\/07\/kuvayi-milliye-altinci-bap\/\"},\"author\":{\"name\":\"Tar\u0131k\",\"@id\":\"https:\/\/narteks.net\/#\/schema\/person\/61f37d9834294b72d31d274e7ed79bca\"},\"headline\":\"KUV\u00c2Y\u0130 M\u0130LL\u0130YE &#8211; ALTINCI BAP\",\"datePublished\":\"2011-06-07T08:35:24+00:00\",\"mainEntityOfPage\":{\"@id\":\"https:\/\/narteks.net\/index.php\/2011\/06\/07\/kuvayi-milliye-altinci-bap\/\"},\"wordCount\":1422,\"commentCount\":0,\"publisher\":{\"@id\":\"https:\/\/narteks.net\/#organization\"},\"articleSection\":[\"Naz\u0131m H\u0130KMET RAN\"],\"inLanguage\":\"tr\",\"potentialAction\":[{\"@type\":\"CommentAction\",\"name\":\"Comment\",\"target\":[\"https:\/\/narteks.net\/index.php\/2011\/06\/07\/kuvayi-milliye-altinci-bap\/#respond\"]}]},{\"@type\":\"WebPage\",\"@id\":\"https:\/\/narteks.net\/index.php\/2011\/06\/07\/kuvayi-milliye-altinci-bap\/\",\"url\":\"https:\/\/narteks.net\/index.php\/2011\/06\/07\/kuvayi-milliye-altinci-bap\/\",\"name\":\"KUV\u00c2Y\u0130 M\u0130LL\u0130YE - ALTINCI BAP - narteks.net\",\"isPartOf\":{\"@id\":\"https:\/\/narteks.net\/#website\"},\"datePublished\":\"2011-06-07T08:35:24+00:00\",\"breadcrumb\":{\"@id\":\"https:\/\/narteks.net\/index.php\/2011\/06\/07\/kuvayi-milliye-altinci-bap\/#breadcrumb\"},\"inLanguage\":\"tr\",\"potentialAction\":[{\"@type\":\"ReadAction\",\"target\":[\"https:\/\/narteks.net\/index.php\/2011\/06\/07\/kuvayi-milliye-altinci-bap\/\"]}]},{\"@type\":\"BreadcrumbList\",\"@id\":\"https:\/\/narteks.net\/index.php\/2011\/06\/07\/kuvayi-milliye-altinci-bap\/#breadcrumb\",\"itemListElement\":[{\"@type\":\"ListItem\",\"position\":1,\"name\":\"Anasayfa\",\"item\":\"https:\/\/narteks.net\/\"},{\"@type\":\"ListItem\",\"position\":2,\"name\":\"KUV\u00c2Y\u0130 M\u0130LL\u0130YE &#8211; ALTINCI BAP\"}]},{\"@type\":\"WebSite\",\"@id\":\"https:\/\/narteks.net\/#website\",\"url\":\"https:\/\/narteks.net\/\",\"name\":\"narteks.net\",\"description\":\"K\u00fclt\u00fcr Sanat Edebiyat Felsefe\",\"publisher\":{\"@id\":\"https:\/\/narteks.net\/#organization\"},\"alternateName\":\"K\u00fclt\u00fcr Sanat Edebiyat Felsefe\",\"potentialAction\":[{\"@type\":\"SearchAction\",\"target\":{\"@type\":\"EntryPoint\",\"urlTemplate\":\"https:\/\/narteks.net\/?s={search_term_string}\"},\"query-input\":{\"@type\":\"PropertyValueSpecification\",\"valueRequired\":true,\"valueName\":\"search_term_string\"}}],\"inLanguage\":\"tr\"},{\"@type\":\"Organization\",\"@id\":\"https:\/\/narteks.net\/#organization\",\"name\":\"narteks.net\",\"url\":\"https:\/\/narteks.net\/\",\"logo\":{\"@type\":\"ImageObject\",\"inLanguage\":\"tr\",\"@id\":\"https:\/\/narteks.net\/#\/schema\/logo\/image\/\",\"url\":\"https:\/\/narteks.net\/wp-content\/uploads\/narteks.png\",\"contentUrl\":\"https:\/\/narteks.net\/wp-content\/uploads\/narteks.png\",\"width\":300,\"height\":90,\"caption\":\"narteks.net\"},\"image\":{\"@id\":\"https:\/\/narteks.net\/#\/schema\/logo\/image\/\"},\"sameAs\":[\"https:\/\/x.com\/narteks\",\"https:\/\/instagram.com\/narteksnet\"]},{\"@type\":\"Person\",\"@id\":\"https:\/\/narteks.net\/#\/schema\/person\/61f37d9834294b72d31d274e7ed79bca\",\"name\":\"Tar\u0131k\",\"image\":{\"@type\":\"ImageObject\",\"inLanguage\":\"tr\",\"@id\":\"https:\/\/narteks.net\/#\/schema\/person\/image\/\",\"url\":\"https:\/\/secure.gravatar.com\/avatar\/50865afb55632c4ae467e0af0930f6510aa2297d8014be502a55b14f3b7550cf?s=96&d=mm&r=g\",\"contentUrl\":\"https:\/\/secure.gravatar.com\/avatar\/50865afb55632c4ae467e0af0930f6510aa2297d8014be502a55b14f3b7550cf?s=96&d=mm&r=g\",\"caption\":\"Tar\u0131k\"},\"sameAs\":[\"http:\/\/narteks.net\"],\"url\":\"https:\/\/narteks.net\/index.php\/author\/narbak\/\"}]}<\/script>\n<!-- \/ Yoast SEO Premium plugin. -->","yoast_head_json":{"title":"KUV\u00c2Y\u0130 M\u0130LL\u0130YE - ALTINCI BAP - narteks.net","robots":{"index":"index","follow":"follow","max-snippet":"max-snippet:-1","max-image-preview":"max-image-preview:large","max-video-preview":"max-video-preview:-1"},"canonical":"https:\/\/narteks.net\/index.php\/2011\/06\/07\/kuvayi-milliye-altinci-bap\/","og_locale":"tr_TR","og_type":"article","og_title":"KUV\u00c2Y\u0130 M\u0130LL\u0130YE - ALTINCI BAP","og_description":"MUHAREBELER ve D\u00dc\u015eMAN EL\u0130NDE KALANLAR ve KARTALLI K\u00c2ZIM&#8217;IN H\u0130K\u00c2YES\u0130 \u0130n\u00f6n\u00fc meydan\u0131, yavrum, r\u00fczg\u00e2r, so\u011fuklar insan\u0131 ar\u0131 gibi ha\u015fl\u0131yor. Zemheriler bitti diyelim, hamsin ya ba\u015flad\u0131, ya ba\u015fl\u0131yor. Muharebe be\u015f g\u00fcn be\u015f gece s\u00fcrd\u00fc. Kan g\u00f6vdeyi g\u00f6t\u00fcrd\u00fc. Ve nihayetinde d\u00fc\u015fmanlar kar\u0131n \u00fcst\u00fcnde top arabalar\u0131, sand\u0131klar dolusu konyak, alt\u0131 kamyon b\u0131rakt\u0131lar. Sonra, ka\u00e7arlarken, yavrum, k\u00f6yleri, k\u00f6pr\u00fcleri yakt\u0131lar&#8230; Bu, [&hellip;]","og_url":"https:\/\/narteks.net\/index.php\/2011\/06\/07\/kuvayi-milliye-altinci-bap\/","og_site_name":"narteks.net","article_published_time":"2011-06-07T08:35:24+00:00","og_image":[{"width":300,"height":90,"url":"https:\/\/narteks.net\/wp-content\/uploads\/narteks.png","type":"image\/png"}],"author":"Tar\u0131k","twitter_card":"summary_large_image","twitter_creator":"@narteks","twitter_site":"@narteks","twitter_misc":{"Yazan:":"Tar\u0131k","Tahmini okuma s\u00fcresi":"7 dakika"},"schema":{"@context":"https:\/\/schema.org","@graph":[{"@type":"Article","@id":"https:\/\/narteks.net\/index.php\/2011\/06\/07\/kuvayi-milliye-altinci-bap\/#article","isPartOf":{"@id":"https:\/\/narteks.net\/index.php\/2011\/06\/07\/kuvayi-milliye-altinci-bap\/"},"author":{"name":"Tar\u0131k","@id":"https:\/\/narteks.net\/#\/schema\/person\/61f37d9834294b72d31d274e7ed79bca"},"headline":"KUV\u00c2Y\u0130 M\u0130LL\u0130YE &#8211; ALTINCI BAP","datePublished":"2011-06-07T08:35:24+00:00","mainEntityOfPage":{"@id":"https:\/\/narteks.net\/index.php\/2011\/06\/07\/kuvayi-milliye-altinci-bap\/"},"wordCount":1422,"commentCount":0,"publisher":{"@id":"https:\/\/narteks.net\/#organization"},"articleSection":["Naz\u0131m H\u0130KMET RAN"],"inLanguage":"tr","potentialAction":[{"@type":"CommentAction","name":"Comment","target":["https:\/\/narteks.net\/index.php\/2011\/06\/07\/kuvayi-milliye-altinci-bap\/#respond"]}]},{"@type":"WebPage","@id":"https:\/\/narteks.net\/index.php\/2011\/06\/07\/kuvayi-milliye-altinci-bap\/","url":"https:\/\/narteks.net\/index.php\/2011\/06\/07\/kuvayi-milliye-altinci-bap\/","name":"KUV\u00c2Y\u0130 M\u0130LL\u0130YE - ALTINCI BAP - narteks.net","isPartOf":{"@id":"https:\/\/narteks.net\/#website"},"datePublished":"2011-06-07T08:35:24+00:00","breadcrumb":{"@id":"https:\/\/narteks.net\/index.php\/2011\/06\/07\/kuvayi-milliye-altinci-bap\/#breadcrumb"},"inLanguage":"tr","potentialAction":[{"@type":"ReadAction","target":["https:\/\/narteks.net\/index.php\/2011\/06\/07\/kuvayi-milliye-altinci-bap\/"]}]},{"@type":"BreadcrumbList","@id":"https:\/\/narteks.net\/index.php\/2011\/06\/07\/kuvayi-milliye-altinci-bap\/#breadcrumb","itemListElement":[{"@type":"ListItem","position":1,"name":"Anasayfa","item":"https:\/\/narteks.net\/"},{"@type":"ListItem","position":2,"name":"KUV\u00c2Y\u0130 M\u0130LL\u0130YE &#8211; ALTINCI BAP"}]},{"@type":"WebSite","@id":"https:\/\/narteks.net\/#website","url":"https:\/\/narteks.net\/","name":"narteks.net","description":"K\u00fclt\u00fcr Sanat Edebiyat Felsefe","publisher":{"@id":"https:\/\/narteks.net\/#organization"},"alternateName":"K\u00fclt\u00fcr Sanat Edebiyat Felsefe","potentialAction":[{"@type":"SearchAction","target":{"@type":"EntryPoint","urlTemplate":"https:\/\/narteks.net\/?s={search_term_string}"},"query-input":{"@type":"PropertyValueSpecification","valueRequired":true,"valueName":"search_term_string"}}],"inLanguage":"tr"},{"@type":"Organization","@id":"https:\/\/narteks.net\/#organization","name":"narteks.net","url":"https:\/\/narteks.net\/","logo":{"@type":"ImageObject","inLanguage":"tr","@id":"https:\/\/narteks.net\/#\/schema\/logo\/image\/","url":"https:\/\/narteks.net\/wp-content\/uploads\/narteks.png","contentUrl":"https:\/\/narteks.net\/wp-content\/uploads\/narteks.png","width":300,"height":90,"caption":"narteks.net"},"image":{"@id":"https:\/\/narteks.net\/#\/schema\/logo\/image\/"},"sameAs":["https:\/\/x.com\/narteks","https:\/\/instagram.com\/narteksnet"]},{"@type":"Person","@id":"https:\/\/narteks.net\/#\/schema\/person\/61f37d9834294b72d31d274e7ed79bca","name":"Tar\u0131k","image":{"@type":"ImageObject","inLanguage":"tr","@id":"https:\/\/narteks.net\/#\/schema\/person\/image\/","url":"https:\/\/secure.gravatar.com\/avatar\/50865afb55632c4ae467e0af0930f6510aa2297d8014be502a55b14f3b7550cf?s=96&d=mm&r=g","contentUrl":"https:\/\/secure.gravatar.com\/avatar\/50865afb55632c4ae467e0af0930f6510aa2297d8014be502a55b14f3b7550cf?s=96&d=mm&r=g","caption":"Tar\u0131k"},"sameAs":["http:\/\/narteks.net"],"url":"https:\/\/narteks.net\/index.php\/author\/narbak\/"}]}},"_links":{"self":[{"href":"https:\/\/narteks.net\/index.php\/wp-json\/wp\/v2\/posts\/6381","targetHints":{"allow":["GET"]}}],"collection":[{"href":"https:\/\/narteks.net\/index.php\/wp-json\/wp\/v2\/posts"}],"about":[{"href":"https:\/\/narteks.net\/index.php\/wp-json\/wp\/v2\/types\/post"}],"author":[{"embeddable":true,"href":"https:\/\/narteks.net\/index.php\/wp-json\/wp\/v2\/users\/1"}],"replies":[{"embeddable":true,"href":"https:\/\/narteks.net\/index.php\/wp-json\/wp\/v2\/comments?post=6381"}],"version-history":[{"count":0,"href":"https:\/\/narteks.net\/index.php\/wp-json\/wp\/v2\/posts\/6381\/revisions"}],"wp:attachment":[{"href":"https:\/\/narteks.net\/index.php\/wp-json\/wp\/v2\/media?parent=6381"}],"wp:term":[{"taxonomy":"category","embeddable":true,"href":"https:\/\/narteks.net\/index.php\/wp-json\/wp\/v2\/categories?post=6381"},{"taxonomy":"post_tag","embeddable":true,"href":"https:\/\/narteks.net\/index.php\/wp-json\/wp\/v2\/tags?post=6381"}],"curies":[{"name":"wp","href":"https:\/\/api.w.org\/{rel}","templated":true}]}}