{"id":6382,"date":"2011-06-07T11:37:14","date_gmt":"2011-06-07T08:37:14","guid":{"rendered":"http:\/\/localhost\/wordpress\/2011\/06\/07\/kuvayi-milliye-baslangic-onlar\/"},"modified":"2011-06-07T11:37:14","modified_gmt":"2011-06-07T08:37:14","slug":"kuvayi-milliye-baslangic-onlar","status":"publish","type":"post","link":"https:\/\/narteks.net\/index.php\/2011\/06\/07\/kuvayi-milliye-baslangic-onlar\/","title":{"rendered":"KUV\u00c2Y\u0130 M\u0130LL\u0130YE &#8211; BA\u015eLANGI\u00c7 &#8211; ONLAR"},"content":{"rendered":"<p>\u00a0<\/p>\n<p>Onlar ki toprakta kar\u0131nca, <br \/> suda bal\u0131k, <br \/> havada ku\u015f kadar <br \/> \u00e7okturlar; <br \/> korkak, <br \/> cesur, <br \/> c\u00e2hil, <br \/> hak\u00eem <br \/> ve \u00e7ocukturlar <br \/> ve kahreden <br \/> yaratan ki onlard\u0131r, <br \/> dest\u00e2n\u0131m\u0131zda yaln\u0131z onlar\u0131n m\u00e2ceralar\u0131 vard\u0131r.<\/p>\n<p>Onlar ki uyup hainin i\u011fv\u00e2s\u0131na <br \/> sancaklar\u0131n\u0131 elden yere d\u00fc\u015f\u00fcr\u00fcrler <br \/> ve d\u00fc\u015fman\u0131 meydanda koyup <br \/> ka\u00e7arlar evlerine <br \/> ve onlar ki bir nice murtada han\u00e7er \u00fc\u015f\u00fcr\u00fcrler <br \/> ve ye\u015fil bir a\u011fa\u00e7 gibi g\u00fclen <br \/> ve merasimsiz a\u011flayan <br \/> ve ana avrat k\u00fcfreden ki onlard\u0131r, <br \/> dest\u00e2n\u0131m\u0131zda yaln\u0131z onlar\u0131n m\u00e2ceralar\u0131 vard\u0131r.<\/p>\n<p>Demir, <br \/> k\u00f6m\u00fcr <br \/> ve \u015feker <br \/> ve k\u0131rm\u0131z\u0131 bak\u0131r <br \/> ve mensucat <br \/> ve sevda ve zul\u00fcm ve hayat <br \/> ve bilc\u00fcmle sanayi kollar\u0131n\u0131n <br \/> ve g\u00f6ky\u00fcz\u00fc <br \/> ve sahra <br \/> ve mavi okyanus <br \/> ve kederli nehir yollar\u0131n\u0131n, <br \/> s\u00fcr\u00fclm\u00fc\u015f topra\u011f\u0131n ve \u015fehirlerin baht\u0131 <br \/> bir \u015fafak vakti de\u011fi\u015fmi\u015f olur, <br \/> bir \u015fafak vakti karanl\u0131\u011f\u0131n kenar\u0131ndan <br \/> onlar a\u011f\u0131r ellerini topra\u011fa bas\u0131p <br \/> do\u011frulduklar\u0131 zaman.<\/p>\n<p>En bilgin aynalara <br \/> en renkli \u015fekilleri aksettiren onlard\u0131r. <br \/> As\u0131rda onlar yendi, onlar yenildi. <br \/> \u00c7ok s\u00f6zler edildi onlara dair <br \/> ve onlar i\u00e7in : <br \/> zincirlerinden ba\u015fka kaybedecek \u015feyleri yoktur, <br \/> denildi.<\/p>\n<p>Naz\u0131m Hikmet RAN<\/p>\n","protected":false},"excerpt":{"rendered":"<p>\u00a0 Onlar ki toprakta kar\u0131nca, suda bal\u0131k, havada ku\u015f kadar \u00e7okturlar; korkak, cesur, c\u00e2hil, hak\u00eem ve \u00e7ocukturlar ve kahreden yaratan ki onlard\u0131r, dest\u00e2n\u0131m\u0131zda yaln\u0131z onlar\u0131n m\u00e2ceralar\u0131 vard\u0131r. Onlar ki uyup hainin i\u011fv\u00e2s\u0131na sancaklar\u0131n\u0131 elden yere d\u00fc\u015f\u00fcr\u00fcrler ve d\u00fc\u015fman\u0131 meydanda koyup ka\u00e7arlar evlerine ve onlar ki bir nice murtada han\u00e7er \u00fc\u015f\u00fcr\u00fcrler ve ye\u015fil bir a\u011fa\u00e7 gibi [&hellip;]<\/p>\n","protected":false},"author":1,"featured_media":0,"comment_status":"open","ping_status":"open","sticky":false,"template":"","format":"standard","meta":{"footnotes":""},"categories":[59],"tags":[],"class_list":{"0":"post-6382","1":"post","2":"type-post","3":"status-publish","4":"format-standard","6":"category-nazim-hikmet-ran"},"yoast_head":"<!-- This site is optimized with the Yoast SEO Premium plugin v24.9 (Yoast SEO v24.9) - https:\/\/yoast.com\/wordpress\/plugins\/seo\/ -->\n<title>KUV\u00c2Y\u0130 M\u0130LL\u0130YE - BA\u015eLANGI\u00c7 - ONLAR - narteks.net<\/title>\n<meta name=\"robots\" content=\"index, follow, max-snippet:-1, max-image-preview:large, max-video-preview:-1\" \/>\n<link rel=\"canonical\" href=\"https:\/\/narteks.net\/index.php\/2011\/06\/07\/kuvayi-milliye-baslangic-onlar\/\" \/>\n<meta property=\"og:locale\" content=\"tr_TR\" \/>\n<meta property=\"og:type\" content=\"article\" \/>\n<meta property=\"og:title\" content=\"KUV\u00c2Y\u0130 M\u0130LL\u0130YE - BA\u015eLANGI\u00c7 - ONLAR\" \/>\n<meta property=\"og:description\" content=\"\u00a0 Onlar ki toprakta kar\u0131nca, suda bal\u0131k, havada ku\u015f kadar \u00e7okturlar; korkak, cesur, c\u00e2hil, hak\u00eem ve \u00e7ocukturlar ve kahreden yaratan ki onlard\u0131r, dest\u00e2n\u0131m\u0131zda yaln\u0131z onlar\u0131n m\u00e2ceralar\u0131 vard\u0131r. Onlar ki uyup hainin i\u011fv\u00e2s\u0131na sancaklar\u0131n\u0131 elden yere d\u00fc\u015f\u00fcr\u00fcrler ve d\u00fc\u015fman\u0131 meydanda koyup ka\u00e7arlar evlerine ve onlar ki bir nice murtada han\u00e7er \u00fc\u015f\u00fcr\u00fcrler ve ye\u015fil bir a\u011fa\u00e7 gibi [&hellip;]\" \/>\n<meta property=\"og:url\" content=\"https:\/\/narteks.net\/index.php\/2011\/06\/07\/kuvayi-milliye-baslangic-onlar\/\" \/>\n<meta property=\"og:site_name\" content=\"narteks.net\" \/>\n<meta property=\"article:published_time\" content=\"2011-06-07T08:37:14+00:00\" \/>\n<meta property=\"og:image\" content=\"https:\/\/narteks.net\/wp-content\/uploads\/narteks.png\" \/>\n\t<meta property=\"og:image:width\" content=\"300\" \/>\n\t<meta property=\"og:image:height\" content=\"90\" \/>\n\t<meta property=\"og:image:type\" content=\"image\/png\" \/>\n<meta name=\"author\" content=\"Tar\u0131k\" \/>\n<meta name=\"twitter:card\" content=\"summary_large_image\" \/>\n<meta name=\"twitter:creator\" content=\"@narteks\" \/>\n<meta name=\"twitter:site\" content=\"@narteks\" \/>\n<meta name=\"twitter:label1\" content=\"Yazan:\" \/>\n\t<meta name=\"twitter:data1\" content=\"Tar\u0131k\" \/>\n\t<meta name=\"twitter:label2\" content=\"Tahmini okuma s\u00fcresi\" \/>\n\t<meta name=\"twitter:data2\" content=\"1 dakika\" \/>\n<script type=\"application\/ld+json\" class=\"yoast-schema-graph\">{\"@context\":\"https:\/\/schema.org\",\"@graph\":[{\"@type\":\"Article\",\"@id\":\"https:\/\/narteks.net\/index.php\/2011\/06\/07\/kuvayi-milliye-baslangic-onlar\/#article\",\"isPartOf\":{\"@id\":\"https:\/\/narteks.net\/index.php\/2011\/06\/07\/kuvayi-milliye-baslangic-onlar\/\"},\"author\":{\"name\":\"Tar\u0131k\",\"@id\":\"https:\/\/narteks.net\/#\/schema\/person\/61f37d9834294b72d31d274e7ed79bca\"},\"headline\":\"KUV\u00c2Y\u0130 M\u0130LL\u0130YE &#8211; BA\u015eLANGI\u00c7 &#8211; ONLAR\",\"datePublished\":\"2011-06-07T08:37:14+00:00\",\"mainEntityOfPage\":{\"@id\":\"https:\/\/narteks.net\/index.php\/2011\/06\/07\/kuvayi-milliye-baslangic-onlar\/\"},\"wordCount\":226,\"commentCount\":0,\"publisher\":{\"@id\":\"https:\/\/narteks.net\/#organization\"},\"articleSection\":[\"Naz\u0131m H\u0130KMET RAN\"],\"inLanguage\":\"tr\",\"potentialAction\":[{\"@type\":\"CommentAction\",\"name\":\"Comment\",\"target\":[\"https:\/\/narteks.net\/index.php\/2011\/06\/07\/kuvayi-milliye-baslangic-onlar\/#respond\"]}]},{\"@type\":\"WebPage\",\"@id\":\"https:\/\/narteks.net\/index.php\/2011\/06\/07\/kuvayi-milliye-baslangic-onlar\/\",\"url\":\"https:\/\/narteks.net\/index.php\/2011\/06\/07\/kuvayi-milliye-baslangic-onlar\/\",\"name\":\"KUV\u00c2Y\u0130 M\u0130LL\u0130YE - BA\u015eLANGI\u00c7 - ONLAR - narteks.net\",\"isPartOf\":{\"@id\":\"https:\/\/narteks.net\/#website\"},\"datePublished\":\"2011-06-07T08:37:14+00:00\",\"breadcrumb\":{\"@id\":\"https:\/\/narteks.net\/index.php\/2011\/06\/07\/kuvayi-milliye-baslangic-onlar\/#breadcrumb\"},\"inLanguage\":\"tr\",\"potentialAction\":[{\"@type\":\"ReadAction\",\"target\":[\"https:\/\/narteks.net\/index.php\/2011\/06\/07\/kuvayi-milliye-baslangic-onlar\/\"]}]},{\"@type\":\"BreadcrumbList\",\"@id\":\"https:\/\/narteks.net\/index.php\/2011\/06\/07\/kuvayi-milliye-baslangic-onlar\/#breadcrumb\",\"itemListElement\":[{\"@type\":\"ListItem\",\"position\":1,\"name\":\"Anasayfa\",\"item\":\"https:\/\/narteks.net\/\"},{\"@type\":\"ListItem\",\"position\":2,\"name\":\"KUV\u00c2Y\u0130 M\u0130LL\u0130YE &#8211; BA\u015eLANGI\u00c7 &#8211; ONLAR\"}]},{\"@type\":\"WebSite\",\"@id\":\"https:\/\/narteks.net\/#website\",\"url\":\"https:\/\/narteks.net\/\",\"name\":\"narteks.net\",\"description\":\"K\u00fclt\u00fcr Sanat Edebiyat Felsefe\",\"publisher\":{\"@id\":\"https:\/\/narteks.net\/#organization\"},\"alternateName\":\"K\u00fclt\u00fcr Sanat Edebiyat Felsefe\",\"potentialAction\":[{\"@type\":\"SearchAction\",\"target\":{\"@type\":\"EntryPoint\",\"urlTemplate\":\"https:\/\/narteks.net\/?s={search_term_string}\"},\"query-input\":{\"@type\":\"PropertyValueSpecification\",\"valueRequired\":true,\"valueName\":\"search_term_string\"}}],\"inLanguage\":\"tr\"},{\"@type\":\"Organization\",\"@id\":\"https:\/\/narteks.net\/#organization\",\"name\":\"narteks.net\",\"url\":\"https:\/\/narteks.net\/\",\"logo\":{\"@type\":\"ImageObject\",\"inLanguage\":\"tr\",\"@id\":\"https:\/\/narteks.net\/#\/schema\/logo\/image\/\",\"url\":\"https:\/\/narteks.net\/wp-content\/uploads\/narteks.png\",\"contentUrl\":\"https:\/\/narteks.net\/wp-content\/uploads\/narteks.png\",\"width\":300,\"height\":90,\"caption\":\"narteks.net\"},\"image\":{\"@id\":\"https:\/\/narteks.net\/#\/schema\/logo\/image\/\"},\"sameAs\":[\"https:\/\/x.com\/narteks\",\"https:\/\/instagram.com\/narteksnet\"]},{\"@type\":\"Person\",\"@id\":\"https:\/\/narteks.net\/#\/schema\/person\/61f37d9834294b72d31d274e7ed79bca\",\"name\":\"Tar\u0131k\",\"image\":{\"@type\":\"ImageObject\",\"inLanguage\":\"tr\",\"@id\":\"https:\/\/narteks.net\/#\/schema\/person\/image\/\",\"url\":\"https:\/\/secure.gravatar.com\/avatar\/50865afb55632c4ae467e0af0930f6510aa2297d8014be502a55b14f3b7550cf?s=96&d=mm&r=g\",\"contentUrl\":\"https:\/\/secure.gravatar.com\/avatar\/50865afb55632c4ae467e0af0930f6510aa2297d8014be502a55b14f3b7550cf?s=96&d=mm&r=g\",\"caption\":\"Tar\u0131k\"},\"sameAs\":[\"http:\/\/narteks.net\"],\"url\":\"https:\/\/narteks.net\/index.php\/author\/narbak\/\"}]}<\/script>\n<!-- \/ Yoast SEO Premium plugin. -->","yoast_head_json":{"title":"KUV\u00c2Y\u0130 M\u0130LL\u0130YE - BA\u015eLANGI\u00c7 - ONLAR - narteks.net","robots":{"index":"index","follow":"follow","max-snippet":"max-snippet:-1","max-image-preview":"max-image-preview:large","max-video-preview":"max-video-preview:-1"},"canonical":"https:\/\/narteks.net\/index.php\/2011\/06\/07\/kuvayi-milliye-baslangic-onlar\/","og_locale":"tr_TR","og_type":"article","og_title":"KUV\u00c2Y\u0130 M\u0130LL\u0130YE - BA\u015eLANGI\u00c7 - ONLAR","og_description":"\u00a0 Onlar ki toprakta kar\u0131nca, suda bal\u0131k, havada ku\u015f kadar \u00e7okturlar; korkak, cesur, c\u00e2hil, hak\u00eem ve \u00e7ocukturlar ve kahreden yaratan ki onlard\u0131r, dest\u00e2n\u0131m\u0131zda yaln\u0131z onlar\u0131n m\u00e2ceralar\u0131 vard\u0131r. Onlar ki uyup hainin i\u011fv\u00e2s\u0131na sancaklar\u0131n\u0131 elden yere d\u00fc\u015f\u00fcr\u00fcrler ve d\u00fc\u015fman\u0131 meydanda koyup ka\u00e7arlar evlerine ve onlar ki bir nice murtada han\u00e7er \u00fc\u015f\u00fcr\u00fcrler ve ye\u015fil bir a\u011fa\u00e7 gibi [&hellip;]","og_url":"https:\/\/narteks.net\/index.php\/2011\/06\/07\/kuvayi-milliye-baslangic-onlar\/","og_site_name":"narteks.net","article_published_time":"2011-06-07T08:37:14+00:00","og_image":[{"width":300,"height":90,"url":"https:\/\/narteks.net\/wp-content\/uploads\/narteks.png","type":"image\/png"}],"author":"Tar\u0131k","twitter_card":"summary_large_image","twitter_creator":"@narteks","twitter_site":"@narteks","twitter_misc":{"Yazan:":"Tar\u0131k","Tahmini okuma s\u00fcresi":"1 dakika"},"schema":{"@context":"https:\/\/schema.org","@graph":[{"@type":"Article","@id":"https:\/\/narteks.net\/index.php\/2011\/06\/07\/kuvayi-milliye-baslangic-onlar\/#article","isPartOf":{"@id":"https:\/\/narteks.net\/index.php\/2011\/06\/07\/kuvayi-milliye-baslangic-onlar\/"},"author":{"name":"Tar\u0131k","@id":"https:\/\/narteks.net\/#\/schema\/person\/61f37d9834294b72d31d274e7ed79bca"},"headline":"KUV\u00c2Y\u0130 M\u0130LL\u0130YE &#8211; BA\u015eLANGI\u00c7 &#8211; ONLAR","datePublished":"2011-06-07T08:37:14+00:00","mainEntityOfPage":{"@id":"https:\/\/narteks.net\/index.php\/2011\/06\/07\/kuvayi-milliye-baslangic-onlar\/"},"wordCount":226,"commentCount":0,"publisher":{"@id":"https:\/\/narteks.net\/#organization"},"articleSection":["Naz\u0131m H\u0130KMET RAN"],"inLanguage":"tr","potentialAction":[{"@type":"CommentAction","name":"Comment","target":["https:\/\/narteks.net\/index.php\/2011\/06\/07\/kuvayi-milliye-baslangic-onlar\/#respond"]}]},{"@type":"WebPage","@id":"https:\/\/narteks.net\/index.php\/2011\/06\/07\/kuvayi-milliye-baslangic-onlar\/","url":"https:\/\/narteks.net\/index.php\/2011\/06\/07\/kuvayi-milliye-baslangic-onlar\/","name":"KUV\u00c2Y\u0130 M\u0130LL\u0130YE - BA\u015eLANGI\u00c7 - ONLAR - narteks.net","isPartOf":{"@id":"https:\/\/narteks.net\/#website"},"datePublished":"2011-06-07T08:37:14+00:00","breadcrumb":{"@id":"https:\/\/narteks.net\/index.php\/2011\/06\/07\/kuvayi-milliye-baslangic-onlar\/#breadcrumb"},"inLanguage":"tr","potentialAction":[{"@type":"ReadAction","target":["https:\/\/narteks.net\/index.php\/2011\/06\/07\/kuvayi-milliye-baslangic-onlar\/"]}]},{"@type":"BreadcrumbList","@id":"https:\/\/narteks.net\/index.php\/2011\/06\/07\/kuvayi-milliye-baslangic-onlar\/#breadcrumb","itemListElement":[{"@type":"ListItem","position":1,"name":"Anasayfa","item":"https:\/\/narteks.net\/"},{"@type":"ListItem","position":2,"name":"KUV\u00c2Y\u0130 M\u0130LL\u0130YE &#8211; BA\u015eLANGI\u00c7 &#8211; ONLAR"}]},{"@type":"WebSite","@id":"https:\/\/narteks.net\/#website","url":"https:\/\/narteks.net\/","name":"narteks.net","description":"K\u00fclt\u00fcr Sanat Edebiyat Felsefe","publisher":{"@id":"https:\/\/narteks.net\/#organization"},"alternateName":"K\u00fclt\u00fcr Sanat Edebiyat Felsefe","potentialAction":[{"@type":"SearchAction","target":{"@type":"EntryPoint","urlTemplate":"https:\/\/narteks.net\/?s={search_term_string}"},"query-input":{"@type":"PropertyValueSpecification","valueRequired":true,"valueName":"search_term_string"}}],"inLanguage":"tr"},{"@type":"Organization","@id":"https:\/\/narteks.net\/#organization","name":"narteks.net","url":"https:\/\/narteks.net\/","logo":{"@type":"ImageObject","inLanguage":"tr","@id":"https:\/\/narteks.net\/#\/schema\/logo\/image\/","url":"https:\/\/narteks.net\/wp-content\/uploads\/narteks.png","contentUrl":"https:\/\/narteks.net\/wp-content\/uploads\/narteks.png","width":300,"height":90,"caption":"narteks.net"},"image":{"@id":"https:\/\/narteks.net\/#\/schema\/logo\/image\/"},"sameAs":["https:\/\/x.com\/narteks","https:\/\/instagram.com\/narteksnet"]},{"@type":"Person","@id":"https:\/\/narteks.net\/#\/schema\/person\/61f37d9834294b72d31d274e7ed79bca","name":"Tar\u0131k","image":{"@type":"ImageObject","inLanguage":"tr","@id":"https:\/\/narteks.net\/#\/schema\/person\/image\/","url":"https:\/\/secure.gravatar.com\/avatar\/50865afb55632c4ae467e0af0930f6510aa2297d8014be502a55b14f3b7550cf?s=96&d=mm&r=g","contentUrl":"https:\/\/secure.gravatar.com\/avatar\/50865afb55632c4ae467e0af0930f6510aa2297d8014be502a55b14f3b7550cf?s=96&d=mm&r=g","caption":"Tar\u0131k"},"sameAs":["http:\/\/narteks.net"],"url":"https:\/\/narteks.net\/index.php\/author\/narbak\/"}]}},"_links":{"self":[{"href":"https:\/\/narteks.net\/index.php\/wp-json\/wp\/v2\/posts\/6382","targetHints":{"allow":["GET"]}}],"collection":[{"href":"https:\/\/narteks.net\/index.php\/wp-json\/wp\/v2\/posts"}],"about":[{"href":"https:\/\/narteks.net\/index.php\/wp-json\/wp\/v2\/types\/post"}],"author":[{"embeddable":true,"href":"https:\/\/narteks.net\/index.php\/wp-json\/wp\/v2\/users\/1"}],"replies":[{"embeddable":true,"href":"https:\/\/narteks.net\/index.php\/wp-json\/wp\/v2\/comments?post=6382"}],"version-history":[{"count":0,"href":"https:\/\/narteks.net\/index.php\/wp-json\/wp\/v2\/posts\/6382\/revisions"}],"wp:attachment":[{"href":"https:\/\/narteks.net\/index.php\/wp-json\/wp\/v2\/media?parent=6382"}],"wp:term":[{"taxonomy":"category","embeddable":true,"href":"https:\/\/narteks.net\/index.php\/wp-json\/wp\/v2\/categories?post=6382"},{"taxonomy":"post_tag","embeddable":true,"href":"https:\/\/narteks.net\/index.php\/wp-json\/wp\/v2\/tags?post=6382"}],"curies":[{"name":"wp","href":"https:\/\/api.w.org\/{rel}","templated":true}]}}