{"id":6383,"date":"2011-06-07T11:38:03","date_gmt":"2011-06-07T08:38:03","guid":{"rendered":"http:\/\/localhost\/wordpress\/2011\/06\/07\/kuvayi-milliye-besinci-bap\/"},"modified":"2011-06-07T11:38:03","modified_gmt":"2011-06-07T08:38:03","slug":"kuvayi-milliye-besinci-bap","status":"publish","type":"post","link":"https:\/\/narteks.net\/index.php\/2011\/06\/07\/kuvayi-milliye-besinci-bap\/","title":{"rendered":"KUV\u00c2Y\u0130 M\u0130LL\u0130YE &#8211; BE\u015e\u0130NC\u0130 BAP"},"content":{"rendered":"<p>920&#8217;N\u0130N 16 MARTI ve MANASTIRLI HAMD\u0130 EFEND\u0130 ve RE\u015eAD\u0130YEL\u0130 VEL\u0130 O\u011eLU MEMET&#8217;\u0130N H\u0130K\u00c2YES\u0130<\/p>\n<p style=\"text-align: justify;\"><em>\u00abBu hamiyetli ve cesur, Manast\u0131rl\u0131 Hamdi Efendi olmasayd\u0131, \u0130stanbul fel\u00e2ketinden kim bilir haber almak i\u00e7in ne kadar intizarlar i\u00e7inde kalacakt\u0131k. \u0130stanbul&#8217;da bulunan n\u00e2z\u0131r, mebus, kumandan, te\u015fkil\u00e2t\u0131m\u0131z mensuplar\u0131 i\u00e7inden bir zat \u00e7\u0131k\u0131p vaktiyle bize haber verme\u011fi d\u00fc\u015f\u00fcnmemi\u015f oldu\u011fu anla\u015f\u0131l\u0131yor. Demek ki c\u00fcmlesini heyecan ve helecan kaplam\u0131\u015ft\u0131. Bir ucu Ankara&#8217;da bulunan telin \u0130stanbul&#8217;da bulunan ucuna yana\u015famayacak kadar \u015fa\u015fk\u0131n bir hale gelmi\u015f olduklar\u0131na bilmem ki h\u00fckmetmek caiz olur mu?\u00bb<\/em><\/p>\n<p><em>(Nutuk, s. 295, Devlet Bas\u0131mevi, \u0130stanbul 1938)<\/em><\/p>\n<p>\u00a0<\/p>\n<p>920&#8217;nin 16 Mart\u0131. <br \/> \u00d6\u011fleden evvel <br \/> saat onda <br \/> makina ba\u015f\u0131nda \u015f\u00f6yle bir telgraf ald\u0131 Ankara&#8217;daki :<\/p>\n<p>\u00abDer-aliye 16\/3\/1920. <br \/> \u0130ngilizler bast\u0131 bu sabah <br \/> \u015eehzadeba\u015f\u0131&#8217;ndaki Muzika karakolunu. <br \/> M\u00fcsademe edildi. <br \/> \u0130\u015fgal alt\u0131na al\u0131yorlar \u0130stanbul&#8217;u \u015fimdi. <br \/> Ber\u00e2yi mal\u00fbmat arzolunur. <br \/> Manast\u0131rl\u0131 Hamdi.\u00bb<\/p>\n<p>920&#8217;nin 16 Mart\u0131. <br \/> Harbiye Nezareti telgrafhanesi buldu Ankara&#8217;y\u0131 : <br \/> \u00abEtrafta dola\u015f\u0131yor \u0130ngiliz askerleri. <br \/> \u015eimdi i\u015fte <br \/> \u0130ngiliz askerleri giriyorlar nezarete. <br \/> \u0130\u015fte giriyorlar i\u00e7eri. <br \/> Nizamiye kap\u0131s\u0131na. <br \/> Teli kes. <br \/> \u0130ngilizler burdad\u0131r.\u00bb<\/p>\n<p>920&#8217;nin 16 Mart\u0131. <br \/> Manast\u0131rl\u0131 Hamdi Efendi <br \/> buldu Ankara&#8217;dakini tekrar :<\/p>\n<p>\u00abPa\u015fa hazretleri, <br \/> Harbiye telgrafhanesini de i\u015fgal etti \u0130ngiliz bahriye askeri <br \/> Tophane&#8217;yi de i\u015fgal ediyorlar bir taraftan, <br \/> bir taraftan da z\u0131rhl\u0131lardan asker ihra\u00e7 olunuyor. <br \/> Vaziyet vehamet kesbediyor efendim. <br \/> Pa\u015fa hazretleri, <br \/> Emri devletlerine muntaz\u0131r\u0131m.<\/p>\n<p>16 Mart 1920 <br \/> Hamdi\u00bb<\/p>\n<p>920&#8217;nin 16 Mart\u0131. <br \/> Durumu bir daha tekrar etti Hamdi Efendi :<\/p>\n<p>\u00abSabah bizim asker uykuda iken <br \/> \u0130ngiliz bahriye efrad\u0131 karakolu i\u015fgal etmekte iken <br \/> askerlerimiz uykudan \u015fa\u015fk\u0131n kalk\u0131nca m\u00fcsademe ba\u015fl\u0131yor. <br \/> Neticede bizden alt\u0131 \u015fehit, on be\u015f mecruh olup <br \/> \u0130ngilizler z\u0131rhl\u0131lar\u0131 r\u0131ht\u0131ma yana\u015ft\u0131r\u0131p <br \/> Beyo\u011flu ve Tophane&#8217;yi i\u015fgal edip. <br \/> \u0130\u015fte Beyo\u011flu telgrafhanesi de yok. <br \/> \u0130\u015fte Beyo\u011flu telgraf memurlar\u0131 geldiler. <br \/> Kovmu\u015flar. <br \/> Buras\u0131 da i\u015fgal olunacakt\u0131r bir saata kadar. <br \/> \u015eimdi haber ald\u0131m efendim.\u00bb<\/p>\n<p>920&#8217;nin 16 Mart\u0131 <br \/> uykuda kesti k\u00e2fir \u00fc\u00e7\u00fcm\u00fcz\u00fc, <br \/> kur\u015funa dizdi k\u00e2fir ikimizi. <br \/> \u0130ngiliz&#8217;in hepsi de\u011fil domuzu <br \/> Sabaha kar\u015f\u0131 ald\u0131 can\u0131m\u0131z\u0131.<\/p>\n<p>920&#8217;nin 16 Mart\u0131 <br \/> bas\u0131ld\u0131 Vezneciler&#8217;de kararg\u00e2h. <br \/> Uyan be tosunum uyan. <br \/> \u00dc\u00e7\u00fcm\u00fcz\u00fc uykuda kesti k\u00e2fir, <br \/> \u00fc\u00e7\u00fcm\u00fcz : Abdullah \u00e7avu\u015f, \u015eark\u0131\u015fla&#8217;dan Osman, <br \/> bir de Zileli Abd\u00fclkadir.<\/p>\n<p>920&#8217;nin 16 Mart\u0131 <br \/> Bozdo\u011fan Kemeri&#8217;nde <br \/> kur\u015funa dizdi k\u00e2fir ikimizi. <br \/> Ahmet o\u011flu Nasuh arkada\u015f\u0131m\u0131n ad\u0131, <br \/> Re\u015fadiyeli Veli o\u011flu Memet benimkisi.<\/p>\n<p>920&#8217;nin 16 Mart\u0131 <br \/> uykuda kesti k\u00e2fir \u00fc\u00e7\u00fcm\u00fcz\u00fc. <br \/> Soktu Osman&#8217;\u0131n karn\u0131na kasaturay\u0131, <br \/> bast\u0131 g\u00f6\u011fs\u00fcne k\u00e2firin dizi. <br \/> D\u00f6rt \u00e7ocuk babas\u0131yd\u0131 Abdullah \u00e7avu\u015f. <br \/> Doymad\u0131 d\u00fcnyas\u0131na Abd\u00fclkadir. <br \/> \u00dc\u00e7\u00fcm\u00fcz\u00fc uykuda kesti k\u00e2fir, <br \/> kur\u015funa dizdi ikimizi.<\/p>\n<p>920&#8217;nin 16 Mart sabah\u0131, <br \/> karakolun kar\u015f\u0131s\u0131nda <br \/> b\u0131rakmad\u0131m elimden sil\u00e2h\u0131, <br \/> yere serdim iki \u0130ngiliz&#8217;i. <br \/> Senin \u0131rz\u0131n\u0131 kurtard\u0131m \u0130stanbul&#8217;um, <br \/> Sana can feda \u00e7ak\u0131r g\u00f6zl\u00fc g\u00fcl\u00fcm.<\/p>\n<p>\u00dc\u00e7\u00fcm\u00fcz\u00fc uykuda kesti k\u00e2fir, <br \/> kur\u015funa dizdi ikimizi. <br \/> \u015eimdi \u00fc\u00e7\u00fcm\u00fcz : <br \/> Abdullah ve Osman ve Abd\u00fclkadir, <br \/> ta\u015flar\u0131 yan yana yatar Ey\u00fcp&#8217;te. <br \/> Arama, bulamazs\u0131n ikimizin kabrini, <br \/> belki ma\u015fr\u0131kta, belki ma\u011fripte, <br \/> biz de bilemeyiz yerini.<\/p>\n<p>Uykuda kestiler \u00fc\u00e7\u00fcm\u00fcz\u00fc, <br \/> kur\u015funa dizdiler ikimizi, <br \/> Ahmet o\u011flu Nasuh arkada\u015f\u0131m\u0131n ad\u0131, <br \/> Re\u015fadiyeli Veli o\u011flu Memet benimkisi. <br \/> Bir de alt\u0131nc\u0131m\u0131z var, <br \/> kara kaytan b\u0131y\u0131kl\u0131 bir \u015fehit, <br \/> son mek\u00e2n\u0131 \u015f\u00f6yle dursun, <br \/> ad\u0131n\u0131 da bilen yok&#8230;<\/p>\n<p>Naz\u0131m Hikmet RAN<\/p>\n","protected":false},"excerpt":{"rendered":"<p>920&#8217;N\u0130N 16 MARTI ve MANASTIRLI HAMD\u0130 EFEND\u0130 ve RE\u015eAD\u0130YEL\u0130 VEL\u0130 O\u011eLU MEMET&#8217;\u0130N H\u0130K\u00c2YES\u0130 \u00abBu hamiyetli ve cesur, Manast\u0131rl\u0131 Hamdi Efendi olmasayd\u0131, \u0130stanbul fel\u00e2ketinden kim bilir haber almak i\u00e7in ne kadar intizarlar i\u00e7inde kalacakt\u0131k. \u0130stanbul&#8217;da bulunan n\u00e2z\u0131r, mebus, kumandan, te\u015fkil\u00e2t\u0131m\u0131z mensuplar\u0131 i\u00e7inden bir zat \u00e7\u0131k\u0131p vaktiyle bize haber verme\u011fi d\u00fc\u015f\u00fcnmemi\u015f oldu\u011fu anla\u015f\u0131l\u0131yor. Demek ki c\u00fcmlesini heyecan [&hellip;]<\/p>\n","protected":false},"author":1,"featured_media":0,"comment_status":"open","ping_status":"open","sticky":false,"template":"","format":"standard","meta":{"footnotes":""},"categories":[59],"tags":[],"class_list":{"0":"post-6383","1":"post","2":"type-post","3":"status-publish","4":"format-standard","6":"category-nazim-hikmet-ran"},"yoast_head":"<!-- This site is optimized with the Yoast SEO Premium plugin v24.9 (Yoast SEO v24.9) - https:\/\/yoast.com\/wordpress\/plugins\/seo\/ -->\n<title>KUV\u00c2Y\u0130 M\u0130LL\u0130YE - BE\u015e\u0130NC\u0130 BAP - narteks.net<\/title>\n<meta name=\"robots\" content=\"index, follow, max-snippet:-1, max-image-preview:large, max-video-preview:-1\" \/>\n<link rel=\"canonical\" href=\"https:\/\/narteks.net\/index.php\/2011\/06\/07\/kuvayi-milliye-besinci-bap\/\" \/>\n<meta property=\"og:locale\" content=\"tr_TR\" \/>\n<meta property=\"og:type\" content=\"article\" \/>\n<meta property=\"og:title\" content=\"KUV\u00c2Y\u0130 M\u0130LL\u0130YE - BE\u015e\u0130NC\u0130 BAP\" \/>\n<meta property=\"og:description\" content=\"920&#8217;N\u0130N 16 MARTI ve MANASTIRLI HAMD\u0130 EFEND\u0130 ve RE\u015eAD\u0130YEL\u0130 VEL\u0130 O\u011eLU MEMET&#8217;\u0130N H\u0130K\u00c2YES\u0130 \u00abBu hamiyetli ve cesur, Manast\u0131rl\u0131 Hamdi Efendi olmasayd\u0131, \u0130stanbul fel\u00e2ketinden kim bilir haber almak i\u00e7in ne kadar intizarlar i\u00e7inde kalacakt\u0131k. \u0130stanbul&#8217;da bulunan n\u00e2z\u0131r, mebus, kumandan, te\u015fkil\u00e2t\u0131m\u0131z mensuplar\u0131 i\u00e7inden bir zat \u00e7\u0131k\u0131p vaktiyle bize haber verme\u011fi d\u00fc\u015f\u00fcnmemi\u015f oldu\u011fu anla\u015f\u0131l\u0131yor. Demek ki c\u00fcmlesini heyecan [&hellip;]\" \/>\n<meta property=\"og:url\" content=\"https:\/\/narteks.net\/index.php\/2011\/06\/07\/kuvayi-milliye-besinci-bap\/\" \/>\n<meta property=\"og:site_name\" content=\"narteks.net\" \/>\n<meta property=\"article:published_time\" content=\"2011-06-07T08:38:03+00:00\" \/>\n<meta property=\"og:image\" content=\"https:\/\/narteks.net\/wp-content\/uploads\/narteks.png\" \/>\n\t<meta property=\"og:image:width\" content=\"300\" \/>\n\t<meta property=\"og:image:height\" content=\"90\" \/>\n\t<meta property=\"og:image:type\" content=\"image\/png\" \/>\n<meta name=\"author\" content=\"Tar\u0131k\" \/>\n<meta name=\"twitter:card\" content=\"summary_large_image\" \/>\n<meta name=\"twitter:creator\" content=\"@narteks\" \/>\n<meta name=\"twitter:site\" content=\"@narteks\" \/>\n<meta name=\"twitter:label1\" content=\"Yazan:\" \/>\n\t<meta name=\"twitter:data1\" content=\"Tar\u0131k\" \/>\n\t<meta name=\"twitter:label2\" content=\"Tahmini okuma s\u00fcresi\" \/>\n\t<meta name=\"twitter:data2\" content=\"3 dakika\" \/>\n<script type=\"application\/ld+json\" class=\"yoast-schema-graph\">{\"@context\":\"https:\/\/schema.org\",\"@graph\":[{\"@type\":\"Article\",\"@id\":\"https:\/\/narteks.net\/index.php\/2011\/06\/07\/kuvayi-milliye-besinci-bap\/#article\",\"isPartOf\":{\"@id\":\"https:\/\/narteks.net\/index.php\/2011\/06\/07\/kuvayi-milliye-besinci-bap\/\"},\"author\":{\"name\":\"Tar\u0131k\",\"@id\":\"https:\/\/narteks.net\/#\/schema\/person\/61f37d9834294b72d31d274e7ed79bca\"},\"headline\":\"KUV\u00c2Y\u0130 M\u0130LL\u0130YE &#8211; BE\u015e\u0130NC\u0130 BAP\",\"datePublished\":\"2011-06-07T08:38:03+00:00\",\"mainEntityOfPage\":{\"@id\":\"https:\/\/narteks.net\/index.php\/2011\/06\/07\/kuvayi-milliye-besinci-bap\/\"},\"wordCount\":587,\"commentCount\":0,\"publisher\":{\"@id\":\"https:\/\/narteks.net\/#organization\"},\"articleSection\":[\"Naz\u0131m H\u0130KMET RAN\"],\"inLanguage\":\"tr\",\"potentialAction\":[{\"@type\":\"CommentAction\",\"name\":\"Comment\",\"target\":[\"https:\/\/narteks.net\/index.php\/2011\/06\/07\/kuvayi-milliye-besinci-bap\/#respond\"]}]},{\"@type\":\"WebPage\",\"@id\":\"https:\/\/narteks.net\/index.php\/2011\/06\/07\/kuvayi-milliye-besinci-bap\/\",\"url\":\"https:\/\/narteks.net\/index.php\/2011\/06\/07\/kuvayi-milliye-besinci-bap\/\",\"name\":\"KUV\u00c2Y\u0130 M\u0130LL\u0130YE - BE\u015e\u0130NC\u0130 BAP - narteks.net\",\"isPartOf\":{\"@id\":\"https:\/\/narteks.net\/#website\"},\"datePublished\":\"2011-06-07T08:38:03+00:00\",\"breadcrumb\":{\"@id\":\"https:\/\/narteks.net\/index.php\/2011\/06\/07\/kuvayi-milliye-besinci-bap\/#breadcrumb\"},\"inLanguage\":\"tr\",\"potentialAction\":[{\"@type\":\"ReadAction\",\"target\":[\"https:\/\/narteks.net\/index.php\/2011\/06\/07\/kuvayi-milliye-besinci-bap\/\"]}]},{\"@type\":\"BreadcrumbList\",\"@id\":\"https:\/\/narteks.net\/index.php\/2011\/06\/07\/kuvayi-milliye-besinci-bap\/#breadcrumb\",\"itemListElement\":[{\"@type\":\"ListItem\",\"position\":1,\"name\":\"Anasayfa\",\"item\":\"https:\/\/narteks.net\/\"},{\"@type\":\"ListItem\",\"position\":2,\"name\":\"KUV\u00c2Y\u0130 M\u0130LL\u0130YE &#8211; BE\u015e\u0130NC\u0130 BAP\"}]},{\"@type\":\"WebSite\",\"@id\":\"https:\/\/narteks.net\/#website\",\"url\":\"https:\/\/narteks.net\/\",\"name\":\"narteks.net\",\"description\":\"K\u00fclt\u00fcr Sanat Edebiyat Felsefe\",\"publisher\":{\"@id\":\"https:\/\/narteks.net\/#organization\"},\"alternateName\":\"K\u00fclt\u00fcr Sanat Edebiyat Felsefe\",\"potentialAction\":[{\"@type\":\"SearchAction\",\"target\":{\"@type\":\"EntryPoint\",\"urlTemplate\":\"https:\/\/narteks.net\/?s={search_term_string}\"},\"query-input\":{\"@type\":\"PropertyValueSpecification\",\"valueRequired\":true,\"valueName\":\"search_term_string\"}}],\"inLanguage\":\"tr\"},{\"@type\":\"Organization\",\"@id\":\"https:\/\/narteks.net\/#organization\",\"name\":\"narteks.net\",\"url\":\"https:\/\/narteks.net\/\",\"logo\":{\"@type\":\"ImageObject\",\"inLanguage\":\"tr\",\"@id\":\"https:\/\/narteks.net\/#\/schema\/logo\/image\/\",\"url\":\"https:\/\/narteks.net\/wp-content\/uploads\/narteks.png\",\"contentUrl\":\"https:\/\/narteks.net\/wp-content\/uploads\/narteks.png\",\"width\":300,\"height\":90,\"caption\":\"narteks.net\"},\"image\":{\"@id\":\"https:\/\/narteks.net\/#\/schema\/logo\/image\/\"},\"sameAs\":[\"https:\/\/x.com\/narteks\",\"https:\/\/instagram.com\/narteksnet\"]},{\"@type\":\"Person\",\"@id\":\"https:\/\/narteks.net\/#\/schema\/person\/61f37d9834294b72d31d274e7ed79bca\",\"name\":\"Tar\u0131k\",\"image\":{\"@type\":\"ImageObject\",\"inLanguage\":\"tr\",\"@id\":\"https:\/\/narteks.net\/#\/schema\/person\/image\/\",\"url\":\"https:\/\/secure.gravatar.com\/avatar\/50865afb55632c4ae467e0af0930f6510aa2297d8014be502a55b14f3b7550cf?s=96&d=mm&r=g\",\"contentUrl\":\"https:\/\/secure.gravatar.com\/avatar\/50865afb55632c4ae467e0af0930f6510aa2297d8014be502a55b14f3b7550cf?s=96&d=mm&r=g\",\"caption\":\"Tar\u0131k\"},\"sameAs\":[\"http:\/\/narteks.net\"],\"url\":\"https:\/\/narteks.net\/index.php\/author\/narbak\/\"}]}<\/script>\n<!-- \/ Yoast SEO Premium plugin. -->","yoast_head_json":{"title":"KUV\u00c2Y\u0130 M\u0130LL\u0130YE - BE\u015e\u0130NC\u0130 BAP - narteks.net","robots":{"index":"index","follow":"follow","max-snippet":"max-snippet:-1","max-image-preview":"max-image-preview:large","max-video-preview":"max-video-preview:-1"},"canonical":"https:\/\/narteks.net\/index.php\/2011\/06\/07\/kuvayi-milliye-besinci-bap\/","og_locale":"tr_TR","og_type":"article","og_title":"KUV\u00c2Y\u0130 M\u0130LL\u0130YE - BE\u015e\u0130NC\u0130 BAP","og_description":"920&#8217;N\u0130N 16 MARTI ve MANASTIRLI HAMD\u0130 EFEND\u0130 ve RE\u015eAD\u0130YEL\u0130 VEL\u0130 O\u011eLU MEMET&#8217;\u0130N H\u0130K\u00c2YES\u0130 \u00abBu hamiyetli ve cesur, Manast\u0131rl\u0131 Hamdi Efendi olmasayd\u0131, \u0130stanbul fel\u00e2ketinden kim bilir haber almak i\u00e7in ne kadar intizarlar i\u00e7inde kalacakt\u0131k. \u0130stanbul&#8217;da bulunan n\u00e2z\u0131r, mebus, kumandan, te\u015fkil\u00e2t\u0131m\u0131z mensuplar\u0131 i\u00e7inden bir zat \u00e7\u0131k\u0131p vaktiyle bize haber verme\u011fi d\u00fc\u015f\u00fcnmemi\u015f oldu\u011fu anla\u015f\u0131l\u0131yor. Demek ki c\u00fcmlesini heyecan [&hellip;]","og_url":"https:\/\/narteks.net\/index.php\/2011\/06\/07\/kuvayi-milliye-besinci-bap\/","og_site_name":"narteks.net","article_published_time":"2011-06-07T08:38:03+00:00","og_image":[{"width":300,"height":90,"url":"https:\/\/narteks.net\/wp-content\/uploads\/narteks.png","type":"image\/png"}],"author":"Tar\u0131k","twitter_card":"summary_large_image","twitter_creator":"@narteks","twitter_site":"@narteks","twitter_misc":{"Yazan:":"Tar\u0131k","Tahmini okuma s\u00fcresi":"3 dakika"},"schema":{"@context":"https:\/\/schema.org","@graph":[{"@type":"Article","@id":"https:\/\/narteks.net\/index.php\/2011\/06\/07\/kuvayi-milliye-besinci-bap\/#article","isPartOf":{"@id":"https:\/\/narteks.net\/index.php\/2011\/06\/07\/kuvayi-milliye-besinci-bap\/"},"author":{"name":"Tar\u0131k","@id":"https:\/\/narteks.net\/#\/schema\/person\/61f37d9834294b72d31d274e7ed79bca"},"headline":"KUV\u00c2Y\u0130 M\u0130LL\u0130YE &#8211; BE\u015e\u0130NC\u0130 BAP","datePublished":"2011-06-07T08:38:03+00:00","mainEntityOfPage":{"@id":"https:\/\/narteks.net\/index.php\/2011\/06\/07\/kuvayi-milliye-besinci-bap\/"},"wordCount":587,"commentCount":0,"publisher":{"@id":"https:\/\/narteks.net\/#organization"},"articleSection":["Naz\u0131m H\u0130KMET RAN"],"inLanguage":"tr","potentialAction":[{"@type":"CommentAction","name":"Comment","target":["https:\/\/narteks.net\/index.php\/2011\/06\/07\/kuvayi-milliye-besinci-bap\/#respond"]}]},{"@type":"WebPage","@id":"https:\/\/narteks.net\/index.php\/2011\/06\/07\/kuvayi-milliye-besinci-bap\/","url":"https:\/\/narteks.net\/index.php\/2011\/06\/07\/kuvayi-milliye-besinci-bap\/","name":"KUV\u00c2Y\u0130 M\u0130LL\u0130YE - BE\u015e\u0130NC\u0130 BAP - narteks.net","isPartOf":{"@id":"https:\/\/narteks.net\/#website"},"datePublished":"2011-06-07T08:38:03+00:00","breadcrumb":{"@id":"https:\/\/narteks.net\/index.php\/2011\/06\/07\/kuvayi-milliye-besinci-bap\/#breadcrumb"},"inLanguage":"tr","potentialAction":[{"@type":"ReadAction","target":["https:\/\/narteks.net\/index.php\/2011\/06\/07\/kuvayi-milliye-besinci-bap\/"]}]},{"@type":"BreadcrumbList","@id":"https:\/\/narteks.net\/index.php\/2011\/06\/07\/kuvayi-milliye-besinci-bap\/#breadcrumb","itemListElement":[{"@type":"ListItem","position":1,"name":"Anasayfa","item":"https:\/\/narteks.net\/"},{"@type":"ListItem","position":2,"name":"KUV\u00c2Y\u0130 M\u0130LL\u0130YE &#8211; BE\u015e\u0130NC\u0130 BAP"}]},{"@type":"WebSite","@id":"https:\/\/narteks.net\/#website","url":"https:\/\/narteks.net\/","name":"narteks.net","description":"K\u00fclt\u00fcr Sanat Edebiyat Felsefe","publisher":{"@id":"https:\/\/narteks.net\/#organization"},"alternateName":"K\u00fclt\u00fcr Sanat Edebiyat Felsefe","potentialAction":[{"@type":"SearchAction","target":{"@type":"EntryPoint","urlTemplate":"https:\/\/narteks.net\/?s={search_term_string}"},"query-input":{"@type":"PropertyValueSpecification","valueRequired":true,"valueName":"search_term_string"}}],"inLanguage":"tr"},{"@type":"Organization","@id":"https:\/\/narteks.net\/#organization","name":"narteks.net","url":"https:\/\/narteks.net\/","logo":{"@type":"ImageObject","inLanguage":"tr","@id":"https:\/\/narteks.net\/#\/schema\/logo\/image\/","url":"https:\/\/narteks.net\/wp-content\/uploads\/narteks.png","contentUrl":"https:\/\/narteks.net\/wp-content\/uploads\/narteks.png","width":300,"height":90,"caption":"narteks.net"},"image":{"@id":"https:\/\/narteks.net\/#\/schema\/logo\/image\/"},"sameAs":["https:\/\/x.com\/narteks","https:\/\/instagram.com\/narteksnet"]},{"@type":"Person","@id":"https:\/\/narteks.net\/#\/schema\/person\/61f37d9834294b72d31d274e7ed79bca","name":"Tar\u0131k","image":{"@type":"ImageObject","inLanguage":"tr","@id":"https:\/\/narteks.net\/#\/schema\/person\/image\/","url":"https:\/\/secure.gravatar.com\/avatar\/50865afb55632c4ae467e0af0930f6510aa2297d8014be502a55b14f3b7550cf?s=96&d=mm&r=g","contentUrl":"https:\/\/secure.gravatar.com\/avatar\/50865afb55632c4ae467e0af0930f6510aa2297d8014be502a55b14f3b7550cf?s=96&d=mm&r=g","caption":"Tar\u0131k"},"sameAs":["http:\/\/narteks.net"],"url":"https:\/\/narteks.net\/index.php\/author\/narbak\/"}]}},"_links":{"self":[{"href":"https:\/\/narteks.net\/index.php\/wp-json\/wp\/v2\/posts\/6383","targetHints":{"allow":["GET"]}}],"collection":[{"href":"https:\/\/narteks.net\/index.php\/wp-json\/wp\/v2\/posts"}],"about":[{"href":"https:\/\/narteks.net\/index.php\/wp-json\/wp\/v2\/types\/post"}],"author":[{"embeddable":true,"href":"https:\/\/narteks.net\/index.php\/wp-json\/wp\/v2\/users\/1"}],"replies":[{"embeddable":true,"href":"https:\/\/narteks.net\/index.php\/wp-json\/wp\/v2\/comments?post=6383"}],"version-history":[{"count":0,"href":"https:\/\/narteks.net\/index.php\/wp-json\/wp\/v2\/posts\/6383\/revisions"}],"wp:attachment":[{"href":"https:\/\/narteks.net\/index.php\/wp-json\/wp\/v2\/media?parent=6383"}],"wp:term":[{"taxonomy":"category","embeddable":true,"href":"https:\/\/narteks.net\/index.php\/wp-json\/wp\/v2\/categories?post=6383"},{"taxonomy":"post_tag","embeddable":true,"href":"https:\/\/narteks.net\/index.php\/wp-json\/wp\/v2\/tags?post=6383"}],"curies":[{"name":"wp","href":"https:\/\/api.w.org\/{rel}","templated":true}]}}