{"id":6384,"date":"2011-06-07T11:39:32","date_gmt":"2011-06-07T08:39:32","guid":{"rendered":"http:\/\/localhost\/wordpress\/2011\/06\/07\/kuvayi-milliye-birinci-bap\/"},"modified":"2011-06-07T11:39:32","modified_gmt":"2011-06-07T08:39:32","slug":"kuvayi-milliye-birinci-bap","status":"publish","type":"post","link":"https:\/\/narteks.net\/index.php\/2011\/06\/07\/kuvayi-milliye-birinci-bap\/","title":{"rendered":"KUV\u00c2Y\u0130 M\u0130LL\u0130YE &#8211; B\u0130R\u0130NC\u0130 BAP"},"content":{"rendered":"<p>YIL 1918-1919 ve KARAYILAN H\u0130K\u00c2YES\u0130<\/p>\n<p>Ate\u015fi ve ihaneti g\u00f6rd\u00fck <br \/> ve yanan g\u00f6zlerimizle durduk <br \/> bu d\u00fcnyan\u0131n \u00fczerinde. <br \/> \u0130stanbul 918 Te\u015frinlerinde, <br \/> \u0130zmir 919 May\u0131s\u0131nda <br \/> ve Manisa, Menemen, Ayd\u0131n, Akhisar : <br \/> May\u0131s ortalar\u0131ndan <br \/> Haziran ortalar\u0131na kadar <br \/> yani t\u00fct\u00fcn k\u0131rma mevsimi, <br \/> yani, arpalar bi\u00e7ilip <br \/> bu\u011fdaya ba\u015flan\u0131rken <br \/> yuvarland\u0131lar&#8230; <br \/> Adana, <br \/> Antep, <br \/> Urfa, <br \/> Mara\u015f : <br \/> d\u00fc\u015fm\u00fc\u015f <br \/> d\u00f6v\u00fc\u015f\u00fcyordu&#8230;<\/p>\n<p>Ate\u015fi ve ihaneti g\u00f6rd\u00fck. <br \/> Ve kanl\u0131 bankerler pazar\u0131nda <br \/> memleketi Alaman&#8217;a satanlar, <br \/> yan gelip \u00f6l\u00fclerin \u00fczerinde yatanlar <br \/> d\u00fc\u015ft\u00fcler can kaygusuna <br \/> ve kurtarmak i\u00e7in ba\u015flar\u0131n\u0131 halk\u0131n gazab\u0131ndan <br \/> karanl\u0131\u011fa kar\u0131\u015farak bas\u0131p gittiler. <br \/> Yaral\u0131yd\u0131, yorgundu, fakirdi millet, <br \/> en az\u0131l\u0131 d\u00fcvellerle d\u00f6v\u00fc\u015f\u00fcyordu fakat, <br \/> d\u00f6v\u00fc\u015f\u00fcyordu, k\u00f6le olmamak i\u00e7in iki kat, <br \/> iki kat soyulmamak i\u00e7in.<\/p>\n<p>Ate\u015fi ve ihaneti g\u00f6rd\u00fck. <br \/> Murat nehri, Canik da\u011flar\u0131 ve F\u0131rat, <br \/> Ye\u015fil\u0131rmak, K\u0131z\u0131l\u0131rmak, <br \/> G\u00fcltepe, Tilbe\u015far Ovas\u0131, <br \/> g\u00f6rd\u00fc uzun di\u015fli \u0130ngiliz&#8217;i. <br \/> Ve Aksu&#8217;yla K\u00f6psu, <br \/> Karag\u00f6l&#8217;le S\u00f6\u011f\u00fct G\u00f6l\u00fc <br \/> ve g\u00fcm\u00fc\u015f basamakl\u0131 t\u00fcrbesinde yatan <br \/> b\u00fcy\u00fck, \u00e2\u015f\u0131k \u00f6l\u00fc, <br \/> \u015fapkas\u0131 horoz t\u00fcyl\u00fc \u0130talyan&#8217;\u0131 g\u00f6rd\u00fc. <br \/> Ve \u00c7ukurova, <br \/> k\u0131yas\u0131ya d\u00fczl\u00fck, <br \/> u\u00e7urumlar, yama\u00e7lar, da\u011flar k\u0131yas\u0131ya <br \/> ve Seyhan ve Ceyhan <br \/> ve kara g\u00f6zl\u00fc Y\u00fcr\u00fck k\u0131z\u0131, <br \/> g\u00f6rd\u00fc mavi \u00fcniformal\u0131 Frans\u0131z&#8217;\u0131. <br \/> Ve devam ettik ate\u015fi ve ihaneti g\u00f6rmekte. <br \/> E\u015fraf ve \u00e2y\u00e2n ve m\u00fctehayyiz\u00e2n\u0131n \u00e7o\u011fu <br \/> ve a\u011falar : <br \/> Ba\u011fdasar A\u011fa&#8217;dan <br \/> Kellesi B\u00fcy\u00fck Mehmet A\u011fa&#8217;ya kadar, <br \/> d\u00fc\u015fmanla birlik oldular. <br \/> Ve inekleri, koyunlar\u0131, ke\u00e7ileri s\u00fcr\u00fcp, g\u00f6t\u00fcr\u00fcp, <br \/> gelinlerin \u0131rz\u0131na ge\u00e7ip, <br \/> \u00e7ocuklar\u0131 \u00f6ld\u00fcr\u00fcp <br \/> ve istikl\u00e2li yak\u0131p y\u0131kt\u0131k\u00e7a d\u00fc\u015fman, <br \/> da\u011fa \u00e7\u0131kt\u0131 mavzerini, naca\u011f\u0131n\u0131, \u00e7iftesini kapan <br \/> ve \u00e7\u0131\u011f gibi \u00e7o\u011fald\u0131 \u00e7eteler <br \/> ve k\u00f6yl\u00fclerden pa\u015falar g\u00f6r\u00fcld\u00fc, <br \/> kara donlu k\u00f6yl\u00fclerden. <br \/> Ve bizim tarafa ge\u00e7enler oldu <br \/> Tunuslu ve Hindli k\u00f6lelerden. <br \/> Ve T\u00fcrkistanl\u0131 Hac\u0131 Ahmet, <br \/> k\u0131s\u0131k g\u00f6zleri, <br \/> seyrek sakal\u0131, <br \/> hafif makinal\u0131 t\u00fcfe\u011fiyle <br \/> da\u011flarda bir ba\u015f\u0131na dola\u015ft\u0131. <br \/> Ve sabahleyin ve \u00f6\u011fle s\u0131ca\u011f\u0131nda ve ak\u015fam\u00fcst\u00fc <br \/> ve ay\u0131\u015f\u0131\u011f\u0131nda ve y\u0131ld\u0131z alacas\u0131nda geceleyin, <br \/> ne zaman s\u0131k\u0131\u015fsa bizimkiler, <br \/> peyda oluverdi, yerden biter gibi o <br \/> ve ate\u015f etti <br \/> ve d\u00fc\u015fman\u0131 da\u011f\u0131tt\u0131 <br \/> ve kayboldu da\u011flarda yine.<\/p>\n<p>Ate\u015fi ve ihaneti g\u00f6rd\u00fck. <br \/> Dayand\u0131k, <br \/> dayand\u0131k her yanda, <br \/> dayand\u0131k \u0130zmir&#8217;de, Ayd\u0131n&#8217;da, <br \/> Adana&#8217;da dayand\u0131k, <br \/> dayand\u0131k, Urfa&#8217;da, Mara\u015f&#8217;ta, Antep&#8217;te.<\/p>\n<p>Antepliler sil\u00e2h\u015for olur, <br \/> u\u00e7an turnay\u0131 g\u00f6z\u00fcnden <br \/> ka\u00e7an tav\u015fan\u0131 ard aya\u011f\u0131ndan vururlar <br \/> ve arap k\u0131sra\u011f\u0131n\u0131n \u00fcst\u00fcnde <br \/> taze ye\u015fil selvi gibi ince uzun dururlar.<\/p>\n<p>Antep s\u0131cak, <br \/> Antep \u00e7etin yerdir. <br \/> Antepliler sil\u00e2h\u015for olur. <br \/> Antepliler yi\u011fit ki\u015filerdir.<\/p>\n<p>Karay\u0131lan <br \/> Karay\u0131lan olmazdan \u00f6nce <br \/> Antep k\u00f6yl\u00fcklerinde \u0131rgatt\u0131. <br \/> Belki rahats\u0131zd\u0131, belki rahatt\u0131, <br \/> bunu d\u00fc\u015f\u00fcnme\u011fe vakit b\u0131rakm\u0131yordular, <br \/> ya\u015f\u0131yordu bir tarla s\u0131\u00e7an\u0131 gibi <br \/> ve korkakt\u0131 bir tarla s\u0131\u00e7an\u0131 kadar. <br \/> Yi\u011fitlik atla, sil\u00e2hla, toprakla olur, <br \/> onun at\u0131, sil\u00e2h\u0131, topra\u011f\u0131 yoktu. <br \/> Boynu yine b\u00f6yle \u00e7\u00f6p gibi ince <br \/> ve b\u00f6yle kocaman kafal\u0131yd\u0131 <br \/> Karay\u0131lan <br \/> Karay\u0131lan olmazdan \u00f6nce.<\/p>\n<p>D\u00fc\u015fman Antep&#8217;e girince <br \/> Antepliler onu <br \/> korkusunu saklayan <br \/> bir f\u0131st\u0131k a\u011fac\u0131ndan <br \/> al\u0131p indirdiler.<\/p>\n<p>Alt\u0131na bir at \u00e7ekip <br \/> eline bir mavzer <br \/> verdiler.<\/p>\n<p>Antep \u00e7etin yerdir. <br \/> K\u0131rm\u0131z\u0131 kayalarda <br \/> ye\u015fil kertenkeleler. <br \/> S\u0131cak bulutlar dola\u015f\u0131r havada <br \/> ileri geri&#8230;<\/p>\n<p>D\u00fc\u015fman tutmu\u015ftu tepeleri, <br \/> d\u00fc\u015fman\u0131n topu vard\u0131. <br \/> Antepliler d\u00fcz ovada <br \/> s\u0131k\u0131\u015fm\u0131\u015flard\u0131. <br \/> D\u00fc\u015fman \u015farapnel d\u00f6k\u00fcyordu, <br \/> topra\u011f\u0131 k\u00f6k\u00fcnden s\u00f6k\u00fcyordu. <br \/> D\u00fc\u015fman tutmu\u015ftu tepeleri. <br \/> Akan : Antep&#8217;in kan\u0131yd\u0131.<\/p>\n<p>D\u00fcz ovada bir g\u00fcl fidan\u0131yd\u0131 <br \/> Karay\u0131lan&#8217;\u0131n <br \/> Karay\u0131lan olmazdan \u00f6nceki siperi. <br \/> Bu fidan \u00f6yle k\u00fc\u00e7\u00fck, <br \/> korkusu ve kafas\u0131 \u00f6yle b\u00fcy\u00fckt\u00fc ki onun, <br \/> naml\u0131ya tek fi\u015fek s\u00fcrmeden <br \/> yat\u0131yordu y\u00fcz\u00fckoyun.<\/p>\n<p>Antep s\u0131cak, <br \/> Antep \u00e7etin yerdir. <br \/> Antepliler sil\u00e2h\u015for olur. <br \/> Antepliler yi\u011fit ki\u015filerdir. <br \/> Fakat d\u00fc\u015fman\u0131n topu vard\u0131. <br \/> Ve ne \u00e7are, kader, <br \/> d\u00fcz ovay\u0131 Antepliler <br \/> d\u00fc\u015fmana b\u0131rakacaklard\u0131.<\/p>\n<p>\u00abKaray\u0131lan\u00bb olmazdan \u00f6nce <br \/> umurunda de\u011fildi Karay\u0131lan&#8217;\u0131n <br \/> k\u0131yamete dek d\u00fc\u015fmana verseler Antep&#8217;i. <br \/> \u00c7\u00fcnk\u00fc onu d\u00fc\u015f\u00fcnme\u011fe al\u0131\u015ft\u0131rmad\u0131lar. <br \/> Ya\u015fad\u0131 toprakta bir tarla s\u0131\u00e7an\u0131 gibi, <br \/> korkakt\u0131 da bir tarla s\u0131\u00e7an\u0131 kadar.<\/p>\n<p>Siperi bir g\u00fcl fidan\u0131yd\u0131 onun, <br \/> g\u00fcl fidan\u0131 dibinde yat\u0131yordu ki y\u00fcz\u00fckoyun <br \/> ak bir ta\u015f\u0131n ard\u0131ndan <br \/> kara bir y\u0131lan <br \/> \u00e7\u0131kard\u0131 kafas\u0131n\u0131. <br \/> Derisi \u0131\u015f\u0131l \u0131\u015f\u0131l, <br \/> g\u00f6zleri ate\u015ften al, <br \/> dili \u00e7atald\u0131. <br \/> Birden bir kur\u015fun gelip <br \/> kafas\u0131n\u0131 ald\u0131. <br \/> Hayvan devrildi kald\u0131.<\/p>\n<p>Karay\u0131lan <br \/> Karay\u0131lan olmazdan \u00f6nce <br \/> kara y\u0131lan\u0131n enc\u00e2m\u0131n\u0131 g\u00f6r\u00fcnce <br \/> hayk\u0131rd\u0131 avaz avaz <br \/> \u00f6mr\u00fcn\u00fcn ilk d\u00fc\u015f\u00fcncesini . <br \/> \u00ab\u0130bret al, deli g\u00f6nl\u00fcm, <br \/> demir sand\u0131kta saklansan bulur seni, <br \/> ak ta\u015f ard\u0131nda kara y\u0131lan\u0131 bulan \u00f6l\u00fcm.\u00bb<\/p>\n<p>Ve bir tarla s\u0131\u00e7an\u0131 gibi ya\u015fay\u0131p <br \/> bir tarla s\u0131\u00e7an\u0131 kadar korkak olan, <br \/> f\u0131rlay\u0131p atlay\u0131nca ileri <br \/> bir deh\u015fet ald\u0131 Anteplileri, <br \/> se\u011firttiler pe\u015fince. <br \/> D\u00fc\u015fman\u0131 tepelerde yediler. <br \/> Ve bir tarla s\u0131\u00e7an\u0131 gibi ya\u015fay\u0131p <br \/> bir tarla s\u0131\u00e7an\u0131 kadar korkak olana : <br \/> KARAYILAN dediler.<\/p>\n<p>\u00abKaray\u0131lan der ki : Harbe oturak, <br \/> Kilis yollar\u0131ndan kelle getirek, <br \/> nerde d\u00fc\u015fman varsa orda bitirek, <br \/> vurun ha yi\u011fitler namus g\u00fcn\u00fcd\u00fcr&#8230;\u00bb<\/p>\n<p>Ve biz de bunu b\u00f6ylece duyduk <br \/> ve \u00e7etesinin ba\u015f\u0131nda y\u0131llarca n\u00e2m\u0131 y\u00fcr\u00fcyen <br \/> Karay\u0131lan&#8217;\u0131 <br \/> ve Anteplileri <br \/> ve Antep&#8217;i <br \/> aynen duyup i\u015fitti\u011fimiz gibi <br \/> dest\u00e2n\u0131m\u0131z\u0131n birinci b\u00e2b\u0131na koyduk.<\/p>\n<p>Naz\u0131m Hikmet RAN<\/p>\n","protected":false},"excerpt":{"rendered":"<p>YIL 1918-1919 ve KARAYILAN H\u0130K\u00c2YES\u0130 Ate\u015fi ve ihaneti g\u00f6rd\u00fck ve yanan g\u00f6zlerimizle durduk bu d\u00fcnyan\u0131n \u00fczerinde. \u0130stanbul 918 Te\u015frinlerinde, \u0130zmir 919 May\u0131s\u0131nda ve Manisa, Menemen, Ayd\u0131n, Akhisar : May\u0131s ortalar\u0131ndan Haziran ortalar\u0131na kadar yani t\u00fct\u00fcn k\u0131rma mevsimi, yani, arpalar bi\u00e7ilip bu\u011fdaya ba\u015flan\u0131rken yuvarland\u0131lar&#8230; Adana, Antep, Urfa, Mara\u015f : d\u00fc\u015fm\u00fc\u015f d\u00f6v\u00fc\u015f\u00fcyordu&#8230; Ate\u015fi ve ihaneti g\u00f6rd\u00fck. Ve [&hellip;]<\/p>\n","protected":false},"author":1,"featured_media":0,"comment_status":"open","ping_status":"open","sticky":false,"template":"","format":"standard","meta":{"footnotes":""},"categories":[59],"tags":[],"class_list":{"0":"post-6384","1":"post","2":"type-post","3":"status-publish","4":"format-standard","6":"category-nazim-hikmet-ran"},"yoast_head":"<!-- This site is optimized with the Yoast SEO Premium plugin v24.9 (Yoast SEO v24.9) - https:\/\/yoast.com\/wordpress\/plugins\/seo\/ -->\n<title>KUV\u00c2Y\u0130 M\u0130LL\u0130YE - B\u0130R\u0130NC\u0130 BAP - narteks.net<\/title>\n<meta name=\"robots\" content=\"index, follow, max-snippet:-1, max-image-preview:large, max-video-preview:-1\" \/>\n<link rel=\"canonical\" href=\"https:\/\/narteks.net\/index.php\/2011\/06\/07\/kuvayi-milliye-birinci-bap\/\" \/>\n<meta property=\"og:locale\" content=\"tr_TR\" \/>\n<meta property=\"og:type\" content=\"article\" \/>\n<meta property=\"og:title\" content=\"KUV\u00c2Y\u0130 M\u0130LL\u0130YE - B\u0130R\u0130NC\u0130 BAP\" \/>\n<meta property=\"og:description\" content=\"YIL 1918-1919 ve KARAYILAN H\u0130K\u00c2YES\u0130 Ate\u015fi ve ihaneti g\u00f6rd\u00fck ve yanan g\u00f6zlerimizle durduk bu d\u00fcnyan\u0131n \u00fczerinde. \u0130stanbul 918 Te\u015frinlerinde, \u0130zmir 919 May\u0131s\u0131nda ve Manisa, Menemen, Ayd\u0131n, Akhisar : May\u0131s ortalar\u0131ndan Haziran ortalar\u0131na kadar yani t\u00fct\u00fcn k\u0131rma mevsimi, yani, arpalar bi\u00e7ilip bu\u011fdaya ba\u015flan\u0131rken yuvarland\u0131lar&#8230; Adana, Antep, Urfa, Mara\u015f : d\u00fc\u015fm\u00fc\u015f d\u00f6v\u00fc\u015f\u00fcyordu&#8230; Ate\u015fi ve ihaneti g\u00f6rd\u00fck. Ve [&hellip;]\" \/>\n<meta property=\"og:url\" content=\"https:\/\/narteks.net\/index.php\/2011\/06\/07\/kuvayi-milliye-birinci-bap\/\" \/>\n<meta property=\"og:site_name\" content=\"narteks.net\" \/>\n<meta property=\"article:published_time\" content=\"2011-06-07T08:39:32+00:00\" \/>\n<meta property=\"og:image\" content=\"https:\/\/narteks.net\/wp-content\/uploads\/narteks.png\" \/>\n\t<meta property=\"og:image:width\" content=\"300\" \/>\n\t<meta property=\"og:image:height\" content=\"90\" \/>\n\t<meta property=\"og:image:type\" content=\"image\/png\" \/>\n<meta name=\"author\" content=\"Tar\u0131k\" \/>\n<meta name=\"twitter:card\" content=\"summary_large_image\" \/>\n<meta name=\"twitter:creator\" content=\"@narteks\" \/>\n<meta name=\"twitter:site\" content=\"@narteks\" \/>\n<meta name=\"twitter:label1\" content=\"Yazan:\" \/>\n\t<meta name=\"twitter:data1\" content=\"Tar\u0131k\" \/>\n\t<meta name=\"twitter:label2\" content=\"Tahmini okuma s\u00fcresi\" \/>\n\t<meta name=\"twitter:data2\" content=\"5 dakika\" \/>\n<script type=\"application\/ld+json\" class=\"yoast-schema-graph\">{\"@context\":\"https:\/\/schema.org\",\"@graph\":[{\"@type\":\"Article\",\"@id\":\"https:\/\/narteks.net\/index.php\/2011\/06\/07\/kuvayi-milliye-birinci-bap\/#article\",\"isPartOf\":{\"@id\":\"https:\/\/narteks.net\/index.php\/2011\/06\/07\/kuvayi-milliye-birinci-bap\/\"},\"author\":{\"name\":\"Tar\u0131k\",\"@id\":\"https:\/\/narteks.net\/#\/schema\/person\/61f37d9834294b72d31d274e7ed79bca\"},\"headline\":\"KUV\u00c2Y\u0130 M\u0130LL\u0130YE &#8211; B\u0130R\u0130NC\u0130 BAP\",\"datePublished\":\"2011-06-07T08:39:32+00:00\",\"mainEntityOfPage\":{\"@id\":\"https:\/\/narteks.net\/index.php\/2011\/06\/07\/kuvayi-milliye-birinci-bap\/\"},\"wordCount\":1005,\"commentCount\":0,\"publisher\":{\"@id\":\"https:\/\/narteks.net\/#organization\"},\"articleSection\":[\"Naz\u0131m H\u0130KMET RAN\"],\"inLanguage\":\"tr\",\"potentialAction\":[{\"@type\":\"CommentAction\",\"name\":\"Comment\",\"target\":[\"https:\/\/narteks.net\/index.php\/2011\/06\/07\/kuvayi-milliye-birinci-bap\/#respond\"]}]},{\"@type\":\"WebPage\",\"@id\":\"https:\/\/narteks.net\/index.php\/2011\/06\/07\/kuvayi-milliye-birinci-bap\/\",\"url\":\"https:\/\/narteks.net\/index.php\/2011\/06\/07\/kuvayi-milliye-birinci-bap\/\",\"name\":\"KUV\u00c2Y\u0130 M\u0130LL\u0130YE - B\u0130R\u0130NC\u0130 BAP - narteks.net\",\"isPartOf\":{\"@id\":\"https:\/\/narteks.net\/#website\"},\"datePublished\":\"2011-06-07T08:39:32+00:00\",\"breadcrumb\":{\"@id\":\"https:\/\/narteks.net\/index.php\/2011\/06\/07\/kuvayi-milliye-birinci-bap\/#breadcrumb\"},\"inLanguage\":\"tr\",\"potentialAction\":[{\"@type\":\"ReadAction\",\"target\":[\"https:\/\/narteks.net\/index.php\/2011\/06\/07\/kuvayi-milliye-birinci-bap\/\"]}]},{\"@type\":\"BreadcrumbList\",\"@id\":\"https:\/\/narteks.net\/index.php\/2011\/06\/07\/kuvayi-milliye-birinci-bap\/#breadcrumb\",\"itemListElement\":[{\"@type\":\"ListItem\",\"position\":1,\"name\":\"Anasayfa\",\"item\":\"https:\/\/narteks.net\/\"},{\"@type\":\"ListItem\",\"position\":2,\"name\":\"KUV\u00c2Y\u0130 M\u0130LL\u0130YE &#8211; B\u0130R\u0130NC\u0130 BAP\"}]},{\"@type\":\"WebSite\",\"@id\":\"https:\/\/narteks.net\/#website\",\"url\":\"https:\/\/narteks.net\/\",\"name\":\"narteks.net\",\"description\":\"K\u00fclt\u00fcr Sanat Edebiyat Felsefe\",\"publisher\":{\"@id\":\"https:\/\/narteks.net\/#organization\"},\"alternateName\":\"K\u00fclt\u00fcr Sanat Edebiyat Felsefe\",\"potentialAction\":[{\"@type\":\"SearchAction\",\"target\":{\"@type\":\"EntryPoint\",\"urlTemplate\":\"https:\/\/narteks.net\/?s={search_term_string}\"},\"query-input\":{\"@type\":\"PropertyValueSpecification\",\"valueRequired\":true,\"valueName\":\"search_term_string\"}}],\"inLanguage\":\"tr\"},{\"@type\":\"Organization\",\"@id\":\"https:\/\/narteks.net\/#organization\",\"name\":\"narteks.net\",\"url\":\"https:\/\/narteks.net\/\",\"logo\":{\"@type\":\"ImageObject\",\"inLanguage\":\"tr\",\"@id\":\"https:\/\/narteks.net\/#\/schema\/logo\/image\/\",\"url\":\"https:\/\/narteks.net\/wp-content\/uploads\/narteks.png\",\"contentUrl\":\"https:\/\/narteks.net\/wp-content\/uploads\/narteks.png\",\"width\":300,\"height\":90,\"caption\":\"narteks.net\"},\"image\":{\"@id\":\"https:\/\/narteks.net\/#\/schema\/logo\/image\/\"},\"sameAs\":[\"https:\/\/x.com\/narteks\",\"https:\/\/instagram.com\/narteksnet\"]},{\"@type\":\"Person\",\"@id\":\"https:\/\/narteks.net\/#\/schema\/person\/61f37d9834294b72d31d274e7ed79bca\",\"name\":\"Tar\u0131k\",\"image\":{\"@type\":\"ImageObject\",\"inLanguage\":\"tr\",\"@id\":\"https:\/\/narteks.net\/#\/schema\/person\/image\/\",\"url\":\"https:\/\/secure.gravatar.com\/avatar\/50865afb55632c4ae467e0af0930f6510aa2297d8014be502a55b14f3b7550cf?s=96&d=mm&r=g\",\"contentUrl\":\"https:\/\/secure.gravatar.com\/avatar\/50865afb55632c4ae467e0af0930f6510aa2297d8014be502a55b14f3b7550cf?s=96&d=mm&r=g\",\"caption\":\"Tar\u0131k\"},\"sameAs\":[\"http:\/\/narteks.net\"],\"url\":\"https:\/\/narteks.net\/index.php\/author\/narbak\/\"}]}<\/script>\n<!-- \/ Yoast SEO Premium plugin. -->","yoast_head_json":{"title":"KUV\u00c2Y\u0130 M\u0130LL\u0130YE - B\u0130R\u0130NC\u0130 BAP - narteks.net","robots":{"index":"index","follow":"follow","max-snippet":"max-snippet:-1","max-image-preview":"max-image-preview:large","max-video-preview":"max-video-preview:-1"},"canonical":"https:\/\/narteks.net\/index.php\/2011\/06\/07\/kuvayi-milliye-birinci-bap\/","og_locale":"tr_TR","og_type":"article","og_title":"KUV\u00c2Y\u0130 M\u0130LL\u0130YE - B\u0130R\u0130NC\u0130 BAP","og_description":"YIL 1918-1919 ve KARAYILAN H\u0130K\u00c2YES\u0130 Ate\u015fi ve ihaneti g\u00f6rd\u00fck ve yanan g\u00f6zlerimizle durduk bu d\u00fcnyan\u0131n \u00fczerinde. \u0130stanbul 918 Te\u015frinlerinde, \u0130zmir 919 May\u0131s\u0131nda ve Manisa, Menemen, Ayd\u0131n, Akhisar : May\u0131s ortalar\u0131ndan Haziran ortalar\u0131na kadar yani t\u00fct\u00fcn k\u0131rma mevsimi, yani, arpalar bi\u00e7ilip bu\u011fdaya ba\u015flan\u0131rken yuvarland\u0131lar&#8230; Adana, Antep, Urfa, Mara\u015f : d\u00fc\u015fm\u00fc\u015f d\u00f6v\u00fc\u015f\u00fcyordu&#8230; Ate\u015fi ve ihaneti g\u00f6rd\u00fck. Ve [&hellip;]","og_url":"https:\/\/narteks.net\/index.php\/2011\/06\/07\/kuvayi-milliye-birinci-bap\/","og_site_name":"narteks.net","article_published_time":"2011-06-07T08:39:32+00:00","og_image":[{"width":300,"height":90,"url":"https:\/\/narteks.net\/wp-content\/uploads\/narteks.png","type":"image\/png"}],"author":"Tar\u0131k","twitter_card":"summary_large_image","twitter_creator":"@narteks","twitter_site":"@narteks","twitter_misc":{"Yazan:":"Tar\u0131k","Tahmini okuma s\u00fcresi":"5 dakika"},"schema":{"@context":"https:\/\/schema.org","@graph":[{"@type":"Article","@id":"https:\/\/narteks.net\/index.php\/2011\/06\/07\/kuvayi-milliye-birinci-bap\/#article","isPartOf":{"@id":"https:\/\/narteks.net\/index.php\/2011\/06\/07\/kuvayi-milliye-birinci-bap\/"},"author":{"name":"Tar\u0131k","@id":"https:\/\/narteks.net\/#\/schema\/person\/61f37d9834294b72d31d274e7ed79bca"},"headline":"KUV\u00c2Y\u0130 M\u0130LL\u0130YE &#8211; B\u0130R\u0130NC\u0130 BAP","datePublished":"2011-06-07T08:39:32+00:00","mainEntityOfPage":{"@id":"https:\/\/narteks.net\/index.php\/2011\/06\/07\/kuvayi-milliye-birinci-bap\/"},"wordCount":1005,"commentCount":0,"publisher":{"@id":"https:\/\/narteks.net\/#organization"},"articleSection":["Naz\u0131m H\u0130KMET RAN"],"inLanguage":"tr","potentialAction":[{"@type":"CommentAction","name":"Comment","target":["https:\/\/narteks.net\/index.php\/2011\/06\/07\/kuvayi-milliye-birinci-bap\/#respond"]}]},{"@type":"WebPage","@id":"https:\/\/narteks.net\/index.php\/2011\/06\/07\/kuvayi-milliye-birinci-bap\/","url":"https:\/\/narteks.net\/index.php\/2011\/06\/07\/kuvayi-milliye-birinci-bap\/","name":"KUV\u00c2Y\u0130 M\u0130LL\u0130YE - B\u0130R\u0130NC\u0130 BAP - narteks.net","isPartOf":{"@id":"https:\/\/narteks.net\/#website"},"datePublished":"2011-06-07T08:39:32+00:00","breadcrumb":{"@id":"https:\/\/narteks.net\/index.php\/2011\/06\/07\/kuvayi-milliye-birinci-bap\/#breadcrumb"},"inLanguage":"tr","potentialAction":[{"@type":"ReadAction","target":["https:\/\/narteks.net\/index.php\/2011\/06\/07\/kuvayi-milliye-birinci-bap\/"]}]},{"@type":"BreadcrumbList","@id":"https:\/\/narteks.net\/index.php\/2011\/06\/07\/kuvayi-milliye-birinci-bap\/#breadcrumb","itemListElement":[{"@type":"ListItem","position":1,"name":"Anasayfa","item":"https:\/\/narteks.net\/"},{"@type":"ListItem","position":2,"name":"KUV\u00c2Y\u0130 M\u0130LL\u0130YE &#8211; B\u0130R\u0130NC\u0130 BAP"}]},{"@type":"WebSite","@id":"https:\/\/narteks.net\/#website","url":"https:\/\/narteks.net\/","name":"narteks.net","description":"K\u00fclt\u00fcr Sanat Edebiyat Felsefe","publisher":{"@id":"https:\/\/narteks.net\/#organization"},"alternateName":"K\u00fclt\u00fcr Sanat Edebiyat Felsefe","potentialAction":[{"@type":"SearchAction","target":{"@type":"EntryPoint","urlTemplate":"https:\/\/narteks.net\/?s={search_term_string}"},"query-input":{"@type":"PropertyValueSpecification","valueRequired":true,"valueName":"search_term_string"}}],"inLanguage":"tr"},{"@type":"Organization","@id":"https:\/\/narteks.net\/#organization","name":"narteks.net","url":"https:\/\/narteks.net\/","logo":{"@type":"ImageObject","inLanguage":"tr","@id":"https:\/\/narteks.net\/#\/schema\/logo\/image\/","url":"https:\/\/narteks.net\/wp-content\/uploads\/narteks.png","contentUrl":"https:\/\/narteks.net\/wp-content\/uploads\/narteks.png","width":300,"height":90,"caption":"narteks.net"},"image":{"@id":"https:\/\/narteks.net\/#\/schema\/logo\/image\/"},"sameAs":["https:\/\/x.com\/narteks","https:\/\/instagram.com\/narteksnet"]},{"@type":"Person","@id":"https:\/\/narteks.net\/#\/schema\/person\/61f37d9834294b72d31d274e7ed79bca","name":"Tar\u0131k","image":{"@type":"ImageObject","inLanguage":"tr","@id":"https:\/\/narteks.net\/#\/schema\/person\/image\/","url":"https:\/\/secure.gravatar.com\/avatar\/50865afb55632c4ae467e0af0930f6510aa2297d8014be502a55b14f3b7550cf?s=96&d=mm&r=g","contentUrl":"https:\/\/secure.gravatar.com\/avatar\/50865afb55632c4ae467e0af0930f6510aa2297d8014be502a55b14f3b7550cf?s=96&d=mm&r=g","caption":"Tar\u0131k"},"sameAs":["http:\/\/narteks.net"],"url":"https:\/\/narteks.net\/index.php\/author\/narbak\/"}]}},"_links":{"self":[{"href":"https:\/\/narteks.net\/index.php\/wp-json\/wp\/v2\/posts\/6384","targetHints":{"allow":["GET"]}}],"collection":[{"href":"https:\/\/narteks.net\/index.php\/wp-json\/wp\/v2\/posts"}],"about":[{"href":"https:\/\/narteks.net\/index.php\/wp-json\/wp\/v2\/types\/post"}],"author":[{"embeddable":true,"href":"https:\/\/narteks.net\/index.php\/wp-json\/wp\/v2\/users\/1"}],"replies":[{"embeddable":true,"href":"https:\/\/narteks.net\/index.php\/wp-json\/wp\/v2\/comments?post=6384"}],"version-history":[{"count":0,"href":"https:\/\/narteks.net\/index.php\/wp-json\/wp\/v2\/posts\/6384\/revisions"}],"wp:attachment":[{"href":"https:\/\/narteks.net\/index.php\/wp-json\/wp\/v2\/media?parent=6384"}],"wp:term":[{"taxonomy":"category","embeddable":true,"href":"https:\/\/narteks.net\/index.php\/wp-json\/wp\/v2\/categories?post=6384"},{"taxonomy":"post_tag","embeddable":true,"href":"https:\/\/narteks.net\/index.php\/wp-json\/wp\/v2\/tags?post=6384"}],"curies":[{"name":"wp","href":"https:\/\/api.w.org\/{rel}","templated":true}]}}