{"id":6386,"date":"2011-06-07T11:41:42","date_gmt":"2011-06-07T08:41:42","guid":{"rendered":"http:\/\/localhost\/wordpress\/2011\/06\/07\/kuvayi-milliye-ikinci-bap\/"},"modified":"2011-06-07T11:41:42","modified_gmt":"2011-06-07T08:41:42","slug":"kuvayi-milliye-ikinci-bap","status":"publish","type":"post","link":"https:\/\/narteks.net\/index.php\/2011\/06\/07\/kuvayi-milliye-ikinci-bap\/","title":{"rendered":"KUV\u00c2Y\u0130 M\u0130LL\u0130YE &#8211; \u0130K\u0130NC\u0130 BAP"},"content":{"rendered":"<p>YIL Y\u0130NE 1919 ve \u0130STANBUL&#8217;UN H\u00c2L\u0130 ve ERZURUM ve SIVAS KONGRELER\u0130 ve KAMBUR KER\u0130M&#8217;\u0130N H\u0130K\u00c2YES\u0130<\/p>\n<p>Biz ki \u0130stanbul \u015fehriyiz, <br \/> Seferberli\u011fi g\u00f6rm\u00fc\u015f\u00fcz : <br \/> Kafkas, Gali\u00e7ya, \u00c7anakkale, Filistin, <br \/> vagon ticareti, tif\u00fcs ve \u0130spanyol nezlesi <br \/> bir de \u0130ttihat\u00e7\u0131lar, <br \/> bir de uzun kon\u00e7lu Alman \u00e7izmesi <br \/> 914&#8217;ten 18&#8217;e kadar <br \/> yedi bitirdi bizi. <br \/> M\u00fccevher gibi uzak ve eri\u015filmezdi \u015feker <br \/> erimi\u015f alt\u0131n pahas\u0131nda gazya\u011f\u0131 <br \/> ve namuslu, \u00e7al\u0131\u015fkan, fakir \u0130stanbullular <br \/> sidiklerini yakt\u0131lar 5 numara l\u00e2mbalar\u0131nda. <br \/> Yedikleri m\u0131s\u0131r ko\u00e7an\u0131yd\u0131 ve arpa <br \/> ve s\u00fcp\u00fcrge tohumu <br \/> ve \u00e7\u00f6p gibi kald\u0131 \u00e7ocuklar\u0131n boynu. <br \/> Ve l\u00e2kin Tarabya&#8217;da, P\u00f6ti\u015fan&#8217;da ve Ada&#8217;da Kul\u00fcp&#8217;te <br \/> akt\u0131 Ren \u015faraplar\u0131 su gibi <br \/> ve \u015fekerin sahibi <br \/> kaplad\u0131 Milovi\u00e7&#8217;in yorgan\u0131na 1000 liral\u0131klar\u0131. <br \/> Milovi\u00e7 de beyaz at gibi bir kar\u0131. <br \/> Bir de sakal\u0131 Halife&#8217;nin, <br \/> bir de Vilhelm&#8217;in b\u0131y\u0131klar\u0131.<\/p>\n<p>Biz ki \u0130stanbul \u015fehriyiz, <br \/> g\u00fczelizdir, <br \/> d\u00f6rt yan\u0131m\u0131z mavi mavi da\u011fd\u0131r, denizdir. <br \/> \u00d6fkeli, b\u00fcy\u00fck bir \u015fair : <br \/> \u00abEy bin kocadan arta kalan bilmem neyi bakir\u00bb <br \/> demi\u015f <br \/> bize <br \/> ve bir ba\u015fkas\u0131, <br \/> yekpare Acem m\u00fclk\u00fcn\u00fc fed\u00e2 etti bir sengimize.<\/p>\n<p>Biz ki \u0130stanbul \u015fehriyiz, <br \/> i\u015fte, arzederiz halimizi <br \/> T\u00fcrk halk\u0131n\u0131n y\u00fcce kat\u0131na. <br \/> Mevsim yazd\u0131r, <br \/> 919&#8217;dur. <br \/> Ve te\u015frinlerinde ge\u00e7en y\u0131l\u0131n <br \/> d\u00f6rt d\u00fcvele teslim ettiler bizi, <br \/> g\u00f6z\u00fc kanl\u0131 d\u00f6rt d\u00fcvele <br \/> anadan do\u011fma \u00e7\u0131r\u0131l\u00e7\u0131plak. <br \/> Ve kurumu\u015ftu <br \/> ve kan i\u00e7indeydi memelerimiz.<\/p>\n<p>Biz ki \u0130stanbul \u015fehriyiz, <br \/> Frans\u0131z, \u0130ngiliz, \u0130talyan, Amerikan <br \/> bir de Yunan, <br \/> bir de zavall\u0131 Afrika zencileri <br \/> yer bitirir bizi bir yandan, <br \/> bir yandan da kendi k\u00f6pek d\u00f6llerimiz : <br \/> Vahdettin Sultan, <br \/> ve damad\u0131 Ferit <br \/> ve \u0130ngiliz muhipleri <br \/> ve Mandac\u0131lar.<\/p>\n<p>Biz ki \u0130stanbul \u015fehriyiz, <br \/> y\u00fcce T\u00fcrk halk\u0131, <br \/> mal\u00fbmun olsun \u00e7ekti\u011fimiz ac\u0131lar&#8230;<\/p>\n<p>919 Temmuzunun 23&#8217;\u00fcnc\u00fc g\u00fcn\u00fc <br \/> pek m\u00fctevaz\u0131 bir mektep salonunda <br \/> in&#8217;ikad etti Erzurum Kongresi.<\/p>\n<p>Erzurum&#8217;un k\u0131\u015f\u0131 zorludur balam, <br \/> tand\u0131r\u0131nda tezek yakar Erzurum, <br \/> buz tutar yi\u011fitlerinin b\u0131y\u0131\u011f\u0131 <br \/> ve geceleyin karl\u0131 ovada <br \/> kaskat\u0131 kat\u0131la\u015fm\u0131\u015f, donmu\u015f g\u00f6r\u00fcrs\u00fcn karanl\u0131\u011f\u0131.<\/p>\n<p>Erzurum&#8217;da kavaklar, balam, <br \/> Erzurum&#8217;da kavaklar tane tane, <br \/> kavaklarda tane tane yapraklar. <br \/> Ve terden ve toz dumandan ve sinekten ge\u00e7ilmez <br \/> Erzurum&#8217;da yaz gelip de bast\u0131 m\u0131yd\u0131 s\u0131caklar.<\/p>\n<p>Erzurum&#8217;un d\u00fczd\u00fcr, toprakt\u0131r dam\u0131. <br \/> Erzurum g\u00fczelleri giyer, balam, <br \/> incecik ak y\u00fcnden ehram\u0131. <br \/> Y\u00fcrek boynun b\u00fcker, balam, <br \/> Erzurumlu t\u00fcrk\u00fclere. <br \/> Halim selimdir Erzurum&#8217;un adam\u0131 <br \/> ve l\u00e2kin d\u00f6nmesin g\u00f6z\u00fc bir kere!&#8230;<\/p>\n<p>Erzurum&#8217;da on d\u00f6rt g\u00fcn s\u00fcrd\u00fc Kongre : <br \/> orda, mazlum milletlerden bahsedildi <br \/> b\u00fct\u00fcn mazlum milletlerden <br \/> ve emperyalizme kar\u015f\u0131 d\u00f6v\u00fc\u015flerinden onlar\u0131n.<\/p>\n<p>Orda, bir \u015e\u00fbray\u0131 Mill\u00ee&#8217;den bahsedildi, <br \/> \u0130radei Milliyeye m\u00fcstenit bir \u015e\u00fbray\u0131 Mill\u00ee&#8217;den. <br \/> Buna ra\u011fmen, <br \/> \u00ab\u00c2si gelmiyelim\u00bb diyenler vard\u0131, <br \/> \u00abmakam\u0131 hil\u00e2fet ve saltanata.\u00bb <br \/> Hatt\u00e2 casuslar vard\u0131 i\u00e7erde.<\/p>\n<p>Buna ra\u011fmen, <br \/> \u00abB\u00fct\u00fcn aks\u00e2m\u0131 vatan birk\u00fcld\u00fcr\u00bb denildi. <br \/> \u00abKabul olunmaz,\u00bb denildi, <br \/> \u00abManda ve Himaye&#8230;\u00bb<\/p>\n<p>Buna ra\u011fmen, <br \/> \u0130stanbul&#8217;da bir\u00e7ok han\u0131mlar, beyler, pa\u015falar, <br \/> T\u00fcrk halk\u0131ndan kesmi\u015flerdi umudu. <br \/> Ya\u011fd\u0131r\u0131ld\u0131 telgraflar Erzurum&#8217;a : <br \/> \u00abAmerikan mandas\u0131 alt\u0131na girelim,\u00bb diye. <br \/> \u00ab\u0130stikl\u00e2l, diyorlard\u0131, \u015f\u00e2yan\u0131 arzu ve tercihtir, amma <br \/> bug\u00fcn bu, diyorlard\u0131, m\u00fcmk\u00fcn de\u011fil, <br \/> birka\u00e7 vil\u00e2yet, diyorlard\u0131, kalacak elde, <br \/> \u015fu halde, diyorlard\u0131, \u015fu halde, <br \/> Mem\u00e2liki Osmaniye&#8217;nin c\u00fcmlesine \u015f\u00e2mil <br \/> Amerikan mandaterli\u011fini talep etme\u011fi <br \/> memleketimiz i\u00e7in en n\u00e2fi <br \/> bir \u015fekli hal kabul ediyoruz.\u00bb<\/p>\n<p>Fakat bu \u015fekli halli kabul etmedi Erzurumlu. <br \/> Erzurum&#8217;un k\u0131\u015f\u0131 zorludur balam, <br \/> buz tutar yi\u011fitlerin b\u0131y\u0131\u011f\u0131. <br \/> Erzurum&#8217;da kaskat\u0131, dimdik \u00f6l\u00fcr adam, <br \/> kabullenmez y\u0131lg\u0131nl\u0131\u011f\u0131&#8230;<\/p>\n<p>\u0130stanbul&#8217;da han\u0131mlar, beyler, pa\u015falar, <br \/> t\u00fcl perdeler, kravatlar, apoletler, \u015fi\u015feler, <br \/> \u00e7\u0131t\u0131 p\u0131t\u0131 dilleri ve pamuk gibi elleri <br \/> ve bi\u00e7are telgraf telleri <br \/> devretmek i\u00e7in Amerika&#8217;ya Anadolu&#8217;yu <br \/> \u015f\u00f6yle diyorlard\u0131 Erzurum&#8217;dakilere : <br \/> \u00abBizi bir ba\u015f\u0131m\u0131za b\u0131raksalar, <br \/> tarafgirlik, cehalet <br \/> ve \u00e7ok konu\u015fmaktan ba\u015fka m\u00fcspet <br \/> bir hayat kuramay\u0131z. <br \/> \u0130\u015fte bu y\u00fczden Amerika \u00e7ok i\u015fimize geliyor. <br \/> Filipin gibi vah\u015fi bir memleketi adam etti Amerika. <br \/> Ne olacak, <br \/> Biz de on be\u015f, yirmi sene zahmet \u00e7ekeriz, <br \/> sonra Yeni D\u00fcnya&#8217;n\u0131n sayesinde <br \/> \u0130stikl\u00e2li kafas\u0131nda ve cebinde ta\u015f\u0131yan <br \/> bir T\u00fcrkiye v\u00fccuda geliverir. <br \/> Amerika, i\u00e7ine girdi\u011fi memleket ve millet hayr\u0131na <br \/> nas\u0131l bir idare kurdu\u011funu <br \/> Avrupa&#8217;ya g\u00f6stermek ister. <br \/> Hem art\u0131k i\u015fi uzatma\u011fa gelmez. <br \/> \u00c7ok tehlikeli anlar ya\u015f\u0131yoruz. <br \/> Serg\u00fcze\u015ft ve cid\u00e2l devri ge\u00e7mi\u015ftir : <br \/> T\u00fcrkiye&#8217;yi, geni\u015f kafal\u0131 birka\u00e7 ki\u015fi belki kurtarabilir.\u00bb <\/p>\n<p> 4 Eyl\u00fcl 919&#8217;da topland\u0131 S\u0131vas Kongresi, <br \/> ve 8 Eyl\u00fclde <br \/> Kongrede bu sefer <br \/> yine ortaya \u00e7\u0131kt\u0131 Amerikan mandas\u0131. <br \/> Ak koyunla kara koyunun <br \/> ge\u00e7itte belli oldu\u011fu g\u00fcnlerdi o g\u00fcnler. <br \/> Ve \u0130stanbul&#8217;dan gelen baz\u0131 zevat, <br \/> sapsar\u0131 y\u0131lg\u0131nl\u0131klar\u0131yla beraber <br \/> ve ihanetleriyle birlikte <br \/> bir de Amerikan gazeteci getirmi\u015ftiler. <br \/> Ve Erzurumlulardan ve S\u0131vasl\u0131lardan ve T\u00fcrk milletinden \u00e7ok <br \/> i\u015fbu Mister Bravn&#8217;a g\u00fcveniyorlard\u0131. <br \/> Bu zevata : <br \/> \u00ab\u0130stikl\u00e2limizi kaybetmek istemiyoruz efendiler!\u00bb <br \/> denildi. <br \/> Fakat ayak diredi efendiler : <br \/> \u00abMandan\u0131n, istikl\u00e2li ihl\u00e2l etmiyece\u011fi muhakkak iken,\u00bb <br \/> dediler, <br \/> \u00abHerhalde bir m\u00fcz\u00e2herete muhtac\u0131z diyorum ben,\u00bb <br \/> dediler, <br \/> \u00abHem zaten,\u00bb <br \/> dediler, <br \/> \u00abbirbirine mani \u015feyler de\u011fildir <br \/> istikl\u00e2l ile manda. <br \/> Ve esasen,\u00bb <br \/> dediler, <br \/> \u00abm\u00fcstakil kalamay\u0131z b\u00f6yle bir zamanda. <br \/> Memleket harap, <br \/> toprak \u00e7orak, <br \/> borcumuz 500 milyon, <br \/> v\u00e2ridat ise 15 milyon ancak. <br \/> Ve Allah muhafaza buyursun <br \/> \u0130zmir kalsa Yunanistan&#8217;da <br \/> ve harbetsek, <br \/> d\u00fc\u015fman\u0131m\u0131z vapurla asker getirir. <br \/> Biz Erzurum&#8217;dan hangi \u015fimendiferle nakliyat yapabiliriz? <br \/> Manday\u0131 kabul etmeliyiz, hemen,\u00bb <br \/> dediler. <br \/> \u00abOnlar dretnot yap\u0131yor, <br \/> biz yelkenli bir gemi yapam\u0131yoruz. <br \/> Hem, \u0130stanbul&#8217;daki Amerikan dostlar\u0131m\u0131z : <br \/> Mandam\u0131z korkun\u00e7 de\u011fildir, <br \/> diyorlar, <br \/> Cemiyeti Akvam nizamnamesine dahildir, <br \/> diyorlar.\u00bb<\/p>\n<p>Ve b\u00f6ylece, bin dereden su getirdi \u0130stanbul&#8217;dan gelen zevat. <br \/> S\u0131vas, manday\u0131 kabul etmedi fakat, <br \/> \u00abHey gidi deli g\u00f6nl\u00fcm,\u00bb <br \/> dedi, <br \/> \u00abAk\u0131ll\u0131, umutlu, sab\u0131rl\u0131 deli g\u00f6nl\u00fcm, <br \/> ya \u0130ST\u0130KLAL, ya \u00f6l\u00fcm!\u00bb <br \/> dedi.<\/p>\n<p>Kambur Kerim de b\u00f6yle dedi aynen. <br \/> Adapazarl\u0131yd\u0131 Kambur Kerim. <br \/> Seferberlikte \u00f6len babas\u0131 marangozdu. <br \/> Seferberlik denince akl\u0131na Kerim&#8217;in : <br \/> \u00e7ok beyaz bir yast\u0131kta kara sakall\u0131 bir \u00f6l\u00fc y\u00fcz\u00fc, <br \/> Fahri Bey \u00e7iftli\u011finde patates toplay\u0131p <br \/> kaz g\u00fctmek, <br \/> mektep kitaplar\u0131 <br \/> ve bir de sa\u00e7lar\u0131 alt\u0131n gibi sar\u0131 <br \/> fakat aln\u0131 \u00e7izgiler i\u00e7inde anas\u0131 gelir. <br \/> 335&#8217;te Kerim Eski\u015fehir&#8217;e gitti, <br \/> mektebe, teyzelerine ve day\u0131s\u0131na. <br \/> Day\u0131s\u0131 \u015fimendiferde makinistti. <br \/> D\u00fc\u015fman elindeydi Eski\u015fehir. <br \/> Kerim on d\u00f6rt ya\u015f\u0131ndayd\u0131, <br \/> kamburu yoktu. <br \/> D\u00fcmd\u00fczd\u00fc fidan gibi <br \/> ve d\u00fcnyaya merakl\u0131 bir \u00e7ocuktu. <br \/> Day\u0131s\u0131 s\u00fcrme\u011fe gitti\u011fi g\u00fcnler \u015fimendiferi <br \/> Kerim&#8217;e ekmek vermedi\u011finden teyzeleri <br \/> (\u00e7ok uzun sa\u00e7l\u0131, ihtiyar iki kad\u0131n) <br \/> Hintli askerlerle dost oldu Kerim. <br \/> Bunlar <br \/> (\u015fa\u015f\u0131lacak \u015fey) <br \/> T\u00fcrk\u00e7e bilmeyen <br \/> ve siyah sakallar\u0131, siyah g\u00f6zleri parlak, <br \/> avu\u00e7lar\u0131n\u0131n \u00fcst\u00fc esmer, i\u00e7i ak <br \/> ve tel \u00f6rg\u00fclerin \u00fczerinden <br \/> Kerim&#8217;e bisk\u00fcviti kutularla atan amcalard\u0131. <br \/> Kocaman bir ambarlar\u0131 vard\u0131, <br \/> Kerim i\u00e7inde oynard\u0131. <br \/> Ambarda nohut \u00e7uvallar\u0131, bakla, kuru \u00fcz\u00fcm, <br \/> (\u015fa\u015f\u0131lacak \u015fey, <br \/> kat\u0131rlar\u0131n yemesi i\u00e7in) <br \/> ve sonra cephane sand\u0131klar\u0131yla silahlar. <br \/> Bir g\u00fcn dedi ki makinist day\u0131s\u0131 Kerim&#8217;e : <br \/> \u00abAmbardan sil\u00e2h \u00e7al\u0131p bana getir, <br \/> g\u00e2vura kar\u015f\u0131 koyan zeybeklere g\u00f6nderece\u011fim.\u00bb <br \/> Ve ambardan sil\u00e2h \u00e7ald\u0131 Kerim : <br \/> bir <br \/> bir tane daha <br \/> be\u015f <br \/> on. <br \/> Aldatt\u0131 Hindistanl\u0131 dostlar\u0131n\u0131 <br \/> zeybekleri daha \u00e7ok sevdi\u011finden. <br \/> Zaten \u00e7ok s\u00fcrmedi, parlak kara sakall\u0131 amcalar gitti, <br \/> Kerim ge\u00e7irdi onlar\u0131 istasyona kadar. <br \/> Ertesi g\u00fcn Lefke k\u00f6pr\u00fcs\u00fcn\u00fc at\u0131p <br \/> zeybekler gelince Eski\u015fehir&#8217;e <br \/> day\u0131s\u0131 Kerim&#8217;i elinden tutup <br \/> verdi onlara. <br \/> Ve i\u015fte o g\u00fcnden sonra <br \/> bug\u00fcne kadar <br \/> kahraman bir t\u00fcrk\u00fcd\u00fcr \u00f6mr\u00fc Kerim&#8217;in. <br \/> Eski\u015fehir&#8217;den al\u0131p onu <br \/> \u00abKocaeli Grubu\u00bb pa\u015fas\u0131na g\u00f6t\u00fcrd\u00fcler. <br \/> \u00c7at\u0131k ka\u015fl\u0131, y\u00fcz\u00fc g\u00fclmez bir pa\u015fayd\u0131 bu.<\/p>\n<p>\u00c7abucak \u00f6\u011frendi Kerim ata binmeyi, <br \/> s\u0131\u011f\u0131rtma\u00e7 olmay\u0131 <br \/> -zaten bilgisi vard\u0131 bunda- <br \/> kayalardan gen\u00e7 bir ke\u00e7i gibi inmeyi, <br \/> gizlenmeyi ormanda. <br \/> Ve b\u00fct\u00fcn bu marifetleriyle Kerim <br \/> ka\u00e7 kere \u00f6l\u00fcme bir kur\u015fun at\u0131m\u0131 yakla\u015farak <br \/> ve \u00abGe\u00e7mi\u015f olsun\u00bb dedikleri zaman \u015fa\u015farak <br \/> d\u00fc\u015fman i\u00e7inden ge\u00e7ip getirdi haber <br \/> g\u00f6t\u00fcrd\u00fc haber. <br \/> Onu naml\u0131 bir \u00abkaptan\u00bb gibi sayd\u0131 \u00e7eteler, <br \/> bir oyun arkada\u015f\u0131 gibi sevdi \u00e7eteleri o. <br \/> Ve bir fidan gibi d\u00fcz <br \/> bir fidan gibi cesur <br \/> bir fidan gibi vaadeden bir \u00e7ocu\u011fun <br \/> sevin\u00e7le oynad\u0131\u011f\u0131 bu m\u00fcthi\u015f oyun <br \/> s\u00fcrd\u00fc 1337&#8217;ye kadar&#8230;<\/p>\n<p>Kocaeli orman\u0131 g\u00fcrgen ve me\u015feliktir : <br \/> y\u00fcksek <br \/> kal\u0131n. <br \/> G\u00f6ky\u00fcz\u00fc g\u00f6z\u00fckmez. <br \/> Durgun bir geceydi. <br \/> Hafif ya\u011fmur ya\u011fm\u0131\u015ft\u0131 biraz \u00f6nce. <br \/> Fakat \u0131slanmam\u0131\u015f ki yerde yapraklar <br \/> karanl\u0131kta h\u0131\u015f\u0131rt\u0131larla y\u00fcr\u00fcyordu beygiri Kerim&#8217;in. <br \/> Solda <br \/> ilerde <br \/> tepenin ete\u011finde ate\u015f yan\u0131yordu : <br \/> \u00abTekneciler\u00bb diye an\u0131lan <br \/> g\u00e2vur \u00e7etelerinin olmal\u0131. <br \/> Dallardan damlalar d\u00fc\u015f\u00fcyordu Kerim&#8217;in y\u00fcz\u00fcne. <br \/> Beygirin ba\u015f\u0131 gittik\u00e7e daha \u00e7ok karanl\u0131\u011fa giriyor. <br \/> \u0130psiz Recep&#8217;in yan\u0131ndan d\u00f6n\u00fcyordu Kerim. <br \/> K\u00e2atlar g\u00f6t\u00fcrm\u00fc\u015f <br \/> k\u00e2atlar getiriyor. <br \/> Birdenbire durdu beygir, <br \/> heykel gibi, <br \/> -Tekneciler&#8217;in ate\u015fini g\u00f6rm\u00fc\u015f olacak- <br \/> sonra birdenbire d\u00f6rtnala kalkt\u0131. <br \/> \u015ea\u015f\u0131rd\u0131 Kerim. <br \/> Dizginleri b\u0131rakt\u0131. <br \/> Sar\u0131ld\u0131 beygirin boynuna. <br \/> Deli gibi gidiyordu hayvan. <br \/> \u00c7ocu\u011fa art arda \u00e7arp\u0131yordu a\u011fa\u00e7lar. <br \/> Me\u015feleri ve g\u00fcrgenleriyle orman <br \/> karanl\u0131k\u00a0 bir r\u00fczg\u00e2r gibi ge\u00e7iyor iki yandan. <br \/> Kim bilir ka\u00e7 saat b\u00f6yle gidildi. <br \/> Orman bitti birdenbire. <br \/> -Ay do\u011fmu\u015f olacak ki ortal\u0131k ayd\u0131nl\u0131kt\u0131- <br \/> Ve Kerim ayn\u0131 h\u0131zla geldi\u011fi zaman <br \/> Arma\u015fa&#8217;n\u0131n alt\u0131nda Ba\u015fde\u011firmenler&#8217;e <br \/> beygir ans\u0131z\u0131n kapakland\u0131 yere, <br \/> tekerlendi Kerim. <br \/> Do\u011fruldu. <br \/> Ve akl\u0131na ilk gelen \u015fey <br \/> saat\u0131na bakmak oldu. <br \/> K\u0131r\u0131lm\u0131\u015ft\u0131 cam\u0131. <br \/> Bindi beygire tekrar. <br \/> Hayvan topall\u0131yordu biraz. <br \/> Uslu uslu yola koyuldular. <br \/> Sol kula\u011f\u0131 kan\u0131yordu Kerim&#8217;in, <br \/> Kirezce&#8217;ye geldiler <br \/> (Sapanca&#8217;yla Arifiye aras\u0131), <br \/> Kerim durdu, <br \/> Biraz zor nefes al\u0131yordu. <br \/> Geyve&#8217;ye girdi ertesi ak\u015fam. <br \/> Beli o kadar a\u011fr\u0131yordu ki <br \/> inemedi beygirden <br \/> indirdiler. <br \/> Kerim&#8217;i bir yayl\u0131ya bindirdiler. <br \/> Adapazar\u0131. <br \/> Sonra belki on g\u00fcn, belki on be\u015f, <br \/> ka\u011fn\u0131lar, mekk\u00e2re arabalar\u0131, <br \/> sonra, gitgide daralan nefesi, <br \/> Yah\u015f\u0131han, <br \/> Konya, <br \/> Sile nahiyesi <br \/> (burda mal\u00fbl gaziler i\u00e7in <br \/> takma kol ve bacak yap\u0131l\u0131yordu), <br \/> ve nihayet Hat\u00e7ehan k\u00f6y\u00fcnden \u00e7\u0131k\u0131k\u00e7\u0131 \u015eerif Usta. <br \/> H\u00e2l\u00e2 r\u00fcyalar\u0131nda g\u00f6r\u00fcr Kerim <br \/> incecik bir yoldan e\u015fekle gelip <br \/> \u00fczerine do\u011fru e\u011filen <br \/> bu \u00e7i\u00e7ekbozu\u011fu insan y\u00fcz\u00fcn\u00fc. <br \/> Usta, ovdu Kerim&#8217;i bay\u0131lt\u0131ncaya kadar. <br \/> Sonra, zifte koydu bu k\u0131r\u0131lm\u0131\u015f dal gibi \u00e7ocuk g\u00f6vdesini. <br \/> Yirmi g\u00fcn ge\u00e7ti aradan. <br \/> Ve sonra bir ikindi vakti ziftin i\u00e7inden <br \/> Kerim&#8217;i kambur \u00e7\u0131kard\u0131lar.<\/p>\n<p>Naz\u0131m Hikmet RAN<\/p>\n","protected":false},"excerpt":{"rendered":"<p>YIL Y\u0130NE 1919 ve \u0130STANBUL&#8217;UN H\u00c2L\u0130 ve ERZURUM ve SIVAS KONGRELER\u0130 ve KAMBUR KER\u0130M&#8217;\u0130N H\u0130K\u00c2YES\u0130 Biz ki \u0130stanbul \u015fehriyiz, Seferberli\u011fi g\u00f6rm\u00fc\u015f\u00fcz : Kafkas, Gali\u00e7ya, \u00c7anakkale, Filistin, vagon ticareti, tif\u00fcs ve \u0130spanyol nezlesi bir de \u0130ttihat\u00e7\u0131lar, bir de uzun kon\u00e7lu Alman \u00e7izmesi 914&#8217;ten 18&#8217;e kadar yedi bitirdi bizi. M\u00fccevher gibi uzak ve eri\u015filmezdi \u015feker erimi\u015f alt\u0131n [&hellip;]<\/p>\n","protected":false},"author":1,"featured_media":0,"comment_status":"open","ping_status":"open","sticky":false,"template":"","format":"standard","meta":{"footnotes":""},"categories":[59],"tags":[],"class_list":{"0":"post-6386","1":"post","2":"type-post","3":"status-publish","4":"format-standard","6":"category-nazim-hikmet-ran"},"yoast_head":"<!-- This site is optimized with the Yoast SEO Premium plugin v24.9 (Yoast SEO v24.9) - https:\/\/yoast.com\/wordpress\/plugins\/seo\/ -->\n<title>KUV\u00c2Y\u0130 M\u0130LL\u0130YE - \u0130K\u0130NC\u0130 BAP - narteks.net<\/title>\n<meta name=\"robots\" content=\"index, follow, max-snippet:-1, max-image-preview:large, max-video-preview:-1\" \/>\n<link rel=\"canonical\" href=\"https:\/\/narteks.net\/index.php\/2011\/06\/07\/kuvayi-milliye-ikinci-bap\/\" \/>\n<meta property=\"og:locale\" content=\"tr_TR\" \/>\n<meta property=\"og:type\" content=\"article\" \/>\n<meta property=\"og:title\" content=\"KUV\u00c2Y\u0130 M\u0130LL\u0130YE - \u0130K\u0130NC\u0130 BAP\" \/>\n<meta property=\"og:description\" content=\"YIL Y\u0130NE 1919 ve \u0130STANBUL&#8217;UN H\u00c2L\u0130 ve ERZURUM ve SIVAS KONGRELER\u0130 ve KAMBUR KER\u0130M&#8217;\u0130N H\u0130K\u00c2YES\u0130 Biz ki \u0130stanbul \u015fehriyiz, Seferberli\u011fi g\u00f6rm\u00fc\u015f\u00fcz : Kafkas, Gali\u00e7ya, \u00c7anakkale, Filistin, vagon ticareti, tif\u00fcs ve \u0130spanyol nezlesi bir de \u0130ttihat\u00e7\u0131lar, bir de uzun kon\u00e7lu Alman \u00e7izmesi 914&#8217;ten 18&#8217;e kadar yedi bitirdi bizi. M\u00fccevher gibi uzak ve eri\u015filmezdi \u015feker erimi\u015f alt\u0131n [&hellip;]\" \/>\n<meta property=\"og:url\" content=\"https:\/\/narteks.net\/index.php\/2011\/06\/07\/kuvayi-milliye-ikinci-bap\/\" \/>\n<meta property=\"og:site_name\" content=\"narteks.net\" \/>\n<meta property=\"article:published_time\" content=\"2011-06-07T08:41:42+00:00\" \/>\n<meta property=\"og:image\" content=\"https:\/\/narteks.net\/wp-content\/uploads\/narteks.png\" \/>\n\t<meta property=\"og:image:width\" content=\"300\" \/>\n\t<meta property=\"og:image:height\" content=\"90\" \/>\n\t<meta property=\"og:image:type\" content=\"image\/png\" \/>\n<meta name=\"author\" content=\"Tar\u0131k\" \/>\n<meta name=\"twitter:card\" content=\"summary_large_image\" \/>\n<meta name=\"twitter:creator\" content=\"@narteks\" \/>\n<meta name=\"twitter:site\" content=\"@narteks\" \/>\n<meta name=\"twitter:label1\" content=\"Yazan:\" \/>\n\t<meta name=\"twitter:data1\" content=\"Tar\u0131k\" \/>\n\t<meta name=\"twitter:label2\" content=\"Tahmini okuma s\u00fcresi\" \/>\n\t<meta name=\"twitter:data2\" content=\"9 dakika\" \/>\n<script type=\"application\/ld+json\" class=\"yoast-schema-graph\">{\"@context\":\"https:\/\/schema.org\",\"@graph\":[{\"@type\":\"Article\",\"@id\":\"https:\/\/narteks.net\/index.php\/2011\/06\/07\/kuvayi-milliye-ikinci-bap\/#article\",\"isPartOf\":{\"@id\":\"https:\/\/narteks.net\/index.php\/2011\/06\/07\/kuvayi-milliye-ikinci-bap\/\"},\"author\":{\"name\":\"Tar\u0131k\",\"@id\":\"https:\/\/narteks.net\/#\/schema\/person\/61f37d9834294b72d31d274e7ed79bca\"},\"headline\":\"KUV\u00c2Y\u0130 M\u0130LL\u0130YE &#8211; \u0130K\u0130NC\u0130 BAP\",\"datePublished\":\"2011-06-07T08:41:42+00:00\",\"mainEntityOfPage\":{\"@id\":\"https:\/\/narteks.net\/index.php\/2011\/06\/07\/kuvayi-milliye-ikinci-bap\/\"},\"wordCount\":1794,\"commentCount\":0,\"publisher\":{\"@id\":\"https:\/\/narteks.net\/#organization\"},\"articleSection\":[\"Naz\u0131m H\u0130KMET RAN\"],\"inLanguage\":\"tr\",\"potentialAction\":[{\"@type\":\"CommentAction\",\"name\":\"Comment\",\"target\":[\"https:\/\/narteks.net\/index.php\/2011\/06\/07\/kuvayi-milliye-ikinci-bap\/#respond\"]}]},{\"@type\":\"WebPage\",\"@id\":\"https:\/\/narteks.net\/index.php\/2011\/06\/07\/kuvayi-milliye-ikinci-bap\/\",\"url\":\"https:\/\/narteks.net\/index.php\/2011\/06\/07\/kuvayi-milliye-ikinci-bap\/\",\"name\":\"KUV\u00c2Y\u0130 M\u0130LL\u0130YE - \u0130K\u0130NC\u0130 BAP - narteks.net\",\"isPartOf\":{\"@id\":\"https:\/\/narteks.net\/#website\"},\"datePublished\":\"2011-06-07T08:41:42+00:00\",\"breadcrumb\":{\"@id\":\"https:\/\/narteks.net\/index.php\/2011\/06\/07\/kuvayi-milliye-ikinci-bap\/#breadcrumb\"},\"inLanguage\":\"tr\",\"potentialAction\":[{\"@type\":\"ReadAction\",\"target\":[\"https:\/\/narteks.net\/index.php\/2011\/06\/07\/kuvayi-milliye-ikinci-bap\/\"]}]},{\"@type\":\"BreadcrumbList\",\"@id\":\"https:\/\/narteks.net\/index.php\/2011\/06\/07\/kuvayi-milliye-ikinci-bap\/#breadcrumb\",\"itemListElement\":[{\"@type\":\"ListItem\",\"position\":1,\"name\":\"Anasayfa\",\"item\":\"https:\/\/narteks.net\/\"},{\"@type\":\"ListItem\",\"position\":2,\"name\":\"KUV\u00c2Y\u0130 M\u0130LL\u0130YE &#8211; \u0130K\u0130NC\u0130 BAP\"}]},{\"@type\":\"WebSite\",\"@id\":\"https:\/\/narteks.net\/#website\",\"url\":\"https:\/\/narteks.net\/\",\"name\":\"narteks.net\",\"description\":\"K\u00fclt\u00fcr Sanat Edebiyat Felsefe\",\"publisher\":{\"@id\":\"https:\/\/narteks.net\/#organization\"},\"alternateName\":\"K\u00fclt\u00fcr Sanat Edebiyat Felsefe\",\"potentialAction\":[{\"@type\":\"SearchAction\",\"target\":{\"@type\":\"EntryPoint\",\"urlTemplate\":\"https:\/\/narteks.net\/?s={search_term_string}\"},\"query-input\":{\"@type\":\"PropertyValueSpecification\",\"valueRequired\":true,\"valueName\":\"search_term_string\"}}],\"inLanguage\":\"tr\"},{\"@type\":\"Organization\",\"@id\":\"https:\/\/narteks.net\/#organization\",\"name\":\"narteks.net\",\"url\":\"https:\/\/narteks.net\/\",\"logo\":{\"@type\":\"ImageObject\",\"inLanguage\":\"tr\",\"@id\":\"https:\/\/narteks.net\/#\/schema\/logo\/image\/\",\"url\":\"https:\/\/narteks.net\/wp-content\/uploads\/narteks.png\",\"contentUrl\":\"https:\/\/narteks.net\/wp-content\/uploads\/narteks.png\",\"width\":300,\"height\":90,\"caption\":\"narteks.net\"},\"image\":{\"@id\":\"https:\/\/narteks.net\/#\/schema\/logo\/image\/\"},\"sameAs\":[\"https:\/\/x.com\/narteks\",\"https:\/\/instagram.com\/narteksnet\"]},{\"@type\":\"Person\",\"@id\":\"https:\/\/narteks.net\/#\/schema\/person\/61f37d9834294b72d31d274e7ed79bca\",\"name\":\"Tar\u0131k\",\"image\":{\"@type\":\"ImageObject\",\"inLanguage\":\"tr\",\"@id\":\"https:\/\/narteks.net\/#\/schema\/person\/image\/\",\"url\":\"https:\/\/secure.gravatar.com\/avatar\/50865afb55632c4ae467e0af0930f6510aa2297d8014be502a55b14f3b7550cf?s=96&d=mm&r=g\",\"contentUrl\":\"https:\/\/secure.gravatar.com\/avatar\/50865afb55632c4ae467e0af0930f6510aa2297d8014be502a55b14f3b7550cf?s=96&d=mm&r=g\",\"caption\":\"Tar\u0131k\"},\"sameAs\":[\"http:\/\/narteks.net\"],\"url\":\"https:\/\/narteks.net\/index.php\/author\/narbak\/\"}]}<\/script>\n<!-- \/ Yoast SEO Premium plugin. -->","yoast_head_json":{"title":"KUV\u00c2Y\u0130 M\u0130LL\u0130YE - \u0130K\u0130NC\u0130 BAP - narteks.net","robots":{"index":"index","follow":"follow","max-snippet":"max-snippet:-1","max-image-preview":"max-image-preview:large","max-video-preview":"max-video-preview:-1"},"canonical":"https:\/\/narteks.net\/index.php\/2011\/06\/07\/kuvayi-milliye-ikinci-bap\/","og_locale":"tr_TR","og_type":"article","og_title":"KUV\u00c2Y\u0130 M\u0130LL\u0130YE - \u0130K\u0130NC\u0130 BAP","og_description":"YIL Y\u0130NE 1919 ve \u0130STANBUL&#8217;UN H\u00c2L\u0130 ve ERZURUM ve SIVAS KONGRELER\u0130 ve KAMBUR KER\u0130M&#8217;\u0130N H\u0130K\u00c2YES\u0130 Biz ki \u0130stanbul \u015fehriyiz, Seferberli\u011fi g\u00f6rm\u00fc\u015f\u00fcz : Kafkas, Gali\u00e7ya, \u00c7anakkale, Filistin, vagon ticareti, tif\u00fcs ve \u0130spanyol nezlesi bir de \u0130ttihat\u00e7\u0131lar, bir de uzun kon\u00e7lu Alman \u00e7izmesi 914&#8217;ten 18&#8217;e kadar yedi bitirdi bizi. M\u00fccevher gibi uzak ve eri\u015filmezdi \u015feker erimi\u015f alt\u0131n [&hellip;]","og_url":"https:\/\/narteks.net\/index.php\/2011\/06\/07\/kuvayi-milliye-ikinci-bap\/","og_site_name":"narteks.net","article_published_time":"2011-06-07T08:41:42+00:00","og_image":[{"width":300,"height":90,"url":"https:\/\/narteks.net\/wp-content\/uploads\/narteks.png","type":"image\/png"}],"author":"Tar\u0131k","twitter_card":"summary_large_image","twitter_creator":"@narteks","twitter_site":"@narteks","twitter_misc":{"Yazan:":"Tar\u0131k","Tahmini okuma s\u00fcresi":"9 dakika"},"schema":{"@context":"https:\/\/schema.org","@graph":[{"@type":"Article","@id":"https:\/\/narteks.net\/index.php\/2011\/06\/07\/kuvayi-milliye-ikinci-bap\/#article","isPartOf":{"@id":"https:\/\/narteks.net\/index.php\/2011\/06\/07\/kuvayi-milliye-ikinci-bap\/"},"author":{"name":"Tar\u0131k","@id":"https:\/\/narteks.net\/#\/schema\/person\/61f37d9834294b72d31d274e7ed79bca"},"headline":"KUV\u00c2Y\u0130 M\u0130LL\u0130YE &#8211; \u0130K\u0130NC\u0130 BAP","datePublished":"2011-06-07T08:41:42+00:00","mainEntityOfPage":{"@id":"https:\/\/narteks.net\/index.php\/2011\/06\/07\/kuvayi-milliye-ikinci-bap\/"},"wordCount":1794,"commentCount":0,"publisher":{"@id":"https:\/\/narteks.net\/#organization"},"articleSection":["Naz\u0131m H\u0130KMET RAN"],"inLanguage":"tr","potentialAction":[{"@type":"CommentAction","name":"Comment","target":["https:\/\/narteks.net\/index.php\/2011\/06\/07\/kuvayi-milliye-ikinci-bap\/#respond"]}]},{"@type":"WebPage","@id":"https:\/\/narteks.net\/index.php\/2011\/06\/07\/kuvayi-milliye-ikinci-bap\/","url":"https:\/\/narteks.net\/index.php\/2011\/06\/07\/kuvayi-milliye-ikinci-bap\/","name":"KUV\u00c2Y\u0130 M\u0130LL\u0130YE - \u0130K\u0130NC\u0130 BAP - narteks.net","isPartOf":{"@id":"https:\/\/narteks.net\/#website"},"datePublished":"2011-06-07T08:41:42+00:00","breadcrumb":{"@id":"https:\/\/narteks.net\/index.php\/2011\/06\/07\/kuvayi-milliye-ikinci-bap\/#breadcrumb"},"inLanguage":"tr","potentialAction":[{"@type":"ReadAction","target":["https:\/\/narteks.net\/index.php\/2011\/06\/07\/kuvayi-milliye-ikinci-bap\/"]}]},{"@type":"BreadcrumbList","@id":"https:\/\/narteks.net\/index.php\/2011\/06\/07\/kuvayi-milliye-ikinci-bap\/#breadcrumb","itemListElement":[{"@type":"ListItem","position":1,"name":"Anasayfa","item":"https:\/\/narteks.net\/"},{"@type":"ListItem","position":2,"name":"KUV\u00c2Y\u0130 M\u0130LL\u0130YE &#8211; \u0130K\u0130NC\u0130 BAP"}]},{"@type":"WebSite","@id":"https:\/\/narteks.net\/#website","url":"https:\/\/narteks.net\/","name":"narteks.net","description":"K\u00fclt\u00fcr Sanat Edebiyat Felsefe","publisher":{"@id":"https:\/\/narteks.net\/#organization"},"alternateName":"K\u00fclt\u00fcr Sanat Edebiyat Felsefe","potentialAction":[{"@type":"SearchAction","target":{"@type":"EntryPoint","urlTemplate":"https:\/\/narteks.net\/?s={search_term_string}"},"query-input":{"@type":"PropertyValueSpecification","valueRequired":true,"valueName":"search_term_string"}}],"inLanguage":"tr"},{"@type":"Organization","@id":"https:\/\/narteks.net\/#organization","name":"narteks.net","url":"https:\/\/narteks.net\/","logo":{"@type":"ImageObject","inLanguage":"tr","@id":"https:\/\/narteks.net\/#\/schema\/logo\/image\/","url":"https:\/\/narteks.net\/wp-content\/uploads\/narteks.png","contentUrl":"https:\/\/narteks.net\/wp-content\/uploads\/narteks.png","width":300,"height":90,"caption":"narteks.net"},"image":{"@id":"https:\/\/narteks.net\/#\/schema\/logo\/image\/"},"sameAs":["https:\/\/x.com\/narteks","https:\/\/instagram.com\/narteksnet"]},{"@type":"Person","@id":"https:\/\/narteks.net\/#\/schema\/person\/61f37d9834294b72d31d274e7ed79bca","name":"Tar\u0131k","image":{"@type":"ImageObject","inLanguage":"tr","@id":"https:\/\/narteks.net\/#\/schema\/person\/image\/","url":"https:\/\/secure.gravatar.com\/avatar\/50865afb55632c4ae467e0af0930f6510aa2297d8014be502a55b14f3b7550cf?s=96&d=mm&r=g","contentUrl":"https:\/\/secure.gravatar.com\/avatar\/50865afb55632c4ae467e0af0930f6510aa2297d8014be502a55b14f3b7550cf?s=96&d=mm&r=g","caption":"Tar\u0131k"},"sameAs":["http:\/\/narteks.net"],"url":"https:\/\/narteks.net\/index.php\/author\/narbak\/"}]}},"_links":{"self":[{"href":"https:\/\/narteks.net\/index.php\/wp-json\/wp\/v2\/posts\/6386","targetHints":{"allow":["GET"]}}],"collection":[{"href":"https:\/\/narteks.net\/index.php\/wp-json\/wp\/v2\/posts"}],"about":[{"href":"https:\/\/narteks.net\/index.php\/wp-json\/wp\/v2\/types\/post"}],"author":[{"embeddable":true,"href":"https:\/\/narteks.net\/index.php\/wp-json\/wp\/v2\/users\/1"}],"replies":[{"embeddable":true,"href":"https:\/\/narteks.net\/index.php\/wp-json\/wp\/v2\/comments?post=6386"}],"version-history":[{"count":0,"href":"https:\/\/narteks.net\/index.php\/wp-json\/wp\/v2\/posts\/6386\/revisions"}],"wp:attachment":[{"href":"https:\/\/narteks.net\/index.php\/wp-json\/wp\/v2\/media?parent=6386"}],"wp:term":[{"taxonomy":"category","embeddable":true,"href":"https:\/\/narteks.net\/index.php\/wp-json\/wp\/v2\/categories?post=6386"},{"taxonomy":"post_tag","embeddable":true,"href":"https:\/\/narteks.net\/index.php\/wp-json\/wp\/v2\/tags?post=6386"}],"curies":[{"name":"wp","href":"https:\/\/api.w.org\/{rel}","templated":true}]}}