{"id":6387,"date":"2011-06-07T11:43:14","date_gmt":"2011-06-07T08:43:14","guid":{"rendered":"http:\/\/localhost\/wordpress\/2011\/06\/07\/kuvayi-milliye-sekizinci-bap\/"},"modified":"2011-06-07T11:43:14","modified_gmt":"2011-06-07T08:43:14","slug":"kuvayi-milliye-sekizinci-bap","status":"publish","type":"post","link":"https:\/\/narteks.net\/index.php\/2011\/06\/07\/kuvayi-milliye-sekizinci-bap\/","title":{"rendered":"KUV\u00c2Y\u0130 M\u0130LL\u0130YE &#8211; SEK\u0130Z\u0130NC\u0130 BAP"},"content":{"rendered":"<p>26 A\u011eUSTOS GECES\u0130NDE SAATLER \u0130K\u0130 OTUZDAN BE\u015e OTUZA KADAR ve \u0130ZM\u0130R RIHTIMINDAN AKDEN\u0130Z&#8217;E BAKAN NEFER<\/p>\n<p>Saat 2.30.<\/p>\n<p>Kocatepe yan\u0131k ve ihtiyar bir bay\u0131rd\u0131r, <br \/> ne a\u011fa\u00e7, ne ku\u015f sesi, <br \/> ne toprak kokusu vard\u0131r. <br \/> G\u00fcnd\u00fcz g\u00fcne\u015fin, <br \/> gece y\u0131ld\u0131zlar\u0131n alt\u0131nda kayalard\u0131r. <br \/> Ve \u015fimdi gece oldu\u011fu i\u00e7in <br \/> ve d\u00fcnya karanl\u0131kta daha bizim, <br \/> daha yak\u0131n, <br \/> daha k\u00fc\u00e7\u00fck kald\u0131\u011f\u0131 i\u00e7in <br \/> ve bu vakitlerde topraktan ve y\u00fcrekten <br \/> evimize, a\u015fk\u0131m\u0131za ve kendimize dair <br \/> sesler geldi\u011fi i\u00e7in <br \/> kayal\u0131klarda \u015fayak kalpakl\u0131 n\u00f6bet\u00e7i <br \/> ok\u015fayarak g\u00fcl\u00fcmseyen b\u0131y\u0131\u011f\u0131n\u0131 <br \/> seyrediyordu Kocatepe&#8217;den <br \/> d\u00fcnyan\u0131n en y\u0131ld\u0131zl\u0131 karanl\u0131\u011f\u0131n\u0131. <br \/> D\u00fc\u015fman \u00fc\u00e7 saatlik yerdedir <br \/> ve H\u0131d\u0131rl\u0131k-tepesi olmasa <br \/> Afyonkarahisar \u015fehrinin \u0131\u015f\u0131klar\u0131 g\u00f6z\u00fckecek. <br \/> K\u00fczeydo\u011fuda G\u00fczelim-da\u011flar\u0131 <br \/> ve da\u011flarda tek <br \/> tek <br \/> ate\u015fler yan\u0131yor. <br \/> Ovada Akar\u00e7ay bir p\u0131r\u0131lt\u0131 halinde <br \/> ve \u015fayak kalpakl\u0131 n\u00f6bet\u00e7inin hayalinde <br \/> \u015fimdi yaln\u0131z sular\u0131n yapt\u0131\u011f\u0131 bir yolculuk var : <br \/> Akar\u00e7ay belki bir akar su, <br \/> belki bir \u0131rmak, <br \/> belki k\u00fc\u00e7\u00fcc\u00fck bir nehirdir. <br \/> Akar\u00e7ay Derebo\u011faz\u0131&#8217;nda de\u011firmenleri \u00e7evirip <br \/> ve k\u0131l\u00e7\u0131ks\u0131z y\u0131lan bal\u0131klar\u0131yla <br \/> Yedi\u015fehitler kayas\u0131n\u0131n g\u00f6lgesine girip <br \/> \u00e7\u0131kar. <br \/> Ve kocaman \u00e7i\u00e7ekleri efl\u00e2tun <br \/> k\u0131rm\u0131z\u0131 <br \/> beyaz <br \/> ve saplar\u0131 bir, bir bu\u00e7uk adam boyundaki <br \/> ha\u015fha\u015flar\u0131n aras\u0131ndan akar. <br \/> Ve Afyon \u00f6n\u00fcnde <br \/> Alt\u0131g\u00f6zler K\u00f6pr\u00fcs\u00fc&#8217;n\u00fcn alt\u0131ndan <br \/> g\u00fcndo\u011fuya d\u00f6nerek <br \/> ve Konya tren hatt\u0131na rastlay\u0131p yolda <br \/> B\u00fcy\u00fck\u00e7obanlar K\u00f6y\u00fc&#8217;n\u00fc solda <br \/> ve K\u0131z\u0131lkilise&#8217;yi sa\u011fda b\u0131rak\u0131p <br \/> gider.<\/p>\n<p>D\u00fc\u015f\u00fcnd\u00fc birdenbire kayalardaki adam <br \/> kaynaklar\u0131 ve yollar\u0131 d\u00fc\u015fman elinde kalan b\u00fct\u00fcn nehirleri. <br \/> Kim bilir onlar ne kadar b\u00fcy\u00fck, <br \/> ne kadar uzundular? <br \/> Bir\u00e7o\u011funun ad\u0131n\u0131 bilmiyordu, <br \/> yaln\u0131z, Yunan&#8217;dan \u00f6nce ve Seferberlik&#8217;ten evvel <br \/> Selim\u015fahlar \u00c7iftli\u011fi&#8217;nde \u0131rgatl\u0131k ederken Manisa&#8217;da <br \/> ge\u00e7erdi Gediz&#8217;in sular\u0131n\u0131 ba\u015f\u0131 d\u00f6nerek.<\/p>\n<p>Da\u011flarda tek <br \/> tek <br \/> ate\u015fler yan\u0131yordu. <br \/> Ve y\u0131ld\u0131zlar \u00f6yle \u0131\u015f\u0131lt\u0131l\u0131, \u00f6yle feraht\u0131lar ki <br \/> \u015fayak kalpakl\u0131 adam <br \/> nas\u0131l ve ne zaman gelece\u011fini bilmeden <br \/> g\u00fczel, rahat g\u00fcnlere inan\u0131yordu <br \/> ve g\u00fclen b\u0131y\u0131klar\u0131yla duruyordu ki mavzerinin yan\u0131nda, <br \/> birdenbire be\u015f ad\u0131m sa\u011f\u0131nda onu g\u00f6rd\u00fc. <br \/> Pa\u015falar onun arkas\u0131ndayd\u0131lar. <br \/> O, saat\u0131 sordu. <br \/> Pa\u015falar : \u00ab\u00dc\u00e7,\u00bb dediler. <br \/> Sar\u0131\u015f\u0131n bir kurda benziyordu. <br \/> Ve mavi g\u00f6zleri \u00e7akmak \u00e7akmakt\u0131. <br \/> Y\u00fcr\u00fcd\u00fc u\u00e7urumun ba\u015f\u0131na kadar, <br \/> e\u011fildi, durdu. <br \/> B\u0131raksalar <br \/> ince, uzun bacaklar\u0131 \u00fcst\u00fcnde yaylanarak <br \/> ve karanl\u0131kta akan bir y\u0131ld\u0131z gibi kayarak <br \/> Kocatepe&#8217;den Afyon Ovas\u0131&#8217;na atl\u0131yacakt\u0131.<\/p>\n<p>Saat 3.30.<\/p>\n<p>Halimur &#8211; Ayval\u0131 hatt\u0131 \u00fczerinde <br \/> manga mevziindedir.<\/p>\n<p>\u0130zmirli Ali Onba\u015f\u0131 <br \/> (kendisi tornac\u0131d\u0131r) <br \/> karanl\u0131kta g\u00f6zyordam\u0131yla <br \/> sanki onlar\u0131 bir daha g\u00f6rmiyecekmi\u015f gibi <br \/> bakt\u0131 manga efrad\u0131na birer birer : <br \/> Sa\u011fda birinci nefer <br \/> sar\u0131\u015f\u0131nd\u0131. <br \/> \u0130kinci esmer. <br \/> \u00dc\u00e7\u00fcnc\u00fc kekemeydi <br \/> fakat b\u00f6l\u00fckte <br \/> yoktu onun \u00fcst\u00fcne \u015fark\u0131 s\u00f6yliyen. <br \/> D\u00f6rd\u00fcnc\u00fcn\u00fcn yine mutlak bulama\u00e7 istiyordu can\u0131. <br \/> Be\u015finci, vuracakt\u0131 amcas\u0131n\u0131 vuran\u0131 <br \/> tezkere al\u0131p Urfa&#8217;ya girdi\u011fi ak\u015fam. <br \/> Alt\u0131nc\u0131, <br \/> inan\u0131lm\u0131yacak kadar b\u00fcy\u00fck ayakl\u0131 bir adam, <br \/> memlekette topra\u011f\u0131n\u0131 ve tek \u00f6k\u00fcz\u00fcn\u00fc <br \/> iht\u0131yar bir muhacir kar\u0131s\u0131na b\u0131rakt\u0131\u011f\u0131 i\u00e7in <br \/> karde\u015fleri onu mahkemeye verdiler <br \/> ve b\u00f6l\u00fckte arkada\u015flar\u0131n\u0131n yerine n\u00f6bete kalkt\u0131\u011f\u0131 i\u00e7in <br \/> ona \u00abDeli Erzurumlu\u00bb derdiler. <br \/> Yedinci, Mehmet o\u011flu Osman&#8217;d\u0131. <br \/> \u00c7anakkale&#8217;de, \u0130n\u00f6n\u00fc&#8217;nde, Sakarya&#8217;da yaraland\u0131 <br \/> ve g\u00f6z\u00fcn\u00fc k\u0131rpmadan <br \/> daha bir hayli yara alabilir, <br \/> yine de dimdik ayakta kalabilir. <br \/> Sekizinci, <br \/> \u0130brahim, <br \/> korkm\u0131yacakt\u0131 bu kadar <br \/> bembeyaz di\u015fleri b\u00f6yle t\u0131k\u0131rday\u0131p <br \/> birbirine b\u00f6yle vurmasalar. <br \/> Ve \u0130zmirli Ali Onba\u015f\u0131 biliyordu ki : <br \/> tav\u015fan korktu\u011fu i\u00e7in ka\u00e7maz <br \/> ka\u00e7t\u0131\u011f\u0131 i\u00e7in korkar.<\/p>\n<p>Saat 4.<\/p>\n<p>A\u011fz\u0131kara &#8211; S\u00f6\u011f\u00fctl\u00fcdere m\u0131nt\u0131kas\u0131. <br \/> On ikinci Piyade F\u0131rkas\u0131. <br \/> G\u00f6zler karanl\u0131kta, uzakta. <br \/> Eller yak\u0131nda, makanizmalar \u00fczerinde. <br \/> Herkes yerli yerinde. <br \/> Tabur imam\u0131 <br \/> mevzideki biricik sil\u00e2hs\u0131z adam : <br \/> \u00f6l\u00fclerin adam\u0131, <br \/> k\u0131r\u0131k bir s\u00f6\u011f\u00fct dal\u0131 dikerek k\u0131bleye do\u011fru, <br \/> durdu boyun b\u00fck\u00fcp <br \/> el kavu\u015fturup <br \/> sabah namaz\u0131na. <br \/> \u0130\u00e7i rahatt\u0131r. <br \/> Cennet, ebed\u00ee bir istirahatt\u0131r. <br \/> Ve yenilseler de, yenseler de \u00e2d\u00e2y\u0131, <br \/> meyd\u00e2n\u0131 gazadan o kendi elleriyle verecektir <br \/> Cen\u00e2b\u0131 rabb\u00fcl\u00e2lem\u00eene \u015f\u00fched\u00e2y\u0131.<\/p>\n<p>Saat 4.45.<\/p>\n<p>Sand\u0131kl\u0131 civar\u0131. <br \/> K\u00f6yler. <br \/> Sark\u0131k, siyah b\u0131y\u0131kl\u0131 s\u00fcvari, <br \/> \u00e7\u0131nar dibinde, beygirinin yan\u0131nda duruyordu. <br \/> \u00c7ukurova beygiri <br \/> kuyru\u011funu karanl\u0131\u011fa vuruyordu : <br \/> dizkapaklar\u0131nda kan, <br \/> kantarmas\u0131nda k\u00f6p\u00fck&#8230; <br \/> \u0130kinci S\u00fcvari F\u0131rkas\u0131&#8217;ndan D\u00f6rd\u00fcnc\u00fc B\u00f6l\u00fck, <br \/> atlar\u0131, k\u0131l\u0131\u00e7lar\u0131 ve insanlar\u0131yla havay\u0131 kokluyor. <br \/> Geride, k\u00f6ylerde bir horoz \u00f6tt\u00fc. <br \/> Ve sark\u0131k, siyah b\u0131y\u0131kl\u0131 s\u00fcvari <br \/> ellerinin tersiyle y\u00fcz\u00fcn\u00fc \u00f6rtt\u00fc. <br \/> Kar\u015f\u0131 da\u011flar ard\u0131nda, d\u00fc\u015fman elinde kalan <br \/> bir ba\u015fka horoz vard\u0131r : <br \/> baltaibik, s\u00fctbeyaz bir Denizli horozu. <br \/> D\u00fc\u015fmanlar herhal onu \u00e7oktan kesip <br \/> \u00e7orbas\u0131n\u0131 yapm\u0131\u015flard\u0131r&#8230;<\/p>\n<p>Saat be\u015fe on var.<\/p>\n<p>K\u0131rk dakka sonra \u015fafak <br \/> s\u00f6kecek. <br \/> \u00abKorkma s\u00f6nmez bu \u015fafaklarda y\u00fczen al sancak\u00bb. <br \/> T\u0131naztepe&#8217;ye kar\u015f\u0131 K\u00f6m\u00fcrtepe g\u00fcneyinde, <br \/> On be\u015finci Piyade F\u0131rkas\u0131&#8217;ndan iki ihtiyat zabiti <br \/> ve onlar\u0131n genci, uzunu, <br \/> Dar\u00fclmuallimin mezunu <br \/> Nurettin E\u015ffak, <br \/> mavzer tabancas\u0131n\u0131n emniyetiyle oyn\u0131yarak <br \/> konu\u015fuyor : <br \/> -Bizim \u0130stikl\u00e2l Mar\u015f\u0131&#8217;nda aks\u0131yan bir taraf var, <br \/> bilmem ki, nas\u0131l anlatsam, <br \/> \u00c2kif, inanm\u0131\u015f adam, <br \/> fakat onun, ben, <br \/> inand\u0131klar\u0131n\u0131n hepsine inanm\u0131yorum. <br \/> Mesel\u00e2, bak\u0131n : <br \/> \u00abGelecektir sana vaadetti\u011fi g\u00fcnler Hakk\u0131n.\u00bb <br \/> Hay\u0131r, <br \/> gelecek g\u00fcnler i\u00e7in <br \/> g\u00f6kten \u00e2yet inmedi bize. <br \/> Onu biz, kendimiz <br \/> vaadettik kendimize. <br \/> Bir \u015fark\u0131 istiyorum <br \/> zaferden sonras\u0131na dair. <br \/> \u00abKim bilir belki yar\u0131n&#8230;\u00bb<\/p>\n<p>Saat be\u015fe be\u015f var.<\/p>\n<p>Da\u011flar ayd\u0131nlan\u0131yor. <br \/> Bir yerlerde bir \u015feyler yan\u0131yor. <br \/> G\u00fcn a\u011fard\u0131 a\u011faracak. <br \/> Kokusu t\u00fctme\u011fe ba\u015flad\u0131 : <br \/> Anadolu topra\u011f\u0131 uyan\u0131yor. <br \/> Ve bu anda, kalbi bir \u015fahan gibi g\u00f6klere sal\u0131p <br \/> ve p\u0131r\u0131lt\u0131lar g\u00f6r\u00fcp <br \/> ve \u00e7ok uzak <br \/> \u00e7ok uzak bir yerlere \u00e7a\u011f\u0131ran sesler duyarak <br \/> bir m\u00fcthi\u015f ve mukaddes m\u00e2cereda, <br \/> \u00f6n safta, en \u00f6n s\u0131rada, <br \/> \u015fahlan\u0131p \u00f6lesi geliyordu insan\u0131n.<\/p>\n<p>Top\u00e7u evvel m\u00fcl\u00e2z\u0131m\u0131 Hasan&#8217;\u0131n <br \/> ya\u015f\u0131 yirmi birdi. <br \/> Kumral ba\u015f\u0131n\u0131 g\u00f6ky\u00fcz\u00fcne \u00e7evirdi, <br \/> kalkt\u0131 aya\u011fa. <br \/> Bakt\u0131, y\u0131ld\u0131zlar\u0131 a\u011faran muazzam karanl\u0131\u011fa. <br \/> \u015eimdi bir hamlede o kadar b\u00fcy\u00fck, <br \/> \u00f6yle \u015f\u00f6hretli i\u015fler yapmak istiyordu ki <br \/> b\u00fct\u00fcn \u00f6mr\u00fcn\u00fc ve h\u00e2t\u0131ras\u0131n\u0131 <br \/> ve yedi bu\u00e7ukluk bataryas\u0131n\u0131 <br \/> a\u011flanacak kadar k\u00fc\u00e7\u00fck buluyordu.<\/p>\n<p>Y\u00fczba\u015f\u0131 sordu : <br \/> &#8211; Saat ka\u00e7? <br \/> &#8211; Be\u015f. <br \/> &#8211; Yar\u0131m saat sonra demek&#8230;<\/p>\n<p>98956 t\u00fcfek <br \/> ve \u015fof\u00f6r Ahmet&#8217;in \u00fc\u00e7 numrolu kamyonetinden <br \/> yedi bu\u00e7ukluk \u015fnayderlere, on be\u015flik ob\u00fcslere kadar, <br \/> b\u00fct\u00fcn \u00e2letleriyle <br \/> ve vatan u\u011frunda, <br \/> yani, toprak ve h\u00fcrriyet i\u00e7in \u00f6lebilmek kabiliyetleriyle <br \/> Birinci ve \u0130kinci ordular <br \/> bask\u0131na haz\u0131rd\u0131lar.<\/p>\n<p>Alaca karanl\u0131kta, bir \u00e7\u0131nar dibinde, <br \/> beygirinin yan\u0131nda duran <br \/> sark\u0131k, siyah b\u0131y\u0131kl\u0131 s\u00fcvari <br \/> k\u0131sa \u00e7izmeleriyle atlad\u0131 at\u0131na. <br \/> Nurettin E\u015ffak <br \/> bakt\u0131 saat\u0131na : <br \/> &#8211; Be\u015f otuz&#8230; <br \/> Ve ba\u015flad\u0131 top\u00e7u ate\u015fiyle <br \/> ve fecirle birlikte b\u00fcy\u00fck taarruz&#8230;<\/p>\n<p>Sonra. <br \/> Sonra, d\u00fc\u015fman\u0131n m\u00fcstahkem cepheleri d\u00fc\u015ft\u00fc. <br \/> Bunlar : <br \/> Karahisar g\u00fcneyinde 50 <br \/> ve do\u011fusunda 20-30 kilometredeydiler.<\/p>\n<p>Sonra. <br \/> Sonra, d\u00fc\u015fman ordusu kuv\u00e2yi k\u00fclliyesini ih\u00e2ta ettik <br \/> Asl\u0131hanlar civar\u0131nda <br \/> 30 A\u011fustosa kadar.<\/p>\n<p>Sonra. <br \/> Sonra, 30 A\u011fustosta d\u00fc\u015fman kuv\u00e2y\u0131 k\u00fclliyesi imha ve esir olundu. <br \/> Esirler aras\u0131nda General Trikopis : <br \/> Alaturka sopa yemi\u015f bir temiz <br \/> ve s\u0131rmalar\u0131 kopuk frenk u\u015fa\u011f\u0131&#8230;<\/p>\n<p>Yaral\u0131 bir d\u00fc\u015fman \u00f6l\u00fcs\u00fcne tak\u0131ld\u0131 Nurettin E\u015ffak&#8217;\u0131n aya\u011f\u0131. <br \/> Nurettin dedi ki : \u00abTeselyal\u0131 \u00c7oban Mihail,\u00bb <br \/> Nurettin dedi ki : \u00abSeni biz de\u011fil, <br \/> buraya g\u00f6nderenler \u00f6ld\u00fcrd\u00fc seni&#8230;\u00bb<\/p>\n<p>Sonra. <br \/> Sonra, 31 A\u011fustos g\u00fcn\u00fc <br \/> ordular\u0131m\u0131z \u0130zmir&#8217;e do\u011fru y\u00fcr\u00fcrken <br \/> serseri bir kur\u015funla vurulan <br \/> Deli Erzurumluydu. <br \/> Devrildi. <br \/> K\u00fcrek kemikleri alt\u0131nda topra\u011f\u0131 duydu. <br \/> Bakt\u0131 yukar\u0131, <br \/> bakt\u0131 kar\u015f\u0131ya. <br \/> G\u00f6zler hayretle yand\u0131lar : <br \/> \u00f6n\u00fcnde, s\u0131rt\u00fcst\u00fc, yan yana yatan postallar\u0131 <br \/> her seferkinden kocamand\u0131lar. <br \/> Ve bu postallar daha bir hayli zaman <br \/> \u00fczerlerinden atlay\u0131p ge\u00e7en arkada\u015flar\u0131n arkas\u0131ndan <br \/> seyredip g\u00fcne\u015fli g\u00f6ky\u00fcz\u00fcn\u00fc <br \/> ihtiyar bir muhacir kar\u0131s\u0131n\u0131 d\u00fc\u015f\u00fcnd\u00fcler. <br \/> Sonra&#8230; <br \/> Sonra, sars\u0131l\u0131p ayr\u0131ld\u0131lar birbirlerinden <br \/> ve Deli Erzurumlu \u00f6l\u00fcrken kederinden <br \/> y\u00fczlerini topra\u011fa d\u00f6nd\u00fcler&#8230;<\/p>\n<p>Solda, ilerdeydi Ali Onba\u015f\u0131. <br \/> Kan i\u00e7indeydi y\u00fcz\u00fc g\u00f6z\u00fc. <br \/> Bir s\u00fcvari tak\u0131m\u0131 ge\u00e7ti yan\u0131ndan d\u00f6rtnala. <br \/> Ka\u00e7an\u0131 kovalam\u0131yordu yaln\u0131z <br \/> ula\u015fmak da istiyordu bir yerlere <br \/> ve sadece kahretmiyor <br \/> yarat\u0131yordu da. <br \/> Ve k\u0131l\u0131\u00e7lar\u0131n, <br \/> nallar\u0131n, <br \/> ellerin <br \/> ve g\u00f6zlerin p\u0131r\u0131lt\u0131s\u0131 <br \/> ardarda \u00e7akan ayd\u0131nl\u0131k bir b\u00fct\u00fcnd\u00fc. <br \/> Ali Onba\u015f\u0131 bir \u015fim\u015fek h\u0131z\u0131yla d\u00fc\u015f\u00fcnd\u00fc <br \/> ve \u015fu t\u00fcrk\u00fcy\u00fc duydu : <br \/> \u00abD\u00f6rtnala gelip Uzak Asya&#8217;dan <br \/> Akdeniz&#8217;e bir k\u0131srak ba\u015f\u0131 gibi uzanan <br \/> bu memleket bizim.<\/p>\n<p>Bilekler kan i\u00e7inde, di\u015fler kenetli, ayaklar \u00e7\u0131plak <br \/> ve ipek bir hal\u0131ya benziyen toprak, <br \/> bu cehennem, bu cennet bizim.<\/p>\n<p>Kapans\u0131n el kap\u0131lar\u0131, bir daha a\u00e7\u0131lmas\u0131n, <br \/> yok edin insan\u0131n insana kullu\u011funu, <br \/> bu d\u00e2vet bizim&#8230;<\/p>\n<p>Ya\u015famak bir a\u011fa\u00e7 gibi tek ve h\u00fcr <br \/> ve bir orman gibi karde\u015f\u00e7esine, <br \/> bu hasret bizim&#8230;\u00bb&gt;<\/p>\n<p>Sonra. <br \/> Sonra, 9 Eyl\u00fclde \u0130zmir&#8217;e girdik <br \/> ve Kayserili bir nefer <br \/> yanan \u015fehrin k\u0131z\u0131lt\u0131s\u0131 i\u00e7inden gelip <br \/> \u00f6fkeden, sevin\u00e7ten, \u00fcmitten a\u011fl\u0131ya a\u011fl\u0131ya, <br \/> G\u00fcneyden Kuzeye, <br \/> Do\u011fudan Bat\u0131ya, <br \/> T\u00fcrk halk\u0131yla beraber <br \/> seyretti \u0130zmir r\u0131ht\u0131m\u0131ndan Akdeniz&#8217;i.<\/p>\n<p>Ve biz de burda bitirdik destan\u0131m\u0131z\u0131. <br \/> Biliyoruz ki l\u00e2y\u0131\u011f\u0131nca olmad\u0131 bu kitap, <br \/> T\u00fcrk halk\u0131 ba\u011f\u0131\u015flas\u0131n bizi, <br \/> onlar ki toprakta kar\u0131nca, <br \/> suda bal\u0131k, <br \/> havada ku\u015f kadar <br \/> \u00e7okturlar; <br \/> korkak, <br \/> cesur, <br \/> c\u00e2hil, <br \/> hak\u00eem <br \/> ve \u00e7ocukturlar <br \/> ve kahreden <br \/> yaratan ki onlard\u0131r, <br \/> kitab\u0131m\u0131zda yaln\u0131z onlar\u0131n m\u00e2cerelar\u0131 vard\u0131r&#8230; <\/p>\n<p><\/p>\n<p>939 \u0130stanbul Tevkifanesi, <br \/> 940 \u00c7ank\u0131r\u0131 Hapisanesi, <br \/> 941 Bursa Hapisanesi.<\/p>\n<p>Naz\u0131m Hikmet RAN<\/p>\n","protected":false},"excerpt":{"rendered":"<p>26 A\u011eUSTOS GECES\u0130NDE SAATLER \u0130K\u0130 OTUZDAN BE\u015e OTUZA KADAR ve \u0130ZM\u0130R RIHTIMINDAN AKDEN\u0130Z&#8217;E BAKAN NEFER Saat 2.30. Kocatepe yan\u0131k ve ihtiyar bir bay\u0131rd\u0131r, ne a\u011fa\u00e7, ne ku\u015f sesi, ne toprak kokusu vard\u0131r. G\u00fcnd\u00fcz g\u00fcne\u015fin, gece y\u0131ld\u0131zlar\u0131n alt\u0131nda kayalard\u0131r. Ve \u015fimdi gece oldu\u011fu i\u00e7in ve d\u00fcnya karanl\u0131kta daha bizim, daha yak\u0131n, daha k\u00fc\u00e7\u00fck kald\u0131\u011f\u0131 i\u00e7in ve [&hellip;]<\/p>\n","protected":false},"author":1,"featured_media":0,"comment_status":"open","ping_status":"open","sticky":false,"template":"","format":"standard","meta":{"footnotes":""},"categories":[59],"tags":[],"class_list":{"0":"post-6387","1":"post","2":"type-post","3":"status-publish","4":"format-standard","6":"category-nazim-hikmet-ran"},"yoast_head":"<!-- This site is optimized with the Yoast SEO Premium plugin v24.9 (Yoast SEO v24.9) - https:\/\/yoast.com\/wordpress\/plugins\/seo\/ -->\n<title>KUV\u00c2Y\u0130 M\u0130LL\u0130YE - SEK\u0130Z\u0130NC\u0130 BAP - narteks.net<\/title>\n<meta name=\"robots\" content=\"index, follow, max-snippet:-1, max-image-preview:large, max-video-preview:-1\" \/>\n<link rel=\"canonical\" href=\"https:\/\/narteks.net\/index.php\/2011\/06\/07\/kuvayi-milliye-sekizinci-bap\/\" \/>\n<meta property=\"og:locale\" content=\"tr_TR\" \/>\n<meta property=\"og:type\" content=\"article\" \/>\n<meta property=\"og:title\" content=\"KUV\u00c2Y\u0130 M\u0130LL\u0130YE - SEK\u0130Z\u0130NC\u0130 BAP\" \/>\n<meta property=\"og:description\" content=\"26 A\u011eUSTOS GECES\u0130NDE SAATLER \u0130K\u0130 OTUZDAN BE\u015e OTUZA KADAR ve \u0130ZM\u0130R RIHTIMINDAN AKDEN\u0130Z&#8217;E BAKAN NEFER Saat 2.30. Kocatepe yan\u0131k ve ihtiyar bir bay\u0131rd\u0131r, ne a\u011fa\u00e7, ne ku\u015f sesi, ne toprak kokusu vard\u0131r. G\u00fcnd\u00fcz g\u00fcne\u015fin, gece y\u0131ld\u0131zlar\u0131n alt\u0131nda kayalard\u0131r. Ve \u015fimdi gece oldu\u011fu i\u00e7in ve d\u00fcnya karanl\u0131kta daha bizim, daha yak\u0131n, daha k\u00fc\u00e7\u00fck kald\u0131\u011f\u0131 i\u00e7in ve [&hellip;]\" \/>\n<meta property=\"og:url\" content=\"https:\/\/narteks.net\/index.php\/2011\/06\/07\/kuvayi-milliye-sekizinci-bap\/\" \/>\n<meta property=\"og:site_name\" content=\"narteks.net\" \/>\n<meta property=\"article:published_time\" content=\"2011-06-07T08:43:14+00:00\" \/>\n<meta property=\"og:image\" content=\"https:\/\/narteks.net\/wp-content\/uploads\/narteks.png\" \/>\n\t<meta property=\"og:image:width\" content=\"300\" \/>\n\t<meta property=\"og:image:height\" content=\"90\" \/>\n\t<meta property=\"og:image:type\" content=\"image\/png\" \/>\n<meta name=\"author\" content=\"Tar\u0131k\" \/>\n<meta name=\"twitter:card\" content=\"summary_large_image\" \/>\n<meta name=\"twitter:creator\" content=\"@narteks\" \/>\n<meta name=\"twitter:site\" content=\"@narteks\" \/>\n<meta name=\"twitter:label1\" content=\"Yazan:\" \/>\n\t<meta name=\"twitter:data1\" content=\"Tar\u0131k\" \/>\n\t<meta name=\"twitter:label2\" content=\"Tahmini okuma s\u00fcresi\" \/>\n\t<meta name=\"twitter:data2\" content=\"9 dakika\" \/>\n<script type=\"application\/ld+json\" class=\"yoast-schema-graph\">{\"@context\":\"https:\/\/schema.org\",\"@graph\":[{\"@type\":\"Article\",\"@id\":\"https:\/\/narteks.net\/index.php\/2011\/06\/07\/kuvayi-milliye-sekizinci-bap\/#article\",\"isPartOf\":{\"@id\":\"https:\/\/narteks.net\/index.php\/2011\/06\/07\/kuvayi-milliye-sekizinci-bap\/\"},\"author\":{\"name\":\"Tar\u0131k\",\"@id\":\"https:\/\/narteks.net\/#\/schema\/person\/61f37d9834294b72d31d274e7ed79bca\"},\"headline\":\"KUV\u00c2Y\u0130 M\u0130LL\u0130YE &#8211; SEK\u0130Z\u0130NC\u0130 BAP\",\"datePublished\":\"2011-06-07T08:43:14+00:00\",\"mainEntityOfPage\":{\"@id\":\"https:\/\/narteks.net\/index.php\/2011\/06\/07\/kuvayi-milliye-sekizinci-bap\/\"},\"wordCount\":1740,\"commentCount\":0,\"publisher\":{\"@id\":\"https:\/\/narteks.net\/#organization\"},\"articleSection\":[\"Naz\u0131m H\u0130KMET RAN\"],\"inLanguage\":\"tr\",\"potentialAction\":[{\"@type\":\"CommentAction\",\"name\":\"Comment\",\"target\":[\"https:\/\/narteks.net\/index.php\/2011\/06\/07\/kuvayi-milliye-sekizinci-bap\/#respond\"]}]},{\"@type\":\"WebPage\",\"@id\":\"https:\/\/narteks.net\/index.php\/2011\/06\/07\/kuvayi-milliye-sekizinci-bap\/\",\"url\":\"https:\/\/narteks.net\/index.php\/2011\/06\/07\/kuvayi-milliye-sekizinci-bap\/\",\"name\":\"KUV\u00c2Y\u0130 M\u0130LL\u0130YE - SEK\u0130Z\u0130NC\u0130 BAP - narteks.net\",\"isPartOf\":{\"@id\":\"https:\/\/narteks.net\/#website\"},\"datePublished\":\"2011-06-07T08:43:14+00:00\",\"breadcrumb\":{\"@id\":\"https:\/\/narteks.net\/index.php\/2011\/06\/07\/kuvayi-milliye-sekizinci-bap\/#breadcrumb\"},\"inLanguage\":\"tr\",\"potentialAction\":[{\"@type\":\"ReadAction\",\"target\":[\"https:\/\/narteks.net\/index.php\/2011\/06\/07\/kuvayi-milliye-sekizinci-bap\/\"]}]},{\"@type\":\"BreadcrumbList\",\"@id\":\"https:\/\/narteks.net\/index.php\/2011\/06\/07\/kuvayi-milliye-sekizinci-bap\/#breadcrumb\",\"itemListElement\":[{\"@type\":\"ListItem\",\"position\":1,\"name\":\"Anasayfa\",\"item\":\"https:\/\/narteks.net\/\"},{\"@type\":\"ListItem\",\"position\":2,\"name\":\"KUV\u00c2Y\u0130 M\u0130LL\u0130YE &#8211; SEK\u0130Z\u0130NC\u0130 BAP\"}]},{\"@type\":\"WebSite\",\"@id\":\"https:\/\/narteks.net\/#website\",\"url\":\"https:\/\/narteks.net\/\",\"name\":\"narteks.net\",\"description\":\"K\u00fclt\u00fcr Sanat Edebiyat Felsefe\",\"publisher\":{\"@id\":\"https:\/\/narteks.net\/#organization\"},\"alternateName\":\"K\u00fclt\u00fcr Sanat Edebiyat Felsefe\",\"potentialAction\":[{\"@type\":\"SearchAction\",\"target\":{\"@type\":\"EntryPoint\",\"urlTemplate\":\"https:\/\/narteks.net\/?s={search_term_string}\"},\"query-input\":{\"@type\":\"PropertyValueSpecification\",\"valueRequired\":true,\"valueName\":\"search_term_string\"}}],\"inLanguage\":\"tr\"},{\"@type\":\"Organization\",\"@id\":\"https:\/\/narteks.net\/#organization\",\"name\":\"narteks.net\",\"url\":\"https:\/\/narteks.net\/\",\"logo\":{\"@type\":\"ImageObject\",\"inLanguage\":\"tr\",\"@id\":\"https:\/\/narteks.net\/#\/schema\/logo\/image\/\",\"url\":\"https:\/\/narteks.net\/wp-content\/uploads\/narteks.png\",\"contentUrl\":\"https:\/\/narteks.net\/wp-content\/uploads\/narteks.png\",\"width\":300,\"height\":90,\"caption\":\"narteks.net\"},\"image\":{\"@id\":\"https:\/\/narteks.net\/#\/schema\/logo\/image\/\"},\"sameAs\":[\"https:\/\/x.com\/narteks\",\"https:\/\/instagram.com\/narteksnet\"]},{\"@type\":\"Person\",\"@id\":\"https:\/\/narteks.net\/#\/schema\/person\/61f37d9834294b72d31d274e7ed79bca\",\"name\":\"Tar\u0131k\",\"image\":{\"@type\":\"ImageObject\",\"inLanguage\":\"tr\",\"@id\":\"https:\/\/narteks.net\/#\/schema\/person\/image\/\",\"url\":\"https:\/\/secure.gravatar.com\/avatar\/50865afb55632c4ae467e0af0930f6510aa2297d8014be502a55b14f3b7550cf?s=96&d=mm&r=g\",\"contentUrl\":\"https:\/\/secure.gravatar.com\/avatar\/50865afb55632c4ae467e0af0930f6510aa2297d8014be502a55b14f3b7550cf?s=96&d=mm&r=g\",\"caption\":\"Tar\u0131k\"},\"sameAs\":[\"http:\/\/narteks.net\"],\"url\":\"https:\/\/narteks.net\/index.php\/author\/narbak\/\"}]}<\/script>\n<!-- \/ Yoast SEO Premium plugin. -->","yoast_head_json":{"title":"KUV\u00c2Y\u0130 M\u0130LL\u0130YE - SEK\u0130Z\u0130NC\u0130 BAP - narteks.net","robots":{"index":"index","follow":"follow","max-snippet":"max-snippet:-1","max-image-preview":"max-image-preview:large","max-video-preview":"max-video-preview:-1"},"canonical":"https:\/\/narteks.net\/index.php\/2011\/06\/07\/kuvayi-milliye-sekizinci-bap\/","og_locale":"tr_TR","og_type":"article","og_title":"KUV\u00c2Y\u0130 M\u0130LL\u0130YE - SEK\u0130Z\u0130NC\u0130 BAP","og_description":"26 A\u011eUSTOS GECES\u0130NDE SAATLER \u0130K\u0130 OTUZDAN BE\u015e OTUZA KADAR ve \u0130ZM\u0130R RIHTIMINDAN AKDEN\u0130Z&#8217;E BAKAN NEFER Saat 2.30. Kocatepe yan\u0131k ve ihtiyar bir bay\u0131rd\u0131r, ne a\u011fa\u00e7, ne ku\u015f sesi, ne toprak kokusu vard\u0131r. G\u00fcnd\u00fcz g\u00fcne\u015fin, gece y\u0131ld\u0131zlar\u0131n alt\u0131nda kayalard\u0131r. Ve \u015fimdi gece oldu\u011fu i\u00e7in ve d\u00fcnya karanl\u0131kta daha bizim, daha yak\u0131n, daha k\u00fc\u00e7\u00fck kald\u0131\u011f\u0131 i\u00e7in ve [&hellip;]","og_url":"https:\/\/narteks.net\/index.php\/2011\/06\/07\/kuvayi-milliye-sekizinci-bap\/","og_site_name":"narteks.net","article_published_time":"2011-06-07T08:43:14+00:00","og_image":[{"width":300,"height":90,"url":"https:\/\/narteks.net\/wp-content\/uploads\/narteks.png","type":"image\/png"}],"author":"Tar\u0131k","twitter_card":"summary_large_image","twitter_creator":"@narteks","twitter_site":"@narteks","twitter_misc":{"Yazan:":"Tar\u0131k","Tahmini okuma s\u00fcresi":"9 dakika"},"schema":{"@context":"https:\/\/schema.org","@graph":[{"@type":"Article","@id":"https:\/\/narteks.net\/index.php\/2011\/06\/07\/kuvayi-milliye-sekizinci-bap\/#article","isPartOf":{"@id":"https:\/\/narteks.net\/index.php\/2011\/06\/07\/kuvayi-milliye-sekizinci-bap\/"},"author":{"name":"Tar\u0131k","@id":"https:\/\/narteks.net\/#\/schema\/person\/61f37d9834294b72d31d274e7ed79bca"},"headline":"KUV\u00c2Y\u0130 M\u0130LL\u0130YE &#8211; SEK\u0130Z\u0130NC\u0130 BAP","datePublished":"2011-06-07T08:43:14+00:00","mainEntityOfPage":{"@id":"https:\/\/narteks.net\/index.php\/2011\/06\/07\/kuvayi-milliye-sekizinci-bap\/"},"wordCount":1740,"commentCount":0,"publisher":{"@id":"https:\/\/narteks.net\/#organization"},"articleSection":["Naz\u0131m H\u0130KMET RAN"],"inLanguage":"tr","potentialAction":[{"@type":"CommentAction","name":"Comment","target":["https:\/\/narteks.net\/index.php\/2011\/06\/07\/kuvayi-milliye-sekizinci-bap\/#respond"]}]},{"@type":"WebPage","@id":"https:\/\/narteks.net\/index.php\/2011\/06\/07\/kuvayi-milliye-sekizinci-bap\/","url":"https:\/\/narteks.net\/index.php\/2011\/06\/07\/kuvayi-milliye-sekizinci-bap\/","name":"KUV\u00c2Y\u0130 M\u0130LL\u0130YE - SEK\u0130Z\u0130NC\u0130 BAP - narteks.net","isPartOf":{"@id":"https:\/\/narteks.net\/#website"},"datePublished":"2011-06-07T08:43:14+00:00","breadcrumb":{"@id":"https:\/\/narteks.net\/index.php\/2011\/06\/07\/kuvayi-milliye-sekizinci-bap\/#breadcrumb"},"inLanguage":"tr","potentialAction":[{"@type":"ReadAction","target":["https:\/\/narteks.net\/index.php\/2011\/06\/07\/kuvayi-milliye-sekizinci-bap\/"]}]},{"@type":"BreadcrumbList","@id":"https:\/\/narteks.net\/index.php\/2011\/06\/07\/kuvayi-milliye-sekizinci-bap\/#breadcrumb","itemListElement":[{"@type":"ListItem","position":1,"name":"Anasayfa","item":"https:\/\/narteks.net\/"},{"@type":"ListItem","position":2,"name":"KUV\u00c2Y\u0130 M\u0130LL\u0130YE &#8211; SEK\u0130Z\u0130NC\u0130 BAP"}]},{"@type":"WebSite","@id":"https:\/\/narteks.net\/#website","url":"https:\/\/narteks.net\/","name":"narteks.net","description":"K\u00fclt\u00fcr Sanat Edebiyat Felsefe","publisher":{"@id":"https:\/\/narteks.net\/#organization"},"alternateName":"K\u00fclt\u00fcr Sanat Edebiyat Felsefe","potentialAction":[{"@type":"SearchAction","target":{"@type":"EntryPoint","urlTemplate":"https:\/\/narteks.net\/?s={search_term_string}"},"query-input":{"@type":"PropertyValueSpecification","valueRequired":true,"valueName":"search_term_string"}}],"inLanguage":"tr"},{"@type":"Organization","@id":"https:\/\/narteks.net\/#organization","name":"narteks.net","url":"https:\/\/narteks.net\/","logo":{"@type":"ImageObject","inLanguage":"tr","@id":"https:\/\/narteks.net\/#\/schema\/logo\/image\/","url":"https:\/\/narteks.net\/wp-content\/uploads\/narteks.png","contentUrl":"https:\/\/narteks.net\/wp-content\/uploads\/narteks.png","width":300,"height":90,"caption":"narteks.net"},"image":{"@id":"https:\/\/narteks.net\/#\/schema\/logo\/image\/"},"sameAs":["https:\/\/x.com\/narteks","https:\/\/instagram.com\/narteksnet"]},{"@type":"Person","@id":"https:\/\/narteks.net\/#\/schema\/person\/61f37d9834294b72d31d274e7ed79bca","name":"Tar\u0131k","image":{"@type":"ImageObject","inLanguage":"tr","@id":"https:\/\/narteks.net\/#\/schema\/person\/image\/","url":"https:\/\/secure.gravatar.com\/avatar\/50865afb55632c4ae467e0af0930f6510aa2297d8014be502a55b14f3b7550cf?s=96&d=mm&r=g","contentUrl":"https:\/\/secure.gravatar.com\/avatar\/50865afb55632c4ae467e0af0930f6510aa2297d8014be502a55b14f3b7550cf?s=96&d=mm&r=g","caption":"Tar\u0131k"},"sameAs":["http:\/\/narteks.net"],"url":"https:\/\/narteks.net\/index.php\/author\/narbak\/"}]}},"_links":{"self":[{"href":"https:\/\/narteks.net\/index.php\/wp-json\/wp\/v2\/posts\/6387","targetHints":{"allow":["GET"]}}],"collection":[{"href":"https:\/\/narteks.net\/index.php\/wp-json\/wp\/v2\/posts"}],"about":[{"href":"https:\/\/narteks.net\/index.php\/wp-json\/wp\/v2\/types\/post"}],"author":[{"embeddable":true,"href":"https:\/\/narteks.net\/index.php\/wp-json\/wp\/v2\/users\/1"}],"replies":[{"embeddable":true,"href":"https:\/\/narteks.net\/index.php\/wp-json\/wp\/v2\/comments?post=6387"}],"version-history":[{"count":0,"href":"https:\/\/narteks.net\/index.php\/wp-json\/wp\/v2\/posts\/6387\/revisions"}],"wp:attachment":[{"href":"https:\/\/narteks.net\/index.php\/wp-json\/wp\/v2\/media?parent=6387"}],"wp:term":[{"taxonomy":"category","embeddable":true,"href":"https:\/\/narteks.net\/index.php\/wp-json\/wp\/v2\/categories?post=6387"},{"taxonomy":"post_tag","embeddable":true,"href":"https:\/\/narteks.net\/index.php\/wp-json\/wp\/v2\/tags?post=6387"}],"curies":[{"name":"wp","href":"https:\/\/api.w.org\/{rel}","templated":true}]}}