{"id":6388,"date":"2011-06-07T11:44:46","date_gmt":"2011-06-07T08:44:46","guid":{"rendered":"http:\/\/localhost\/wordpress\/2011\/06\/07\/kuvayi-milliye-ucuncu-bap\/"},"modified":"2011-06-07T11:44:46","modified_gmt":"2011-06-07T08:44:46","slug":"kuvayi-milliye-ucuncu-bap","status":"publish","type":"post","link":"https:\/\/narteks.net\/index.php\/2011\/06\/07\/kuvayi-milliye-ucuncu-bap\/","title":{"rendered":"KUV\u00c2Y\u0130 M\u0130LL\u0130YE &#8211; \u00dc\u00c7\u00dcNC\u00dc BAP"},"content":{"rendered":"<p>YIL 1920 ve ARHAVEL\u0130 \u0130SMA\u0130L&#8217;\u0130N H\u0130K\u00c2YES\u0130<\/p>\n<p>Ate\u015fi ve ihaneti g\u00f6rd\u00fck.<\/p>\n<p>D\u00fc\u015fman ordusu yine ba\u015flad\u0131 y\u00fcr\u00fcme\u011fe. <br \/> Akhisar, Karacabey, <br \/> Bursa ve Bursa&#8217;n\u0131n do\u011fusunda Aksu, <br \/> \u00e7arp\u0131\u015farak \u00e7ekildik&#8230; <br \/> 920&#8217;nin <br \/> 29 A\u011fustos&#8217;u : <br \/> U\u015fak d\u00fc\u015ft\u00fc. <br \/> Yaral\u0131 <br \/> ve deh\u015fetli k\u0131zg\u0131n <br \/> fakat topra\u011f\u0131m\u0131zdan emin, <br \/> Dumlup\u0131nar s\u0131rtlar\u0131nday\u0131z. <br \/> Nazilli d\u00fc\u015ft\u00fc.<\/p>\n<p>Ate\u015fi ve ihaneti g\u00f6rd\u00fck. <br \/> Dayand\u0131k <br \/> dayanmaktay\u0131z.<\/p>\n<p>1920 \u015eubat, Nisan, May\u0131s, <br \/> Bolu, D\u00fczce, Geyve, Adapazar\u0131 : <br \/> \u0130\u00e7imizde Hil\u00e2fet Ordusu, <br \/> Anzavur isyanlar\u0131. <br \/> Ve ayn\u0131 s\u0131radan, <br \/> 3 Ekim Konya. <br \/> Sabah. <br \/> 500 asker ka\u00e7a\u011f\u0131 ve ye\u015fil bayra\u011f\u0131yla Deliba\u015f <br \/> girdi \u015fehre. <br \/> Alaeddin tepesinde \u00fc\u00e7 g\u00fcn \u00fc\u00e7 gece h\u00fck\u00fcm s\u00fcrd\u00fcler. <br \/> Ve Manavgat istikametlerinde ka\u00e7\u0131p <br \/> \u00f6l\u00fcmlerine giderken <br \/> terkilerinde kesilmi\u015f kafalar g\u00f6t\u00fcrd\u00fcler.<\/p>\n<p>Ve 29 Aral\u0131k K\u00fctahya : <br \/> 4 top <br \/> ve 1800 atl\u0131 bir ihanet <br \/> yani \u00c7erkez Ethem, <br \/> bir gece vakti <br \/> kilim ve hal\u0131 y\u00fckl\u00fc kat\u0131rlar\u0131, <br \/> koyun ve s\u0131\u011f\u0131r s\u00fcr\u00fclerini \u00f6n\u00fcne kat\u0131p <br \/> d\u00fc\u015fmana ge\u00e7ti. <br \/> Y\u00fcrekleri karanl\u0131k, <br \/> kemerleri ve kam\u00e7\u0131lar\u0131 g\u00fcm\u00fc\u015fl\u00fcyd\u00fc, <br \/> atlar\u0131 ve kendileri semizdiler&#8230;<\/p>\n<p>Ate\u015fi ve ihaneti g\u00f6rd\u00fck. <br \/> Ruhumuz f\u0131rt\u0131nal\u0131, etimiz m\u00fctehammil. <br \/> Sevgisiz ve ihtirass\u0131z \u00e7\u0131plak devler de\u011fil, <br \/> inan\u0131lmaz zaaflar\u0131, korkun\u00e7 kuvvetleriyle, <br \/> sil\u00e2hlar\u0131 ve beygirleriyle insanlard\u0131 dayanan. <br \/> Beygirler \u00e7irkindiler, <br \/> bak\u0131ms\u0131zd\u0131lar, <br \/> hasta bir fundal\u0131ktan y\u00fcksek de\u011fillerdi. <br \/> Fakat bozk\u0131rda ki\u015fneyip k\u00f6p\u00fcrmeden <br \/> sab\u0131rl\u0131 ve doludizgin ko\u015fmas\u0131n\u0131 biliyorlard\u0131. <br \/> \u0130nsanlar uzun asker kaputluydu, <br \/> yalnayakt\u0131 insanlar. <br \/> \u0130nsanlar\u0131n ba\u015f\u0131nda kalpak, <br \/> y\u00fcreklerinde keder, <br \/> y\u00fcreklerinde m\u00fcthi\u015f bir \u00fcmit vard\u0131. <br \/> \u0130nsanlar devrilmi\u015fti, kedersiz ve \u00fcmitsizdiler. <br \/> \u0130nsanlar, etlerinde kur\u015fun yaralar\u0131yla <br \/> k\u00f6y odalar\u0131nda unutulmu\u015ftular. <br \/> Ve orda sarg\u0131, <br \/> deri <br \/> ve asker postallar\u0131 halinde <br \/> yan yana, s\u0131rt\u00fcst\u00fc yat\u0131yorlard\u0131. <br \/> Kopar\u0131lm\u0131\u015f gibiydi parmaklar\u0131 sapland\u0131\u011f\u0131 yerden <br \/> e\u011frilip b\u00fck\u00fclm\u00fc\u015ft\u00fc <br \/> ve avu\u00e7lar\u0131nda toprak ve kan vard\u0131.<\/p>\n<p>Ve asker ka\u00e7aklar\u0131, <br \/> korkular\u0131, mavzerleri, \u00e7\u0131plak, \u00f6l\u00fc ayaklar\u0131yla <br \/> karanl\u0131kta k\u00f6ylerin i\u00e7inden ge\u00e7iyorlard\u0131. <br \/> Ac\u0131km\u0131\u015ft\u0131lar, <br \/> merhametsizdiler, <br \/> bedbahtt\u0131lar. <br \/> \u015eosenin \u0131ss\u0131z beyazl\u0131\u011f\u0131na inip <br \/> nal sesleri ve y\u0131ld\u0131zlarla gelen atl\u0131y\u0131 \u00e7eviriyor <br \/> ve Bolu da\u011f\u0131nda ekmek bulamad\u0131klar\u0131 i\u00e7in <br \/> deviriyorlard\u0131 u\u00e7urumlara : <br \/> \u015fayak, c\u0131gara k\u00e2ad\u0131, tuz ve sabun y\u00fckl\u00fc yayl\u0131lar\u0131.<\/p>\n<p>Ve \u00e7ok uzak, <br \/> \u00e7ok uzaklardaki \u0130stanbul liman\u0131nda, <br \/> gecenin bu ge\u00e7 vakitlerinde, <br \/> ka\u00e7ak sil\u00e2h ve asker ceketi y\u00fckleyen laz takalar\u0131 : <br \/> h\u00fcrriyet ve \u00fcmit, <br \/> su ve r\u00fczg\u00e2rd\u0131lar. <br \/> Onlar, suda ve r\u00fczg\u00e2rda ilk deniz yolculu\u011fundan beri vard\u0131lar. <br \/> Tekneleri kestane a\u011fac\u0131ndand\u0131, <br \/> \u00fc\u00e7 tondan on tona kadard\u0131lar <br \/> ve l\u00e2kin yelkenlerinin alt\u0131nda <br \/> f\u0131nd\u0131k ve t\u00fct\u00fcn getirip <br \/> \u015feker ve zeytinya\u011f\u0131 g\u00f6t\u00fcr\u00fcrlerdi. <br \/> \u015eimdi, b\u00fcy\u00fck s\u0131rlar\u0131n\u0131 g\u00f6t\u00fcr\u00fcyorlard\u0131. <br \/> \u015eimdi, denizde bir insan sesinin <br \/> ve demirli \u015fileplerin kederlerini <br \/> ve Kabata\u015f a\u00e7\u0131klar\u0131nda sallanan <br \/> saman kay\u0131klar\u0131n\u0131n fenerlerini <br \/> pe\u015flerinde b\u0131rak\u0131p <br \/> ve karanl\u0131k suda Amerikan taretlerinin \u00f6n\u00fcnden ak\u0131p <br \/> k\u00fc\u00e7\u00fck, <br \/> kurnaz <br \/> ve ma\u011frur <br \/> gidiyorlard\u0131 Karadeniz&#8217;e. <br \/> D\u00fcmende ve ba\u015faltlar\u0131nda insanlar\u0131 vard\u0131 ki <br \/> bunlar <br \/> uzun e\u011fri burunlu <br \/> ve konu\u015fmay\u0131 \u015fehvetle seven insanlard\u0131 ki <br \/> s\u0131rt\u0131 l\u00e2civert hamsilerin ve m\u0131s\u0131r ekme\u011finin <br \/> zaferi i\u00e7in <br \/> hi\u00e7 kimseden hi\u00e7bir \u015fey beklemeksizin <br \/> bir \u015fark\u0131 s\u00f6yler gibi \u00f6lebilirdiler&#8230;<\/p>\n<p>Karanl\u0131kta kur\u015fun\u00eei derisi k\u0131rm\u0131z\u0131ya boyanan <br \/> baltaba\u015f gemi <br \/> \u0130ngiliz torpitosudur. <br \/> Ve dalgalar\u0131n \u00fcst\u00fcnde sallanarak <br \/> alev alev <br \/> yanan : <br \/> \u015eaban Reisin be\u015f tonluk takas\u0131.<\/p>\n<p>Kerempe Fenerinin yirmi mil a\u00e7\u0131\u011f\u0131nda, <br \/> gecenin karanl\u0131\u011f\u0131nda, <br \/> dalgalar minare boyundayd\u0131lar <br \/> ve ba\u015flar\u0131 bembeyaz par\u00e7alan\u0131p da\u011f\u0131l\u0131yordu. <br \/> R\u00fczgar : <br \/> y\u0131ld\u0131z &#8211; poyraz. <br \/> Esirlerini bordas\u0131na al\u0131p <br \/> kayboldu \u0130ngiliz torpitosu. <br \/> \u015eaban Reisin teknesi <br \/> ate\u015ften diregiyle g\u00f6m\u00fcld\u00fc suya.<\/p>\n<p>Arheveli \u0130smail <br \/> bu \u00f6len teknedendi. <br \/> Ve \u015fimdi <br \/> Kerempe Fenerinin a\u00e7\u0131\u011f\u0131nda, <br \/> batan teknenin kay\u0131\u011f\u0131nda <br \/> emanetiyle tek ba\u015f\u0131nad\u0131r, <br \/> fakat yaln\u0131z de\u011fil : <br \/> r\u00fczg\u00e2r\u0131n, <br \/> bulutlar\u0131n <br \/> ve dalgalar\u0131n kalabal\u0131\u011f\u0131, <br \/> \u0130smail&#8217;in etraf\u0131nda hep bir a\u011f\u0131zdan konu\u015fuyordu.<\/p>\n<p>Arheveli \u0130smail <br \/> kendi kendine sordu : <br \/> \u00abEmanetimizle varabilecek miyiz?\u00bb <br \/> Kendine cevap verdi : <br \/> \u00abVarmam\u0131\u015f olmaz.\u00bb<\/p>\n<p>Gece, Tophane r\u0131ht\u0131m\u0131nda <br \/> Kamac\u0131 ustas\u0131 Bekir Usta ona : <br \/> \u00abEvl\u00e2d\u0131m \u0130smail,\u00bb dedi, <br \/> \u00abhi\u00e7 kimseye de\u011fil,\u00bb dedi, <br \/> \u00abbu, sana emanettir.\u00bb<\/p>\n<p>Ve Kerempe Fenerinde <br \/> d\u00fc\u015fman projekt\u00f6r\u00fc dola\u015f\u0131nca takan\u0131n yelkenlerinde, <br \/> \u0130smail, reisinden izin isteyip, <br \/> \u00ab\u015eaban Reis,\u00bb deyip, <br \/> \u00abemaneti yerine g\u00f6t\u00fcrmeliyiz,\u00bb deyip <br \/> atlad\u0131 takan\u0131n patalyas\u0131na, <br \/> a\u00e7\u0131ld\u0131.<\/p>\n<p>\u00abAllah b\u00fcy\u00fck <br \/> ama kay\u0131k k\u00fc\u00e7\u00fck\u00bb demi\u015f Yahudi. <br \/> \u0130smail bodoslamadan bir sa\u011fnak yedi, <br \/> bir sa\u011fnak daha, <br \/> pe\u015finden \u00fc\u00e7-karde\u015fler. <br \/> Ve denizi b\u0131\u00e7ak atmak kadar iyi bilmeseydi e\u011fer <br \/> alabora olacakt\u0131.<\/p>\n<p>R\u00fczg\u00e2r tam kerte y\u0131ld\u0131za d\u00f6n\u00fcyor. <br \/> Ta kar\u015f\u0131da bir k\u0131rm\u0131z\u0131 damla \u0131\u015f\u0131k g\u00f6r\u00fcn\u00fcyor : <br \/> S\u0131vastopol&#8217;a giden bir geminin <br \/> sancak feneri.<\/p>\n<p>Elleri kanayarak <br \/> \u00e7ekiyor \u0130smail k\u00fcrekleri. <br \/> \u0130smail rahatt\u0131r. <br \/> Kavgadan <br \/> ve emanetinden ba\u015fka her \u015feyin haricinde, <br \/> \u0130smail unsurunun i\u00e7inde. <br \/> Emanet : <br \/> bir a\u011f\u0131r makinal\u0131 t\u00fcfektir. <br \/> Ve \u0130smail&#8217;in g\u00f6z\u00fc tutmazsa liman reislerini <br \/> ta Ankara&#8217;ya kadar gidip <br \/> onu kendi eliyle teslim edecektir.<\/p>\n<p>R\u00fczg\u00e2r bocal\u0131yor. <br \/> Belki karayel g\u00f6sterecek. <br \/> En azdan on be\u015f mil uzakt\u0131r en yak\u0131n sahil. <br \/> Fakat \u0130smail <br \/> ellerine g\u00fcvenir. <br \/> O eller ekme\u011fi, k\u00fcreklerin sap\u0131n\u0131, d\u00fcmenin yekesini <br \/> ve Kemeralt\u0131&#8217;nda Fotika&#8217;n\u0131n memesini <br \/> ayn\u0131 emniyetle tutarlar.<\/p>\n<p>R\u00fczg\u00e2r karayel g\u00f6stermedi. <br \/> Y\u00fcz kerte birden atlay\u0131p r\u00fczg\u00e2r <br \/> bir anda b\u00fct\u00fcn ipleri b\u0131\u00e7akla kesilmi\u015f gibi <br \/> d\u00fc\u015ft\u00fc.<\/p>\n<p>\u0130smail beklemiyordu bunu. <br \/> Dalgalar bir m\u00fcddet daha <br \/> yuvarland\u0131lar teknenin alt\u0131nda <br \/> sonra deniz d\u00fcmd\u00fcz <br \/> ve simsiyah <br \/> durdu. <br \/> \u0130smail \u015fa\u015f\u0131r\u0131p b\u0131rakt\u0131 k\u00fcrekleri. <br \/> Ne korkun\u00e7tur d\u00fc\u015fmek kavgan\u0131n haricine. <br \/> Bir \u00fcrperme geldi \u0130smail&#8217;in i\u00e7ine. <br \/> Ve bir bal\u0131k gibi \u00fcrkerek, <br \/> bir sandal <br \/> bir \u00e7ift k\u00fcrek <br \/> ve durgun <br \/> \u00f6l\u00fc bir deniz \u015feklinde g\u00f6rd\u00fc yaln\u0131zl\u0131\u011f\u0131. <br \/> Ve birdenbire <br \/> \u00f6yle kahrolup duydu ki insans\u0131zl\u0131\u011f\u0131 <br \/> y\u0131ld\u0131 elleri, <br \/> y\u00fcklendi k\u00fcreklere, <br \/> k\u0131r\u0131ld\u0131 k\u00fcrekler.<\/p>\n<p>Sular tekneyi a\u00e7\u0131\u011fa s\u00fcr\u00fckl\u00fcyor. <br \/> Art\u0131k hi\u00e7bir \u015fey m\u00fcmk\u00fcn de\u011fil. <br \/> Kald\u0131 \u00f6l\u00fc bir denizin ortas\u0131nda <br \/> kanayan elleri ve emanetiyle \u0130smail. <br \/> \u0130lk\u00f6nce k\u00fcfretti. <br \/> Sonra, \u00abelham\u00bb okumak geldi i\u00e7inden. <br \/> Sonra, g\u00fcld\u00fc, <br \/> e\u011filip ok\u015fad\u0131 m\u00fcbarek emaneti. <br \/> Sonra&#8230; <br \/> Sonra, mal\u00fbm olmad\u0131 insanlara <br \/> Arhaveli \u0130smail&#8217;in \u00e2k\u0131beti&#8230;<\/p>\n<p>Naz\u0131m Hikmet RAN<\/p>\n","protected":false},"excerpt":{"rendered":"<p>YIL 1920 ve ARHAVEL\u0130 \u0130SMA\u0130L&#8217;\u0130N H\u0130K\u00c2YES\u0130 Ate\u015fi ve ihaneti g\u00f6rd\u00fck. D\u00fc\u015fman ordusu yine ba\u015flad\u0131 y\u00fcr\u00fcme\u011fe. Akhisar, Karacabey, Bursa ve Bursa&#8217;n\u0131n do\u011fusunda Aksu, \u00e7arp\u0131\u015farak \u00e7ekildik&#8230; 920&#8217;nin 29 A\u011fustos&#8217;u : U\u015fak d\u00fc\u015ft\u00fc. Yaral\u0131 ve deh\u015fetli k\u0131zg\u0131n fakat topra\u011f\u0131m\u0131zdan emin, Dumlup\u0131nar s\u0131rtlar\u0131nday\u0131z. Nazilli d\u00fc\u015ft\u00fc. Ate\u015fi ve ihaneti g\u00f6rd\u00fck. Dayand\u0131k dayanmaktay\u0131z. 1920 \u015eubat, Nisan, May\u0131s, Bolu, D\u00fczce, Geyve, Adapazar\u0131 [&hellip;]<\/p>\n","protected":false},"author":1,"featured_media":0,"comment_status":"open","ping_status":"open","sticky":false,"template":"","format":"standard","meta":{"footnotes":""},"categories":[59],"tags":[],"class_list":{"0":"post-6388","1":"post","2":"type-post","3":"status-publish","4":"format-standard","6":"category-nazim-hikmet-ran"},"yoast_head":"<!-- This site is optimized with the Yoast SEO Premium plugin v24.9 (Yoast SEO v24.9) - https:\/\/yoast.com\/wordpress\/plugins\/seo\/ -->\n<title>KUV\u00c2Y\u0130 M\u0130LL\u0130YE - \u00dc\u00c7\u00dcNC\u00dc BAP - narteks.net<\/title>\n<meta name=\"robots\" content=\"index, follow, max-snippet:-1, max-image-preview:large, max-video-preview:-1\" \/>\n<link rel=\"canonical\" href=\"https:\/\/narteks.net\/index.php\/2011\/06\/07\/kuvayi-milliye-ucuncu-bap\/\" \/>\n<meta property=\"og:locale\" content=\"tr_TR\" \/>\n<meta property=\"og:type\" content=\"article\" \/>\n<meta property=\"og:title\" content=\"KUV\u00c2Y\u0130 M\u0130LL\u0130YE - \u00dc\u00c7\u00dcNC\u00dc BAP\" \/>\n<meta property=\"og:description\" content=\"YIL 1920 ve ARHAVEL\u0130 \u0130SMA\u0130L&#8217;\u0130N H\u0130K\u00c2YES\u0130 Ate\u015fi ve ihaneti g\u00f6rd\u00fck. D\u00fc\u015fman ordusu yine ba\u015flad\u0131 y\u00fcr\u00fcme\u011fe. Akhisar, Karacabey, Bursa ve Bursa&#8217;n\u0131n do\u011fusunda Aksu, \u00e7arp\u0131\u015farak \u00e7ekildik&#8230; 920&#8217;nin 29 A\u011fustos&#8217;u : U\u015fak d\u00fc\u015ft\u00fc. Yaral\u0131 ve deh\u015fetli k\u0131zg\u0131n fakat topra\u011f\u0131m\u0131zdan emin, Dumlup\u0131nar s\u0131rtlar\u0131nday\u0131z. Nazilli d\u00fc\u015ft\u00fc. Ate\u015fi ve ihaneti g\u00f6rd\u00fck. Dayand\u0131k dayanmaktay\u0131z. 1920 \u015eubat, Nisan, May\u0131s, Bolu, D\u00fczce, Geyve, Adapazar\u0131 [&hellip;]\" \/>\n<meta property=\"og:url\" content=\"https:\/\/narteks.net\/index.php\/2011\/06\/07\/kuvayi-milliye-ucuncu-bap\/\" \/>\n<meta property=\"og:site_name\" content=\"narteks.net\" \/>\n<meta property=\"article:published_time\" content=\"2011-06-07T08:44:46+00:00\" \/>\n<meta property=\"og:image\" content=\"https:\/\/narteks.net\/wp-content\/uploads\/narteks.png\" \/>\n\t<meta property=\"og:image:width\" content=\"300\" \/>\n\t<meta property=\"og:image:height\" content=\"90\" \/>\n\t<meta property=\"og:image:type\" content=\"image\/png\" \/>\n<meta name=\"author\" content=\"Tar\u0131k\" \/>\n<meta name=\"twitter:card\" content=\"summary_large_image\" \/>\n<meta name=\"twitter:creator\" content=\"@narteks\" \/>\n<meta name=\"twitter:site\" content=\"@narteks\" \/>\n<meta name=\"twitter:label1\" content=\"Yazan:\" \/>\n\t<meta name=\"twitter:data1\" content=\"Tar\u0131k\" \/>\n\t<meta name=\"twitter:label2\" content=\"Tahmini okuma s\u00fcresi\" \/>\n\t<meta name=\"twitter:data2\" content=\"5 dakika\" \/>\n<script type=\"application\/ld+json\" class=\"yoast-schema-graph\">{\"@context\":\"https:\/\/schema.org\",\"@graph\":[{\"@type\":\"Article\",\"@id\":\"https:\/\/narteks.net\/index.php\/2011\/06\/07\/kuvayi-milliye-ucuncu-bap\/#article\",\"isPartOf\":{\"@id\":\"https:\/\/narteks.net\/index.php\/2011\/06\/07\/kuvayi-milliye-ucuncu-bap\/\"},\"author\":{\"name\":\"Tar\u0131k\",\"@id\":\"https:\/\/narteks.net\/#\/schema\/person\/61f37d9834294b72d31d274e7ed79bca\"},\"headline\":\"KUV\u00c2Y\u0130 M\u0130LL\u0130YE &#8211; \u00dc\u00c7\u00dcNC\u00dc BAP\",\"datePublished\":\"2011-06-07T08:44:46+00:00\",\"mainEntityOfPage\":{\"@id\":\"https:\/\/narteks.net\/index.php\/2011\/06\/07\/kuvayi-milliye-ucuncu-bap\/\"},\"wordCount\":1101,\"commentCount\":0,\"publisher\":{\"@id\":\"https:\/\/narteks.net\/#organization\"},\"articleSection\":[\"Naz\u0131m H\u0130KMET RAN\"],\"inLanguage\":\"tr\",\"potentialAction\":[{\"@type\":\"CommentAction\",\"name\":\"Comment\",\"target\":[\"https:\/\/narteks.net\/index.php\/2011\/06\/07\/kuvayi-milliye-ucuncu-bap\/#respond\"]}]},{\"@type\":\"WebPage\",\"@id\":\"https:\/\/narteks.net\/index.php\/2011\/06\/07\/kuvayi-milliye-ucuncu-bap\/\",\"url\":\"https:\/\/narteks.net\/index.php\/2011\/06\/07\/kuvayi-milliye-ucuncu-bap\/\",\"name\":\"KUV\u00c2Y\u0130 M\u0130LL\u0130YE - \u00dc\u00c7\u00dcNC\u00dc BAP - narteks.net\",\"isPartOf\":{\"@id\":\"https:\/\/narteks.net\/#website\"},\"datePublished\":\"2011-06-07T08:44:46+00:00\",\"breadcrumb\":{\"@id\":\"https:\/\/narteks.net\/index.php\/2011\/06\/07\/kuvayi-milliye-ucuncu-bap\/#breadcrumb\"},\"inLanguage\":\"tr\",\"potentialAction\":[{\"@type\":\"ReadAction\",\"target\":[\"https:\/\/narteks.net\/index.php\/2011\/06\/07\/kuvayi-milliye-ucuncu-bap\/\"]}]},{\"@type\":\"BreadcrumbList\",\"@id\":\"https:\/\/narteks.net\/index.php\/2011\/06\/07\/kuvayi-milliye-ucuncu-bap\/#breadcrumb\",\"itemListElement\":[{\"@type\":\"ListItem\",\"position\":1,\"name\":\"Anasayfa\",\"item\":\"https:\/\/narteks.net\/\"},{\"@type\":\"ListItem\",\"position\":2,\"name\":\"KUV\u00c2Y\u0130 M\u0130LL\u0130YE &#8211; \u00dc\u00c7\u00dcNC\u00dc BAP\"}]},{\"@type\":\"WebSite\",\"@id\":\"https:\/\/narteks.net\/#website\",\"url\":\"https:\/\/narteks.net\/\",\"name\":\"narteks.net\",\"description\":\"K\u00fclt\u00fcr Sanat Edebiyat Felsefe\",\"publisher\":{\"@id\":\"https:\/\/narteks.net\/#organization\"},\"alternateName\":\"K\u00fclt\u00fcr Sanat Edebiyat Felsefe\",\"potentialAction\":[{\"@type\":\"SearchAction\",\"target\":{\"@type\":\"EntryPoint\",\"urlTemplate\":\"https:\/\/narteks.net\/?s={search_term_string}\"},\"query-input\":{\"@type\":\"PropertyValueSpecification\",\"valueRequired\":true,\"valueName\":\"search_term_string\"}}],\"inLanguage\":\"tr\"},{\"@type\":\"Organization\",\"@id\":\"https:\/\/narteks.net\/#organization\",\"name\":\"narteks.net\",\"url\":\"https:\/\/narteks.net\/\",\"logo\":{\"@type\":\"ImageObject\",\"inLanguage\":\"tr\",\"@id\":\"https:\/\/narteks.net\/#\/schema\/logo\/image\/\",\"url\":\"https:\/\/narteks.net\/wp-content\/uploads\/narteks.png\",\"contentUrl\":\"https:\/\/narteks.net\/wp-content\/uploads\/narteks.png\",\"width\":300,\"height\":90,\"caption\":\"narteks.net\"},\"image\":{\"@id\":\"https:\/\/narteks.net\/#\/schema\/logo\/image\/\"},\"sameAs\":[\"https:\/\/x.com\/narteks\",\"https:\/\/instagram.com\/narteksnet\"]},{\"@type\":\"Person\",\"@id\":\"https:\/\/narteks.net\/#\/schema\/person\/61f37d9834294b72d31d274e7ed79bca\",\"name\":\"Tar\u0131k\",\"image\":{\"@type\":\"ImageObject\",\"inLanguage\":\"tr\",\"@id\":\"https:\/\/narteks.net\/#\/schema\/person\/image\/\",\"url\":\"https:\/\/secure.gravatar.com\/avatar\/50865afb55632c4ae467e0af0930f6510aa2297d8014be502a55b14f3b7550cf?s=96&d=mm&r=g\",\"contentUrl\":\"https:\/\/secure.gravatar.com\/avatar\/50865afb55632c4ae467e0af0930f6510aa2297d8014be502a55b14f3b7550cf?s=96&d=mm&r=g\",\"caption\":\"Tar\u0131k\"},\"sameAs\":[\"http:\/\/narteks.net\"],\"url\":\"https:\/\/narteks.net\/index.php\/author\/narbak\/\"}]}<\/script>\n<!-- \/ Yoast SEO Premium plugin. -->","yoast_head_json":{"title":"KUV\u00c2Y\u0130 M\u0130LL\u0130YE - \u00dc\u00c7\u00dcNC\u00dc BAP - narteks.net","robots":{"index":"index","follow":"follow","max-snippet":"max-snippet:-1","max-image-preview":"max-image-preview:large","max-video-preview":"max-video-preview:-1"},"canonical":"https:\/\/narteks.net\/index.php\/2011\/06\/07\/kuvayi-milliye-ucuncu-bap\/","og_locale":"tr_TR","og_type":"article","og_title":"KUV\u00c2Y\u0130 M\u0130LL\u0130YE - \u00dc\u00c7\u00dcNC\u00dc BAP","og_description":"YIL 1920 ve ARHAVEL\u0130 \u0130SMA\u0130L&#8217;\u0130N H\u0130K\u00c2YES\u0130 Ate\u015fi ve ihaneti g\u00f6rd\u00fck. D\u00fc\u015fman ordusu yine ba\u015flad\u0131 y\u00fcr\u00fcme\u011fe. Akhisar, Karacabey, Bursa ve Bursa&#8217;n\u0131n do\u011fusunda Aksu, \u00e7arp\u0131\u015farak \u00e7ekildik&#8230; 920&#8217;nin 29 A\u011fustos&#8217;u : U\u015fak d\u00fc\u015ft\u00fc. Yaral\u0131 ve deh\u015fetli k\u0131zg\u0131n fakat topra\u011f\u0131m\u0131zdan emin, Dumlup\u0131nar s\u0131rtlar\u0131nday\u0131z. Nazilli d\u00fc\u015ft\u00fc. Ate\u015fi ve ihaneti g\u00f6rd\u00fck. Dayand\u0131k dayanmaktay\u0131z. 1920 \u015eubat, Nisan, May\u0131s, Bolu, D\u00fczce, Geyve, Adapazar\u0131 [&hellip;]","og_url":"https:\/\/narteks.net\/index.php\/2011\/06\/07\/kuvayi-milliye-ucuncu-bap\/","og_site_name":"narteks.net","article_published_time":"2011-06-07T08:44:46+00:00","og_image":[{"width":300,"height":90,"url":"https:\/\/narteks.net\/wp-content\/uploads\/narteks.png","type":"image\/png"}],"author":"Tar\u0131k","twitter_card":"summary_large_image","twitter_creator":"@narteks","twitter_site":"@narteks","twitter_misc":{"Yazan:":"Tar\u0131k","Tahmini okuma s\u00fcresi":"5 dakika"},"schema":{"@context":"https:\/\/schema.org","@graph":[{"@type":"Article","@id":"https:\/\/narteks.net\/index.php\/2011\/06\/07\/kuvayi-milliye-ucuncu-bap\/#article","isPartOf":{"@id":"https:\/\/narteks.net\/index.php\/2011\/06\/07\/kuvayi-milliye-ucuncu-bap\/"},"author":{"name":"Tar\u0131k","@id":"https:\/\/narteks.net\/#\/schema\/person\/61f37d9834294b72d31d274e7ed79bca"},"headline":"KUV\u00c2Y\u0130 M\u0130LL\u0130YE &#8211; \u00dc\u00c7\u00dcNC\u00dc BAP","datePublished":"2011-06-07T08:44:46+00:00","mainEntityOfPage":{"@id":"https:\/\/narteks.net\/index.php\/2011\/06\/07\/kuvayi-milliye-ucuncu-bap\/"},"wordCount":1101,"commentCount":0,"publisher":{"@id":"https:\/\/narteks.net\/#organization"},"articleSection":["Naz\u0131m H\u0130KMET RAN"],"inLanguage":"tr","potentialAction":[{"@type":"CommentAction","name":"Comment","target":["https:\/\/narteks.net\/index.php\/2011\/06\/07\/kuvayi-milliye-ucuncu-bap\/#respond"]}]},{"@type":"WebPage","@id":"https:\/\/narteks.net\/index.php\/2011\/06\/07\/kuvayi-milliye-ucuncu-bap\/","url":"https:\/\/narteks.net\/index.php\/2011\/06\/07\/kuvayi-milliye-ucuncu-bap\/","name":"KUV\u00c2Y\u0130 M\u0130LL\u0130YE - \u00dc\u00c7\u00dcNC\u00dc BAP - narteks.net","isPartOf":{"@id":"https:\/\/narteks.net\/#website"},"datePublished":"2011-06-07T08:44:46+00:00","breadcrumb":{"@id":"https:\/\/narteks.net\/index.php\/2011\/06\/07\/kuvayi-milliye-ucuncu-bap\/#breadcrumb"},"inLanguage":"tr","potentialAction":[{"@type":"ReadAction","target":["https:\/\/narteks.net\/index.php\/2011\/06\/07\/kuvayi-milliye-ucuncu-bap\/"]}]},{"@type":"BreadcrumbList","@id":"https:\/\/narteks.net\/index.php\/2011\/06\/07\/kuvayi-milliye-ucuncu-bap\/#breadcrumb","itemListElement":[{"@type":"ListItem","position":1,"name":"Anasayfa","item":"https:\/\/narteks.net\/"},{"@type":"ListItem","position":2,"name":"KUV\u00c2Y\u0130 M\u0130LL\u0130YE &#8211; \u00dc\u00c7\u00dcNC\u00dc BAP"}]},{"@type":"WebSite","@id":"https:\/\/narteks.net\/#website","url":"https:\/\/narteks.net\/","name":"narteks.net","description":"K\u00fclt\u00fcr Sanat Edebiyat Felsefe","publisher":{"@id":"https:\/\/narteks.net\/#organization"},"alternateName":"K\u00fclt\u00fcr Sanat Edebiyat Felsefe","potentialAction":[{"@type":"SearchAction","target":{"@type":"EntryPoint","urlTemplate":"https:\/\/narteks.net\/?s={search_term_string}"},"query-input":{"@type":"PropertyValueSpecification","valueRequired":true,"valueName":"search_term_string"}}],"inLanguage":"tr"},{"@type":"Organization","@id":"https:\/\/narteks.net\/#organization","name":"narteks.net","url":"https:\/\/narteks.net\/","logo":{"@type":"ImageObject","inLanguage":"tr","@id":"https:\/\/narteks.net\/#\/schema\/logo\/image\/","url":"https:\/\/narteks.net\/wp-content\/uploads\/narteks.png","contentUrl":"https:\/\/narteks.net\/wp-content\/uploads\/narteks.png","width":300,"height":90,"caption":"narteks.net"},"image":{"@id":"https:\/\/narteks.net\/#\/schema\/logo\/image\/"},"sameAs":["https:\/\/x.com\/narteks","https:\/\/instagram.com\/narteksnet"]},{"@type":"Person","@id":"https:\/\/narteks.net\/#\/schema\/person\/61f37d9834294b72d31d274e7ed79bca","name":"Tar\u0131k","image":{"@type":"ImageObject","inLanguage":"tr","@id":"https:\/\/narteks.net\/#\/schema\/person\/image\/","url":"https:\/\/secure.gravatar.com\/avatar\/50865afb55632c4ae467e0af0930f6510aa2297d8014be502a55b14f3b7550cf?s=96&d=mm&r=g","contentUrl":"https:\/\/secure.gravatar.com\/avatar\/50865afb55632c4ae467e0af0930f6510aa2297d8014be502a55b14f3b7550cf?s=96&d=mm&r=g","caption":"Tar\u0131k"},"sameAs":["http:\/\/narteks.net"],"url":"https:\/\/narteks.net\/index.php\/author\/narbak\/"}]}},"_links":{"self":[{"href":"https:\/\/narteks.net\/index.php\/wp-json\/wp\/v2\/posts\/6388","targetHints":{"allow":["GET"]}}],"collection":[{"href":"https:\/\/narteks.net\/index.php\/wp-json\/wp\/v2\/posts"}],"about":[{"href":"https:\/\/narteks.net\/index.php\/wp-json\/wp\/v2\/types\/post"}],"author":[{"embeddable":true,"href":"https:\/\/narteks.net\/index.php\/wp-json\/wp\/v2\/users\/1"}],"replies":[{"embeddable":true,"href":"https:\/\/narteks.net\/index.php\/wp-json\/wp\/v2\/comments?post=6388"}],"version-history":[{"count":0,"href":"https:\/\/narteks.net\/index.php\/wp-json\/wp\/v2\/posts\/6388\/revisions"}],"wp:attachment":[{"href":"https:\/\/narteks.net\/index.php\/wp-json\/wp\/v2\/media?parent=6388"}],"wp:term":[{"taxonomy":"category","embeddable":true,"href":"https:\/\/narteks.net\/index.php\/wp-json\/wp\/v2\/categories?post=6388"},{"taxonomy":"post_tag","embeddable":true,"href":"https:\/\/narteks.net\/index.php\/wp-json\/wp\/v2\/tags?post=6388"}],"curies":[{"name":"wp","href":"https:\/\/api.w.org\/{rel}","templated":true}]}}