{"id":6389,"date":"2011-06-07T11:45:50","date_gmt":"2011-06-07T08:45:50","guid":{"rendered":"http:\/\/localhost\/wordpress\/2011\/06\/07\/kuvayi-milliye-yedinci-bap\/"},"modified":"2011-06-07T11:45:50","modified_gmt":"2011-06-07T08:45:50","slug":"kuvayi-milliye-yedinci-bap","status":"publish","type":"post","link":"https:\/\/narteks.net\/index.php\/2011\/06\/07\/kuvayi-milliye-yedinci-bap\/","title":{"rendered":"KUV\u00c2Y\u0130 M\u0130LL\u0130YE &#8211; YED\u0130NC\u0130 BAP"},"content":{"rendered":"<p>922 A\u011eUSTOS AYI ve KADINLARIMIZ ve 6 A\u011eUSTOS EMR\u0130 ve B\u0130R \u00c2LETLE B\u0130R \u0130NSANIN H\u0130K\u00c2YES\u0130<\/p>\n<p>Ay\u0131n alt\u0131nda ka\u011fn\u0131lar gidiyordu. <br \/> Ka\u011fn\u0131lar gidiyordu Ak\u015fehir \u00fcst\u00fcnden Afyon&#8217;a do\u011fru. <br \/> Toprak \u00f6yle bitip t\u00fckenmez, <br \/> da\u011flar \u00f6yle uzakta, <br \/> sanki gidenler hi\u00e7bir zaman <br \/> hi\u00e7bir menzile eri\u015fmiyecekti. <br \/> Ka\u011fn\u0131lar y\u00fcr\u00fcyordu yekpare me\u015feden tekerlekleriyle. <br \/> Ve onlar <br \/> ay\u0131n alt\u0131nda d\u00f6nen ilk tekerlekti. <br \/> Ay\u0131n alt\u0131nda \u00f6k\u00fczler <br \/> ba\u015fka ve \u00e7ok k\u00fc\u00e7\u00fck bir d\u00fcnyadan gelmi\u015fler gibi <br \/> ufac\u0131k, k\u0131sac\u0131kt\u0131lar, <br \/> ve p\u0131r\u0131lt\u0131lar vard\u0131 hasta, k\u0131r\u0131k boynuzlar\u0131nda <br \/> ve ayaklar\u0131 alt\u0131ndan akan <br \/> toprak, <br \/> toprak <br \/> ve toprakt\u0131. <br \/> Gece ayd\u0131nl\u0131k ve s\u0131cak <br \/> ve ka\u011fn\u0131larda tahta yataklar\u0131nda <br \/> koyu mavi humbaralar \u00e7\u0131r\u0131l\u00e7\u0131plakt\u0131. <br \/> Ve kad\u0131nlar <br \/> birbirlerinden gizliyerek <br \/> bak\u0131yorlard\u0131 ay\u0131n alt\u0131nda <br \/> ge\u00e7mi\u015f kafilelerden kalan \u00f6k\u00fcz ve tekerlek \u00f6l\u00fclerine. <br \/> Ve kad\u0131nlar, <br \/> bizim kad\u0131nlar\u0131m\u0131z : <br \/> korkun\u00e7 ve m\u00fcbarek elleri, <br \/> ince, k\u00fc\u00e7\u00fck \u00e7eneleri, kocaman g\u00f6zleriyle <br \/> anam\u0131z, avrad\u0131m\u0131z, y\u00e2rimiz <br \/> ve sanki hi\u00e7 ya\u015famam\u0131\u015f gibi \u00f6len <br \/> ve sofram\u0131zdaki yeri <br \/> \u00f6k\u00fcz\u00fcm\u00fczden sonra gelen <br \/> ve da\u011flara ka\u00e7\u0131r\u0131p u\u011frunda hapis yatt\u0131\u011f\u0131m\u0131z <br \/> ve ekinde, t\u00fct\u00fcnde, odunda ve pazardaki <br \/> ve karasabana ko\u015fulan <br \/> ve a\u011f\u0131llarda <br \/> \u0131\u015f\u0131lt\u0131s\u0131nda yere sapl\u0131 b\u0131\u00e7aklar\u0131n <br \/> oynak, a\u011f\u0131r kal\u00e7alar\u0131 ve zilleriyle bizim olan <br \/> kad\u0131nlar, <br \/> bizim kad\u0131nlar\u0131m\u0131z <br \/> \u015fimdi ay\u0131n alt\u0131nda <br \/> ka\u011fn\u0131lar\u0131n ve hartu\u00e7lar\u0131n pe\u015finde <br \/> harman yerine kehribar ba\u015fakl\u0131 sap \u00e7eker gibi <br \/> ayn\u0131 y\u00fcrek ferahl\u0131\u011f\u0131, <br \/> ayn\u0131 yorgun al\u0131\u015fkanl\u0131k i\u00e7indeydiler. <br \/> Ve on be\u015flik \u015farapnelin \u00e7eli\u011finde <br \/> ince boyunlu \u00e7ocuklar uyuyordu. <br \/> Ve ay\u0131n alt\u0131nda ka\u011fn\u0131lar <br \/> y\u00fcr\u00fcyordu Ak\u015fehir \u00fcst\u00fcnden Afyon&#8217;a do\u011fru.<\/p>\n<p>\u00ab6 A\u011fustos emri\u00bb verilmi\u015ftir. <br \/> Birinci ve \u0130kinci ordular, k\u0131t&#8217;alar\u0131, ka\u011fn\u0131lar\u0131, s\u00fcvari alaylar\u0131yla <br \/> yer de\u011fi\u015ftiriyordu, yer de\u011fi\u015ftirecek. <br \/> 98956 t\u00fcfek, <br \/> 325 top, <br \/> 5 tayyare, <br \/> 2800 k\u00fcsur mitraly\u00f6z, <br \/> 2500 k\u00fcsur k\u0131l\u0131\u00e7 <br \/> ve 186326 tane p\u0131r\u0131l p\u0131r\u0131l insan y\u00fcre\u011fi <br \/> ve bunun iki misli kulak, kol, ayak ve g\u00f6z <br \/> k\u0131m\u0131ldan\u0131yordu gecenin i\u00e7inde. <br \/> Gecenin i\u00e7inde toprak. <br \/> Gecenin i\u00e7inde r\u00fczg\u00e2r. <br \/> Hat\u0131ralara ba\u011fl\u0131, hat\u0131ralar\u0131n d\u0131\u015f\u0131nda, <br \/> gecenin i\u00e7inde : <br \/> insanlar, \u00e2letler ve hayvanlar, <br \/> demirleri, tahtalar\u0131 ve etleriyle birbirine sokulup, <br \/> korkun\u00e7 <br \/> ve sessiz emniyetlerini <br \/> birbirlerine sokulmakta bulup, <br \/> kocaman, yorgun ayaklar\u0131, <br \/> toprakl\u0131 elleriyle y\u00fcr\u00fcyorlard\u0131. <br \/> Ve onlar\u0131n aras\u0131nda <br \/> Birinci Ordu \u0130kinci Nakliye Taburu&#8217;ndan <br \/> \u0130stanbullu \u015fof\u00f6r Ahmet <br \/> ve onun kamyoneti vard\u0131. <br \/> Bir acayip mahl\u00fbktu \u00fc\u00e7 numrolu kamyonet : <br \/> \u0130htiyar, <br \/> cesur, <br \/> inat\u00e7\u0131 ve \u015firret. <br \/> K\u0131r\u0131l\u0131p da\u011flarda kalan sol arka makas\u0131 yerine <br \/> \u015fasinin alt\u0131na, dingilin \u00fczerine <br \/> budakl\u0131 bir g\u00fcrgen k\u00fct\u00fc\u011f\u00fc sarm\u0131\u015f olmas\u0131na ra\u011fmen <br \/> ve kalb a\u011fr\u0131lar\u0131yla <br \/> ve on kilometrede bir <br \/> karanl\u0131\u011fa yaslan\u0131p durdu\u011fu halde <br \/> ve vantil\u00e2t\u00f6r\u00fcnde d\u00f6rt kanattan ikisi noksan iken <br \/> \u015fahs\u0131n\u0131n vekarl\u0131 kudretini resmen biliyordu : <br \/> \u00ab6 A\u011fustos emri\u00bbnde ondan ve arkada\u015flar\u0131ndan <br \/> \u00ab&#8230; ihzar ve te\u015fkil edilmi\u015f bulunan <br \/> ve cem&#8217;an 300 ton kabiliyetinde kabul olunan <br \/> 100 kadar ser\u00ee otomobil&#8230;\u00bb diye bahsediliyordu. <br \/> \u0130hzar ve te\u015fkil olunanlar, <br \/> bu meyanda Ahmet&#8217;in kamyoneti, <br \/> insanlar\u0131n, \u00e2letlerin ve ka\u011fn\u0131lar\u0131n yan\u0131ndan ge\u00e7ip <br \/> Afyon &#8211; Ah\u0131rda\u011flar\u0131 ve imtidad\u0131na do\u011fru iniyorlard\u0131.<\/p>\n<p>Ahmet&#8217;in kafas\u0131nda uzak bir \u015fehir ve bir \u015fark\u0131 vard\u0131. <br \/> Bu \u015fark\u0131 nihaventtir <br \/> ve beyaz tenteli sandallar\u0131, <br \/> siyah mavnalar\u0131, <br \/> g\u00fcne\u015fli karpuz kabuklar\u0131yla <br \/> bir deniz k\u0131y\u0131s\u0131ndad\u0131r \u015fehir.<\/p>\n<p>Vantil\u00e2t\u00f6rde adedi devir <br \/> d\u00fc\u015f\u00fcyor gibi. <br \/> Arkada\u015flar ileri ge\u00e7tiler. <br \/> Ay batt\u0131. <br \/> Manzara y\u0131ld\u0131zlardan ve da\u011flardan ibaret.<\/p>\n<p>Sen S\u00fcleymaniyelisin o\u011flum Ahmet, <br \/> \u00e7\u0131nar dibinde iki mars bir oyunla yenip B\u00fcc\u00fcr&#8217;\u00fc, <br \/> kalk, <br \/> s\u0131ra servilerin \u00f6n\u00fcnden y\u00fcr\u00fc, <br \/> \u00e7e\u015fmeyi ge\u00e7, <br \/> mektep bah\u00e7esi, medreseler, <br \/> orda, Harbiye Nezareti&#8217;nin arka duvar\u0131nda <br \/> siyah \u00e7ar\u015fafl\u0131 bir kad\u0131n <br \/> \u00e7\u00f6melip yere <br \/> dar\u0131 serper g\u00fcvercinlere <br \/> ve papelciler <br \/> \u015femsiye \u00fcst\u00fcnde papaz a\u00e7arlar.<\/p>\n<p>Motor m\u0131z\u0131k\u00e7\u0131l\u0131k ediyor, <br \/> bizi da\u011f ba\u015flar\u0131nda b\u0131rakacak meret.<\/p>\n<p>Ne diyorduk o\u011flum Ahmet? <br \/> D\u00f6kmeciler sa\u011fda kal\u0131r, <br \/> derken, Uzun\u00e7ar\u015f\u0131&#8217;ya saparken, <br \/> k\u00f6\u015fede, sol kolda seyyar kitap\u00e7\u0131 : <br \/> \u00abHik\u00e2yei Bill\u00fbr K\u00f6\u015fk\u00bb, <br \/> alt\u0131 cilt \u00abTarihi Cevdet\u00bb <br \/> ve \u00abFenni Tab\u00e2hat\u00bb. <br \/> Tab\u00e2hat, mutfaktan gelirmi\u015f, <br \/> yani yemek pi\u015firmek. <br \/> Hani, uskumru dolmas\u0131na da bay\u0131l\u0131r\u0131m pek. <br \/> Yald\u0131zl\u0131 kuyru\u011fundan tutup <br \/> bir salk\u0131m \u00fcz\u00fcm gibi yersin.<\/p>\n<p>\u0130lerde bir s\u00fcvari kolu gidiyor, <br \/> sapt\u0131lar sola.<\/p>\n<p>Uzun\u00e7ar\u015f\u0131&#8217;y\u0131 dikine inersin. <br \/> Sandalyac\u0131lar, tavla pulcular\u0131, tesbih\u00e7iler. <br \/> Ve sen \u0130stanbullu, <br \/> sen kendi ellerinin h\u00fcnerine al\u0131\u015fm\u0131\u015f oldu\u011fundan <br \/> \u015fa\u015fars\u0131n \u0130stanbullulara : <br \/> ne kadar ince, ne \u00e7e\u015fitli h\u00fcnerleri var, dersin. <br \/> R\u00fcstem Pa\u015fa Camii. <br \/> Urganc\u0131lar. <br \/> Urganc\u0131larda y\u00fcz par\u00e7a yelkenli gemiyi <br \/> ve hesaps\u0131z kat\u0131r kervanlar\u0131n\u0131 donatacak kadar <br \/> urgan, halat ve d\u00f6kme tun\u00e7tan \u00e7\u0131ng\u0131raklar sat\u0131l\u0131r. <br \/> Zindankap\u0131, Babacafer. <br \/> Uzakta Bal\u0131kpazar\u0131. <br \/> Kuruyemi\u015f\u00e7iler. <br \/> Yemi\u015f iskelesindeyiz : <br \/> sandallar\u0131, mavnalar\u0131, <br \/> g\u00fcne\u015fli karpuz kabuklar\u0131yla <br \/> y\u00fcz\u00fcne hasret kald\u0131\u011f\u0131m deniz.<\/p>\n<p>Sol arka lastik hava m\u0131 ka\u00e7\u0131r\u0131yor ne? <br \/> \u0130nip <br \/> baksam&#8230;<\/p>\n<p>Yemi\u015f iskelesinden dilenci vapuruna binip <br \/> Ey\u00fcp&#8217;te Niyet Kuyusu&#8217;na gittikti. <br \/> Elleri yumuk yumuk, <br \/> bacaklar\u0131 biraz \u00e7arp\u0131kt\u0131 ama, <br \/> ye\u015fil zeytin tanesi gibi g\u00f6zler. <br \/> Ka\u015flar\u0131 da hil\u00e2l gibi \u00e7ekikti. <br \/> Tam Kas\u0131mpa\u015fa&#8217;ya yakla\u015ft\u0131k, beyaz ba\u015f\u00f6rt\u00fcs\u00fc&#8230;<\/p>\n<p>Lastik hava ka\u00e7\u0131r\u0131yor. <br \/> Derdine deva bulmazsak e\u011fer&#8230; <br \/> Dur bakal\u0131m Babacafer&#8230;<\/p>\n<p>\u00dc\u00e7 numrolu kamyonet durdu. <br \/> Karanl\u0131k. <br \/> Kriko. <br \/> Pompa. <br \/> Eller. <br \/> K\u00fcfreden ve k\u00fcfretti\u011fine k\u0131zan elleri <br \/> lastikte ve ihtiyar tekerlekte dola\u015f\u0131rken <br \/> Ahmet hat\u0131rlad\u0131 : <br \/> bir gece n\u00fcz\u00fcll\u00fc babaannesini <br \/> sedirden sedire ta\u015f\u0131rken <br \/> kad\u0131nca\u011f\u0131z&#8230;<\/p>\n<p>\u0130\u00e7 lastik boydan boya patlad\u0131. <br \/> Yedek? <br \/> Yok. <br \/> Da\u011flarda avaz avaz <br \/> imdat istemek?<\/p>\n<p>Sen S\u00fcleymaniyelisin o\u011flum Ahmet, <br \/> sana tek ba\u015f\u0131na verilmi\u015ftir \u00fc\u00e7 numrolu kanyonet. <br \/> Hem, hani bir koyun varm\u0131\u015f, <br \/> kendi baca\u011f\u0131ndan as\u0131lan bir koyun. <br \/> S\u00fcleymaniyeli \u015fof\u00f6r Ahmet <br \/> soyun&#8230;<\/p>\n<p>Soyundu. <br \/> Ceket, k\u00fclot, pantol, don, g\u00f6mlek ve kalpak <br \/> ve k\u0131rm\u0131z\u0131 ku\u015fak, <br \/> Ahmet&#8217;i postallar\u0131n\u0131n \u00fcst\u00fcnde \u00e7\u0131r\u0131l\u00e7\u0131plak <br \/> b\u0131rakarak <br \/> d\u0131\u015f lasti\u011fin i\u00e7ine girdiler, <br \/> \u015fi\u015firdiler.<\/p>\n<p>Bu \u015fark\u0131 nihaventtir. <br \/> Deniz k\u0131y\u0131s\u0131nda bir \u015fehir&#8230; <br \/> Beyaz ba\u015f\u00f6rt\u00fcs\u00fc&#8230;<\/p>\n<p>Saatta elli yap\u0131yoruz&#8230; <br \/> Dayan \u00f6mr\u00fcm\u00fcn t\u00f6rp\u00fcs\u00fc, <br \/> dayan da da\u011flar anadan do\u011fma g\u00f6rs\u00fcn \u015fof\u00f6r Ahmet&#8217;i, <br \/> dayan arslan&#8230;<\/p>\n<p>Hi\u00e7bir zaman <br \/> b\u00f6yle merhametli bir \u00fcmitle sevmedi <br \/> hi\u00e7bir insan <br \/> hi\u00e7bir \u00e2leti&#8230;<\/p>\n<p>Naz\u0131m Hikmet RAN<\/p>\n<p>\u00a0<\/p>\n","protected":false},"excerpt":{"rendered":"<p>922 A\u011eUSTOS AYI ve KADINLARIMIZ ve 6 A\u011eUSTOS EMR\u0130 ve B\u0130R \u00c2LETLE B\u0130R \u0130NSANIN H\u0130K\u00c2YES\u0130 Ay\u0131n alt\u0131nda ka\u011fn\u0131lar gidiyordu. Ka\u011fn\u0131lar gidiyordu Ak\u015fehir \u00fcst\u00fcnden Afyon&#8217;a do\u011fru. Toprak \u00f6yle bitip t\u00fckenmez, da\u011flar \u00f6yle uzakta, sanki gidenler hi\u00e7bir zaman hi\u00e7bir menzile eri\u015fmiyecekti. Ka\u011fn\u0131lar y\u00fcr\u00fcyordu yekpare me\u015feden tekerlekleriyle. Ve onlar ay\u0131n alt\u0131nda d\u00f6nen ilk tekerlekti. Ay\u0131n alt\u0131nda \u00f6k\u00fczler ba\u015fka [&hellip;]<\/p>\n","protected":false},"author":1,"featured_media":0,"comment_status":"open","ping_status":"open","sticky":false,"template":"","format":"standard","meta":{"footnotes":""},"categories":[59],"tags":[],"class_list":{"0":"post-6389","1":"post","2":"type-post","3":"status-publish","4":"format-standard","6":"category-nazim-hikmet-ran"},"yoast_head":"<!-- This site is optimized with the Yoast SEO Premium plugin v24.9 (Yoast SEO v24.9) - https:\/\/yoast.com\/wordpress\/plugins\/seo\/ -->\n<title>KUV\u00c2Y\u0130 M\u0130LL\u0130YE - YED\u0130NC\u0130 BAP - narteks.net<\/title>\n<meta name=\"robots\" content=\"index, follow, max-snippet:-1, max-image-preview:large, max-video-preview:-1\" \/>\n<link rel=\"canonical\" href=\"https:\/\/narteks.net\/index.php\/2011\/06\/07\/kuvayi-milliye-yedinci-bap\/\" \/>\n<meta property=\"og:locale\" content=\"tr_TR\" \/>\n<meta property=\"og:type\" content=\"article\" \/>\n<meta property=\"og:title\" content=\"KUV\u00c2Y\u0130 M\u0130LL\u0130YE - YED\u0130NC\u0130 BAP\" \/>\n<meta property=\"og:description\" content=\"922 A\u011eUSTOS AYI ve KADINLARIMIZ ve 6 A\u011eUSTOS EMR\u0130 ve B\u0130R \u00c2LETLE B\u0130R \u0130NSANIN H\u0130K\u00c2YES\u0130 Ay\u0131n alt\u0131nda ka\u011fn\u0131lar gidiyordu. Ka\u011fn\u0131lar gidiyordu Ak\u015fehir \u00fcst\u00fcnden Afyon&#8217;a do\u011fru. Toprak \u00f6yle bitip t\u00fckenmez, da\u011flar \u00f6yle uzakta, sanki gidenler hi\u00e7bir zaman hi\u00e7bir menzile eri\u015fmiyecekti. Ka\u011fn\u0131lar y\u00fcr\u00fcyordu yekpare me\u015feden tekerlekleriyle. Ve onlar ay\u0131n alt\u0131nda d\u00f6nen ilk tekerlekti. Ay\u0131n alt\u0131nda \u00f6k\u00fczler ba\u015fka [&hellip;]\" \/>\n<meta property=\"og:url\" content=\"https:\/\/narteks.net\/index.php\/2011\/06\/07\/kuvayi-milliye-yedinci-bap\/\" \/>\n<meta property=\"og:site_name\" content=\"narteks.net\" \/>\n<meta property=\"article:published_time\" content=\"2011-06-07T08:45:50+00:00\" \/>\n<meta property=\"og:image\" content=\"https:\/\/narteks.net\/wp-content\/uploads\/narteks.png\" \/>\n\t<meta property=\"og:image:width\" content=\"300\" \/>\n\t<meta property=\"og:image:height\" content=\"90\" \/>\n\t<meta property=\"og:image:type\" content=\"image\/png\" \/>\n<meta name=\"author\" content=\"Tar\u0131k\" \/>\n<meta name=\"twitter:card\" content=\"summary_large_image\" \/>\n<meta name=\"twitter:creator\" content=\"@narteks\" \/>\n<meta name=\"twitter:site\" content=\"@narteks\" \/>\n<meta name=\"twitter:label1\" content=\"Yazan:\" \/>\n\t<meta name=\"twitter:data1\" content=\"Tar\u0131k\" \/>\n\t<meta name=\"twitter:label2\" content=\"Tahmini okuma s\u00fcresi\" \/>\n\t<meta name=\"twitter:data2\" content=\"6 dakika\" \/>\n<script type=\"application\/ld+json\" class=\"yoast-schema-graph\">{\"@context\":\"https:\/\/schema.org\",\"@graph\":[{\"@type\":\"Article\",\"@id\":\"https:\/\/narteks.net\/index.php\/2011\/06\/07\/kuvayi-milliye-yedinci-bap\/#article\",\"isPartOf\":{\"@id\":\"https:\/\/narteks.net\/index.php\/2011\/06\/07\/kuvayi-milliye-yedinci-bap\/\"},\"author\":{\"name\":\"Tar\u0131k\",\"@id\":\"https:\/\/narteks.net\/#\/schema\/person\/61f37d9834294b72d31d274e7ed79bca\"},\"headline\":\"KUV\u00c2Y\u0130 M\u0130LL\u0130YE &#8211; YED\u0130NC\u0130 BAP\",\"datePublished\":\"2011-06-07T08:45:50+00:00\",\"mainEntityOfPage\":{\"@id\":\"https:\/\/narteks.net\/index.php\/2011\/06\/07\/kuvayi-milliye-yedinci-bap\/\"},\"wordCount\":1138,\"commentCount\":0,\"publisher\":{\"@id\":\"https:\/\/narteks.net\/#organization\"},\"articleSection\":[\"Naz\u0131m H\u0130KMET RAN\"],\"inLanguage\":\"tr\",\"potentialAction\":[{\"@type\":\"CommentAction\",\"name\":\"Comment\",\"target\":[\"https:\/\/narteks.net\/index.php\/2011\/06\/07\/kuvayi-milliye-yedinci-bap\/#respond\"]}]},{\"@type\":\"WebPage\",\"@id\":\"https:\/\/narteks.net\/index.php\/2011\/06\/07\/kuvayi-milliye-yedinci-bap\/\",\"url\":\"https:\/\/narteks.net\/index.php\/2011\/06\/07\/kuvayi-milliye-yedinci-bap\/\",\"name\":\"KUV\u00c2Y\u0130 M\u0130LL\u0130YE - YED\u0130NC\u0130 BAP - narteks.net\",\"isPartOf\":{\"@id\":\"https:\/\/narteks.net\/#website\"},\"datePublished\":\"2011-06-07T08:45:50+00:00\",\"breadcrumb\":{\"@id\":\"https:\/\/narteks.net\/index.php\/2011\/06\/07\/kuvayi-milliye-yedinci-bap\/#breadcrumb\"},\"inLanguage\":\"tr\",\"potentialAction\":[{\"@type\":\"ReadAction\",\"target\":[\"https:\/\/narteks.net\/index.php\/2011\/06\/07\/kuvayi-milliye-yedinci-bap\/\"]}]},{\"@type\":\"BreadcrumbList\",\"@id\":\"https:\/\/narteks.net\/index.php\/2011\/06\/07\/kuvayi-milliye-yedinci-bap\/#breadcrumb\",\"itemListElement\":[{\"@type\":\"ListItem\",\"position\":1,\"name\":\"Anasayfa\",\"item\":\"https:\/\/narteks.net\/\"},{\"@type\":\"ListItem\",\"position\":2,\"name\":\"KUV\u00c2Y\u0130 M\u0130LL\u0130YE &#8211; YED\u0130NC\u0130 BAP\"}]},{\"@type\":\"WebSite\",\"@id\":\"https:\/\/narteks.net\/#website\",\"url\":\"https:\/\/narteks.net\/\",\"name\":\"narteks.net\",\"description\":\"K\u00fclt\u00fcr Sanat Edebiyat Felsefe\",\"publisher\":{\"@id\":\"https:\/\/narteks.net\/#organization\"},\"alternateName\":\"K\u00fclt\u00fcr Sanat Edebiyat Felsefe\",\"potentialAction\":[{\"@type\":\"SearchAction\",\"target\":{\"@type\":\"EntryPoint\",\"urlTemplate\":\"https:\/\/narteks.net\/?s={search_term_string}\"},\"query-input\":{\"@type\":\"PropertyValueSpecification\",\"valueRequired\":true,\"valueName\":\"search_term_string\"}}],\"inLanguage\":\"tr\"},{\"@type\":\"Organization\",\"@id\":\"https:\/\/narteks.net\/#organization\",\"name\":\"narteks.net\",\"url\":\"https:\/\/narteks.net\/\",\"logo\":{\"@type\":\"ImageObject\",\"inLanguage\":\"tr\",\"@id\":\"https:\/\/narteks.net\/#\/schema\/logo\/image\/\",\"url\":\"https:\/\/narteks.net\/wp-content\/uploads\/narteks.png\",\"contentUrl\":\"https:\/\/narteks.net\/wp-content\/uploads\/narteks.png\",\"width\":300,\"height\":90,\"caption\":\"narteks.net\"},\"image\":{\"@id\":\"https:\/\/narteks.net\/#\/schema\/logo\/image\/\"},\"sameAs\":[\"https:\/\/x.com\/narteks\",\"https:\/\/instagram.com\/narteksnet\"]},{\"@type\":\"Person\",\"@id\":\"https:\/\/narteks.net\/#\/schema\/person\/61f37d9834294b72d31d274e7ed79bca\",\"name\":\"Tar\u0131k\",\"image\":{\"@type\":\"ImageObject\",\"inLanguage\":\"tr\",\"@id\":\"https:\/\/narteks.net\/#\/schema\/person\/image\/\",\"url\":\"https:\/\/secure.gravatar.com\/avatar\/50865afb55632c4ae467e0af0930f6510aa2297d8014be502a55b14f3b7550cf?s=96&d=mm&r=g\",\"contentUrl\":\"https:\/\/secure.gravatar.com\/avatar\/50865afb55632c4ae467e0af0930f6510aa2297d8014be502a55b14f3b7550cf?s=96&d=mm&r=g\",\"caption\":\"Tar\u0131k\"},\"sameAs\":[\"http:\/\/narteks.net\"],\"url\":\"https:\/\/narteks.net\/index.php\/author\/narbak\/\"}]}<\/script>\n<!-- \/ Yoast SEO Premium plugin. -->","yoast_head_json":{"title":"KUV\u00c2Y\u0130 M\u0130LL\u0130YE - YED\u0130NC\u0130 BAP - narteks.net","robots":{"index":"index","follow":"follow","max-snippet":"max-snippet:-1","max-image-preview":"max-image-preview:large","max-video-preview":"max-video-preview:-1"},"canonical":"https:\/\/narteks.net\/index.php\/2011\/06\/07\/kuvayi-milliye-yedinci-bap\/","og_locale":"tr_TR","og_type":"article","og_title":"KUV\u00c2Y\u0130 M\u0130LL\u0130YE - YED\u0130NC\u0130 BAP","og_description":"922 A\u011eUSTOS AYI ve KADINLARIMIZ ve 6 A\u011eUSTOS EMR\u0130 ve B\u0130R \u00c2LETLE B\u0130R \u0130NSANIN H\u0130K\u00c2YES\u0130 Ay\u0131n alt\u0131nda ka\u011fn\u0131lar gidiyordu. Ka\u011fn\u0131lar gidiyordu Ak\u015fehir \u00fcst\u00fcnden Afyon&#8217;a do\u011fru. Toprak \u00f6yle bitip t\u00fckenmez, da\u011flar \u00f6yle uzakta, sanki gidenler hi\u00e7bir zaman hi\u00e7bir menzile eri\u015fmiyecekti. Ka\u011fn\u0131lar y\u00fcr\u00fcyordu yekpare me\u015feden tekerlekleriyle. Ve onlar ay\u0131n alt\u0131nda d\u00f6nen ilk tekerlekti. Ay\u0131n alt\u0131nda \u00f6k\u00fczler ba\u015fka [&hellip;]","og_url":"https:\/\/narteks.net\/index.php\/2011\/06\/07\/kuvayi-milliye-yedinci-bap\/","og_site_name":"narteks.net","article_published_time":"2011-06-07T08:45:50+00:00","og_image":[{"width":300,"height":90,"url":"https:\/\/narteks.net\/wp-content\/uploads\/narteks.png","type":"image\/png"}],"author":"Tar\u0131k","twitter_card":"summary_large_image","twitter_creator":"@narteks","twitter_site":"@narteks","twitter_misc":{"Yazan:":"Tar\u0131k","Tahmini okuma s\u00fcresi":"6 dakika"},"schema":{"@context":"https:\/\/schema.org","@graph":[{"@type":"Article","@id":"https:\/\/narteks.net\/index.php\/2011\/06\/07\/kuvayi-milliye-yedinci-bap\/#article","isPartOf":{"@id":"https:\/\/narteks.net\/index.php\/2011\/06\/07\/kuvayi-milliye-yedinci-bap\/"},"author":{"name":"Tar\u0131k","@id":"https:\/\/narteks.net\/#\/schema\/person\/61f37d9834294b72d31d274e7ed79bca"},"headline":"KUV\u00c2Y\u0130 M\u0130LL\u0130YE &#8211; YED\u0130NC\u0130 BAP","datePublished":"2011-06-07T08:45:50+00:00","mainEntityOfPage":{"@id":"https:\/\/narteks.net\/index.php\/2011\/06\/07\/kuvayi-milliye-yedinci-bap\/"},"wordCount":1138,"commentCount":0,"publisher":{"@id":"https:\/\/narteks.net\/#organization"},"articleSection":["Naz\u0131m H\u0130KMET RAN"],"inLanguage":"tr","potentialAction":[{"@type":"CommentAction","name":"Comment","target":["https:\/\/narteks.net\/index.php\/2011\/06\/07\/kuvayi-milliye-yedinci-bap\/#respond"]}]},{"@type":"WebPage","@id":"https:\/\/narteks.net\/index.php\/2011\/06\/07\/kuvayi-milliye-yedinci-bap\/","url":"https:\/\/narteks.net\/index.php\/2011\/06\/07\/kuvayi-milliye-yedinci-bap\/","name":"KUV\u00c2Y\u0130 M\u0130LL\u0130YE - YED\u0130NC\u0130 BAP - narteks.net","isPartOf":{"@id":"https:\/\/narteks.net\/#website"},"datePublished":"2011-06-07T08:45:50+00:00","breadcrumb":{"@id":"https:\/\/narteks.net\/index.php\/2011\/06\/07\/kuvayi-milliye-yedinci-bap\/#breadcrumb"},"inLanguage":"tr","potentialAction":[{"@type":"ReadAction","target":["https:\/\/narteks.net\/index.php\/2011\/06\/07\/kuvayi-milliye-yedinci-bap\/"]}]},{"@type":"BreadcrumbList","@id":"https:\/\/narteks.net\/index.php\/2011\/06\/07\/kuvayi-milliye-yedinci-bap\/#breadcrumb","itemListElement":[{"@type":"ListItem","position":1,"name":"Anasayfa","item":"https:\/\/narteks.net\/"},{"@type":"ListItem","position":2,"name":"KUV\u00c2Y\u0130 M\u0130LL\u0130YE &#8211; YED\u0130NC\u0130 BAP"}]},{"@type":"WebSite","@id":"https:\/\/narteks.net\/#website","url":"https:\/\/narteks.net\/","name":"narteks.net","description":"K\u00fclt\u00fcr Sanat Edebiyat Felsefe","publisher":{"@id":"https:\/\/narteks.net\/#organization"},"alternateName":"K\u00fclt\u00fcr Sanat Edebiyat Felsefe","potentialAction":[{"@type":"SearchAction","target":{"@type":"EntryPoint","urlTemplate":"https:\/\/narteks.net\/?s={search_term_string}"},"query-input":{"@type":"PropertyValueSpecification","valueRequired":true,"valueName":"search_term_string"}}],"inLanguage":"tr"},{"@type":"Organization","@id":"https:\/\/narteks.net\/#organization","name":"narteks.net","url":"https:\/\/narteks.net\/","logo":{"@type":"ImageObject","inLanguage":"tr","@id":"https:\/\/narteks.net\/#\/schema\/logo\/image\/","url":"https:\/\/narteks.net\/wp-content\/uploads\/narteks.png","contentUrl":"https:\/\/narteks.net\/wp-content\/uploads\/narteks.png","width":300,"height":90,"caption":"narteks.net"},"image":{"@id":"https:\/\/narteks.net\/#\/schema\/logo\/image\/"},"sameAs":["https:\/\/x.com\/narteks","https:\/\/instagram.com\/narteksnet"]},{"@type":"Person","@id":"https:\/\/narteks.net\/#\/schema\/person\/61f37d9834294b72d31d274e7ed79bca","name":"Tar\u0131k","image":{"@type":"ImageObject","inLanguage":"tr","@id":"https:\/\/narteks.net\/#\/schema\/person\/image\/","url":"https:\/\/secure.gravatar.com\/avatar\/50865afb55632c4ae467e0af0930f6510aa2297d8014be502a55b14f3b7550cf?s=96&d=mm&r=g","contentUrl":"https:\/\/secure.gravatar.com\/avatar\/50865afb55632c4ae467e0af0930f6510aa2297d8014be502a55b14f3b7550cf?s=96&d=mm&r=g","caption":"Tar\u0131k"},"sameAs":["http:\/\/narteks.net"],"url":"https:\/\/narteks.net\/index.php\/author\/narbak\/"}]}},"_links":{"self":[{"href":"https:\/\/narteks.net\/index.php\/wp-json\/wp\/v2\/posts\/6389","targetHints":{"allow":["GET"]}}],"collection":[{"href":"https:\/\/narteks.net\/index.php\/wp-json\/wp\/v2\/posts"}],"about":[{"href":"https:\/\/narteks.net\/index.php\/wp-json\/wp\/v2\/types\/post"}],"author":[{"embeddable":true,"href":"https:\/\/narteks.net\/index.php\/wp-json\/wp\/v2\/users\/1"}],"replies":[{"embeddable":true,"href":"https:\/\/narteks.net\/index.php\/wp-json\/wp\/v2\/comments?post=6389"}],"version-history":[{"count":0,"href":"https:\/\/narteks.net\/index.php\/wp-json\/wp\/v2\/posts\/6389\/revisions"}],"wp:attachment":[{"href":"https:\/\/narteks.net\/index.php\/wp-json\/wp\/v2\/media?parent=6389"}],"wp:term":[{"taxonomy":"category","embeddable":true,"href":"https:\/\/narteks.net\/index.php\/wp-json\/wp\/v2\/categories?post=6389"},{"taxonomy":"post_tag","embeddable":true,"href":"https:\/\/narteks.net\/index.php\/wp-json\/wp\/v2\/tags?post=6389"}],"curies":[{"name":"wp","href":"https:\/\/api.w.org\/{rel}","templated":true}]}}