{"id":639,"date":"2009-04-16T10:22:21","date_gmt":"2009-04-16T07:22:21","guid":{"rendered":"http:\/\/localhost\/wordpress\/2009\/04\/16\/bana-turkce-bir-ekmek-ver\/"},"modified":"2009-04-16T10:22:21","modified_gmt":"2009-04-16T07:22:21","slug":"bana-turkce-bir-ekmek-ver","status":"publish","type":"post","link":"https:\/\/narteks.net\/index.php\/2009\/04\/16\/bana-turkce-bir-ekmek-ver\/","title":{"rendered":"BANA T\u00dcRK\u00c7E B\u0130R EKMEK VER"},"content":{"rendered":"<p>\u00a0<\/p>\n<p style=\"text-align: justify;\">G\u00fclben Anastasias hep duygular\u0131na g\u00f6re hareket etti. \u00d6yle ya\u015fad\u0131. Duygular\u0131 daha sahiciydi, onlara inand\u0131. \u0130lk kocas\u0131ndan ayr\u0131l\u0131p Almanya&#8217;ya i\u015f\u00e7i olarak gitmeye karar verdi\u011finde aristokrat ailesi \u015fiddetle kar\u015f\u0131 \u00e7\u0131kt\u0131 kendisine. Ald\u0131rmad\u0131, gitti. Siemens fabrikas\u0131na girdi. Almancas\u0131n\u0131 geli\u015ftirdi. Onu b\u00fcro i\u015fine ald\u0131lar. Bir s\u00fcre sonra b\u00fcro i\u015fi onu bo\u011fdu. Bu s\u0131rada Victor (Anastasias) adl\u0131 G\u00fcney Amerikal\u0131 bir di\u015f\u00e7iyle tan\u0131\u015ft\u0131. Sevdi onu; ba\u011fland\u0131. Birlikte T\u00fcrkiye&#8217;ye geldiler. G\u00fczel Sanatlar&#8217;\u0131n Seramik B\u00f6l\u00fcm\u00fc&#8217;ne girdi.3. s\u0131n\u0131fa kadar okudu. Kocas\u0131yla Ege sahillerini dola\u015f\u0131rken Bodrum&#8217;da Yal\u0131kavak K\u00f6y\u00fcne geldiler. &#8216;\u0130\u015fte buras\u0131 sahici bir yer&#8217; dediler, manzaras\u0131na, do\u011fas\u0131na hayranl\u0131kla bakarak. Yal\u0131kavak&#8217;ta bir ev, iki de\u011firmen, biraz tarla al\u0131p burada ya\u015famaya ba\u015flad\u0131lar. Burada G\u00fclben&#8217;in Viktor ad\u0131nda bir \u00e7ocu\u011fu oldu. Sonra kocas\u0131 kendi d\u00fcnyas\u0131na, \u015eili&#8217;ye d\u00f6nd\u00fc. G\u00fclben, Yal\u0131kavak&#8217;ta duygular\u0131na g\u00f6re ya\u015famay\u0131 s\u00fcrd\u00fcrd\u00fc. Vejetaryendi, vegan oldu. Yani hayvan s\u00fct\u00fcn\u00fc, yumurtay\u0131, yo\u011furdu, tereya\u011f\u0131n\u0131, sentetik \u015fekeri, deri ayakkab\u0131lar\u0131 kendine yasak etti. K\u00f6yl\u00fclerden yufka ekme\u011fi yapmas\u0131n\u0131 \u00f6\u011frendi. Bu\u011fday\u0131n besleyici g\u00fcc\u00fcn\u00fc ke\u015ffetti. Bu\u011fdaydan \u00e7e\u015fitli yemekler yapmas\u0131n\u0131 \u00f6\u011frendi. Ve g\u00fcne\u015fin, ay\u0131n, b\u00f6rt\u00fc b\u00f6ce\u011fin, badem a\u011fac\u0131n\u0131n ritmiyle ya\u015famay\u0131 sevdi. Hep duygular\u0131yla. Ak\u015famlar\u0131 yapt\u0131\u011f\u0131 en sahici i\u015f, b\u00fct\u00fcn i\u015flerini bitirip g\u00fcnbat\u0131m\u0131n\u0131 seyretmek oldu. T\u0131pk\u0131 badem a\u011fa\u00e7lar\u0131 gibi hayal kurarak ya\u015famaya ba\u015flad\u0131&#8230; <br \/> Ancak Yal\u0131kavak&#8217;ta ka\u00e7t\u0131\u011f\u0131 \u015feyler pe\u015fini b\u0131rakmad\u0131: Para, yol, televizyon, teknoloji, beton binalar&#8230; Yal\u0131kavak &#8216;beyazlar&#8217; taraf\u0131ndan i\u015fgal edilmi\u015fti. O \u00e7ok sevdi\u011fi k\u00f6yl\u00fcler ocaklar\u0131n\u0131 s\u00f6nd\u00fcrm\u00fc\u015fler, Aygaz edinmi\u015fler, toprak tencerelerini at\u0131p, emayeler alm\u0131\u015flar; el \u00f6rg\u00fcs\u00fc hal\u0131lar\u0131n\u0131, dokuma hal\u0131larla de\u011fi\u015ftirmi\u015fler; dantel perdelerini \u00e7\u0131kar\u0131p sentetik perdeler takm\u0131\u015flard\u0131. Art\u0131k ak\u015famlar\u0131, g\u00fcnbat\u0131mlar\u0131n\u0131 de\u011fil, televizyonda &#8216;yalan r\u00fczg\u00e2rlar\u0131&#8217;n\u0131 seyrediyorlard\u0131! .. <\/p>\n<p> G\u00fclben, Yal\u0131kavak&#8217;taki d\u00fc\u015f\u00fcn\u00fc bitirip Fethiye&#8217;deki da\u011f k\u00f6y\u00fcne g\u00f6\u00e7 etti. Bir marangoz arkada\u015f\u0131na,3 metreye 5 metre baraka yuvas\u0131n\u0131 yapt\u0131rd\u0131. Ormana ve denize kendini konuk ettirdi. Seramik f\u0131r\u0131nlar\u0131 yapt\u0131 kendine burada. K\u00f6yl\u00fclerle, \u00e7evredeki hayvanlarla, a\u011fa\u00e7larla, b\u00f6rt\u00fc b\u00f6cekle tan\u0131\u015ft\u0131. G\u00f6ky\u00fcz\u00fcyle, her \u00e7e\u015fit kokuyla&#8230; <\/p>\n<p> Y\u0131llard\u0131r oldu\u011fu gibi burada da hep g\u00fcne\u015f do\u011fmadan uyand\u0131. Ku\u015fluk vakti, \u00e7i\u00e7eklerin uyan\u0131\u015f\u0131yla birlikte. Kahvalt\u0131 yapmadan d\u0131\u015far\u0131 \u00e7\u0131k\u0131yor, ormana, orman\u0131 derin duygularla ge\u00e7ip denize ula\u015f\u0131yor. Kayal\u0131klardan iyile\u015ftirici sulara b\u0131rak\u0131yor kendini. Yaz-k\u0131\u015f, hep g\u00fcne\u015f do\u011farken. Da\u011flar\u0131n doruklar\u0131nda kar varken y\u00fczmekten delice bir zevk al\u0131yor. Tekrar ormana d\u00f6nd\u00fc\u011f\u00fcnde bedenindeki o sa\u011fl\u0131kl\u0131 s\u0131caktan; i\u00e7indeki kan\u0131n delice ak\u0131\u015f\u0131ndan da. Sonra &#8216;selam, selam&#8217; ad\u0131n\u0131 verdi\u011fi meditasyon hareketleriyle do\u011fan g\u00fcne\u015fi kar\u015f\u0131l\u0131yor. Ve g\u00fcn ba\u015fl\u0131yor. G\u00fcn onun i\u00e7in bizlerde oldu\u011fu gibi anlams\u0131z b\u00f6l\u00fcmlere ayr\u0131lmam\u0131\u015f. G\u00fcn bir ak\u0131\u015f onun i\u00e7in. M\u00fckemmel bir b\u00fct\u00fcnl\u00fck&#8230; Yemek \u00f6\u011f\u00fcnlerine b\u00f6l\u00fcnm\u00fc\u015f bir tela\u015flar, ko\u015fu\u015fturmalar, kopu\u015flar hali de\u011fil. Bir \u0131rmak gibi erin\u00e7li bir \u015fey onun i\u00e7in&#8230; <\/p>\n<p> Peki, ne yer ne i\u00e7er bu kad\u0131n? Her \u015feyi, do\u011fadaki saf olan her \u015feyi. K\u00f6yl\u00fc kad\u0131nlarla yufka ekmek a\u00e7ar. Biraz zeytinle o yufka ekme\u011finin tad\u0131na doyulmaz. Sonra \u00e7ok sevdi\u011fi gomassio vard\u0131r yedi\u011fi. Susam ve deniz tuzu kar\u0131\u015f\u0131m\u0131 bir yemektir bu. Zeytinya\u011f\u0131ndan tampirin\u00e7 yapar. Meyvenin bir \u00e7e\u015fidi. Sebzeler. Bu\u011fdaydan yap\u0131lan onlarca ekmek. Bu\u011fday tatl\u0131s\u0131. \u015eekersiz a\u015fureler. Bulabilirse koko ad\u0131 verilen tah\u0131l s\u00fct\u00fc. Do\u011fa o kadar c\u00f6merttir ki&#8230; <\/p>\n<p> Peki, ona kentli bir soru soral\u0131m: Koca g\u00fcn nas\u0131l biter o da\u011f ba\u015f\u0131nda? Ba\u011f\u0131\u015flar bu soruyu, tebess\u00fcmle kar\u015f\u0131lar. \u0130\u015f o kadar \u00e7oktur ki da\u011f ba\u015f\u0131nda. Seramik f\u0131r\u0131n\u0131 yak\u0131l\u0131r. Seramikler, emaylar yap\u0131l\u0131r. Bu\u011fday \u00f6\u011f\u00fct\u00fcl\u00fcr. Ekmek a\u00e7\u0131l\u0131r. En uzak \u00e7e\u015fmeden su getirilir. \u00c7i\u00e7eklerin saks\u0131s\u0131 de\u011fi\u015ftirilir. K\u00f6yl\u00fc k\u0131zlara \u00e7eyiz yap\u0131l\u0131r. Onlara \u0130ngilizce \u00f6\u011fretilir. El i\u015fi yap\u0131l\u0131r. Otlar toplan\u0131r. De\u011fi\u015fik \u00e7aylar yap\u0131l\u0131r. Do\u011fal ya\u015fam ve beslenme \u00fczerine kitaplar yaz\u0131l\u0131r. <\/p>\n<p> \u0130\u015fte b\u00fcy\u00fcleyici bir sessizlik! \u00c7oban k\u0131z yayladan d\u00f6n\u00fcyor ke\u00e7ileriyle. Sesleri derinden derine yank\u0131lan\u0131yor. \u0130\u015fte \u00e7oban k\u0131z ke\u00e7ileriyle konu\u015fuyor, onlarla dertle\u015fiyor. &#8216;Bozi\u015f gel buraya, ne o K\u0131r\u0131kboynuz neyin var? &#8216; G\u00fclben i\u015fte bu sesleri duyunca b\u00fct\u00fcn i\u015fini g\u00fcc\u00fcn\u00fc b\u0131rak\u0131p dinlenmeye ba\u015fl\u0131yor. G\u00fcn\u00fcn sahici i\u015flerinden biri de bu. G\u00fcnbat\u0131m\u0131n\u0131 seyretmek de apayr\u0131 bir i\u015f onun i\u00e7in. Sonra cin fikirli k\u00f6y \u00e7ocuklar\u0131n\u0131 evine \u00e7a\u011f\u0131r\u0131p, beyaz k\u00e2\u011f\u0131tlara renkli kalemlerle \u015fekiller \u00e7izdiriyor. O \u015fekilleri al\u0131p bembeyaz perdelerine desenler yap\u0131yor. \u0130\u015fte size bir i\u015f daha! .. <\/p>\n<p> Sonra g\u00fcn tamamen bat\u0131yor. G\u00fcne\u015fle vedala\u015f\u0131yor. Uyku vakti gelmi\u015ftir. Hayvanlarla, a\u011fa\u00e7larla, b\u00f6rt\u00fc b\u00f6cekle birlikte. Do\u011fan\u0131n, uykusunun koynuna girip melekler gibi uyumaya ba\u015flar. G\u00fcne\u015f hi\u00e7 \u00fczerine do\u011fmayacakt\u0131r. <\/p>\n<p> Peki G\u00fclben neleri b\u0131rakm\u0131\u015ft\u0131r ya\u015fad\u0131\u011f\u0131 bu hafiflik, \u00f6zg\u00fcrl\u00fck ve saf sa\u011fl\u0131k duygusu i\u00e7in? Elektrik kullanm\u0131yor. G\u00fcne\u015f \u0131\u015f\u0131\u011f\u0131yla ayd\u0131nlan\u0131yor. Buzdolab\u0131, \u00e7ama\u015f\u0131r makinesi, televizyon, telefon, gazete, ilac\u0131n her t\u00fcrl\u00fcs\u00fcn\u00fc hayat\u0131ndan \u00e7\u0131karm\u0131\u015f. Yan\u0131nda para ve saat ta\u015f\u0131m\u0131yor. Ya\u015fad\u0131\u011f\u0131 yerde tek bir bakkal bile yok. Burada rekabet, h\u0131rs, nefret, kin, k\u0131skan\u00e7l\u0131k, didi\u015fme, ayak oyunlar\u0131, sevgisizlik yok. Bir badem a\u011fac\u0131 gibi ne\u015feli, g\u00fclery\u00fczl\u00fc, bereketli ya\u015fay\u0131p gitmek var. Yumu\u015fac\u0131k bir d\u00fc\u015f gibi&#8230; <\/p>\n<p> Peki &#8216;yaln\u0131zl\u0131k&#8217; diyorum. &#8216;Sen yine de bir badem a\u011fac\u0131 de\u011filsin. Kentlerin havas\u0131n\u0131 y\u0131llarca soludun. Bir\u00e7ok dostun var, ili\u015fkilerin.&#8217; &#8216;As\u0131l kentte \u00e7ok yaln\u0131z\u0131m&#8217; diyor. &#8216;Beni anlamayan, beni, ya\u015fant\u0131m\u0131 garip, tuhaf bulan insanlar aras\u0131nda inan \u00e7ok yaln\u0131z hissediyorum kendimi. Ben burada da\u011f k\u00f6y\u00fcmde, buradaki, bu kentteki dostlar\u0131m\u0131 d\u00fc\u015f\u00fcnerek daha dopdoluyum. Hem aradan \u00e7ok y\u0131llar ge\u00e7ti. Ben kenti, kentleri \u00e7oktan kapatt\u0131m. Tan\u0131d\u0131\u011f\u0131m insanlar da orada kald\u0131lar.&#8217; <\/p>\n<p> G\u00fclben o uzak, o \u0131ss\u0131z da\u011f k\u00f6y\u00fcnde kentteki gibi ka\u00e7\u0131n\u0131lmaz, zorunlu &#8216;dostluklar&#8217; ya\u015fam\u0131yor \u00fcstelik. D\u00fcnya k\u00fc\u00e7\u00fck. Onun da\u011f k\u00f6y\u00fcndeki pastoral ya\u015fant\u0131s\u0131n\u0131 duyan bir\u00e7ok insan gelip onu buluyor burada. Avusturya&#8217;dan, \u0130ngiltere&#8217;den, Latin Amerika&#8217;dan, \u0130stanbul&#8217;dan, Ankara&#8217;n\u0131n bir\u00e7ok yerinden bu kazan\u0131lm\u0131\u015f hayat\u0131 arzuyla merak edenleri k\u00fc\u00e7\u00fcc\u00fck barakas\u0131nda, k\u00f6yl\u00fc dostlar\u0131n\u0131n yard\u0131m\u0131yla konuk ediyor. Orman\u0131 gezdiriyor, hayvanlar\u0131yla, a\u011fa\u00e7lar\u0131yla tan\u0131\u015ft\u0131r\u0131yor. <\/p>\n<p> &#8216;Peki, t\u00fcm\u00fcyle hayat\u0131na bakt\u0131\u011f\u0131nda, bir eksiklik duygusu, ke\u015fke \u015funu da yapsayd\u0131m arzusu, i\u00e7inde uyanmaz m\u0131 senin? &#8216; diyorum. &#8216;Kentte, kentlerde \u00e7ok s\u0131k yakalar da bu duygular insanlar\u0131. Sen ne dersin? &#8216; &#8216;S\u00f6yledi\u011fin duygular\u0131n zerresi yok i\u00e7imde&#8217; diyor. &#8216;\u00d6ylesine dolu dolu ya\u015fad\u0131m ki, inan bazen, art\u0131k yeter, diyorum. Doydum, diyorum. \u00d6yle bir an gelirse, yani bu duygunun sahicili\u011fine tamamen inan\u0131rsam, hayat\u0131ma kendi ellerimle son vermek istiyorum. Bunu bir kez \u00e7ok yo\u011fun duydum. Bir keresinde &#8216;Heraklia diye bir yere gitmi\u015ftik. Geceydi. Yazd\u0131. Bir kaleye \u00e7\u0131kt\u0131k. A\u015fa\u011f\u0131da deniz muazzam g\u00f6r\u00fcn\u00fcyordu. G\u00f6ky\u00fcz\u00fcnde bir y\u0131ld\u0131z ya\u011fmuru vard\u0131. Do\u011fa sarho\u015f gibiydi sanki. Bir an kendimi \u00f6ylesine mutlu hissettim ki, i\u015fte o an hayat\u0131ma son vermeyi d\u00fc\u015f\u00fcnd\u00fcm. Kendimi denizin yumu\u015fac\u0131k kollar\u0131na b\u0131rakmay\u0131&#8230;&#8217; <\/p>\n<p> \u00d6yle g\u00fczel anlat\u0131yordu ki intihar d\u00fc\u015f\u00fcn\u00fc; sanki ben de o gece, onunla birlikte yumu\u015fac\u0131k denizin kollar\u0131na at\u0131lm\u0131\u015f gibi hissettim kendimi. Sonra o usulcac\u0131k bir s\u0131r verir gibi, mahcup: &#8216;Bu yaz sana gelsem, bir gece olsun beni konuk eder misin, bir g\u00fcn olsun senin gibi ya\u015famam\u0131 sa\u011flar m\u0131s\u0131n? &#8216; diye sordum. \u0130ri mavi g\u00f6zleri \u015fefkatle a\u00e7\u0131l\u0131yor, heyecanla: &#8216;Hemen gel, bu yaz, yoksa \u00e7ok ge\u00e7 kalabilirsin, bir dahaki yazlarda benim orman\u0131m, barakam yerinde olmayabilir, teknoloji o kadar h\u0131zl\u0131 geliyor ki, \u00e7evreciler \u00e7ok ge\u00e7 olmadan falan diyorlar ya, asl\u0131nda yan\u0131l\u0131yorlar. Asl\u0131nda \u00e7ok ge\u00e7 oldu. Benim cennet k\u00f6\u015fem teknolojiye teslim olmadan, bu yaz gel, gecikme&#8230;&#8217; <\/p>\n<p> G\u00fclben Anastasias, \u0130stanbul&#8217;a seramiklerini, emaylar\u0131n\u0131 satmaya ve dostlar\u0131n\u0131 g\u00f6rmeye gelmi\u015f. Arkada\u015f\u0131m\u0131n arkada\u015f\u0131. Kentte \u00e7ok kalamad\u0131, duygular\u0131na kap\u0131l\u0131p yine Fethiye&#8217;deki da\u011f k\u00f6y\u00fcne, tahta barakas\u0131na d\u00f6nd\u00fc. Daha sahici olan y\u00fcre\u011fine. Sevgilerine&#8230;<\/p>\n<p style=\"text-align: justify;\">Cezmi ERS\u00d6Z<\/p>\n","protected":false},"excerpt":{"rendered":"<p>\u00a0 G\u00fclben Anastasias hep duygular\u0131na g\u00f6re hareket etti. \u00d6yle ya\u015fad\u0131. Duygular\u0131 daha sahiciydi, onlara inand\u0131. \u0130lk kocas\u0131ndan ayr\u0131l\u0131p Almanya&#8217;ya i\u015f\u00e7i olarak gitmeye karar verdi\u011finde aristokrat ailesi \u015fiddetle kar\u015f\u0131 \u00e7\u0131kt\u0131 kendisine. Ald\u0131rmad\u0131, gitti. Siemens fabrikas\u0131na girdi. Almancas\u0131n\u0131 geli\u015ftirdi. Onu b\u00fcro i\u015fine ald\u0131lar. Bir s\u00fcre sonra b\u00fcro i\u015fi onu bo\u011fdu. Bu s\u0131rada Victor (Anastasias) adl\u0131 G\u00fcney Amerikal\u0131 [&hellip;]<\/p>\n","protected":false},"author":1,"featured_media":0,"comment_status":"open","ping_status":"open","sticky":false,"template":"","format":"standard","meta":{"footnotes":""},"categories":[18],"tags":[],"class_list":{"0":"post-639","1":"post","2":"type-post","3":"status-publish","4":"format-standard","6":"category-cezmi-ersoz"},"yoast_head":"<!-- This site is optimized with the Yoast SEO Premium plugin v24.9 (Yoast SEO v24.9) - https:\/\/yoast.com\/wordpress\/plugins\/seo\/ -->\n<title>BANA T\u00dcRK\u00c7E B\u0130R EKMEK VER - narteks.net<\/title>\n<meta name=\"robots\" content=\"index, follow, max-snippet:-1, max-image-preview:large, max-video-preview:-1\" \/>\n<link rel=\"canonical\" href=\"https:\/\/narteks.net\/index.php\/2009\/04\/16\/bana-turkce-bir-ekmek-ver\/\" \/>\n<meta property=\"og:locale\" content=\"tr_TR\" \/>\n<meta property=\"og:type\" content=\"article\" \/>\n<meta property=\"og:title\" content=\"BANA T\u00dcRK\u00c7E B\u0130R EKMEK VER\" \/>\n<meta property=\"og:description\" content=\"\u00a0 G\u00fclben Anastasias hep duygular\u0131na g\u00f6re hareket etti. \u00d6yle ya\u015fad\u0131. Duygular\u0131 daha sahiciydi, onlara inand\u0131. \u0130lk kocas\u0131ndan ayr\u0131l\u0131p Almanya&#8217;ya i\u015f\u00e7i olarak gitmeye karar verdi\u011finde aristokrat ailesi \u015fiddetle kar\u015f\u0131 \u00e7\u0131kt\u0131 kendisine. Ald\u0131rmad\u0131, gitti. Siemens fabrikas\u0131na girdi. Almancas\u0131n\u0131 geli\u015ftirdi. Onu b\u00fcro i\u015fine ald\u0131lar. Bir s\u00fcre sonra b\u00fcro i\u015fi onu bo\u011fdu. Bu s\u0131rada Victor (Anastasias) adl\u0131 G\u00fcney Amerikal\u0131 [&hellip;]\" \/>\n<meta property=\"og:url\" content=\"https:\/\/narteks.net\/index.php\/2009\/04\/16\/bana-turkce-bir-ekmek-ver\/\" \/>\n<meta property=\"og:site_name\" content=\"narteks.net\" \/>\n<meta property=\"article:published_time\" content=\"2009-04-16T07:22:21+00:00\" \/>\n<meta property=\"og:image\" content=\"https:\/\/narteks.net\/wp-content\/uploads\/narteks.png\" \/>\n\t<meta property=\"og:image:width\" content=\"300\" \/>\n\t<meta property=\"og:image:height\" content=\"90\" \/>\n\t<meta property=\"og:image:type\" content=\"image\/png\" \/>\n<meta name=\"author\" content=\"Tar\u0131k\" \/>\n<meta name=\"twitter:card\" content=\"summary_large_image\" \/>\n<meta name=\"twitter:creator\" content=\"@narteks\" \/>\n<meta name=\"twitter:site\" content=\"@narteks\" \/>\n<meta name=\"twitter:label1\" content=\"Yazan:\" \/>\n\t<meta name=\"twitter:data1\" content=\"Tar\u0131k\" \/>\n\t<meta name=\"twitter:label2\" content=\"Tahmini okuma s\u00fcresi\" \/>\n\t<meta name=\"twitter:data2\" content=\"8 dakika\" \/>\n<script type=\"application\/ld+json\" class=\"yoast-schema-graph\">{\"@context\":\"https:\/\/schema.org\",\"@graph\":[{\"@type\":\"Article\",\"@id\":\"https:\/\/narteks.net\/index.php\/2009\/04\/16\/bana-turkce-bir-ekmek-ver\/#article\",\"isPartOf\":{\"@id\":\"https:\/\/narteks.net\/index.php\/2009\/04\/16\/bana-turkce-bir-ekmek-ver\/\"},\"author\":{\"name\":\"Tar\u0131k\",\"@id\":\"https:\/\/narteks.net\/#\/schema\/person\/61f37d9834294b72d31d274e7ed79bca\"},\"headline\":\"BANA T\u00dcRK\u00c7E B\u0130R EKMEK VER\",\"datePublished\":\"2009-04-16T07:22:21+00:00\",\"mainEntityOfPage\":{\"@id\":\"https:\/\/narteks.net\/index.php\/2009\/04\/16\/bana-turkce-bir-ekmek-ver\/\"},\"wordCount\":1566,\"commentCount\":0,\"publisher\":{\"@id\":\"https:\/\/narteks.net\/#organization\"},\"articleSection\":[\"Cezmi ERS\u00d6Z\"],\"inLanguage\":\"tr\",\"potentialAction\":[{\"@type\":\"CommentAction\",\"name\":\"Comment\",\"target\":[\"https:\/\/narteks.net\/index.php\/2009\/04\/16\/bana-turkce-bir-ekmek-ver\/#respond\"]}]},{\"@type\":\"WebPage\",\"@id\":\"https:\/\/narteks.net\/index.php\/2009\/04\/16\/bana-turkce-bir-ekmek-ver\/\",\"url\":\"https:\/\/narteks.net\/index.php\/2009\/04\/16\/bana-turkce-bir-ekmek-ver\/\",\"name\":\"BANA T\u00dcRK\u00c7E B\u0130R EKMEK VER - narteks.net\",\"isPartOf\":{\"@id\":\"https:\/\/narteks.net\/#website\"},\"datePublished\":\"2009-04-16T07:22:21+00:00\",\"breadcrumb\":{\"@id\":\"https:\/\/narteks.net\/index.php\/2009\/04\/16\/bana-turkce-bir-ekmek-ver\/#breadcrumb\"},\"inLanguage\":\"tr\",\"potentialAction\":[{\"@type\":\"ReadAction\",\"target\":[\"https:\/\/narteks.net\/index.php\/2009\/04\/16\/bana-turkce-bir-ekmek-ver\/\"]}]},{\"@type\":\"BreadcrumbList\",\"@id\":\"https:\/\/narteks.net\/index.php\/2009\/04\/16\/bana-turkce-bir-ekmek-ver\/#breadcrumb\",\"itemListElement\":[{\"@type\":\"ListItem\",\"position\":1,\"name\":\"Anasayfa\",\"item\":\"https:\/\/narteks.net\/\"},{\"@type\":\"ListItem\",\"position\":2,\"name\":\"BANA T\u00dcRK\u00c7E B\u0130R EKMEK VER\"}]},{\"@type\":\"WebSite\",\"@id\":\"https:\/\/narteks.net\/#website\",\"url\":\"https:\/\/narteks.net\/\",\"name\":\"narteks.net\",\"description\":\"K\u00fclt\u00fcr Sanat Edebiyat Felsefe\",\"publisher\":{\"@id\":\"https:\/\/narteks.net\/#organization\"},\"alternateName\":\"K\u00fclt\u00fcr Sanat Edebiyat Felsefe\",\"potentialAction\":[{\"@type\":\"SearchAction\",\"target\":{\"@type\":\"EntryPoint\",\"urlTemplate\":\"https:\/\/narteks.net\/?s={search_term_string}\"},\"query-input\":{\"@type\":\"PropertyValueSpecification\",\"valueRequired\":true,\"valueName\":\"search_term_string\"}}],\"inLanguage\":\"tr\"},{\"@type\":\"Organization\",\"@id\":\"https:\/\/narteks.net\/#organization\",\"name\":\"narteks.net\",\"url\":\"https:\/\/narteks.net\/\",\"logo\":{\"@type\":\"ImageObject\",\"inLanguage\":\"tr\",\"@id\":\"https:\/\/narteks.net\/#\/schema\/logo\/image\/\",\"url\":\"https:\/\/narteks.net\/wp-content\/uploads\/narteks.png\",\"contentUrl\":\"https:\/\/narteks.net\/wp-content\/uploads\/narteks.png\",\"width\":300,\"height\":90,\"caption\":\"narteks.net\"},\"image\":{\"@id\":\"https:\/\/narteks.net\/#\/schema\/logo\/image\/\"},\"sameAs\":[\"https:\/\/x.com\/narteks\",\"https:\/\/instagram.com\/narteksnet\"]},{\"@type\":\"Person\",\"@id\":\"https:\/\/narteks.net\/#\/schema\/person\/61f37d9834294b72d31d274e7ed79bca\",\"name\":\"Tar\u0131k\",\"image\":{\"@type\":\"ImageObject\",\"inLanguage\":\"tr\",\"@id\":\"https:\/\/narteks.net\/#\/schema\/person\/image\/\",\"url\":\"https:\/\/secure.gravatar.com\/avatar\/50865afb55632c4ae467e0af0930f6510aa2297d8014be502a55b14f3b7550cf?s=96&d=mm&r=g\",\"contentUrl\":\"https:\/\/secure.gravatar.com\/avatar\/50865afb55632c4ae467e0af0930f6510aa2297d8014be502a55b14f3b7550cf?s=96&d=mm&r=g\",\"caption\":\"Tar\u0131k\"},\"sameAs\":[\"http:\/\/narteks.net\"],\"url\":\"https:\/\/narteks.net\/index.php\/author\/narbak\/\"}]}<\/script>\n<!-- \/ Yoast SEO Premium plugin. -->","yoast_head_json":{"title":"BANA T\u00dcRK\u00c7E B\u0130R EKMEK VER - narteks.net","robots":{"index":"index","follow":"follow","max-snippet":"max-snippet:-1","max-image-preview":"max-image-preview:large","max-video-preview":"max-video-preview:-1"},"canonical":"https:\/\/narteks.net\/index.php\/2009\/04\/16\/bana-turkce-bir-ekmek-ver\/","og_locale":"tr_TR","og_type":"article","og_title":"BANA T\u00dcRK\u00c7E B\u0130R EKMEK VER","og_description":"\u00a0 G\u00fclben Anastasias hep duygular\u0131na g\u00f6re hareket etti. \u00d6yle ya\u015fad\u0131. Duygular\u0131 daha sahiciydi, onlara inand\u0131. \u0130lk kocas\u0131ndan ayr\u0131l\u0131p Almanya&#8217;ya i\u015f\u00e7i olarak gitmeye karar verdi\u011finde aristokrat ailesi \u015fiddetle kar\u015f\u0131 \u00e7\u0131kt\u0131 kendisine. Ald\u0131rmad\u0131, gitti. Siemens fabrikas\u0131na girdi. Almancas\u0131n\u0131 geli\u015ftirdi. Onu b\u00fcro i\u015fine ald\u0131lar. Bir s\u00fcre sonra b\u00fcro i\u015fi onu bo\u011fdu. Bu s\u0131rada Victor (Anastasias) adl\u0131 G\u00fcney Amerikal\u0131 [&hellip;]","og_url":"https:\/\/narteks.net\/index.php\/2009\/04\/16\/bana-turkce-bir-ekmek-ver\/","og_site_name":"narteks.net","article_published_time":"2009-04-16T07:22:21+00:00","og_image":[{"width":300,"height":90,"url":"https:\/\/narteks.net\/wp-content\/uploads\/narteks.png","type":"image\/png"}],"author":"Tar\u0131k","twitter_card":"summary_large_image","twitter_creator":"@narteks","twitter_site":"@narteks","twitter_misc":{"Yazan:":"Tar\u0131k","Tahmini okuma s\u00fcresi":"8 dakika"},"schema":{"@context":"https:\/\/schema.org","@graph":[{"@type":"Article","@id":"https:\/\/narteks.net\/index.php\/2009\/04\/16\/bana-turkce-bir-ekmek-ver\/#article","isPartOf":{"@id":"https:\/\/narteks.net\/index.php\/2009\/04\/16\/bana-turkce-bir-ekmek-ver\/"},"author":{"name":"Tar\u0131k","@id":"https:\/\/narteks.net\/#\/schema\/person\/61f37d9834294b72d31d274e7ed79bca"},"headline":"BANA T\u00dcRK\u00c7E B\u0130R EKMEK VER","datePublished":"2009-04-16T07:22:21+00:00","mainEntityOfPage":{"@id":"https:\/\/narteks.net\/index.php\/2009\/04\/16\/bana-turkce-bir-ekmek-ver\/"},"wordCount":1566,"commentCount":0,"publisher":{"@id":"https:\/\/narteks.net\/#organization"},"articleSection":["Cezmi ERS\u00d6Z"],"inLanguage":"tr","potentialAction":[{"@type":"CommentAction","name":"Comment","target":["https:\/\/narteks.net\/index.php\/2009\/04\/16\/bana-turkce-bir-ekmek-ver\/#respond"]}]},{"@type":"WebPage","@id":"https:\/\/narteks.net\/index.php\/2009\/04\/16\/bana-turkce-bir-ekmek-ver\/","url":"https:\/\/narteks.net\/index.php\/2009\/04\/16\/bana-turkce-bir-ekmek-ver\/","name":"BANA T\u00dcRK\u00c7E B\u0130R EKMEK VER - narteks.net","isPartOf":{"@id":"https:\/\/narteks.net\/#website"},"datePublished":"2009-04-16T07:22:21+00:00","breadcrumb":{"@id":"https:\/\/narteks.net\/index.php\/2009\/04\/16\/bana-turkce-bir-ekmek-ver\/#breadcrumb"},"inLanguage":"tr","potentialAction":[{"@type":"ReadAction","target":["https:\/\/narteks.net\/index.php\/2009\/04\/16\/bana-turkce-bir-ekmek-ver\/"]}]},{"@type":"BreadcrumbList","@id":"https:\/\/narteks.net\/index.php\/2009\/04\/16\/bana-turkce-bir-ekmek-ver\/#breadcrumb","itemListElement":[{"@type":"ListItem","position":1,"name":"Anasayfa","item":"https:\/\/narteks.net\/"},{"@type":"ListItem","position":2,"name":"BANA T\u00dcRK\u00c7E B\u0130R EKMEK VER"}]},{"@type":"WebSite","@id":"https:\/\/narteks.net\/#website","url":"https:\/\/narteks.net\/","name":"narteks.net","description":"K\u00fclt\u00fcr Sanat Edebiyat Felsefe","publisher":{"@id":"https:\/\/narteks.net\/#organization"},"alternateName":"K\u00fclt\u00fcr Sanat Edebiyat Felsefe","potentialAction":[{"@type":"SearchAction","target":{"@type":"EntryPoint","urlTemplate":"https:\/\/narteks.net\/?s={search_term_string}"},"query-input":{"@type":"PropertyValueSpecification","valueRequired":true,"valueName":"search_term_string"}}],"inLanguage":"tr"},{"@type":"Organization","@id":"https:\/\/narteks.net\/#organization","name":"narteks.net","url":"https:\/\/narteks.net\/","logo":{"@type":"ImageObject","inLanguage":"tr","@id":"https:\/\/narteks.net\/#\/schema\/logo\/image\/","url":"https:\/\/narteks.net\/wp-content\/uploads\/narteks.png","contentUrl":"https:\/\/narteks.net\/wp-content\/uploads\/narteks.png","width":300,"height":90,"caption":"narteks.net"},"image":{"@id":"https:\/\/narteks.net\/#\/schema\/logo\/image\/"},"sameAs":["https:\/\/x.com\/narteks","https:\/\/instagram.com\/narteksnet"]},{"@type":"Person","@id":"https:\/\/narteks.net\/#\/schema\/person\/61f37d9834294b72d31d274e7ed79bca","name":"Tar\u0131k","image":{"@type":"ImageObject","inLanguage":"tr","@id":"https:\/\/narteks.net\/#\/schema\/person\/image\/","url":"https:\/\/secure.gravatar.com\/avatar\/50865afb55632c4ae467e0af0930f6510aa2297d8014be502a55b14f3b7550cf?s=96&d=mm&r=g","contentUrl":"https:\/\/secure.gravatar.com\/avatar\/50865afb55632c4ae467e0af0930f6510aa2297d8014be502a55b14f3b7550cf?s=96&d=mm&r=g","caption":"Tar\u0131k"},"sameAs":["http:\/\/narteks.net"],"url":"https:\/\/narteks.net\/index.php\/author\/narbak\/"}]}},"_links":{"self":[{"href":"https:\/\/narteks.net\/index.php\/wp-json\/wp\/v2\/posts\/639","targetHints":{"allow":["GET"]}}],"collection":[{"href":"https:\/\/narteks.net\/index.php\/wp-json\/wp\/v2\/posts"}],"about":[{"href":"https:\/\/narteks.net\/index.php\/wp-json\/wp\/v2\/types\/post"}],"author":[{"embeddable":true,"href":"https:\/\/narteks.net\/index.php\/wp-json\/wp\/v2\/users\/1"}],"replies":[{"embeddable":true,"href":"https:\/\/narteks.net\/index.php\/wp-json\/wp\/v2\/comments?post=639"}],"version-history":[{"count":0,"href":"https:\/\/narteks.net\/index.php\/wp-json\/wp\/v2\/posts\/639\/revisions"}],"wp:attachment":[{"href":"https:\/\/narteks.net\/index.php\/wp-json\/wp\/v2\/media?parent=639"}],"wp:term":[{"taxonomy":"category","embeddable":true,"href":"https:\/\/narteks.net\/index.php\/wp-json\/wp\/v2\/categories?post=639"},{"taxonomy":"post_tag","embeddable":true,"href":"https:\/\/narteks.net\/index.php\/wp-json\/wp\/v2\/tags?post=639"}],"curies":[{"name":"wp","href":"https:\/\/api.w.org\/{rel}","templated":true}]}}