{"id":6398,"date":"2011-06-07T11:55:48","date_gmt":"2011-06-07T08:55:48","guid":{"rendered":"http:\/\/localhost\/wordpress\/2011\/06\/07\/nerden-gelip-nereye-gidiyoruz\/"},"modified":"2011-06-07T11:55:48","modified_gmt":"2011-06-07T08:55:48","slug":"nerden-gelip-nereye-gidiyoruz","status":"publish","type":"post","link":"https:\/\/narteks.net\/index.php\/2011\/06\/07\/nerden-gelip-nereye-gidiyoruz\/","title":{"rendered":"NERDEN GEL\u0130P NEREYE G\u0130D\u0130YORUZ?"},"content":{"rendered":"<p><em>Ba\u015flang\u0131\u00e7<\/em><\/p>\n<p>Do\u011frultup belimizi kalkt\u0131\u011f\u0131m\u0131zdan beri iki ayak \u00fcst\u00fcne, <br \/> kolumuzu uzunla\u015ft\u0131rd\u0131\u011f\u0131m\u0131zdan beri bir lobut boyu <br \/> ve ta\u015f\u0131 yonttu\u011fumuzdan beri <br \/> y\u0131kan da, yaratan da biziz, <br \/> y\u0131kan da yaratan da biziz bu g\u00fczelim, bu ya\u015fanas\u0131 d\u00fcnyada.<\/p>\n<p>Arkam\u0131zda kalan yollarda ayak izlerimiz kanl\u0131, <br \/> arkam\u0131zda kalan yollarda ulu uyumlar\u0131 akl\u0131m\u0131z\u0131n, ellerimizin, y\u00fcre\u011fimizin, <br \/> toprakta, ta\u015fta, tun\u00e7ta, tuvalde, \u00e7elikte ve p\u0131lastikte.<\/p>\n<p>Kanl\u0131 ayak izlerimiz mi \u00f6n\u00fcm\u00fczdeki yollarda duran? <br \/> Bir cehennem \u00e7\u0131kmaz\u0131nda m\u0131 sona erecek \u00f6n\u00fcm\u00fczdeki yollar?<\/p>\n<p>1<\/p>\n<p>\u00c7ocuklar\u0131n avu\u00e7lar\u0131nda g\u00fcnlerimiz s\u0131ra bekler, <br \/> g\u00fcnlerimiz tohumlard\u0131r avu\u00e7lar\u0131nda \u00e7ocuklar\u0131n, <br \/> \u00e7ocuklar\u0131n avu\u00e7lar\u0131nda ye\u015ferecekler.<\/p>\n<p>\u00c7ocuklar \u00f6lebilir yar\u0131n, <br \/> hem de ne s\u0131tmadan, ne ku\u015fpalaz\u0131ndan, <br \/> d\u00fc\u015ferek de de\u011fil kuyulara fil\u00e2n; <br \/> \u00e7ocuklar \u00f6lebilir yar\u0131n, <br \/> \u00e7ocuklar sakall\u0131 askerler gibi \u00f6lebilir yar\u0131n, <br \/> \u00e7ocuklar \u00f6lebilir yar\u0131n atom bulutlar\u0131n\u0131n \u0131\u015f\u0131\u011f\u0131nda <br \/> arkalar\u0131nda bir avu\u00e7 k\u00fcl bile de\u011fil, <br \/> arkalar\u0131nda g\u00f6lgelerinden ba\u015fka bir \u015fey b\u0131rakmadan. <br \/> Negatif resimcikler bo\u015flu\u011fun karanl\u0131\u011f\u0131nda. <br \/> K\u0131rematoryum, k\u0131rematoryum, k\u0131rematoryum. <br \/> Bir deniz g\u00f6r\u00fcyorum <br \/> \u00f6l\u00fc bal\u0131klarla \u00f6rt\u00fcl\u00fc bir deniz. <br \/> Negatif resimcikler bo\u015flu\u011fun karanl\u0131\u011f\u0131nda, <br \/> ya\u015fanmam\u0131\u015f g\u00fcnlerimiz <br \/> \u00e7ocuklar\u0131n avu\u00e7lar\u0131yla birlikte yok olan.<\/p>\n<p>2<\/p>\n<p>Bir \u015fehir vard\u0131. <br \/> Yeller eser yerinde. <br \/> Be\u015f \u015fehir vard\u0131. <br \/> Yeller eser yerinde. <br \/> Y\u00fcz \u015fehir vard\u0131. <br \/> Yeller eser yerinde. <br \/> Yok olan \u015fehirlere \u015fiirler yaz\u0131lmayacak, <br \/> \u015fair kalmayacak ki.<\/p>\n<p>Pencerende bir sokak bulvarl\u0131. <br \/> Odan s\u0131cak. <br \/> Ak yast\u0131kta \u00fcz\u00fcm karas\u0131 sa\u00e7lar. <br \/> Adamlar paltolu, a\u011fa\u00e7lar karl\u0131. <br \/> Penceren kalmayacak, <br \/> ne bulvarl\u0131 sokak, <br \/> ne ak yast\u0131kta \u00fcz\u00fcm karas\u0131 sa\u00e7lar, <br \/> ne paltolu adamlar, ne karl\u0131 a\u011fa\u00e7lar. <br \/> \u00d6l\u00fclere a\u011flanmayacak, <br \/> \u00f6l\u00fclere a\u011flayacak g\u00f6zler kalmayacak ki. <br \/> Eller kalmayacak. <br \/> Negatif resimcikler dallar\u0131n alt\u0131ndaki <br \/> yok olmu\u015f olan dallar\u0131n alt\u0131ndaki. <br \/> Yok olmu\u015f olan dallar\u0131n \u00fcst\u00fcnden <br \/> o bulutlard\u0131r ge\u00e7en. <br \/> G\u00fcneye g\u00f6t\u00fcrmeyin beni, <br \/> \u00f6lmek istemiyorum&#8230; <br \/> \u00d6lmek istemiyorum, <br \/> Kuzeye g\u00f6t\u00fcrmeyin beni&#8230; <br \/> Bat\u0131ya g\u00f6t\u00fcrmeyin beni, <br \/> \u00f6lmek istemiyorum&#8230; <br \/> \u00d6lmek istemiyorum, <br \/> Do\u011fuya g\u00f6t\u00fcrmeyin beni&#8230; <br \/> B\u0131rakmay\u0131n beni burda, <br \/> g\u00f6t\u00fcr\u00fcn bir yerlere. <br \/> \u00d6lmek istemiyorum, <br \/> \u00f6lmek istemiyorum. <br \/> O bulutlard\u0131r ge\u00e7en <br \/> yok olmu\u015f olan dallar\u0131n \u00fcst\u00fcnden.<\/p>\n<p>3<\/p>\n<p>Tahta, beton, teneke, toprak, saman damlar\u0131m\u0131zla iki milyardan art\u0131\u011f\u0131z, <br \/> kad\u0131n, erkek, \u00e7oluk \u00e7ocuk. <br \/> Ekmek hepimize yetmiyor, <br \/> kitap da yetmiyor, <br \/> ama keder <br \/> diledi\u011fin kadar, <br \/> yorgunluk da g\u00f6z alabildi\u011fine. <br \/> H\u00fcrriyet hepimize yetmiyor. <br \/> H\u00fcrriyet hepimize yetebilir <br \/> ve sevda kederi, <br \/> hastal\u0131k kederi, <br \/> ayr\u0131l\u0131k kederi, <br \/> kocalmak kederinden <br \/> gayr\u0131s\u0131 a\u015fmayabilir e\u015fi\u011fimizi. <br \/> Kitap hepimize yetebilir. <br \/> Ormanlar\u0131nki kadar uzun olabilir \u00f6mr\u00fcm\u00fcz. <br \/> Yeter ki b\u0131rakmayal\u0131m, ya\u015fanmam\u0131\u015f g\u00fcnlerimiz yok olmas\u0131n \u00e7ocuklar\u0131n <br \/> avu\u00e7lar\u0131yla birlikte, <br \/> bo\u015flu\u011fun karanl\u0131\u011f\u0131na \u00e7\u0131kmas\u0131n negatif resimcikler, <br \/> yeter ki ekmek ve h\u00fcrriyet yolunda d\u00f6v\u00fc\u015febilmek i\u00e7in ya\u015fayabilelim.<\/p>\n<p><em>\u00c7a\u011f\u0131r\u0131<\/em><\/p>\n<p>Tanr\u0131 ellerimizdir, <br \/> Tanr\u0131 y\u00fcre\u011fimiz, akl\u0131m\u0131z, <br \/> her yerde var olan Tanr\u0131, <br \/> toprakta, ta\u015fta, tun\u00e7ta, tuvalde, \u00e7elikte ve p\u0131lastikte <br \/> ve bestecisi say\u0131larda ve sat\u0131rlarda ulu uyumlar\u0131n.<\/p>\n<p>\u0130nsanlar sizi \u00e7a\u011f\u0131r\u0131yorum : <br \/> kitaplar, a\u011fa\u00e7lar ve bal\u0131klar i\u00e7in, <br \/> bu\u011fday tanesi, pirin\u00e7 tanesi ve g\u00fcne\u015fli sokaklar i\u00e7in, <br \/> \u00fcz\u00fcm karas\u0131, saman sar\u0131s\u0131 sa\u00e7lar ve \u00e7ocuklar i\u00e7in.<\/p>\n<p>\u00c7ocuklar\u0131n avu\u00e7lar\u0131nda g\u00fcnlerimiz s\u0131ra bekler, <br \/> g\u00fcnlerimiz tohumlard\u0131r avu\u00e7lar\u0131nda \u00e7ocuklar\u0131n, <br \/> \u00e7ocuklar\u0131n avu\u00e7lar\u0131nda ye\u015ferecekler.<\/p>\n<p>22.11.962<\/p>\n<p>Naz\u0131m Hikmet RAN<\/p>\n","protected":false},"excerpt":{"rendered":"<p>Ba\u015flang\u0131\u00e7 Do\u011frultup belimizi kalkt\u0131\u011f\u0131m\u0131zdan beri iki ayak \u00fcst\u00fcne, kolumuzu uzunla\u015ft\u0131rd\u0131\u011f\u0131m\u0131zdan beri bir lobut boyu ve ta\u015f\u0131 yonttu\u011fumuzdan beri y\u0131kan da, yaratan da biziz, y\u0131kan da yaratan da biziz bu g\u00fczelim, bu ya\u015fanas\u0131 d\u00fcnyada. Arkam\u0131zda kalan yollarda ayak izlerimiz kanl\u0131, arkam\u0131zda kalan yollarda ulu uyumlar\u0131 akl\u0131m\u0131z\u0131n, ellerimizin, y\u00fcre\u011fimizin, toprakta, ta\u015fta, tun\u00e7ta, tuvalde, \u00e7elikte ve p\u0131lastikte. Kanl\u0131 [&hellip;]<\/p>\n","protected":false},"author":1,"featured_media":0,"comment_status":"open","ping_status":"open","sticky":false,"template":"","format":"standard","meta":{"footnotes":""},"categories":[59],"tags":[],"class_list":{"0":"post-6398","1":"post","2":"type-post","3":"status-publish","4":"format-standard","6":"category-nazim-hikmet-ran"},"yoast_head":"<!-- This site is optimized with the Yoast SEO Premium plugin v24.9 (Yoast SEO v24.9) - https:\/\/yoast.com\/wordpress\/plugins\/seo\/ -->\n<title>NERDEN GEL\u0130P NEREYE G\u0130D\u0130YORUZ? - narteks.net<\/title>\n<meta name=\"robots\" content=\"index, follow, max-snippet:-1, max-image-preview:large, max-video-preview:-1\" \/>\n<link rel=\"canonical\" href=\"https:\/\/narteks.net\/index.php\/2011\/06\/07\/nerden-gelip-nereye-gidiyoruz\/\" \/>\n<meta property=\"og:locale\" content=\"tr_TR\" \/>\n<meta property=\"og:type\" content=\"article\" \/>\n<meta property=\"og:title\" content=\"NERDEN GEL\u0130P NEREYE G\u0130D\u0130YORUZ?\" \/>\n<meta property=\"og:description\" content=\"Ba\u015flang\u0131\u00e7 Do\u011frultup belimizi kalkt\u0131\u011f\u0131m\u0131zdan beri iki ayak \u00fcst\u00fcne, kolumuzu uzunla\u015ft\u0131rd\u0131\u011f\u0131m\u0131zdan beri bir lobut boyu ve ta\u015f\u0131 yonttu\u011fumuzdan beri y\u0131kan da, yaratan da biziz, y\u0131kan da yaratan da biziz bu g\u00fczelim, bu ya\u015fanas\u0131 d\u00fcnyada. Arkam\u0131zda kalan yollarda ayak izlerimiz kanl\u0131, arkam\u0131zda kalan yollarda ulu uyumlar\u0131 akl\u0131m\u0131z\u0131n, ellerimizin, y\u00fcre\u011fimizin, toprakta, ta\u015fta, tun\u00e7ta, tuvalde, \u00e7elikte ve p\u0131lastikte. Kanl\u0131 [&hellip;]\" \/>\n<meta property=\"og:url\" content=\"https:\/\/narteks.net\/index.php\/2011\/06\/07\/nerden-gelip-nereye-gidiyoruz\/\" \/>\n<meta property=\"og:site_name\" content=\"narteks.net\" \/>\n<meta property=\"article:published_time\" content=\"2011-06-07T08:55:48+00:00\" \/>\n<meta property=\"og:image\" content=\"https:\/\/narteks.net\/wp-content\/uploads\/narteks.png\" \/>\n\t<meta property=\"og:image:width\" content=\"300\" \/>\n\t<meta property=\"og:image:height\" content=\"90\" \/>\n\t<meta property=\"og:image:type\" content=\"image\/png\" \/>\n<meta name=\"author\" content=\"Tar\u0131k\" \/>\n<meta name=\"twitter:card\" content=\"summary_large_image\" \/>\n<meta name=\"twitter:creator\" content=\"@narteks\" \/>\n<meta name=\"twitter:site\" content=\"@narteks\" \/>\n<meta name=\"twitter:label1\" content=\"Yazan:\" \/>\n\t<meta name=\"twitter:data1\" content=\"Tar\u0131k\" \/>\n\t<meta name=\"twitter:label2\" content=\"Tahmini okuma s\u00fcresi\" \/>\n\t<meta name=\"twitter:data2\" content=\"3 dakika\" \/>\n<script type=\"application\/ld+json\" class=\"yoast-schema-graph\">{\"@context\":\"https:\/\/schema.org\",\"@graph\":[{\"@type\":\"Article\",\"@id\":\"https:\/\/narteks.net\/index.php\/2011\/06\/07\/nerden-gelip-nereye-gidiyoruz\/#article\",\"isPartOf\":{\"@id\":\"https:\/\/narteks.net\/index.php\/2011\/06\/07\/nerden-gelip-nereye-gidiyoruz\/\"},\"author\":{\"name\":\"Tar\u0131k\",\"@id\":\"https:\/\/narteks.net\/#\/schema\/person\/61f37d9834294b72d31d274e7ed79bca\"},\"headline\":\"NERDEN GEL\u0130P NEREYE G\u0130D\u0130YORUZ?\",\"datePublished\":\"2011-06-07T08:55:48+00:00\",\"mainEntityOfPage\":{\"@id\":\"https:\/\/narteks.net\/index.php\/2011\/06\/07\/nerden-gelip-nereye-gidiyoruz\/\"},\"wordCount\":621,\"commentCount\":0,\"publisher\":{\"@id\":\"https:\/\/narteks.net\/#organization\"},\"articleSection\":[\"Naz\u0131m H\u0130KMET RAN\"],\"inLanguage\":\"tr\",\"potentialAction\":[{\"@type\":\"CommentAction\",\"name\":\"Comment\",\"target\":[\"https:\/\/narteks.net\/index.php\/2011\/06\/07\/nerden-gelip-nereye-gidiyoruz\/#respond\"]}]},{\"@type\":\"WebPage\",\"@id\":\"https:\/\/narteks.net\/index.php\/2011\/06\/07\/nerden-gelip-nereye-gidiyoruz\/\",\"url\":\"https:\/\/narteks.net\/index.php\/2011\/06\/07\/nerden-gelip-nereye-gidiyoruz\/\",\"name\":\"NERDEN GEL\u0130P NEREYE G\u0130D\u0130YORUZ? - narteks.net\",\"isPartOf\":{\"@id\":\"https:\/\/narteks.net\/#website\"},\"datePublished\":\"2011-06-07T08:55:48+00:00\",\"breadcrumb\":{\"@id\":\"https:\/\/narteks.net\/index.php\/2011\/06\/07\/nerden-gelip-nereye-gidiyoruz\/#breadcrumb\"},\"inLanguage\":\"tr\",\"potentialAction\":[{\"@type\":\"ReadAction\",\"target\":[\"https:\/\/narteks.net\/index.php\/2011\/06\/07\/nerden-gelip-nereye-gidiyoruz\/\"]}]},{\"@type\":\"BreadcrumbList\",\"@id\":\"https:\/\/narteks.net\/index.php\/2011\/06\/07\/nerden-gelip-nereye-gidiyoruz\/#breadcrumb\",\"itemListElement\":[{\"@type\":\"ListItem\",\"position\":1,\"name\":\"Anasayfa\",\"item\":\"https:\/\/narteks.net\/\"},{\"@type\":\"ListItem\",\"position\":2,\"name\":\"NERDEN GEL\u0130P NEREYE G\u0130D\u0130YORUZ?\"}]},{\"@type\":\"WebSite\",\"@id\":\"https:\/\/narteks.net\/#website\",\"url\":\"https:\/\/narteks.net\/\",\"name\":\"narteks.net\",\"description\":\"K\u00fclt\u00fcr Sanat Edebiyat Felsefe\",\"publisher\":{\"@id\":\"https:\/\/narteks.net\/#organization\"},\"alternateName\":\"K\u00fclt\u00fcr Sanat Edebiyat Felsefe\",\"potentialAction\":[{\"@type\":\"SearchAction\",\"target\":{\"@type\":\"EntryPoint\",\"urlTemplate\":\"https:\/\/narteks.net\/?s={search_term_string}\"},\"query-input\":{\"@type\":\"PropertyValueSpecification\",\"valueRequired\":true,\"valueName\":\"search_term_string\"}}],\"inLanguage\":\"tr\"},{\"@type\":\"Organization\",\"@id\":\"https:\/\/narteks.net\/#organization\",\"name\":\"narteks.net\",\"url\":\"https:\/\/narteks.net\/\",\"logo\":{\"@type\":\"ImageObject\",\"inLanguage\":\"tr\",\"@id\":\"https:\/\/narteks.net\/#\/schema\/logo\/image\/\",\"url\":\"https:\/\/narteks.net\/wp-content\/uploads\/narteks.png\",\"contentUrl\":\"https:\/\/narteks.net\/wp-content\/uploads\/narteks.png\",\"width\":300,\"height\":90,\"caption\":\"narteks.net\"},\"image\":{\"@id\":\"https:\/\/narteks.net\/#\/schema\/logo\/image\/\"},\"sameAs\":[\"https:\/\/x.com\/narteks\",\"https:\/\/instagram.com\/narteksnet\"]},{\"@type\":\"Person\",\"@id\":\"https:\/\/narteks.net\/#\/schema\/person\/61f37d9834294b72d31d274e7ed79bca\",\"name\":\"Tar\u0131k\",\"image\":{\"@type\":\"ImageObject\",\"inLanguage\":\"tr\",\"@id\":\"https:\/\/narteks.net\/#\/schema\/person\/image\/\",\"url\":\"https:\/\/secure.gravatar.com\/avatar\/50865afb55632c4ae467e0af0930f6510aa2297d8014be502a55b14f3b7550cf?s=96&d=mm&r=g\",\"contentUrl\":\"https:\/\/secure.gravatar.com\/avatar\/50865afb55632c4ae467e0af0930f6510aa2297d8014be502a55b14f3b7550cf?s=96&d=mm&r=g\",\"caption\":\"Tar\u0131k\"},\"sameAs\":[\"http:\/\/narteks.net\"],\"url\":\"https:\/\/narteks.net\/index.php\/author\/narbak\/\"}]}<\/script>\n<!-- \/ Yoast SEO Premium plugin. -->","yoast_head_json":{"title":"NERDEN GEL\u0130P NEREYE G\u0130D\u0130YORUZ? - narteks.net","robots":{"index":"index","follow":"follow","max-snippet":"max-snippet:-1","max-image-preview":"max-image-preview:large","max-video-preview":"max-video-preview:-1"},"canonical":"https:\/\/narteks.net\/index.php\/2011\/06\/07\/nerden-gelip-nereye-gidiyoruz\/","og_locale":"tr_TR","og_type":"article","og_title":"NERDEN GEL\u0130P NEREYE G\u0130D\u0130YORUZ?","og_description":"Ba\u015flang\u0131\u00e7 Do\u011frultup belimizi kalkt\u0131\u011f\u0131m\u0131zdan beri iki ayak \u00fcst\u00fcne, kolumuzu uzunla\u015ft\u0131rd\u0131\u011f\u0131m\u0131zdan beri bir lobut boyu ve ta\u015f\u0131 yonttu\u011fumuzdan beri y\u0131kan da, yaratan da biziz, y\u0131kan da yaratan da biziz bu g\u00fczelim, bu ya\u015fanas\u0131 d\u00fcnyada. Arkam\u0131zda kalan yollarda ayak izlerimiz kanl\u0131, arkam\u0131zda kalan yollarda ulu uyumlar\u0131 akl\u0131m\u0131z\u0131n, ellerimizin, y\u00fcre\u011fimizin, toprakta, ta\u015fta, tun\u00e7ta, tuvalde, \u00e7elikte ve p\u0131lastikte. Kanl\u0131 [&hellip;]","og_url":"https:\/\/narteks.net\/index.php\/2011\/06\/07\/nerden-gelip-nereye-gidiyoruz\/","og_site_name":"narteks.net","article_published_time":"2011-06-07T08:55:48+00:00","og_image":[{"width":300,"height":90,"url":"https:\/\/narteks.net\/wp-content\/uploads\/narteks.png","type":"image\/png"}],"author":"Tar\u0131k","twitter_card":"summary_large_image","twitter_creator":"@narteks","twitter_site":"@narteks","twitter_misc":{"Yazan:":"Tar\u0131k","Tahmini okuma s\u00fcresi":"3 dakika"},"schema":{"@context":"https:\/\/schema.org","@graph":[{"@type":"Article","@id":"https:\/\/narteks.net\/index.php\/2011\/06\/07\/nerden-gelip-nereye-gidiyoruz\/#article","isPartOf":{"@id":"https:\/\/narteks.net\/index.php\/2011\/06\/07\/nerden-gelip-nereye-gidiyoruz\/"},"author":{"name":"Tar\u0131k","@id":"https:\/\/narteks.net\/#\/schema\/person\/61f37d9834294b72d31d274e7ed79bca"},"headline":"NERDEN GEL\u0130P NEREYE G\u0130D\u0130YORUZ?","datePublished":"2011-06-07T08:55:48+00:00","mainEntityOfPage":{"@id":"https:\/\/narteks.net\/index.php\/2011\/06\/07\/nerden-gelip-nereye-gidiyoruz\/"},"wordCount":621,"commentCount":0,"publisher":{"@id":"https:\/\/narteks.net\/#organization"},"articleSection":["Naz\u0131m H\u0130KMET RAN"],"inLanguage":"tr","potentialAction":[{"@type":"CommentAction","name":"Comment","target":["https:\/\/narteks.net\/index.php\/2011\/06\/07\/nerden-gelip-nereye-gidiyoruz\/#respond"]}]},{"@type":"WebPage","@id":"https:\/\/narteks.net\/index.php\/2011\/06\/07\/nerden-gelip-nereye-gidiyoruz\/","url":"https:\/\/narteks.net\/index.php\/2011\/06\/07\/nerden-gelip-nereye-gidiyoruz\/","name":"NERDEN GEL\u0130P NEREYE G\u0130D\u0130YORUZ? - narteks.net","isPartOf":{"@id":"https:\/\/narteks.net\/#website"},"datePublished":"2011-06-07T08:55:48+00:00","breadcrumb":{"@id":"https:\/\/narteks.net\/index.php\/2011\/06\/07\/nerden-gelip-nereye-gidiyoruz\/#breadcrumb"},"inLanguage":"tr","potentialAction":[{"@type":"ReadAction","target":["https:\/\/narteks.net\/index.php\/2011\/06\/07\/nerden-gelip-nereye-gidiyoruz\/"]}]},{"@type":"BreadcrumbList","@id":"https:\/\/narteks.net\/index.php\/2011\/06\/07\/nerden-gelip-nereye-gidiyoruz\/#breadcrumb","itemListElement":[{"@type":"ListItem","position":1,"name":"Anasayfa","item":"https:\/\/narteks.net\/"},{"@type":"ListItem","position":2,"name":"NERDEN GEL\u0130P NEREYE G\u0130D\u0130YORUZ?"}]},{"@type":"WebSite","@id":"https:\/\/narteks.net\/#website","url":"https:\/\/narteks.net\/","name":"narteks.net","description":"K\u00fclt\u00fcr Sanat Edebiyat Felsefe","publisher":{"@id":"https:\/\/narteks.net\/#organization"},"alternateName":"K\u00fclt\u00fcr Sanat Edebiyat Felsefe","potentialAction":[{"@type":"SearchAction","target":{"@type":"EntryPoint","urlTemplate":"https:\/\/narteks.net\/?s={search_term_string}"},"query-input":{"@type":"PropertyValueSpecification","valueRequired":true,"valueName":"search_term_string"}}],"inLanguage":"tr"},{"@type":"Organization","@id":"https:\/\/narteks.net\/#organization","name":"narteks.net","url":"https:\/\/narteks.net\/","logo":{"@type":"ImageObject","inLanguage":"tr","@id":"https:\/\/narteks.net\/#\/schema\/logo\/image\/","url":"https:\/\/narteks.net\/wp-content\/uploads\/narteks.png","contentUrl":"https:\/\/narteks.net\/wp-content\/uploads\/narteks.png","width":300,"height":90,"caption":"narteks.net"},"image":{"@id":"https:\/\/narteks.net\/#\/schema\/logo\/image\/"},"sameAs":["https:\/\/x.com\/narteks","https:\/\/instagram.com\/narteksnet"]},{"@type":"Person","@id":"https:\/\/narteks.net\/#\/schema\/person\/61f37d9834294b72d31d274e7ed79bca","name":"Tar\u0131k","image":{"@type":"ImageObject","inLanguage":"tr","@id":"https:\/\/narteks.net\/#\/schema\/person\/image\/","url":"https:\/\/secure.gravatar.com\/avatar\/50865afb55632c4ae467e0af0930f6510aa2297d8014be502a55b14f3b7550cf?s=96&d=mm&r=g","contentUrl":"https:\/\/secure.gravatar.com\/avatar\/50865afb55632c4ae467e0af0930f6510aa2297d8014be502a55b14f3b7550cf?s=96&d=mm&r=g","caption":"Tar\u0131k"},"sameAs":["http:\/\/narteks.net"],"url":"https:\/\/narteks.net\/index.php\/author\/narbak\/"}]}},"_links":{"self":[{"href":"https:\/\/narteks.net\/index.php\/wp-json\/wp\/v2\/posts\/6398","targetHints":{"allow":["GET"]}}],"collection":[{"href":"https:\/\/narteks.net\/index.php\/wp-json\/wp\/v2\/posts"}],"about":[{"href":"https:\/\/narteks.net\/index.php\/wp-json\/wp\/v2\/types\/post"}],"author":[{"embeddable":true,"href":"https:\/\/narteks.net\/index.php\/wp-json\/wp\/v2\/users\/1"}],"replies":[{"embeddable":true,"href":"https:\/\/narteks.net\/index.php\/wp-json\/wp\/v2\/comments?post=6398"}],"version-history":[{"count":0,"href":"https:\/\/narteks.net\/index.php\/wp-json\/wp\/v2\/posts\/6398\/revisions"}],"wp:attachment":[{"href":"https:\/\/narteks.net\/index.php\/wp-json\/wp\/v2\/media?parent=6398"}],"wp:term":[{"taxonomy":"category","embeddable":true,"href":"https:\/\/narteks.net\/index.php\/wp-json\/wp\/v2\/categories?post=6398"},{"taxonomy":"post_tag","embeddable":true,"href":"https:\/\/narteks.net\/index.php\/wp-json\/wp\/v2\/tags?post=6398"}],"curies":[{"name":"wp","href":"https:\/\/api.w.org\/{rel}","templated":true}]}}