{"id":6401,"date":"2011-06-07T11:59:00","date_gmt":"2011-06-07T08:59:00","guid":{"rendered":"http:\/\/localhost\/wordpress\/2011\/06\/07\/o-ve-aksakallilar\/"},"modified":"2011-06-07T11:59:00","modified_gmt":"2011-06-07T08:59:00","slug":"o-ve-aksakallilar","status":"publish","type":"post","link":"https:\/\/narteks.net\/index.php\/2011\/06\/07\/o-ve-aksakallilar\/","title":{"rendered":"O VE AKSAKALLILAR"},"content":{"rendered":"<p>\u00a0<\/p>\n<p>Ye\u015fil selviler, beyaz mezar ta\u015flar\u0131 ve elyazma kitaplar vard\u0131 manzarada. <br \/> G\u00fcn ak\u015fama yak\u0131nd\u0131 ve durgundu.<\/p>\n<p>Bir yemi\u015f sofras\u0131n\u0131n ba\u015f\u0131nda ba\u011fda\u015f kurmu\u015f gibi <br \/> oturmu\u015flard\u0131 etraf\u0131na ibret aynas\u0131n\u0131n. <br \/> Aksakallar\u0131 bilgin, g\u00f6zleri gen\u00e7, elleri yorgundu, <br \/> ilhaml\u0131, vahim ve dalg\u0131nd\u0131lar. <br \/> O, birdenbire meclise geldi <br \/> dedi : <br \/> \u00ab \u0130bret aynas\u0131ndan bak\u0131p <br \/> \u00e7ubuklar\u0131n\u0131 yak\u0131p <br \/> \u015ferh \u00fc izah edenler. <br \/> De\u011fi\u015fmekte olan\u0131 g\u00f6r\u00fcp <br \/> i\u00e7ine girip <br \/> de\u011fi\u015ftirmektir h\u00fcner. <br \/> Ve sanmay\u0131n ki de\u011fi\u015fen ba\u015f\u0131 bo\u015f bir oktur, <br \/> kanunu ve nizam\u0131 yoktur. <br \/> Ben, bilip bildiririm ki : <br \/> Rab ve kitap <br \/> ve sa\u00e7\u0131 r\u00fczg\u00e2rda u\u00e7an \u00abkahraman\u00bb de\u011fil, <br \/> (karanl\u0131k orman, tuzlanmam\u0131\u015f deri, <br \/> budakl\u0131 lobut ve ta\u015f baltadan beri) <br \/> Onlar&#8217;d\u0131r b\u00fcy\u00fck maceray\u0131 yapan. <br \/> Onlar ki toprakta kar\u0131nca <br \/> suda bal\u0131k <br \/> havada ku\u015f\u00a0 kadar <br \/> \u00e7okturlar.<\/p>\n<p>Korkak, cesur <br \/> cahil, hak\u00eem <br \/> ve \u00e7ocukturlar. <br \/> Ve kahreden <br \/> yaratan ki Onlar&#8217;d\u0131r, <br \/> \u015fark\u0131lar\u0131mda yaln\u0131z Onlar&#8217;\u0131n maceralar\u0131 vard\u0131r&#8230;\u00bb<\/p>\n<p>Naz\u0131m Hikmet RAN<\/p>\n","protected":false},"excerpt":{"rendered":"<p>\u00a0 Ye\u015fil selviler, beyaz mezar ta\u015flar\u0131 ve elyazma kitaplar vard\u0131 manzarada. G\u00fcn ak\u015fama yak\u0131nd\u0131 ve durgundu. Bir yemi\u015f sofras\u0131n\u0131n ba\u015f\u0131nda ba\u011fda\u015f kurmu\u015f gibi oturmu\u015flard\u0131 etraf\u0131na ibret aynas\u0131n\u0131n. Aksakallar\u0131 bilgin, g\u00f6zleri gen\u00e7, elleri yorgundu, ilhaml\u0131, vahim ve dalg\u0131nd\u0131lar. O, birdenbire meclise geldi dedi : \u00ab \u0130bret aynas\u0131ndan bak\u0131p \u00e7ubuklar\u0131n\u0131 yak\u0131p \u015ferh \u00fc izah edenler. De\u011fi\u015fmekte olan\u0131 [&hellip;]<\/p>\n","protected":false},"author":1,"featured_media":0,"comment_status":"open","ping_status":"open","sticky":false,"template":"","format":"standard","meta":{"footnotes":""},"categories":[59],"tags":[],"class_list":{"0":"post-6401","1":"post","2":"type-post","3":"status-publish","4":"format-standard","6":"category-nazim-hikmet-ran"},"yoast_head":"<!-- This site is optimized with the Yoast SEO Premium plugin v24.9 (Yoast SEO v24.9) - https:\/\/yoast.com\/wordpress\/plugins\/seo\/ -->\n<title>O VE AKSAKALLILAR - narteks.net<\/title>\n<meta name=\"robots\" content=\"index, follow, max-snippet:-1, max-image-preview:large, max-video-preview:-1\" \/>\n<link rel=\"canonical\" href=\"https:\/\/narteks.net\/index.php\/2011\/06\/07\/o-ve-aksakallilar\/\" \/>\n<meta property=\"og:locale\" content=\"tr_TR\" \/>\n<meta property=\"og:type\" content=\"article\" \/>\n<meta property=\"og:title\" content=\"O VE AKSAKALLILAR\" \/>\n<meta property=\"og:description\" content=\"\u00a0 Ye\u015fil selviler, beyaz mezar ta\u015flar\u0131 ve elyazma kitaplar vard\u0131 manzarada. G\u00fcn ak\u015fama yak\u0131nd\u0131 ve durgundu. Bir yemi\u015f sofras\u0131n\u0131n ba\u015f\u0131nda ba\u011fda\u015f kurmu\u015f gibi oturmu\u015flard\u0131 etraf\u0131na ibret aynas\u0131n\u0131n. Aksakallar\u0131 bilgin, g\u00f6zleri gen\u00e7, elleri yorgundu, ilhaml\u0131, vahim ve dalg\u0131nd\u0131lar. O, birdenbire meclise geldi dedi : \u00ab \u0130bret aynas\u0131ndan bak\u0131p \u00e7ubuklar\u0131n\u0131 yak\u0131p \u015ferh \u00fc izah edenler. De\u011fi\u015fmekte olan\u0131 [&hellip;]\" \/>\n<meta property=\"og:url\" content=\"https:\/\/narteks.net\/index.php\/2011\/06\/07\/o-ve-aksakallilar\/\" \/>\n<meta property=\"og:site_name\" content=\"narteks.net\" \/>\n<meta property=\"article:published_time\" content=\"2011-06-07T08:59:00+00:00\" \/>\n<meta property=\"og:image\" content=\"https:\/\/narteks.net\/wp-content\/uploads\/narteks.png\" \/>\n\t<meta property=\"og:image:width\" content=\"300\" \/>\n\t<meta property=\"og:image:height\" content=\"90\" \/>\n\t<meta property=\"og:image:type\" content=\"image\/png\" \/>\n<meta name=\"author\" content=\"Tar\u0131k\" \/>\n<meta name=\"twitter:card\" content=\"summary_large_image\" \/>\n<meta name=\"twitter:creator\" content=\"@narteks\" \/>\n<meta name=\"twitter:site\" content=\"@narteks\" \/>\n<meta name=\"twitter:label1\" content=\"Yazan:\" \/>\n\t<meta name=\"twitter:data1\" content=\"Tar\u0131k\" \/>\n\t<meta name=\"twitter:label2\" content=\"Tahmini okuma s\u00fcresi\" \/>\n\t<meta name=\"twitter:data2\" content=\"1 dakika\" \/>\n<script type=\"application\/ld+json\" class=\"yoast-schema-graph\">{\"@context\":\"https:\/\/schema.org\",\"@graph\":[{\"@type\":\"Article\",\"@id\":\"https:\/\/narteks.net\/index.php\/2011\/06\/07\/o-ve-aksakallilar\/#article\",\"isPartOf\":{\"@id\":\"https:\/\/narteks.net\/index.php\/2011\/06\/07\/o-ve-aksakallilar\/\"},\"author\":{\"name\":\"Tar\u0131k\",\"@id\":\"https:\/\/narteks.net\/#\/schema\/person\/61f37d9834294b72d31d274e7ed79bca\"},\"headline\":\"O VE AKSAKALLILAR\",\"datePublished\":\"2011-06-07T08:59:00+00:00\",\"mainEntityOfPage\":{\"@id\":\"https:\/\/narteks.net\/index.php\/2011\/06\/07\/o-ve-aksakallilar\/\"},\"wordCount\":176,\"commentCount\":0,\"publisher\":{\"@id\":\"https:\/\/narteks.net\/#organization\"},\"articleSection\":[\"Naz\u0131m H\u0130KMET RAN\"],\"inLanguage\":\"tr\",\"potentialAction\":[{\"@type\":\"CommentAction\",\"name\":\"Comment\",\"target\":[\"https:\/\/narteks.net\/index.php\/2011\/06\/07\/o-ve-aksakallilar\/#respond\"]}]},{\"@type\":\"WebPage\",\"@id\":\"https:\/\/narteks.net\/index.php\/2011\/06\/07\/o-ve-aksakallilar\/\",\"url\":\"https:\/\/narteks.net\/index.php\/2011\/06\/07\/o-ve-aksakallilar\/\",\"name\":\"O VE AKSAKALLILAR - narteks.net\",\"isPartOf\":{\"@id\":\"https:\/\/narteks.net\/#website\"},\"datePublished\":\"2011-06-07T08:59:00+00:00\",\"breadcrumb\":{\"@id\":\"https:\/\/narteks.net\/index.php\/2011\/06\/07\/o-ve-aksakallilar\/#breadcrumb\"},\"inLanguage\":\"tr\",\"potentialAction\":[{\"@type\":\"ReadAction\",\"target\":[\"https:\/\/narteks.net\/index.php\/2011\/06\/07\/o-ve-aksakallilar\/\"]}]},{\"@type\":\"BreadcrumbList\",\"@id\":\"https:\/\/narteks.net\/index.php\/2011\/06\/07\/o-ve-aksakallilar\/#breadcrumb\",\"itemListElement\":[{\"@type\":\"ListItem\",\"position\":1,\"name\":\"Anasayfa\",\"item\":\"https:\/\/narteks.net\/\"},{\"@type\":\"ListItem\",\"position\":2,\"name\":\"O VE AKSAKALLILAR\"}]},{\"@type\":\"WebSite\",\"@id\":\"https:\/\/narteks.net\/#website\",\"url\":\"https:\/\/narteks.net\/\",\"name\":\"narteks.net\",\"description\":\"K\u00fclt\u00fcr Sanat Edebiyat Felsefe\",\"publisher\":{\"@id\":\"https:\/\/narteks.net\/#organization\"},\"alternateName\":\"K\u00fclt\u00fcr Sanat Edebiyat Felsefe\",\"potentialAction\":[{\"@type\":\"SearchAction\",\"target\":{\"@type\":\"EntryPoint\",\"urlTemplate\":\"https:\/\/narteks.net\/?s={search_term_string}\"},\"query-input\":{\"@type\":\"PropertyValueSpecification\",\"valueRequired\":true,\"valueName\":\"search_term_string\"}}],\"inLanguage\":\"tr\"},{\"@type\":\"Organization\",\"@id\":\"https:\/\/narteks.net\/#organization\",\"name\":\"narteks.net\",\"url\":\"https:\/\/narteks.net\/\",\"logo\":{\"@type\":\"ImageObject\",\"inLanguage\":\"tr\",\"@id\":\"https:\/\/narteks.net\/#\/schema\/logo\/image\/\",\"url\":\"https:\/\/narteks.net\/wp-content\/uploads\/narteks.png\",\"contentUrl\":\"https:\/\/narteks.net\/wp-content\/uploads\/narteks.png\",\"width\":300,\"height\":90,\"caption\":\"narteks.net\"},\"image\":{\"@id\":\"https:\/\/narteks.net\/#\/schema\/logo\/image\/\"},\"sameAs\":[\"https:\/\/x.com\/narteks\",\"https:\/\/instagram.com\/narteksnet\"]},{\"@type\":\"Person\",\"@id\":\"https:\/\/narteks.net\/#\/schema\/person\/61f37d9834294b72d31d274e7ed79bca\",\"name\":\"Tar\u0131k\",\"image\":{\"@type\":\"ImageObject\",\"inLanguage\":\"tr\",\"@id\":\"https:\/\/narteks.net\/#\/schema\/person\/image\/\",\"url\":\"https:\/\/secure.gravatar.com\/avatar\/50865afb55632c4ae467e0af0930f6510aa2297d8014be502a55b14f3b7550cf?s=96&d=mm&r=g\",\"contentUrl\":\"https:\/\/secure.gravatar.com\/avatar\/50865afb55632c4ae467e0af0930f6510aa2297d8014be502a55b14f3b7550cf?s=96&d=mm&r=g\",\"caption\":\"Tar\u0131k\"},\"sameAs\":[\"http:\/\/narteks.net\"],\"url\":\"https:\/\/narteks.net\/index.php\/author\/narbak\/\"}]}<\/script>\n<!-- \/ Yoast SEO Premium plugin. -->","yoast_head_json":{"title":"O VE AKSAKALLILAR - narteks.net","robots":{"index":"index","follow":"follow","max-snippet":"max-snippet:-1","max-image-preview":"max-image-preview:large","max-video-preview":"max-video-preview:-1"},"canonical":"https:\/\/narteks.net\/index.php\/2011\/06\/07\/o-ve-aksakallilar\/","og_locale":"tr_TR","og_type":"article","og_title":"O VE AKSAKALLILAR","og_description":"\u00a0 Ye\u015fil selviler, beyaz mezar ta\u015flar\u0131 ve elyazma kitaplar vard\u0131 manzarada. G\u00fcn ak\u015fama yak\u0131nd\u0131 ve durgundu. Bir yemi\u015f sofras\u0131n\u0131n ba\u015f\u0131nda ba\u011fda\u015f kurmu\u015f gibi oturmu\u015flard\u0131 etraf\u0131na ibret aynas\u0131n\u0131n. Aksakallar\u0131 bilgin, g\u00f6zleri gen\u00e7, elleri yorgundu, ilhaml\u0131, vahim ve dalg\u0131nd\u0131lar. O, birdenbire meclise geldi dedi : \u00ab \u0130bret aynas\u0131ndan bak\u0131p \u00e7ubuklar\u0131n\u0131 yak\u0131p \u015ferh \u00fc izah edenler. De\u011fi\u015fmekte olan\u0131 [&hellip;]","og_url":"https:\/\/narteks.net\/index.php\/2011\/06\/07\/o-ve-aksakallilar\/","og_site_name":"narteks.net","article_published_time":"2011-06-07T08:59:00+00:00","og_image":[{"width":300,"height":90,"url":"https:\/\/narteks.net\/wp-content\/uploads\/narteks.png","type":"image\/png"}],"author":"Tar\u0131k","twitter_card":"summary_large_image","twitter_creator":"@narteks","twitter_site":"@narteks","twitter_misc":{"Yazan:":"Tar\u0131k","Tahmini okuma s\u00fcresi":"1 dakika"},"schema":{"@context":"https:\/\/schema.org","@graph":[{"@type":"Article","@id":"https:\/\/narteks.net\/index.php\/2011\/06\/07\/o-ve-aksakallilar\/#article","isPartOf":{"@id":"https:\/\/narteks.net\/index.php\/2011\/06\/07\/o-ve-aksakallilar\/"},"author":{"name":"Tar\u0131k","@id":"https:\/\/narteks.net\/#\/schema\/person\/61f37d9834294b72d31d274e7ed79bca"},"headline":"O VE AKSAKALLILAR","datePublished":"2011-06-07T08:59:00+00:00","mainEntityOfPage":{"@id":"https:\/\/narteks.net\/index.php\/2011\/06\/07\/o-ve-aksakallilar\/"},"wordCount":176,"commentCount":0,"publisher":{"@id":"https:\/\/narteks.net\/#organization"},"articleSection":["Naz\u0131m H\u0130KMET RAN"],"inLanguage":"tr","potentialAction":[{"@type":"CommentAction","name":"Comment","target":["https:\/\/narteks.net\/index.php\/2011\/06\/07\/o-ve-aksakallilar\/#respond"]}]},{"@type":"WebPage","@id":"https:\/\/narteks.net\/index.php\/2011\/06\/07\/o-ve-aksakallilar\/","url":"https:\/\/narteks.net\/index.php\/2011\/06\/07\/o-ve-aksakallilar\/","name":"O VE AKSAKALLILAR - narteks.net","isPartOf":{"@id":"https:\/\/narteks.net\/#website"},"datePublished":"2011-06-07T08:59:00+00:00","breadcrumb":{"@id":"https:\/\/narteks.net\/index.php\/2011\/06\/07\/o-ve-aksakallilar\/#breadcrumb"},"inLanguage":"tr","potentialAction":[{"@type":"ReadAction","target":["https:\/\/narteks.net\/index.php\/2011\/06\/07\/o-ve-aksakallilar\/"]}]},{"@type":"BreadcrumbList","@id":"https:\/\/narteks.net\/index.php\/2011\/06\/07\/o-ve-aksakallilar\/#breadcrumb","itemListElement":[{"@type":"ListItem","position":1,"name":"Anasayfa","item":"https:\/\/narteks.net\/"},{"@type":"ListItem","position":2,"name":"O VE AKSAKALLILAR"}]},{"@type":"WebSite","@id":"https:\/\/narteks.net\/#website","url":"https:\/\/narteks.net\/","name":"narteks.net","description":"K\u00fclt\u00fcr Sanat Edebiyat Felsefe","publisher":{"@id":"https:\/\/narteks.net\/#organization"},"alternateName":"K\u00fclt\u00fcr Sanat Edebiyat Felsefe","potentialAction":[{"@type":"SearchAction","target":{"@type":"EntryPoint","urlTemplate":"https:\/\/narteks.net\/?s={search_term_string}"},"query-input":{"@type":"PropertyValueSpecification","valueRequired":true,"valueName":"search_term_string"}}],"inLanguage":"tr"},{"@type":"Organization","@id":"https:\/\/narteks.net\/#organization","name":"narteks.net","url":"https:\/\/narteks.net\/","logo":{"@type":"ImageObject","inLanguage":"tr","@id":"https:\/\/narteks.net\/#\/schema\/logo\/image\/","url":"https:\/\/narteks.net\/wp-content\/uploads\/narteks.png","contentUrl":"https:\/\/narteks.net\/wp-content\/uploads\/narteks.png","width":300,"height":90,"caption":"narteks.net"},"image":{"@id":"https:\/\/narteks.net\/#\/schema\/logo\/image\/"},"sameAs":["https:\/\/x.com\/narteks","https:\/\/instagram.com\/narteksnet"]},{"@type":"Person","@id":"https:\/\/narteks.net\/#\/schema\/person\/61f37d9834294b72d31d274e7ed79bca","name":"Tar\u0131k","image":{"@type":"ImageObject","inLanguage":"tr","@id":"https:\/\/narteks.net\/#\/schema\/person\/image\/","url":"https:\/\/secure.gravatar.com\/avatar\/50865afb55632c4ae467e0af0930f6510aa2297d8014be502a55b14f3b7550cf?s=96&d=mm&r=g","contentUrl":"https:\/\/secure.gravatar.com\/avatar\/50865afb55632c4ae467e0af0930f6510aa2297d8014be502a55b14f3b7550cf?s=96&d=mm&r=g","caption":"Tar\u0131k"},"sameAs":["http:\/\/narteks.net"],"url":"https:\/\/narteks.net\/index.php\/author\/narbak\/"}]}},"_links":{"self":[{"href":"https:\/\/narteks.net\/index.php\/wp-json\/wp\/v2\/posts\/6401","targetHints":{"allow":["GET"]}}],"collection":[{"href":"https:\/\/narteks.net\/index.php\/wp-json\/wp\/v2\/posts"}],"about":[{"href":"https:\/\/narteks.net\/index.php\/wp-json\/wp\/v2\/types\/post"}],"author":[{"embeddable":true,"href":"https:\/\/narteks.net\/index.php\/wp-json\/wp\/v2\/users\/1"}],"replies":[{"embeddable":true,"href":"https:\/\/narteks.net\/index.php\/wp-json\/wp\/v2\/comments?post=6401"}],"version-history":[{"count":0,"href":"https:\/\/narteks.net\/index.php\/wp-json\/wp\/v2\/posts\/6401\/revisions"}],"wp:attachment":[{"href":"https:\/\/narteks.net\/index.php\/wp-json\/wp\/v2\/media?parent=6401"}],"wp:term":[{"taxonomy":"category","embeddable":true,"href":"https:\/\/narteks.net\/index.php\/wp-json\/wp\/v2\/categories?post=6401"},{"taxonomy":"post_tag","embeddable":true,"href":"https:\/\/narteks.net\/index.php\/wp-json\/wp\/v2\/tags?post=6401"}],"curies":[{"name":"wp","href":"https:\/\/api.w.org\/{rel}","templated":true}]}}