{"id":6402,"date":"2011-06-07T11:59:53","date_gmt":"2011-06-07T08:59:53","guid":{"rendered":"http:\/\/localhost\/wordpress\/2011\/06\/07\/onun-dogusu-ve-demirhane-bacasi\/"},"modified":"2011-06-07T11:59:53","modified_gmt":"2011-06-07T08:59:53","slug":"onun-dogusu-ve-demirhane-bacasi","status":"publish","type":"post","link":"https:\/\/narteks.net\/index.php\/2011\/06\/07\/onun-dogusu-ve-demirhane-bacasi\/","title":{"rendered":"ONUN DO\u011eU\u015eU VE DEM\u0130RHANE BACASI"},"content":{"rendered":"<p>\u00a0<\/p>\n<p>Demirhane bacas\u0131 ki <br \/> ya\u011fmurda \u00fcmitsiz ve m\u00fcntekim <br \/> dururdu. <br \/> Ve r\u00fczg\u00e2r ki kendini <br \/> kald\u0131r\u0131p kald\u0131r\u0131p demirhane bacas\u0131na vururdu. <br \/> Ve siyah bir yelken gibi gece r\u00fczg\u00e2rdayken, <br \/> sahip de\u011filken a\u011fa\u00e7lar dallar\u0131na, ku\u015flar kanatlar\u0131na, <br \/> ve \u00e7ekerken karanl\u0131ktan y\u0131ld\u0131r\u0131mlar\u0131 toprak, <br \/> insanlar ve \u00e2letler b\u0131rak\u0131p kald\u0131r\u0131mlar\u0131 <br \/> derin uykulardayken <br \/> bir zemin kat\u0131nda bir \u00e7ocuk do\u011fdu. <br \/> Y\u0131ld\u0131zlar teker teker <br \/> deste deste yand\u0131lar. <br \/> Y\u0131ld\u0131zlar, onun \u00e7ocuk g\u00f6zleri gibi ayd\u0131nl\u0131k <br \/> ferah veren <br \/> kerim oland\u0131lar&#8230; <br \/> Demirhane bacas\u0131 <br \/> \u0131\u015f\u0131y\u0131p g\u00fcl\u00fcmsedi, <br \/> dedi :<\/p>\n<p>\u00ab\u00a0 Zemin kat\u0131nda do\u011fan bil ki o dur. <br \/> Rehber ve delil ki o dur. <br \/> Fikri derin, \u015fefkati gani, gazab\u0131 yamand\u0131r, <br \/> \u00e2letsizlerin o\u011flu, <br \/> \u00e2letsizlere \u00e2let verecek oland\u0131r. <br \/> O, onlar\u0131n i\u00e7inde, onlar\u0131n \u00f6n\u00fcnde o, <br \/> matem gecesinde, kavga yerinde, bayram g\u00fcn\u00fcnde o. <br \/> Ve o her yan\u0131ndan ana kuca\u011f\u0131 gibi <br \/> saracakt\u0131r onlar\u0131. <br \/> Ona ram olacak d\u00f6rt kadim unsur : <br \/> \u00e2te\u015f ve toprak, r\u00fczg\u00e2r ve ya\u011fmur. <br \/> Ve k\u00f6rler hik\u00e2yesinin son bab\u0131n\u0131 <br \/> o, tekmil ettirecektir. <br \/> Yazacakt\u0131r insano\u011flu \u00f6z kitab\u0131n\u0131 <br \/> bilerek <br \/> isteyerek.\u00bb<\/p>\n<p>Sustu demirhane bacas\u0131. <br \/> S\u00f6k\u00fcyor \u015fafak.<\/p>\n<p>Naz\u0131m Hikmet RAN<\/p>\n","protected":false},"excerpt":{"rendered":"<p>\u00a0 Demirhane bacas\u0131 ki ya\u011fmurda \u00fcmitsiz ve m\u00fcntekim dururdu. Ve r\u00fczg\u00e2r ki kendini kald\u0131r\u0131p kald\u0131r\u0131p demirhane bacas\u0131na vururdu. Ve siyah bir yelken gibi gece r\u00fczg\u00e2rdayken, sahip de\u011filken a\u011fa\u00e7lar dallar\u0131na, ku\u015flar kanatlar\u0131na, ve \u00e7ekerken karanl\u0131ktan y\u0131ld\u0131r\u0131mlar\u0131 toprak, insanlar ve \u00e2letler b\u0131rak\u0131p kald\u0131r\u0131mlar\u0131 derin uykulardayken bir zemin kat\u0131nda bir \u00e7ocuk do\u011fdu. Y\u0131ld\u0131zlar teker teker deste deste yand\u0131lar. [&hellip;]<\/p>\n","protected":false},"author":1,"featured_media":0,"comment_status":"open","ping_status":"open","sticky":false,"template":"","format":"standard","meta":{"footnotes":""},"categories":[59],"tags":[],"class_list":{"0":"post-6402","1":"post","2":"type-post","3":"status-publish","4":"format-standard","6":"category-nazim-hikmet-ran"},"yoast_head":"<!-- This site is optimized with the Yoast SEO Premium plugin v24.9 (Yoast SEO v24.9) - https:\/\/yoast.com\/wordpress\/plugins\/seo\/ -->\n<title>ONUN DO\u011eU\u015eU VE DEM\u0130RHANE BACASI - narteks.net<\/title>\n<meta name=\"robots\" content=\"index, follow, max-snippet:-1, max-image-preview:large, max-video-preview:-1\" \/>\n<link rel=\"canonical\" href=\"https:\/\/narteks.net\/index.php\/2011\/06\/07\/onun-dogusu-ve-demirhane-bacasi\/\" \/>\n<meta property=\"og:locale\" content=\"tr_TR\" \/>\n<meta property=\"og:type\" content=\"article\" \/>\n<meta property=\"og:title\" content=\"ONUN DO\u011eU\u015eU VE DEM\u0130RHANE BACASI\" \/>\n<meta property=\"og:description\" content=\"\u00a0 Demirhane bacas\u0131 ki ya\u011fmurda \u00fcmitsiz ve m\u00fcntekim dururdu. Ve r\u00fczg\u00e2r ki kendini kald\u0131r\u0131p kald\u0131r\u0131p demirhane bacas\u0131na vururdu. Ve siyah bir yelken gibi gece r\u00fczg\u00e2rdayken, sahip de\u011filken a\u011fa\u00e7lar dallar\u0131na, ku\u015flar kanatlar\u0131na, ve \u00e7ekerken karanl\u0131ktan y\u0131ld\u0131r\u0131mlar\u0131 toprak, insanlar ve \u00e2letler b\u0131rak\u0131p kald\u0131r\u0131mlar\u0131 derin uykulardayken bir zemin kat\u0131nda bir \u00e7ocuk do\u011fdu. Y\u0131ld\u0131zlar teker teker deste deste yand\u0131lar. [&hellip;]\" \/>\n<meta property=\"og:url\" content=\"https:\/\/narteks.net\/index.php\/2011\/06\/07\/onun-dogusu-ve-demirhane-bacasi\/\" \/>\n<meta property=\"og:site_name\" content=\"narteks.net\" \/>\n<meta property=\"article:published_time\" content=\"2011-06-07T08:59:53+00:00\" \/>\n<meta property=\"og:image\" content=\"https:\/\/narteks.net\/wp-content\/uploads\/narteks.png\" \/>\n\t<meta property=\"og:image:width\" content=\"300\" \/>\n\t<meta property=\"og:image:height\" content=\"90\" \/>\n\t<meta property=\"og:image:type\" content=\"image\/png\" \/>\n<meta name=\"author\" content=\"Tar\u0131k\" \/>\n<meta name=\"twitter:card\" content=\"summary_large_image\" \/>\n<meta name=\"twitter:creator\" content=\"@narteks\" \/>\n<meta name=\"twitter:site\" content=\"@narteks\" \/>\n<meta name=\"twitter:label1\" content=\"Yazan:\" \/>\n\t<meta name=\"twitter:data1\" content=\"Tar\u0131k\" \/>\n\t<meta name=\"twitter:label2\" content=\"Tahmini okuma s\u00fcresi\" \/>\n\t<meta name=\"twitter:data2\" content=\"1 dakika\" \/>\n<script type=\"application\/ld+json\" class=\"yoast-schema-graph\">{\"@context\":\"https:\/\/schema.org\",\"@graph\":[{\"@type\":\"Article\",\"@id\":\"https:\/\/narteks.net\/index.php\/2011\/06\/07\/onun-dogusu-ve-demirhane-bacasi\/#article\",\"isPartOf\":{\"@id\":\"https:\/\/narteks.net\/index.php\/2011\/06\/07\/onun-dogusu-ve-demirhane-bacasi\/\"},\"author\":{\"name\":\"Tar\u0131k\",\"@id\":\"https:\/\/narteks.net\/#\/schema\/person\/61f37d9834294b72d31d274e7ed79bca\"},\"headline\":\"ONUN DO\u011eU\u015eU VE DEM\u0130RHANE BACASI\",\"datePublished\":\"2011-06-07T08:59:53+00:00\",\"mainEntityOfPage\":{\"@id\":\"https:\/\/narteks.net\/index.php\/2011\/06\/07\/onun-dogusu-ve-demirhane-bacasi\/\"},\"wordCount\":223,\"commentCount\":0,\"publisher\":{\"@id\":\"https:\/\/narteks.net\/#organization\"},\"articleSection\":[\"Naz\u0131m H\u0130KMET RAN\"],\"inLanguage\":\"tr\",\"potentialAction\":[{\"@type\":\"CommentAction\",\"name\":\"Comment\",\"target\":[\"https:\/\/narteks.net\/index.php\/2011\/06\/07\/onun-dogusu-ve-demirhane-bacasi\/#respond\"]}]},{\"@type\":\"WebPage\",\"@id\":\"https:\/\/narteks.net\/index.php\/2011\/06\/07\/onun-dogusu-ve-demirhane-bacasi\/\",\"url\":\"https:\/\/narteks.net\/index.php\/2011\/06\/07\/onun-dogusu-ve-demirhane-bacasi\/\",\"name\":\"ONUN DO\u011eU\u015eU VE DEM\u0130RHANE BACASI - narteks.net\",\"isPartOf\":{\"@id\":\"https:\/\/narteks.net\/#website\"},\"datePublished\":\"2011-06-07T08:59:53+00:00\",\"breadcrumb\":{\"@id\":\"https:\/\/narteks.net\/index.php\/2011\/06\/07\/onun-dogusu-ve-demirhane-bacasi\/#breadcrumb\"},\"inLanguage\":\"tr\",\"potentialAction\":[{\"@type\":\"ReadAction\",\"target\":[\"https:\/\/narteks.net\/index.php\/2011\/06\/07\/onun-dogusu-ve-demirhane-bacasi\/\"]}]},{\"@type\":\"BreadcrumbList\",\"@id\":\"https:\/\/narteks.net\/index.php\/2011\/06\/07\/onun-dogusu-ve-demirhane-bacasi\/#breadcrumb\",\"itemListElement\":[{\"@type\":\"ListItem\",\"position\":1,\"name\":\"Anasayfa\",\"item\":\"https:\/\/narteks.net\/\"},{\"@type\":\"ListItem\",\"position\":2,\"name\":\"ONUN DO\u011eU\u015eU VE DEM\u0130RHANE BACASI\"}]},{\"@type\":\"WebSite\",\"@id\":\"https:\/\/narteks.net\/#website\",\"url\":\"https:\/\/narteks.net\/\",\"name\":\"narteks.net\",\"description\":\"K\u00fclt\u00fcr Sanat Edebiyat Felsefe\",\"publisher\":{\"@id\":\"https:\/\/narteks.net\/#organization\"},\"alternateName\":\"K\u00fclt\u00fcr Sanat Edebiyat Felsefe\",\"potentialAction\":[{\"@type\":\"SearchAction\",\"target\":{\"@type\":\"EntryPoint\",\"urlTemplate\":\"https:\/\/narteks.net\/?s={search_term_string}\"},\"query-input\":{\"@type\":\"PropertyValueSpecification\",\"valueRequired\":true,\"valueName\":\"search_term_string\"}}],\"inLanguage\":\"tr\"},{\"@type\":\"Organization\",\"@id\":\"https:\/\/narteks.net\/#organization\",\"name\":\"narteks.net\",\"url\":\"https:\/\/narteks.net\/\",\"logo\":{\"@type\":\"ImageObject\",\"inLanguage\":\"tr\",\"@id\":\"https:\/\/narteks.net\/#\/schema\/logo\/image\/\",\"url\":\"https:\/\/narteks.net\/wp-content\/uploads\/narteks.png\",\"contentUrl\":\"https:\/\/narteks.net\/wp-content\/uploads\/narteks.png\",\"width\":300,\"height\":90,\"caption\":\"narteks.net\"},\"image\":{\"@id\":\"https:\/\/narteks.net\/#\/schema\/logo\/image\/\"},\"sameAs\":[\"https:\/\/x.com\/narteks\",\"https:\/\/instagram.com\/narteksnet\"]},{\"@type\":\"Person\",\"@id\":\"https:\/\/narteks.net\/#\/schema\/person\/61f37d9834294b72d31d274e7ed79bca\",\"name\":\"Tar\u0131k\",\"image\":{\"@type\":\"ImageObject\",\"inLanguage\":\"tr\",\"@id\":\"https:\/\/narteks.net\/#\/schema\/person\/image\/\",\"url\":\"https:\/\/secure.gravatar.com\/avatar\/50865afb55632c4ae467e0af0930f6510aa2297d8014be502a55b14f3b7550cf?s=96&d=mm&r=g\",\"contentUrl\":\"https:\/\/secure.gravatar.com\/avatar\/50865afb55632c4ae467e0af0930f6510aa2297d8014be502a55b14f3b7550cf?s=96&d=mm&r=g\",\"caption\":\"Tar\u0131k\"},\"sameAs\":[\"http:\/\/narteks.net\"],\"url\":\"https:\/\/narteks.net\/index.php\/author\/narbak\/\"}]}<\/script>\n<!-- \/ Yoast SEO Premium plugin. -->","yoast_head_json":{"title":"ONUN DO\u011eU\u015eU VE DEM\u0130RHANE BACASI - narteks.net","robots":{"index":"index","follow":"follow","max-snippet":"max-snippet:-1","max-image-preview":"max-image-preview:large","max-video-preview":"max-video-preview:-1"},"canonical":"https:\/\/narteks.net\/index.php\/2011\/06\/07\/onun-dogusu-ve-demirhane-bacasi\/","og_locale":"tr_TR","og_type":"article","og_title":"ONUN DO\u011eU\u015eU VE DEM\u0130RHANE BACASI","og_description":"\u00a0 Demirhane bacas\u0131 ki ya\u011fmurda \u00fcmitsiz ve m\u00fcntekim dururdu. Ve r\u00fczg\u00e2r ki kendini kald\u0131r\u0131p kald\u0131r\u0131p demirhane bacas\u0131na vururdu. Ve siyah bir yelken gibi gece r\u00fczg\u00e2rdayken, sahip de\u011filken a\u011fa\u00e7lar dallar\u0131na, ku\u015flar kanatlar\u0131na, ve \u00e7ekerken karanl\u0131ktan y\u0131ld\u0131r\u0131mlar\u0131 toprak, insanlar ve \u00e2letler b\u0131rak\u0131p kald\u0131r\u0131mlar\u0131 derin uykulardayken bir zemin kat\u0131nda bir \u00e7ocuk do\u011fdu. Y\u0131ld\u0131zlar teker teker deste deste yand\u0131lar. [&hellip;]","og_url":"https:\/\/narteks.net\/index.php\/2011\/06\/07\/onun-dogusu-ve-demirhane-bacasi\/","og_site_name":"narteks.net","article_published_time":"2011-06-07T08:59:53+00:00","og_image":[{"width":300,"height":90,"url":"https:\/\/narteks.net\/wp-content\/uploads\/narteks.png","type":"image\/png"}],"author":"Tar\u0131k","twitter_card":"summary_large_image","twitter_creator":"@narteks","twitter_site":"@narteks","twitter_misc":{"Yazan:":"Tar\u0131k","Tahmini okuma s\u00fcresi":"1 dakika"},"schema":{"@context":"https:\/\/schema.org","@graph":[{"@type":"Article","@id":"https:\/\/narteks.net\/index.php\/2011\/06\/07\/onun-dogusu-ve-demirhane-bacasi\/#article","isPartOf":{"@id":"https:\/\/narteks.net\/index.php\/2011\/06\/07\/onun-dogusu-ve-demirhane-bacasi\/"},"author":{"name":"Tar\u0131k","@id":"https:\/\/narteks.net\/#\/schema\/person\/61f37d9834294b72d31d274e7ed79bca"},"headline":"ONUN DO\u011eU\u015eU VE DEM\u0130RHANE BACASI","datePublished":"2011-06-07T08:59:53+00:00","mainEntityOfPage":{"@id":"https:\/\/narteks.net\/index.php\/2011\/06\/07\/onun-dogusu-ve-demirhane-bacasi\/"},"wordCount":223,"commentCount":0,"publisher":{"@id":"https:\/\/narteks.net\/#organization"},"articleSection":["Naz\u0131m H\u0130KMET RAN"],"inLanguage":"tr","potentialAction":[{"@type":"CommentAction","name":"Comment","target":["https:\/\/narteks.net\/index.php\/2011\/06\/07\/onun-dogusu-ve-demirhane-bacasi\/#respond"]}]},{"@type":"WebPage","@id":"https:\/\/narteks.net\/index.php\/2011\/06\/07\/onun-dogusu-ve-demirhane-bacasi\/","url":"https:\/\/narteks.net\/index.php\/2011\/06\/07\/onun-dogusu-ve-demirhane-bacasi\/","name":"ONUN DO\u011eU\u015eU VE DEM\u0130RHANE BACASI - narteks.net","isPartOf":{"@id":"https:\/\/narteks.net\/#website"},"datePublished":"2011-06-07T08:59:53+00:00","breadcrumb":{"@id":"https:\/\/narteks.net\/index.php\/2011\/06\/07\/onun-dogusu-ve-demirhane-bacasi\/#breadcrumb"},"inLanguage":"tr","potentialAction":[{"@type":"ReadAction","target":["https:\/\/narteks.net\/index.php\/2011\/06\/07\/onun-dogusu-ve-demirhane-bacasi\/"]}]},{"@type":"BreadcrumbList","@id":"https:\/\/narteks.net\/index.php\/2011\/06\/07\/onun-dogusu-ve-demirhane-bacasi\/#breadcrumb","itemListElement":[{"@type":"ListItem","position":1,"name":"Anasayfa","item":"https:\/\/narteks.net\/"},{"@type":"ListItem","position":2,"name":"ONUN DO\u011eU\u015eU VE DEM\u0130RHANE BACASI"}]},{"@type":"WebSite","@id":"https:\/\/narteks.net\/#website","url":"https:\/\/narteks.net\/","name":"narteks.net","description":"K\u00fclt\u00fcr Sanat Edebiyat Felsefe","publisher":{"@id":"https:\/\/narteks.net\/#organization"},"alternateName":"K\u00fclt\u00fcr Sanat Edebiyat Felsefe","potentialAction":[{"@type":"SearchAction","target":{"@type":"EntryPoint","urlTemplate":"https:\/\/narteks.net\/?s={search_term_string}"},"query-input":{"@type":"PropertyValueSpecification","valueRequired":true,"valueName":"search_term_string"}}],"inLanguage":"tr"},{"@type":"Organization","@id":"https:\/\/narteks.net\/#organization","name":"narteks.net","url":"https:\/\/narteks.net\/","logo":{"@type":"ImageObject","inLanguage":"tr","@id":"https:\/\/narteks.net\/#\/schema\/logo\/image\/","url":"https:\/\/narteks.net\/wp-content\/uploads\/narteks.png","contentUrl":"https:\/\/narteks.net\/wp-content\/uploads\/narteks.png","width":300,"height":90,"caption":"narteks.net"},"image":{"@id":"https:\/\/narteks.net\/#\/schema\/logo\/image\/"},"sameAs":["https:\/\/x.com\/narteks","https:\/\/instagram.com\/narteksnet"]},{"@type":"Person","@id":"https:\/\/narteks.net\/#\/schema\/person\/61f37d9834294b72d31d274e7ed79bca","name":"Tar\u0131k","image":{"@type":"ImageObject","inLanguage":"tr","@id":"https:\/\/narteks.net\/#\/schema\/person\/image\/","url":"https:\/\/secure.gravatar.com\/avatar\/50865afb55632c4ae467e0af0930f6510aa2297d8014be502a55b14f3b7550cf?s=96&d=mm&r=g","contentUrl":"https:\/\/secure.gravatar.com\/avatar\/50865afb55632c4ae467e0af0930f6510aa2297d8014be502a55b14f3b7550cf?s=96&d=mm&r=g","caption":"Tar\u0131k"},"sameAs":["http:\/\/narteks.net"],"url":"https:\/\/narteks.net\/index.php\/author\/narbak\/"}]}},"_links":{"self":[{"href":"https:\/\/narteks.net\/index.php\/wp-json\/wp\/v2\/posts\/6402","targetHints":{"allow":["GET"]}}],"collection":[{"href":"https:\/\/narteks.net\/index.php\/wp-json\/wp\/v2\/posts"}],"about":[{"href":"https:\/\/narteks.net\/index.php\/wp-json\/wp\/v2\/types\/post"}],"author":[{"embeddable":true,"href":"https:\/\/narteks.net\/index.php\/wp-json\/wp\/v2\/users\/1"}],"replies":[{"embeddable":true,"href":"https:\/\/narteks.net\/index.php\/wp-json\/wp\/v2\/comments?post=6402"}],"version-history":[{"count":0,"href":"https:\/\/narteks.net\/index.php\/wp-json\/wp\/v2\/posts\/6402\/revisions"}],"wp:attachment":[{"href":"https:\/\/narteks.net\/index.php\/wp-json\/wp\/v2\/media?parent=6402"}],"wp:term":[{"taxonomy":"category","embeddable":true,"href":"https:\/\/narteks.net\/index.php\/wp-json\/wp\/v2\/categories?post=6402"},{"taxonomy":"post_tag","embeddable":true,"href":"https:\/\/narteks.net\/index.php\/wp-json\/wp\/v2\/tags?post=6402"}],"curies":[{"name":"wp","href":"https:\/\/api.w.org\/{rel}","templated":true}]}}