{"id":6404,"date":"2011-06-07T12:01:59","date_gmt":"2011-06-07T09:01:59","guid":{"rendered":"http:\/\/localhost\/wordpress\/2011\/06\/07\/orada-tanidiklarim-2\/"},"modified":"2011-06-07T12:01:59","modified_gmt":"2011-06-07T09:01:59","slug":"orada-tanidiklarim-2","status":"publish","type":"post","link":"https:\/\/narteks.net\/index.php\/2011\/06\/07\/orada-tanidiklarim-2\/","title":{"rendered":"ORADA TANIDIKLARIM &#8211; 2"},"content":{"rendered":"<p>\u00a0<\/p>\n<p>Naz\u0131m yolda\u015f<br \/> benim k\u0131z\u0131m<br \/> be\u015f ya\u015f\u0131nda.<br \/> Benim k\u0131z\u0131m\u0131n annesi<br \/> 1922 senesi.<br \/> Benim k\u0131z\u0131m<br \/> dinledi ilk duvarc\u0131 t\u00fcrk\u00fcs\u00fcn\u00fc<br \/> kurdu\u011fumuz yap\u0131n\u0131n.<br \/> Yap\u0131 y\u00fckseldi<br \/> yap\u0131 b\u00fcy\u00fcd\u00fc.<br \/> Yeni yap\u0131da yeni dokumac\u0131lar<br \/> yeni renklerle yeni kuma\u015flar dokuyor.<br \/> Benim k\u0131z\u0131m b\u00fcy\u00fcd\u00fc,<br \/> Benim k\u0131z\u0131m Alfabe okuyor.<br \/> Ben b\u00fcy\u00fcd\u00fcm<br \/> felsefe okuyorum&#8230;..&#8221;<br \/> Bir masa.<br \/> Ba\u015f\u0131nda masan\u0131n<br \/> beyaz keten elbiseli<br \/> Tavari\u015f Marusa.<br \/> Duvarlarda foto\u011fraflar,<br \/> bak\u0131yorlar insana r\u00fcya g\u00f6r\u00fcr gibi.<br \/> Duvarlarda foto\u011fraflar &#8211;<br \/> bir fabrika avlusunda \u00e7ekilmi\u015f baz\u0131lar\u0131,<br \/> \u00fczerinde baz\u0131s\u0131n\u0131n<br \/> Mogol, Uygur, \u00c7in, Latin, Rus, Tatar yaz\u0131lar\u0131&#8230;.<br \/> Bir masa<br \/> \u00dcst\u00fcnde masan\u0131n<br \/> mavi bir Ukranya kasesi.<br \/> Karanfiller.<br \/> Marusa&#8217;n\u0131n sesi:<br \/> -&#8220;Sene 918.<br \/> Z\u0131rhl\u0131 trenle Kiyefe gitmedeyiz.<br \/> K\u0131\u015f.<br \/> Gece.<br \/> Kar.<br \/> Ay\u0131n i\u00e7inden bir manzara gibi<br \/> Ukranya stepleri kar\u0131n alt\u0131nda yat\u0131yorlar.<br \/> Havada tek bir insan sesi yok.<br \/> D\u00fcnyan\u0131n \u00fcst\u00fcnde donmu\u015f bir d\u00fcnya gibi<br \/> susan havada<br \/> yaln\u0131z tekerleklerin \u015fark\u0131s\u0131.<br \/> K\u0131\u015f.<br \/> Gece.<br \/> Kar.<br \/> Vagonda bizimkiler uyuyorlar.<br \/> Kap\u0131 a\u00e7\u0131k.<br \/> Y\u0131ld\u0131zlar d\u00fc\u015f\u00fcyor i\u00e7eriye.<br \/> \u0130pekli bir kuma\u015f y\u0131rtar gibi<br \/> y\u00fcr\u00fcyor y\u0131rtarak geceyi tren.<br \/> Uyuyor bizimkiler.<br \/> Bekliyorum ben<br \/> Mahnodan esir al\u0131nan<br \/> iki k\u00f6yl\u00fc neferi.<br \/> Y\u0131ld\u0131zlar d\u00fc\u015f\u00fcyor i\u00e7eriye.<br \/> G\u00f6zlerime yalvar\u0131yor<br \/> esirlerin g\u00f6zleri:<br \/> -&#8220;B\u0131rak bizi<br \/> b\u0131rak bizi<br \/> b\u0131rak&#8230;<br \/> A\u00e7 g\u00f6zlerle a\u00e7 \u00f6k\u00fczler<br \/> bekliyor bizi.<br \/> Bekliyor bizi toprak.<br \/> B\u0131rak bizi<br \/> b\u0131rak&#8230;&#8221;<br \/> Kap\u0131 a\u00e7\u0131k.<br \/> Y\u0131ld\u0131zlar d\u00fc\u015f\u00fcyor i\u00e7eriye.<br \/> \u00d6ld\u00fcrebilirim,<br \/> yalvaran g\u00f6zlere bakamam.<br \/> Ba\u015f\u0131m\u0131 \u00e7evirdim geriye..<br \/> Ve<br \/> tekrar bakt\u0131\u011f\u0131m zaman<br \/> kar\u0131n \u00fcst\u00fcnde iki korkuydu ka\u00e7an.<br \/> Diz b\u00fckt\u00fcm.<br \/> Mavzer.<br \/> Ge\u00e7ti bir saniye.<br \/> &#8220;B\u0131rak bizi&#8221;<br \/> \u00dc\u00e7 saniye..<br \/> &#8220;A\u00e7 g\u00f6zlerle a\u00e7 \u00f6k\u00fczler&#8221;<br \/> D\u00f6rt saniye..<br \/> &#8220;Bekliyor bizi toprak&#8221;<br \/> Be\u015f, alt\u0131, yedi..<br \/> Namluda<br \/> arpac\u0131k<br \/> titredi.<br \/> Ge\u00e7iyor saniyeler.<br \/> Mavzer.<br \/> Ka\u00e7anlar\u0131n pe\u015finden alt\u0131 fi\u015fenk yakt\u0131m.<br \/> Ve hi\u00e7biri<br \/> de\u011fmedi<br \/> hedefe.<br \/> Nas\u0131l oldu bu?<br \/> G\u00f6kte u\u00e7an turnay\u0131 g\u00f6z\u00fcnden vuran kad\u0131n,<br \/> vuramad\u0131n&#8230;<br \/> Vurmal\u0131yd\u0131m ama..<br \/> Kavgada d\u00fc\u015fman\u0131n<br \/> aile ismi sorulmaz.<br \/> \u0130nk\u0131lab\u0131n n\u00f6betinde<br \/> dola\u015f\u0131k yumak gibi bir y\u00fcrekle durulmaz..<br \/> &#8230;&#8230;.<br \/> &#8230;&#8230;..<br \/> K\u0131\u015f.<br \/> Gece.<br \/> Kar.<br \/> Hat\u0131ralar..<br \/> Hat\u0131ralar..<br \/> &#8230;&#8230;<br \/> &#8230;&#8230;<br \/> K\u00f6yden yolda\u015flar g\u00f6ndermi\u015f<br \/> Ukranya ekme\u011fi yemez misiniz?&#8221;<br \/> Beyaz keten bir \u00f6rt\u00fc.<br \/> Tombul esmer bir Ukranya ekme\u011fi.<br \/> \u00c7avdarl\u0131 bir yaz kokusu esmer ekmekte..<br \/> Masa.<br \/> Ba\u015f\u0131nda masan\u0131n<br \/> beyaz keten elbiseli<br \/> Tavari\u015f Marusa&#8230;..<\/p>\n<p>Naz\u0131m Hikmet RAN<\/p>\n","protected":false},"excerpt":{"rendered":"<p>\u00a0 Naz\u0131m yolda\u015f benim k\u0131z\u0131m be\u015f ya\u015f\u0131nda. Benim k\u0131z\u0131m\u0131n annesi 1922 senesi. Benim k\u0131z\u0131m dinledi ilk duvarc\u0131 t\u00fcrk\u00fcs\u00fcn\u00fc kurdu\u011fumuz yap\u0131n\u0131n. Yap\u0131 y\u00fckseldi yap\u0131 b\u00fcy\u00fcd\u00fc. Yeni yap\u0131da yeni dokumac\u0131lar yeni renklerle yeni kuma\u015flar dokuyor. Benim k\u0131z\u0131m b\u00fcy\u00fcd\u00fc, Benim k\u0131z\u0131m Alfabe okuyor. Ben b\u00fcy\u00fcd\u00fcm felsefe okuyorum&#8230;..&#8221; Bir masa. Ba\u015f\u0131nda masan\u0131n beyaz keten elbiseli Tavari\u015f Marusa. Duvarlarda foto\u011fraflar, [&hellip;]<\/p>\n","protected":false},"author":1,"featured_media":0,"comment_status":"open","ping_status":"open","sticky":false,"template":"","format":"standard","meta":{"footnotes":""},"categories":[59],"tags":[],"class_list":{"0":"post-6404","1":"post","2":"type-post","3":"status-publish","4":"format-standard","6":"category-nazim-hikmet-ran"},"yoast_head":"<!-- This site is optimized with the Yoast SEO Premium plugin v24.9 (Yoast SEO v24.9) - https:\/\/yoast.com\/wordpress\/plugins\/seo\/ -->\n<title>ORADA TANIDIKLARIM - 2 - narteks.net<\/title>\n<meta name=\"robots\" content=\"index, follow, max-snippet:-1, max-image-preview:large, max-video-preview:-1\" \/>\n<link rel=\"canonical\" href=\"https:\/\/narteks.net\/index.php\/2011\/06\/07\/orada-tanidiklarim-2\/\" \/>\n<meta property=\"og:locale\" content=\"tr_TR\" \/>\n<meta property=\"og:type\" content=\"article\" \/>\n<meta property=\"og:title\" content=\"ORADA TANIDIKLARIM - 2\" \/>\n<meta property=\"og:description\" content=\"\u00a0 Naz\u0131m yolda\u015f benim k\u0131z\u0131m be\u015f ya\u015f\u0131nda. Benim k\u0131z\u0131m\u0131n annesi 1922 senesi. Benim k\u0131z\u0131m dinledi ilk duvarc\u0131 t\u00fcrk\u00fcs\u00fcn\u00fc kurdu\u011fumuz yap\u0131n\u0131n. Yap\u0131 y\u00fckseldi yap\u0131 b\u00fcy\u00fcd\u00fc. Yeni yap\u0131da yeni dokumac\u0131lar yeni renklerle yeni kuma\u015flar dokuyor. Benim k\u0131z\u0131m b\u00fcy\u00fcd\u00fc, Benim k\u0131z\u0131m Alfabe okuyor. Ben b\u00fcy\u00fcd\u00fcm felsefe okuyorum&#8230;..&#8221; Bir masa. Ba\u015f\u0131nda masan\u0131n beyaz keten elbiseli Tavari\u015f Marusa. Duvarlarda foto\u011fraflar, [&hellip;]\" \/>\n<meta property=\"og:url\" content=\"https:\/\/narteks.net\/index.php\/2011\/06\/07\/orada-tanidiklarim-2\/\" \/>\n<meta property=\"og:site_name\" content=\"narteks.net\" \/>\n<meta property=\"article:published_time\" content=\"2011-06-07T09:01:59+00:00\" \/>\n<meta property=\"og:image\" content=\"https:\/\/narteks.net\/wp-content\/uploads\/narteks.png\" \/>\n\t<meta property=\"og:image:width\" content=\"300\" \/>\n\t<meta property=\"og:image:height\" content=\"90\" \/>\n\t<meta property=\"og:image:type\" content=\"image\/png\" \/>\n<meta name=\"author\" content=\"Tar\u0131k\" \/>\n<meta name=\"twitter:card\" content=\"summary_large_image\" \/>\n<meta name=\"twitter:creator\" content=\"@narteks\" \/>\n<meta name=\"twitter:site\" content=\"@narteks\" \/>\n<meta name=\"twitter:label1\" content=\"Yazan:\" \/>\n\t<meta name=\"twitter:data1\" content=\"Tar\u0131k\" \/>\n\t<meta name=\"twitter:label2\" content=\"Tahmini okuma s\u00fcresi\" \/>\n\t<meta name=\"twitter:data2\" content=\"2 dakika\" \/>\n<script type=\"application\/ld+json\" class=\"yoast-schema-graph\">{\"@context\":\"https:\/\/schema.org\",\"@graph\":[{\"@type\":\"Article\",\"@id\":\"https:\/\/narteks.net\/index.php\/2011\/06\/07\/orada-tanidiklarim-2\/#article\",\"isPartOf\":{\"@id\":\"https:\/\/narteks.net\/index.php\/2011\/06\/07\/orada-tanidiklarim-2\/\"},\"author\":{\"name\":\"Tar\u0131k\",\"@id\":\"https:\/\/narteks.net\/#\/schema\/person\/61f37d9834294b72d31d274e7ed79bca\"},\"headline\":\"ORADA TANIDIKLARIM &#8211; 2\",\"datePublished\":\"2011-06-07T09:01:59+00:00\",\"mainEntityOfPage\":{\"@id\":\"https:\/\/narteks.net\/index.php\/2011\/06\/07\/orada-tanidiklarim-2\/\"},\"wordCount\":437,\"commentCount\":0,\"publisher\":{\"@id\":\"https:\/\/narteks.net\/#organization\"},\"articleSection\":[\"Naz\u0131m H\u0130KMET RAN\"],\"inLanguage\":\"tr\",\"potentialAction\":[{\"@type\":\"CommentAction\",\"name\":\"Comment\",\"target\":[\"https:\/\/narteks.net\/index.php\/2011\/06\/07\/orada-tanidiklarim-2\/#respond\"]}]},{\"@type\":\"WebPage\",\"@id\":\"https:\/\/narteks.net\/index.php\/2011\/06\/07\/orada-tanidiklarim-2\/\",\"url\":\"https:\/\/narteks.net\/index.php\/2011\/06\/07\/orada-tanidiklarim-2\/\",\"name\":\"ORADA TANIDIKLARIM - 2 - narteks.net\",\"isPartOf\":{\"@id\":\"https:\/\/narteks.net\/#website\"},\"datePublished\":\"2011-06-07T09:01:59+00:00\",\"breadcrumb\":{\"@id\":\"https:\/\/narteks.net\/index.php\/2011\/06\/07\/orada-tanidiklarim-2\/#breadcrumb\"},\"inLanguage\":\"tr\",\"potentialAction\":[{\"@type\":\"ReadAction\",\"target\":[\"https:\/\/narteks.net\/index.php\/2011\/06\/07\/orada-tanidiklarim-2\/\"]}]},{\"@type\":\"BreadcrumbList\",\"@id\":\"https:\/\/narteks.net\/index.php\/2011\/06\/07\/orada-tanidiklarim-2\/#breadcrumb\",\"itemListElement\":[{\"@type\":\"ListItem\",\"position\":1,\"name\":\"Anasayfa\",\"item\":\"https:\/\/narteks.net\/\"},{\"@type\":\"ListItem\",\"position\":2,\"name\":\"ORADA TANIDIKLARIM &#8211; 2\"}]},{\"@type\":\"WebSite\",\"@id\":\"https:\/\/narteks.net\/#website\",\"url\":\"https:\/\/narteks.net\/\",\"name\":\"narteks.net\",\"description\":\"K\u00fclt\u00fcr Sanat Edebiyat Felsefe\",\"publisher\":{\"@id\":\"https:\/\/narteks.net\/#organization\"},\"alternateName\":\"K\u00fclt\u00fcr Sanat Edebiyat Felsefe\",\"potentialAction\":[{\"@type\":\"SearchAction\",\"target\":{\"@type\":\"EntryPoint\",\"urlTemplate\":\"https:\/\/narteks.net\/?s={search_term_string}\"},\"query-input\":{\"@type\":\"PropertyValueSpecification\",\"valueRequired\":true,\"valueName\":\"search_term_string\"}}],\"inLanguage\":\"tr\"},{\"@type\":\"Organization\",\"@id\":\"https:\/\/narteks.net\/#organization\",\"name\":\"narteks.net\",\"url\":\"https:\/\/narteks.net\/\",\"logo\":{\"@type\":\"ImageObject\",\"inLanguage\":\"tr\",\"@id\":\"https:\/\/narteks.net\/#\/schema\/logo\/image\/\",\"url\":\"https:\/\/narteks.net\/wp-content\/uploads\/narteks.png\",\"contentUrl\":\"https:\/\/narteks.net\/wp-content\/uploads\/narteks.png\",\"width\":300,\"height\":90,\"caption\":\"narteks.net\"},\"image\":{\"@id\":\"https:\/\/narteks.net\/#\/schema\/logo\/image\/\"},\"sameAs\":[\"https:\/\/x.com\/narteks\",\"https:\/\/instagram.com\/narteksnet\"]},{\"@type\":\"Person\",\"@id\":\"https:\/\/narteks.net\/#\/schema\/person\/61f37d9834294b72d31d274e7ed79bca\",\"name\":\"Tar\u0131k\",\"image\":{\"@type\":\"ImageObject\",\"inLanguage\":\"tr\",\"@id\":\"https:\/\/narteks.net\/#\/schema\/person\/image\/\",\"url\":\"https:\/\/secure.gravatar.com\/avatar\/50865afb55632c4ae467e0af0930f6510aa2297d8014be502a55b14f3b7550cf?s=96&d=mm&r=g\",\"contentUrl\":\"https:\/\/secure.gravatar.com\/avatar\/50865afb55632c4ae467e0af0930f6510aa2297d8014be502a55b14f3b7550cf?s=96&d=mm&r=g\",\"caption\":\"Tar\u0131k\"},\"sameAs\":[\"http:\/\/narteks.net\"],\"url\":\"https:\/\/narteks.net\/index.php\/author\/narbak\/\"}]}<\/script>\n<!-- \/ Yoast SEO Premium plugin. -->","yoast_head_json":{"title":"ORADA TANIDIKLARIM - 2 - narteks.net","robots":{"index":"index","follow":"follow","max-snippet":"max-snippet:-1","max-image-preview":"max-image-preview:large","max-video-preview":"max-video-preview:-1"},"canonical":"https:\/\/narteks.net\/index.php\/2011\/06\/07\/orada-tanidiklarim-2\/","og_locale":"tr_TR","og_type":"article","og_title":"ORADA TANIDIKLARIM - 2","og_description":"\u00a0 Naz\u0131m yolda\u015f benim k\u0131z\u0131m be\u015f ya\u015f\u0131nda. Benim k\u0131z\u0131m\u0131n annesi 1922 senesi. Benim k\u0131z\u0131m dinledi ilk duvarc\u0131 t\u00fcrk\u00fcs\u00fcn\u00fc kurdu\u011fumuz yap\u0131n\u0131n. Yap\u0131 y\u00fckseldi yap\u0131 b\u00fcy\u00fcd\u00fc. Yeni yap\u0131da yeni dokumac\u0131lar yeni renklerle yeni kuma\u015flar dokuyor. Benim k\u0131z\u0131m b\u00fcy\u00fcd\u00fc, Benim k\u0131z\u0131m Alfabe okuyor. Ben b\u00fcy\u00fcd\u00fcm felsefe okuyorum&#8230;..&#8221; Bir masa. Ba\u015f\u0131nda masan\u0131n beyaz keten elbiseli Tavari\u015f Marusa. Duvarlarda foto\u011fraflar, [&hellip;]","og_url":"https:\/\/narteks.net\/index.php\/2011\/06\/07\/orada-tanidiklarim-2\/","og_site_name":"narteks.net","article_published_time":"2011-06-07T09:01:59+00:00","og_image":[{"width":300,"height":90,"url":"https:\/\/narteks.net\/wp-content\/uploads\/narteks.png","type":"image\/png"}],"author":"Tar\u0131k","twitter_card":"summary_large_image","twitter_creator":"@narteks","twitter_site":"@narteks","twitter_misc":{"Yazan:":"Tar\u0131k","Tahmini okuma s\u00fcresi":"2 dakika"},"schema":{"@context":"https:\/\/schema.org","@graph":[{"@type":"Article","@id":"https:\/\/narteks.net\/index.php\/2011\/06\/07\/orada-tanidiklarim-2\/#article","isPartOf":{"@id":"https:\/\/narteks.net\/index.php\/2011\/06\/07\/orada-tanidiklarim-2\/"},"author":{"name":"Tar\u0131k","@id":"https:\/\/narteks.net\/#\/schema\/person\/61f37d9834294b72d31d274e7ed79bca"},"headline":"ORADA TANIDIKLARIM &#8211; 2","datePublished":"2011-06-07T09:01:59+00:00","mainEntityOfPage":{"@id":"https:\/\/narteks.net\/index.php\/2011\/06\/07\/orada-tanidiklarim-2\/"},"wordCount":437,"commentCount":0,"publisher":{"@id":"https:\/\/narteks.net\/#organization"},"articleSection":["Naz\u0131m H\u0130KMET RAN"],"inLanguage":"tr","potentialAction":[{"@type":"CommentAction","name":"Comment","target":["https:\/\/narteks.net\/index.php\/2011\/06\/07\/orada-tanidiklarim-2\/#respond"]}]},{"@type":"WebPage","@id":"https:\/\/narteks.net\/index.php\/2011\/06\/07\/orada-tanidiklarim-2\/","url":"https:\/\/narteks.net\/index.php\/2011\/06\/07\/orada-tanidiklarim-2\/","name":"ORADA TANIDIKLARIM - 2 - narteks.net","isPartOf":{"@id":"https:\/\/narteks.net\/#website"},"datePublished":"2011-06-07T09:01:59+00:00","breadcrumb":{"@id":"https:\/\/narteks.net\/index.php\/2011\/06\/07\/orada-tanidiklarim-2\/#breadcrumb"},"inLanguage":"tr","potentialAction":[{"@type":"ReadAction","target":["https:\/\/narteks.net\/index.php\/2011\/06\/07\/orada-tanidiklarim-2\/"]}]},{"@type":"BreadcrumbList","@id":"https:\/\/narteks.net\/index.php\/2011\/06\/07\/orada-tanidiklarim-2\/#breadcrumb","itemListElement":[{"@type":"ListItem","position":1,"name":"Anasayfa","item":"https:\/\/narteks.net\/"},{"@type":"ListItem","position":2,"name":"ORADA TANIDIKLARIM &#8211; 2"}]},{"@type":"WebSite","@id":"https:\/\/narteks.net\/#website","url":"https:\/\/narteks.net\/","name":"narteks.net","description":"K\u00fclt\u00fcr Sanat Edebiyat Felsefe","publisher":{"@id":"https:\/\/narteks.net\/#organization"},"alternateName":"K\u00fclt\u00fcr Sanat Edebiyat Felsefe","potentialAction":[{"@type":"SearchAction","target":{"@type":"EntryPoint","urlTemplate":"https:\/\/narteks.net\/?s={search_term_string}"},"query-input":{"@type":"PropertyValueSpecification","valueRequired":true,"valueName":"search_term_string"}}],"inLanguage":"tr"},{"@type":"Organization","@id":"https:\/\/narteks.net\/#organization","name":"narteks.net","url":"https:\/\/narteks.net\/","logo":{"@type":"ImageObject","inLanguage":"tr","@id":"https:\/\/narteks.net\/#\/schema\/logo\/image\/","url":"https:\/\/narteks.net\/wp-content\/uploads\/narteks.png","contentUrl":"https:\/\/narteks.net\/wp-content\/uploads\/narteks.png","width":300,"height":90,"caption":"narteks.net"},"image":{"@id":"https:\/\/narteks.net\/#\/schema\/logo\/image\/"},"sameAs":["https:\/\/x.com\/narteks","https:\/\/instagram.com\/narteksnet"]},{"@type":"Person","@id":"https:\/\/narteks.net\/#\/schema\/person\/61f37d9834294b72d31d274e7ed79bca","name":"Tar\u0131k","image":{"@type":"ImageObject","inLanguage":"tr","@id":"https:\/\/narteks.net\/#\/schema\/person\/image\/","url":"https:\/\/secure.gravatar.com\/avatar\/50865afb55632c4ae467e0af0930f6510aa2297d8014be502a55b14f3b7550cf?s=96&d=mm&r=g","contentUrl":"https:\/\/secure.gravatar.com\/avatar\/50865afb55632c4ae467e0af0930f6510aa2297d8014be502a55b14f3b7550cf?s=96&d=mm&r=g","caption":"Tar\u0131k"},"sameAs":["http:\/\/narteks.net"],"url":"https:\/\/narteks.net\/index.php\/author\/narbak\/"}]}},"_links":{"self":[{"href":"https:\/\/narteks.net\/index.php\/wp-json\/wp\/v2\/posts\/6404","targetHints":{"allow":["GET"]}}],"collection":[{"href":"https:\/\/narteks.net\/index.php\/wp-json\/wp\/v2\/posts"}],"about":[{"href":"https:\/\/narteks.net\/index.php\/wp-json\/wp\/v2\/types\/post"}],"author":[{"embeddable":true,"href":"https:\/\/narteks.net\/index.php\/wp-json\/wp\/v2\/users\/1"}],"replies":[{"embeddable":true,"href":"https:\/\/narteks.net\/index.php\/wp-json\/wp\/v2\/comments?post=6404"}],"version-history":[{"count":0,"href":"https:\/\/narteks.net\/index.php\/wp-json\/wp\/v2\/posts\/6404\/revisions"}],"wp:attachment":[{"href":"https:\/\/narteks.net\/index.php\/wp-json\/wp\/v2\/media?parent=6404"}],"wp:term":[{"taxonomy":"category","embeddable":true,"href":"https:\/\/narteks.net\/index.php\/wp-json\/wp\/v2\/categories?post=6404"},{"taxonomy":"post_tag","embeddable":true,"href":"https:\/\/narteks.net\/index.php\/wp-json\/wp\/v2\/tags?post=6404"}],"curies":[{"name":"wp","href":"https:\/\/api.w.org\/{rel}","templated":true}]}}