{"id":6407,"date":"2011-06-07T12:05:15","date_gmt":"2011-06-07T09:05:15","guid":{"rendered":"http:\/\/localhost\/wordpress\/2011\/06\/07\/portatif-karyola\/"},"modified":"2011-06-07T12:05:15","modified_gmt":"2011-06-07T09:05:15","slug":"portatif-karyola","status":"publish","type":"post","link":"https:\/\/narteks.net\/index.php\/2011\/06\/07\/portatif-karyola\/","title":{"rendered":"PORTAT\u0130F KARYOLA"},"content":{"rendered":"<p>\u00a0<\/p>\n<p>Bu onun karyolas\u0131<br \/> portatif bir karyola.<br \/> O her sabah<br \/> buradan \u00e7\u0131kard\u0131 yola.<br \/> Ve her ak\u015fam<br \/> burda \u00e7\u00f6zerdi \u0131slak ayakkaplar\u0131n\u0131.<br \/> Karyolan\u0131n ba\u015fucunda kitaplar&#8230;<br \/> A\u00e7\u0131yorum<br \/> birer birer<br \/> kitaplar\u0131n\u0131.<br \/> Sat\u0131rlar\u0131n<br \/> \u00fczerinde<br \/> ellerinin izi var.<br \/> Pencerenin i\u00e7indeki<br \/> bu beyaz di\u015f f\u0131r\u00e7as\u0131, bu bembeyaz sabun<br \/> onun&#8230;<br \/> Elsiz kollar\u0131 g\u00f6\u011fs\u00fcnde<br \/> yat\u0131yor karyolan\u0131n \u00fcst\u00fcnde<br \/> lacivert gemici fanilas\u0131..<br \/> Bu onun karyolas\u0131<br \/> portatif bir karyola.<br \/> Duvarda k\u00fclrengi bayraml\u0131k kasketi.<br \/> Yerde bir \u00fc\u00e7\u00fcnc\u00fc mevki<br \/> tren bileti&#8230;<\/p>\n<p>Naz\u0131m Hikmet RAN<\/p>\n","protected":false},"excerpt":{"rendered":"<p>\u00a0 Bu onun karyolas\u0131 portatif bir karyola. O her sabah buradan \u00e7\u0131kard\u0131 yola. Ve her ak\u015fam burda \u00e7\u00f6zerdi \u0131slak ayakkaplar\u0131n\u0131. Karyolan\u0131n ba\u015fucunda kitaplar&#8230; A\u00e7\u0131yorum birer birer kitaplar\u0131n\u0131. Sat\u0131rlar\u0131n \u00fczerinde ellerinin izi var. Pencerenin i\u00e7indeki bu beyaz di\u015f f\u0131r\u00e7as\u0131, bu bembeyaz sabun onun&#8230; Elsiz kollar\u0131 g\u00f6\u011fs\u00fcnde yat\u0131yor karyolan\u0131n \u00fcst\u00fcnde lacivert gemici fanilas\u0131.. Bu onun karyolas\u0131 portatif [&hellip;]<\/p>\n","protected":false},"author":1,"featured_media":0,"comment_status":"open","ping_status":"open","sticky":false,"template":"","format":"standard","meta":{"footnotes":""},"categories":[59],"tags":[],"class_list":{"0":"post-6407","1":"post","2":"type-post","3":"status-publish","4":"format-standard","6":"category-nazim-hikmet-ran"},"yoast_head":"<!-- This site is optimized with the Yoast SEO Premium plugin v24.9 (Yoast SEO v24.9) - https:\/\/yoast.com\/wordpress\/plugins\/seo\/ -->\n<title>PORTAT\u0130F KARYOLA - narteks.net<\/title>\n<meta name=\"robots\" content=\"index, follow, max-snippet:-1, max-image-preview:large, max-video-preview:-1\" \/>\n<link rel=\"canonical\" href=\"https:\/\/narteks.net\/index.php\/2011\/06\/07\/portatif-karyola\/\" \/>\n<meta property=\"og:locale\" content=\"tr_TR\" \/>\n<meta property=\"og:type\" content=\"article\" \/>\n<meta property=\"og:title\" content=\"PORTAT\u0130F KARYOLA\" \/>\n<meta property=\"og:description\" content=\"\u00a0 Bu onun karyolas\u0131 portatif bir karyola. O her sabah buradan \u00e7\u0131kard\u0131 yola. Ve her ak\u015fam burda \u00e7\u00f6zerdi \u0131slak ayakkaplar\u0131n\u0131. Karyolan\u0131n ba\u015fucunda kitaplar&#8230; A\u00e7\u0131yorum birer birer kitaplar\u0131n\u0131. Sat\u0131rlar\u0131n \u00fczerinde ellerinin izi var. Pencerenin i\u00e7indeki bu beyaz di\u015f f\u0131r\u00e7as\u0131, bu bembeyaz sabun onun&#8230; Elsiz kollar\u0131 g\u00f6\u011fs\u00fcnde yat\u0131yor karyolan\u0131n \u00fcst\u00fcnde lacivert gemici fanilas\u0131.. Bu onun karyolas\u0131 portatif [&hellip;]\" \/>\n<meta property=\"og:url\" content=\"https:\/\/narteks.net\/index.php\/2011\/06\/07\/portatif-karyola\/\" \/>\n<meta property=\"og:site_name\" content=\"narteks.net\" \/>\n<meta property=\"article:published_time\" content=\"2011-06-07T09:05:15+00:00\" \/>\n<meta property=\"og:image\" content=\"https:\/\/narteks.net\/wp-content\/uploads\/narteks.png\" \/>\n\t<meta property=\"og:image:width\" content=\"300\" \/>\n\t<meta property=\"og:image:height\" content=\"90\" \/>\n\t<meta property=\"og:image:type\" content=\"image\/png\" \/>\n<meta name=\"author\" content=\"Tar\u0131k\" \/>\n<meta name=\"twitter:card\" content=\"summary_large_image\" \/>\n<meta name=\"twitter:creator\" content=\"@narteks\" \/>\n<meta name=\"twitter:site\" content=\"@narteks\" \/>\n<meta name=\"twitter:label1\" content=\"Yazan:\" \/>\n\t<meta name=\"twitter:data1\" content=\"Tar\u0131k\" \/>\n<script type=\"application\/ld+json\" class=\"yoast-schema-graph\">{\"@context\":\"https:\/\/schema.org\",\"@graph\":[{\"@type\":\"Article\",\"@id\":\"https:\/\/narteks.net\/index.php\/2011\/06\/07\/portatif-karyola\/#article\",\"isPartOf\":{\"@id\":\"https:\/\/narteks.net\/index.php\/2011\/06\/07\/portatif-karyola\/\"},\"author\":{\"name\":\"Tar\u0131k\",\"@id\":\"https:\/\/narteks.net\/#\/schema\/person\/61f37d9834294b72d31d274e7ed79bca\"},\"headline\":\"PORTAT\u0130F KARYOLA\",\"datePublished\":\"2011-06-07T09:05:15+00:00\",\"mainEntityOfPage\":{\"@id\":\"https:\/\/narteks.net\/index.php\/2011\/06\/07\/portatif-karyola\/\"},\"wordCount\":91,\"commentCount\":0,\"publisher\":{\"@id\":\"https:\/\/narteks.net\/#organization\"},\"articleSection\":[\"Naz\u0131m H\u0130KMET RAN\"],\"inLanguage\":\"tr\",\"potentialAction\":[{\"@type\":\"CommentAction\",\"name\":\"Comment\",\"target\":[\"https:\/\/narteks.net\/index.php\/2011\/06\/07\/portatif-karyola\/#respond\"]}]},{\"@type\":\"WebPage\",\"@id\":\"https:\/\/narteks.net\/index.php\/2011\/06\/07\/portatif-karyola\/\",\"url\":\"https:\/\/narteks.net\/index.php\/2011\/06\/07\/portatif-karyola\/\",\"name\":\"PORTAT\u0130F KARYOLA - narteks.net\",\"isPartOf\":{\"@id\":\"https:\/\/narteks.net\/#website\"},\"datePublished\":\"2011-06-07T09:05:15+00:00\",\"breadcrumb\":{\"@id\":\"https:\/\/narteks.net\/index.php\/2011\/06\/07\/portatif-karyola\/#breadcrumb\"},\"inLanguage\":\"tr\",\"potentialAction\":[{\"@type\":\"ReadAction\",\"target\":[\"https:\/\/narteks.net\/index.php\/2011\/06\/07\/portatif-karyola\/\"]}]},{\"@type\":\"BreadcrumbList\",\"@id\":\"https:\/\/narteks.net\/index.php\/2011\/06\/07\/portatif-karyola\/#breadcrumb\",\"itemListElement\":[{\"@type\":\"ListItem\",\"position\":1,\"name\":\"Anasayfa\",\"item\":\"https:\/\/narteks.net\/\"},{\"@type\":\"ListItem\",\"position\":2,\"name\":\"PORTAT\u0130F KARYOLA\"}]},{\"@type\":\"WebSite\",\"@id\":\"https:\/\/narteks.net\/#website\",\"url\":\"https:\/\/narteks.net\/\",\"name\":\"narteks.net\",\"description\":\"K\u00fclt\u00fcr Sanat Edebiyat Felsefe\",\"publisher\":{\"@id\":\"https:\/\/narteks.net\/#organization\"},\"alternateName\":\"K\u00fclt\u00fcr Sanat Edebiyat Felsefe\",\"potentialAction\":[{\"@type\":\"SearchAction\",\"target\":{\"@type\":\"EntryPoint\",\"urlTemplate\":\"https:\/\/narteks.net\/?s={search_term_string}\"},\"query-input\":{\"@type\":\"PropertyValueSpecification\",\"valueRequired\":true,\"valueName\":\"search_term_string\"}}],\"inLanguage\":\"tr\"},{\"@type\":\"Organization\",\"@id\":\"https:\/\/narteks.net\/#organization\",\"name\":\"narteks.net\",\"url\":\"https:\/\/narteks.net\/\",\"logo\":{\"@type\":\"ImageObject\",\"inLanguage\":\"tr\",\"@id\":\"https:\/\/narteks.net\/#\/schema\/logo\/image\/\",\"url\":\"https:\/\/narteks.net\/wp-content\/uploads\/narteks.png\",\"contentUrl\":\"https:\/\/narteks.net\/wp-content\/uploads\/narteks.png\",\"width\":300,\"height\":90,\"caption\":\"narteks.net\"},\"image\":{\"@id\":\"https:\/\/narteks.net\/#\/schema\/logo\/image\/\"},\"sameAs\":[\"https:\/\/x.com\/narteks\",\"https:\/\/instagram.com\/narteksnet\"]},{\"@type\":\"Person\",\"@id\":\"https:\/\/narteks.net\/#\/schema\/person\/61f37d9834294b72d31d274e7ed79bca\",\"name\":\"Tar\u0131k\",\"image\":{\"@type\":\"ImageObject\",\"inLanguage\":\"tr\",\"@id\":\"https:\/\/narteks.net\/#\/schema\/person\/image\/\",\"url\":\"https:\/\/secure.gravatar.com\/avatar\/50865afb55632c4ae467e0af0930f6510aa2297d8014be502a55b14f3b7550cf?s=96&d=mm&r=g\",\"contentUrl\":\"https:\/\/secure.gravatar.com\/avatar\/50865afb55632c4ae467e0af0930f6510aa2297d8014be502a55b14f3b7550cf?s=96&d=mm&r=g\",\"caption\":\"Tar\u0131k\"},\"sameAs\":[\"http:\/\/narteks.net\"],\"url\":\"https:\/\/narteks.net\/index.php\/author\/narbak\/\"}]}<\/script>\n<!-- \/ Yoast SEO Premium plugin. -->","yoast_head_json":{"title":"PORTAT\u0130F KARYOLA - narteks.net","robots":{"index":"index","follow":"follow","max-snippet":"max-snippet:-1","max-image-preview":"max-image-preview:large","max-video-preview":"max-video-preview:-1"},"canonical":"https:\/\/narteks.net\/index.php\/2011\/06\/07\/portatif-karyola\/","og_locale":"tr_TR","og_type":"article","og_title":"PORTAT\u0130F KARYOLA","og_description":"\u00a0 Bu onun karyolas\u0131 portatif bir karyola. O her sabah buradan \u00e7\u0131kard\u0131 yola. Ve her ak\u015fam burda \u00e7\u00f6zerdi \u0131slak ayakkaplar\u0131n\u0131. Karyolan\u0131n ba\u015fucunda kitaplar&#8230; A\u00e7\u0131yorum birer birer kitaplar\u0131n\u0131. Sat\u0131rlar\u0131n \u00fczerinde ellerinin izi var. Pencerenin i\u00e7indeki bu beyaz di\u015f f\u0131r\u00e7as\u0131, bu bembeyaz sabun onun&#8230; Elsiz kollar\u0131 g\u00f6\u011fs\u00fcnde yat\u0131yor karyolan\u0131n \u00fcst\u00fcnde lacivert gemici fanilas\u0131.. Bu onun karyolas\u0131 portatif [&hellip;]","og_url":"https:\/\/narteks.net\/index.php\/2011\/06\/07\/portatif-karyola\/","og_site_name":"narteks.net","article_published_time":"2011-06-07T09:05:15+00:00","og_image":[{"width":300,"height":90,"url":"https:\/\/narteks.net\/wp-content\/uploads\/narteks.png","type":"image\/png"}],"author":"Tar\u0131k","twitter_card":"summary_large_image","twitter_creator":"@narteks","twitter_site":"@narteks","twitter_misc":{"Yazan:":"Tar\u0131k"},"schema":{"@context":"https:\/\/schema.org","@graph":[{"@type":"Article","@id":"https:\/\/narteks.net\/index.php\/2011\/06\/07\/portatif-karyola\/#article","isPartOf":{"@id":"https:\/\/narteks.net\/index.php\/2011\/06\/07\/portatif-karyola\/"},"author":{"name":"Tar\u0131k","@id":"https:\/\/narteks.net\/#\/schema\/person\/61f37d9834294b72d31d274e7ed79bca"},"headline":"PORTAT\u0130F KARYOLA","datePublished":"2011-06-07T09:05:15+00:00","mainEntityOfPage":{"@id":"https:\/\/narteks.net\/index.php\/2011\/06\/07\/portatif-karyola\/"},"wordCount":91,"commentCount":0,"publisher":{"@id":"https:\/\/narteks.net\/#organization"},"articleSection":["Naz\u0131m H\u0130KMET RAN"],"inLanguage":"tr","potentialAction":[{"@type":"CommentAction","name":"Comment","target":["https:\/\/narteks.net\/index.php\/2011\/06\/07\/portatif-karyola\/#respond"]}]},{"@type":"WebPage","@id":"https:\/\/narteks.net\/index.php\/2011\/06\/07\/portatif-karyola\/","url":"https:\/\/narteks.net\/index.php\/2011\/06\/07\/portatif-karyola\/","name":"PORTAT\u0130F KARYOLA - narteks.net","isPartOf":{"@id":"https:\/\/narteks.net\/#website"},"datePublished":"2011-06-07T09:05:15+00:00","breadcrumb":{"@id":"https:\/\/narteks.net\/index.php\/2011\/06\/07\/portatif-karyola\/#breadcrumb"},"inLanguage":"tr","potentialAction":[{"@type":"ReadAction","target":["https:\/\/narteks.net\/index.php\/2011\/06\/07\/portatif-karyola\/"]}]},{"@type":"BreadcrumbList","@id":"https:\/\/narteks.net\/index.php\/2011\/06\/07\/portatif-karyola\/#breadcrumb","itemListElement":[{"@type":"ListItem","position":1,"name":"Anasayfa","item":"https:\/\/narteks.net\/"},{"@type":"ListItem","position":2,"name":"PORTAT\u0130F KARYOLA"}]},{"@type":"WebSite","@id":"https:\/\/narteks.net\/#website","url":"https:\/\/narteks.net\/","name":"narteks.net","description":"K\u00fclt\u00fcr Sanat Edebiyat Felsefe","publisher":{"@id":"https:\/\/narteks.net\/#organization"},"alternateName":"K\u00fclt\u00fcr Sanat Edebiyat Felsefe","potentialAction":[{"@type":"SearchAction","target":{"@type":"EntryPoint","urlTemplate":"https:\/\/narteks.net\/?s={search_term_string}"},"query-input":{"@type":"PropertyValueSpecification","valueRequired":true,"valueName":"search_term_string"}}],"inLanguage":"tr"},{"@type":"Organization","@id":"https:\/\/narteks.net\/#organization","name":"narteks.net","url":"https:\/\/narteks.net\/","logo":{"@type":"ImageObject","inLanguage":"tr","@id":"https:\/\/narteks.net\/#\/schema\/logo\/image\/","url":"https:\/\/narteks.net\/wp-content\/uploads\/narteks.png","contentUrl":"https:\/\/narteks.net\/wp-content\/uploads\/narteks.png","width":300,"height":90,"caption":"narteks.net"},"image":{"@id":"https:\/\/narteks.net\/#\/schema\/logo\/image\/"},"sameAs":["https:\/\/x.com\/narteks","https:\/\/instagram.com\/narteksnet"]},{"@type":"Person","@id":"https:\/\/narteks.net\/#\/schema\/person\/61f37d9834294b72d31d274e7ed79bca","name":"Tar\u0131k","image":{"@type":"ImageObject","inLanguage":"tr","@id":"https:\/\/narteks.net\/#\/schema\/person\/image\/","url":"https:\/\/secure.gravatar.com\/avatar\/50865afb55632c4ae467e0af0930f6510aa2297d8014be502a55b14f3b7550cf?s=96&d=mm&r=g","contentUrl":"https:\/\/secure.gravatar.com\/avatar\/50865afb55632c4ae467e0af0930f6510aa2297d8014be502a55b14f3b7550cf?s=96&d=mm&r=g","caption":"Tar\u0131k"},"sameAs":["http:\/\/narteks.net"],"url":"https:\/\/narteks.net\/index.php\/author\/narbak\/"}]}},"_links":{"self":[{"href":"https:\/\/narteks.net\/index.php\/wp-json\/wp\/v2\/posts\/6407","targetHints":{"allow":["GET"]}}],"collection":[{"href":"https:\/\/narteks.net\/index.php\/wp-json\/wp\/v2\/posts"}],"about":[{"href":"https:\/\/narteks.net\/index.php\/wp-json\/wp\/v2\/types\/post"}],"author":[{"embeddable":true,"href":"https:\/\/narteks.net\/index.php\/wp-json\/wp\/v2\/users\/1"}],"replies":[{"embeddable":true,"href":"https:\/\/narteks.net\/index.php\/wp-json\/wp\/v2\/comments?post=6407"}],"version-history":[{"count":0,"href":"https:\/\/narteks.net\/index.php\/wp-json\/wp\/v2\/posts\/6407\/revisions"}],"wp:attachment":[{"href":"https:\/\/narteks.net\/index.php\/wp-json\/wp\/v2\/media?parent=6407"}],"wp:term":[{"taxonomy":"category","embeddable":true,"href":"https:\/\/narteks.net\/index.php\/wp-json\/wp\/v2\/categories?post=6407"},{"taxonomy":"post_tag","embeddable":true,"href":"https:\/\/narteks.net\/index.php\/wp-json\/wp\/v2\/tags?post=6407"}],"curies":[{"name":"wp","href":"https:\/\/api.w.org\/{rel}","templated":true}]}}