{"id":641,"date":"2009-04-16T10:25:34","date_gmt":"2009-04-16T07:25:34","guid":{"rendered":"http:\/\/localhost\/wordpress\/2009\/04\/16\/hayallern-yak-ev-isit-hayalet\/"},"modified":"2009-04-16T10:25:34","modified_gmt":"2009-04-16T07:25:34","slug":"hayallern-yak-ev-isit-hayalet","status":"publish","type":"post","link":"https:\/\/narteks.net\/index.php\/2009\/04\/16\/hayallern-yak-ev-isit-hayalet\/","title":{"rendered":"HAYALLER\u0130N\u0130 YAK EV\u0130 ISIT \/ HAYALET"},"content":{"rendered":"<p>\u00a0<\/p>\n<p>Tek ba\u015f\u0131na bir odada kal\u0131yordun. Odan\u0131n duvarlar\u0131 ba\u015ftan ba\u015fa camd\u0131. Ba\u015ftan ba\u015fa s\u0131ms\u0131cak ruhtu&#8230; <\/p>\n<p> Odan\u0131n ortas\u0131nda \u00e7\u0131r\u0131l\u00e7\u0131plakt\u0131n. Bir sandalyede oturuyordun. Odan \u0131l\u0131k, tan\u0131d\u0131k, hi\u00e7 kesilmeyen bir r\u00fcyan\u0131n ortas\u0131nda sal\u0131n\u0131yordu. Y\u00fcz\u00fcnden d\u00fcnyadaki b\u00fct\u00fcn zamanlar ge\u00e7iyordu. Y\u00fcz\u00fcndeki b\u00fct\u00fcn zamanlar\u0131 \u00f6zl\u00fcyordum&#8230; Y\u00fcz\u00fcn\u00fcn b\u00fct\u00fcn zamanlar\u0131n\u0131n d\u0131\u015f\u0131ndayd\u0131m. <\/p>\n<p> Odanda tek ba\u015f\u0131nayd\u0131n, ama o b\u00fcy\u00fcs\u00fcn\u00fc, o derinli\u011fini ya\u015famay\u0131 \u00e7ok arzulasam da, yine de nerede oldu\u011funu bilmedi\u011fim d\u00fcnyaya senden gidiliyordu&#8230; Senin g\u00f6zlerinden g\u00f6r\u00fcl\u00fcyordu&#8230; Senin g\u00f6zlerinden g\u00f6r\u00fcl\u00fcyordu benim sonsuz d\u00fc\u015f\u00fcm&#8230; Sonsuz kay\u0131pl\u0131\u011f\u0131m&#8230; Varl\u0131\u011f\u0131m\u0131n bir par\u00e7as\u0131 sana gitmi\u015f, bir par\u00e7as\u0131 bende kalm\u0131\u015ft\u0131. Varl\u0131\u011f\u0131m\u0131n sende olan par\u00e7as\u0131 seninle ger\u00e7ek d\u00fcnyaya, ba\u015fka ruhlara, \u00f6teki hayatlara gidiyordu&#8230; <\/p>\n<p> Beni i\u00e7eri, odana, yan\u0131na almam\u0131\u015ft\u0131n. <\/p>\n<p> Varl\u0131\u011f\u0131m\u0131n en sahici, en cesur, en erdemli yan\u0131 i\u00e7erde, seninle kalm\u0131\u015ft\u0131, seninle gitmi\u015fti \u00f6teki hayatlara, ba\u015fka ruhlara&#8230; <\/p>\n<p> B\u00f6yle ba\u015flam\u0131\u015ft\u0131 o b\u00fcy\u00fck d\u0131\u015flanmam. <\/p>\n<p> \u00d6mr\u00fcm odan\u0131n kap\u0131s\u0131nda, beni i\u00e7eri \u00e7a\u011f\u0131rman\u0131 beklemekle ge\u00e7mi\u015fti&#8230; <\/p>\n<p> Ya\u015famad\u0131m diyemem, ya\u015fad\u0131m. <\/p>\n<p> Sevgilerim oldu. Ba\u015far\u0131lar kazand\u0131m. Misafirler geldi evlerime&#8230; \u00c7\u0131lg\u0131n, ba\u015f\u0131bo\u015f, \u015f\u0131mar\u0131k, ihtiras dolu yaz ak\u015famlar\u0131m oldu&#8230; Sevgi dolu mektuplar\u0131 ald\u0131m. Telgraflar, \u00e7a\u011fr\u0131lar&#8230; Yolculuklara \u00e7\u0131kt\u0131m. Beni kar\u015f\u0131layanlara el sallad\u0131m sevin\u00e7le, i\u00e7im kama\u015farak&#8230; \u0130\u015ftahl\u0131yd\u0131m. Arzular\u0131m hi\u00e7 dinmeyecek gibiydi&#8230; Do\u011fum g\u00fcnlerimde pastam\u0131 keserken herkese ve kendime hak etti\u011fimizden daha \u00e7ok \u015fans diledim hep&#8230; <\/p>\n<p> Ama yine de unutamazd\u0131m senin kap\u0131nda bekletildi\u011fimi, beni i\u00e7eri almad\u0131\u011f\u0131n\u0131, varl\u0131\u011f\u0131m\u0131n en anlaml\u0131, en sahici par\u00e7as\u0131n\u0131n sende kald\u0131\u011f\u0131n\u0131, o ikiye b\u00f6l\u00fcnm\u00fc\u015fl\u00fc\u011f\u00fcm\u00fcn derin s\u0131z\u0131s\u0131n\u0131 unutamazd\u0131m, bunun y\u0131llarca s\u00fcrece\u011fini ve de hi\u00e7 dinmeyece\u011fini&#8230; <\/p>\n<p> Baz\u0131 geceler penceremi a\u00e7ar derin nefesler al\u0131rd\u0131m. Nefes al\u0131rken g\u00fcc\u00fcm\u00fc daha da art\u0131rs\u0131n, ac\u0131lar\u0131m\u0131 bana unuttursun diye Tanr\u0131\ufffdya yaranmak ge\u00e7erdi akl\u0131mdan. <\/p>\n<p> Do\u011fan\u0131n ayr\u0131lmaz bir par\u00e7as\u0131yd\u0131 odan. Odan do\u011fadaki o en a\u011f\u0131rba\u015fl\u0131 cinayetlerin ortas\u0131nda sessizce beklerdi&#8230; Daha da \u0131s\u0131n\u0131rd\u0131 sahipsiz ruhlardan yap\u0131lm\u0131\u015f camlar\u0131&#8230; O camlar\u0131 k\u0131rabilsem, sana dokunabilsem, kendimi sana inand\u0131rabilsem kainat\u0131n b\u00fct\u00fcn \u015fefkati, b\u00fct\u00fcn sevgisi i\u00e7ime akacakt\u0131, biliyorum&#8230; <\/p>\n<p> Ya\u015farken hi\u00e7 tatmad\u0131\u011f\u0131m bu duygu elimi uzatsam dokunabilece\u011fim kadar yak\u0131nd\u0131 sanki. Ama neden bu kadar uzaktayd\u0131, hi\u00e7 anlayam\u0131yordum&#8230; Bilmek \u00e7\u00f6zer san\u0131yordum bu muammay\u0131&#8230; Bu uzakl\u0131\u011fa \u00e7al\u0131\u015f\u0131rsam beni i\u00e7eri al\u0131rs\u0131n diye d\u00fc\u015f\u00fcn\u00fcyordum&#8230; <\/p>\n<p> \u00c7\u00fcnk\u00fc ya\u015fad\u0131\u011f\u0131m \u015fehirlerden en umutsuz durumlardan b\u00fcy\u00fck vaatler, b\u00fcy\u00fck s\u00fcrprizler \u00e7\u0131kar\u0131yorlard\u0131 kar\u015f\u0131ma insanlar&#8230; Sanki insanlar o b\u00fcy\u00fck kaybolu\u015flar\u0131n\u0131 unutturmak i\u00e7in bir arada ya\u015f\u0131yorlard\u0131&#8230; <\/p>\n<p> Ben de o insanlardan biriydim ve bir g\u00fcn kap\u0131n\u0131 a\u00e7\u0131p beni i\u00e7eri alaca\u011f\u0131n\u0131, bir g\u00fcn beni ger\u00e7ekten sevece\u011fini san\u0131yordum&#8230; <\/p>\n<p> Bu y\u00fczden d\u00fcnyadaki hi\u00e7bir \u015fey \u00fczerinde dikkatimi yo\u011funla\u015ft\u0131ram\u0131yordum. Bu hayatta hi\u00e7bir \u015feyi tam yapam\u0131yordum. G\u00f6renler kendimden intikam al\u0131yorum san\u0131yorlard\u0131&#8230; <\/p>\n<p> Sonsuz bir ertelemeydi hayat\u0131m. <\/p>\n<p> Asl\u0131nda bu bir gecikmi\u015flik de\u011fildi. Hayattan istifa etmek de de\u011fildi. Hem sen olmadan nereye gidebilirdim ki? Ben senden uzakla\u015ft\u0131\u011f\u0131mda gecikmi\u015f olurdum her \u015feye, seni sevmekten vazge\u00e7ti\u011fimde intikam alm\u0131\u015f olurdum her \u015feyden, seni sevmekten vazge\u00e7ti\u011fimde intikam alm\u0131\u015f olurdum kendimden&#8230; <\/p>\n<p> Uza\u011fa, istedi\u011fim uzaklara gitme \u015fans\u0131m ancak yan\u0131nda olursam m\u00fcmk\u00fcnd\u00fc. \u00c7\u00fcnk\u00fc ne zaman i\u00e7ime baksam y\u00fcz\u00fcnden ge\u00e7en b\u00fct\u00fcn zamanlar\u0131, b\u00fct\u00fcn \u00f6zleyi\u015fleri, y\u00fcz\u00fcnden ger\u00e7ek d\u00fcnyaya a\u00e7\u0131lan yollar\u0131, ba\u015fka ve \u00f6teki hayatlar\u0131 g\u00f6r\u00fcyordum&#8230; Y\u00fcz\u00fcnde varl\u0131\u011f\u0131m\u0131n sende kalan par\u00e7as\u0131n\u0131 g\u00f6r\u00fcyordum. B\u00f6yle zamanlarda y\u00fcz\u00fcnde, ac\u0131yla g\u00f6lgelense de ba\u011f\u0131\u015flayan bir g\u00fcl\u00fcmseme olurdu. Ve bu g\u00fcl\u00fcmseme senin beni bir g\u00fcn i\u00e7indeki varl\u0131\u011f\u0131mla bulu\u015fturaca\u011f\u0131n\u0131 hissettirdi&#8230; <\/p>\n<p> \u0130\u015fte o zaman bu s\u00fcrg\u00fcn bitecekti&#8230; <\/p>\n<p> \u0130\u015fte o zaman ya\u015fad\u0131\u011f\u0131m b\u00fct\u00fcn endi\u015feler, bu su\u00e7luluk, de\u011fersizlik duygular\u0131, bu korkular, bu g\u00fcna\u015f\u0131r\u0131 intiharlar bitecekti&#8230; <\/p>\n<p> Bunu bile bile ya\u015famak nedir bilir misin? &#8230; <\/p>\n<p> Geri d\u00f6nece\u011fini bile bile tan\u0131mad\u0131\u011f\u0131n, sana hep yabanc\u0131 yollara d\u00fc\u015fmek&#8230; <\/p>\n<p> Kar\u015f\u0131na \u00e7\u0131kan herkeste seni aramak&#8230; Seni hat\u0131rlatt\u0131\u011f\u0131 i\u00e7in birine \u00e2\u015f\u0131k oldu\u011funu sanmak&#8230; Sen olmad\u0131\u011f\u0131n\u0131 bile bile, b\u00fct\u00fcn hayat\u0131n\u0131 bu ili\u015fkiye adamak i\u00e7in \u00e7\u0131rp\u0131n\u0131p durmak&#8230; <\/p>\n<p> Bunu bile bile ya\u015famak nedir bilir misin? &#8230; <\/p>\n<p> D\u00fc\u015f\u00fcnsene, ben seninle d\u00fc\u015flerimi, heyecanlar\u0131m\u0131, \u00e7ocuklu\u011fumu, ac\u0131lar\u0131m\u0131 aldatt\u0131m&#8230; <\/p>\n<p> Seni unuturum diye ya\u015famaya ba\u015flad\u0131\u011f\u0131m her a\u015fk\u0131, ben yine seninle aldatt\u0131m&#8230; <\/p>\n<p> Sen beni i\u00e7ine almad\u0131\u011f\u0131ndan beri y\u0131llard\u0131r ben seninle kendimi aldatt\u0131m&#8230; <\/p>\n<p> Bir tek seni sevdi\u011fim do\u011fruydu&#8230; Ve bu do\u011fru y\u00fcz\u00fcnden hayat\u0131m yalana batt\u0131&#8230; <\/p>\n<p> Sen beni d\u0131\u015flad\u0131\u011f\u0131ndan beri beni sevenlere bir hayalet hediye ettin&#8230; <\/p>\n<p> Tepeden t\u0131rna\u011fa a\u015fka, tepeden t\u0131rna\u011fa \u00f6zleme batm\u0131\u015f bir hayalet&#8230; <\/p>\n<p> Bu hayaletin i\u00e7inde beni de\u011fil seni g\u00f6rd\u00fcler hep. \u00c7o\u011fu bu hayalete dayanamay\u0131p \u00e7ekip gitti&#8230; <\/p>\n<p> Kimisi senin beni bekletti\u011fin kap\u0131da, beni bekledi. Seni beklemekten yorulur, onunla birlikte \u00e7ekip giderim diye buralardan&#8230; <\/p>\n<p> Ve ben en \u00e7ok onlar\u0131n sevgisine inand\u0131m. En \u00e7ok onlara derinden \u00fcz\u00fcld\u00fcm. Ve hep merak ettim, kar\u015f\u0131l\u0131ks\u0131z ve onca y\u0131l bir hayaleti nas\u0131l b\u00f6ylesine sevebildiler diye&#8230; D\u00fcnyan\u0131n iyi bir yer oldu\u011funa ve ya\u015famak i\u00e7in \u00e7ok sebep bulundu\u011funa bu insanlar\u0131n bir hayalete duyduklar\u0131 o ak\u0131lalmaz, o sonsuz sevgileri y\u00fcz\u00fcnden bir kez daha inand\u0131m&#8230; <\/p>\n<p> Seni unutmak i\u00e7in ba\u015flad\u0131\u011f\u0131 her a\u015fk\u0131 yine seninle aldatan bir hayalete&#8230; <\/p>\n<p> Seninle kendini, b\u00fct\u00fcn hayat\u0131n\u0131, d\u00fc\u015flerini, \u00e7ocuklu\u011funu, ya\u015fad\u0131\u011f\u0131 b\u00fct\u00fcn ac\u0131lar\u0131 aldatan bir hayalete&#8230; <\/p>\n<p> Bir tek sana duydu\u011fu sevgisi do\u011fru olan, bu y\u00fczden b\u00fct\u00fcn hayat\u0131 b\u00fcy\u00fck bir yalan olan hayalete&#8230;<\/p>\n<p>Cezmi ERS\u00d6Z<\/p>\n","protected":false},"excerpt":{"rendered":"<p>\u00a0 Tek ba\u015f\u0131na bir odada kal\u0131yordun. Odan\u0131n duvarlar\u0131 ba\u015ftan ba\u015fa camd\u0131. Ba\u015ftan ba\u015fa s\u0131ms\u0131cak ruhtu&#8230; Odan\u0131n ortas\u0131nda \u00e7\u0131r\u0131l\u00e7\u0131plakt\u0131n. Bir sandalyede oturuyordun. Odan \u0131l\u0131k, tan\u0131d\u0131k, hi\u00e7 kesilmeyen bir r\u00fcyan\u0131n ortas\u0131nda sal\u0131n\u0131yordu. Y\u00fcz\u00fcnden d\u00fcnyadaki b\u00fct\u00fcn zamanlar ge\u00e7iyordu. Y\u00fcz\u00fcndeki b\u00fct\u00fcn zamanlar\u0131 \u00f6zl\u00fcyordum&#8230; Y\u00fcz\u00fcn\u00fcn b\u00fct\u00fcn zamanlar\u0131n\u0131n d\u0131\u015f\u0131ndayd\u0131m. Odanda tek ba\u015f\u0131nayd\u0131n, ama o b\u00fcy\u00fcs\u00fcn\u00fc, o derinli\u011fini ya\u015famay\u0131 \u00e7ok arzulasam da, [&hellip;]<\/p>\n","protected":false},"author":1,"featured_media":0,"comment_status":"open","ping_status":"open","sticky":false,"template":"","format":"standard","meta":{"footnotes":""},"categories":[18],"tags":[],"class_list":{"0":"post-641","1":"post","2":"type-post","3":"status-publish","4":"format-standard","6":"category-cezmi-ersoz"},"yoast_head":"<!-- This site is optimized with the Yoast SEO Premium plugin v24.9 (Yoast SEO v24.9) - https:\/\/yoast.com\/wordpress\/plugins\/seo\/ -->\n<title>HAYALLER\u0130N\u0130 YAK EV\u0130 ISIT \/ HAYALET - narteks.net<\/title>\n<meta name=\"robots\" content=\"index, follow, max-snippet:-1, max-image-preview:large, max-video-preview:-1\" \/>\n<link rel=\"canonical\" href=\"https:\/\/narteks.net\/index.php\/2009\/04\/16\/hayallern-yak-ev-isit-hayalet\/\" \/>\n<meta property=\"og:locale\" content=\"tr_TR\" \/>\n<meta property=\"og:type\" content=\"article\" \/>\n<meta property=\"og:title\" content=\"HAYALLER\u0130N\u0130 YAK EV\u0130 ISIT \/ HAYALET\" \/>\n<meta property=\"og:description\" content=\"\u00a0 Tek ba\u015f\u0131na bir odada kal\u0131yordun. Odan\u0131n duvarlar\u0131 ba\u015ftan ba\u015fa camd\u0131. Ba\u015ftan ba\u015fa s\u0131ms\u0131cak ruhtu&#8230; Odan\u0131n ortas\u0131nda \u00e7\u0131r\u0131l\u00e7\u0131plakt\u0131n. Bir sandalyede oturuyordun. Odan \u0131l\u0131k, tan\u0131d\u0131k, hi\u00e7 kesilmeyen bir r\u00fcyan\u0131n ortas\u0131nda sal\u0131n\u0131yordu. Y\u00fcz\u00fcnden d\u00fcnyadaki b\u00fct\u00fcn zamanlar ge\u00e7iyordu. Y\u00fcz\u00fcndeki b\u00fct\u00fcn zamanlar\u0131 \u00f6zl\u00fcyordum&#8230; Y\u00fcz\u00fcn\u00fcn b\u00fct\u00fcn zamanlar\u0131n\u0131n d\u0131\u015f\u0131ndayd\u0131m. Odanda tek ba\u015f\u0131nayd\u0131n, ama o b\u00fcy\u00fcs\u00fcn\u00fc, o derinli\u011fini ya\u015famay\u0131 \u00e7ok arzulasam da, [&hellip;]\" \/>\n<meta property=\"og:url\" content=\"https:\/\/narteks.net\/index.php\/2009\/04\/16\/hayallern-yak-ev-isit-hayalet\/\" \/>\n<meta property=\"og:site_name\" content=\"narteks.net\" \/>\n<meta property=\"article:published_time\" content=\"2009-04-16T07:25:34+00:00\" \/>\n<meta property=\"og:image\" content=\"https:\/\/narteks.net\/wp-content\/uploads\/narteks.png\" \/>\n\t<meta property=\"og:image:width\" content=\"300\" \/>\n\t<meta property=\"og:image:height\" content=\"90\" \/>\n\t<meta property=\"og:image:type\" content=\"image\/png\" \/>\n<meta name=\"author\" content=\"Tar\u0131k\" \/>\n<meta name=\"twitter:card\" content=\"summary_large_image\" \/>\n<meta name=\"twitter:creator\" content=\"@narteks\" \/>\n<meta name=\"twitter:site\" content=\"@narteks\" \/>\n<meta name=\"twitter:label1\" content=\"Yazan:\" \/>\n\t<meta name=\"twitter:data1\" content=\"Tar\u0131k\" \/>\n\t<meta name=\"twitter:label2\" content=\"Tahmini okuma s\u00fcresi\" \/>\n\t<meta name=\"twitter:data2\" content=\"6 dakika\" \/>\n<script type=\"application\/ld+json\" class=\"yoast-schema-graph\">{\"@context\":\"https:\/\/schema.org\",\"@graph\":[{\"@type\":\"Article\",\"@id\":\"https:\/\/narteks.net\/index.php\/2009\/04\/16\/hayallern-yak-ev-isit-hayalet\/#article\",\"isPartOf\":{\"@id\":\"https:\/\/narteks.net\/index.php\/2009\/04\/16\/hayallern-yak-ev-isit-hayalet\/\"},\"author\":{\"name\":\"Tar\u0131k\",\"@id\":\"https:\/\/narteks.net\/#\/schema\/person\/61f37d9834294b72d31d274e7ed79bca\"},\"headline\":\"HAYALLER\u0130N\u0130 YAK EV\u0130 ISIT \/ HAYALET\",\"datePublished\":\"2009-04-16T07:25:34+00:00\",\"mainEntityOfPage\":{\"@id\":\"https:\/\/narteks.net\/index.php\/2009\/04\/16\/hayallern-yak-ev-isit-hayalet\/\"},\"wordCount\":1117,\"commentCount\":0,\"publisher\":{\"@id\":\"https:\/\/narteks.net\/#organization\"},\"articleSection\":[\"Cezmi ERS\u00d6Z\"],\"inLanguage\":\"tr\",\"potentialAction\":[{\"@type\":\"CommentAction\",\"name\":\"Comment\",\"target\":[\"https:\/\/narteks.net\/index.php\/2009\/04\/16\/hayallern-yak-ev-isit-hayalet\/#respond\"]}]},{\"@type\":\"WebPage\",\"@id\":\"https:\/\/narteks.net\/index.php\/2009\/04\/16\/hayallern-yak-ev-isit-hayalet\/\",\"url\":\"https:\/\/narteks.net\/index.php\/2009\/04\/16\/hayallern-yak-ev-isit-hayalet\/\",\"name\":\"HAYALLER\u0130N\u0130 YAK EV\u0130 ISIT \/ HAYALET - narteks.net\",\"isPartOf\":{\"@id\":\"https:\/\/narteks.net\/#website\"},\"datePublished\":\"2009-04-16T07:25:34+00:00\",\"breadcrumb\":{\"@id\":\"https:\/\/narteks.net\/index.php\/2009\/04\/16\/hayallern-yak-ev-isit-hayalet\/#breadcrumb\"},\"inLanguage\":\"tr\",\"potentialAction\":[{\"@type\":\"ReadAction\",\"target\":[\"https:\/\/narteks.net\/index.php\/2009\/04\/16\/hayallern-yak-ev-isit-hayalet\/\"]}]},{\"@type\":\"BreadcrumbList\",\"@id\":\"https:\/\/narteks.net\/index.php\/2009\/04\/16\/hayallern-yak-ev-isit-hayalet\/#breadcrumb\",\"itemListElement\":[{\"@type\":\"ListItem\",\"position\":1,\"name\":\"Anasayfa\",\"item\":\"https:\/\/narteks.net\/\"},{\"@type\":\"ListItem\",\"position\":2,\"name\":\"HAYALLER\u0130N\u0130 YAK EV\u0130 ISIT \/ HAYALET\"}]},{\"@type\":\"WebSite\",\"@id\":\"https:\/\/narteks.net\/#website\",\"url\":\"https:\/\/narteks.net\/\",\"name\":\"narteks.net\",\"description\":\"K\u00fclt\u00fcr Sanat Edebiyat Felsefe\",\"publisher\":{\"@id\":\"https:\/\/narteks.net\/#organization\"},\"alternateName\":\"K\u00fclt\u00fcr Sanat Edebiyat Felsefe\",\"potentialAction\":[{\"@type\":\"SearchAction\",\"target\":{\"@type\":\"EntryPoint\",\"urlTemplate\":\"https:\/\/narteks.net\/?s={search_term_string}\"},\"query-input\":{\"@type\":\"PropertyValueSpecification\",\"valueRequired\":true,\"valueName\":\"search_term_string\"}}],\"inLanguage\":\"tr\"},{\"@type\":\"Organization\",\"@id\":\"https:\/\/narteks.net\/#organization\",\"name\":\"narteks.net\",\"url\":\"https:\/\/narteks.net\/\",\"logo\":{\"@type\":\"ImageObject\",\"inLanguage\":\"tr\",\"@id\":\"https:\/\/narteks.net\/#\/schema\/logo\/image\/\",\"url\":\"https:\/\/narteks.net\/wp-content\/uploads\/narteks.png\",\"contentUrl\":\"https:\/\/narteks.net\/wp-content\/uploads\/narteks.png\",\"width\":300,\"height\":90,\"caption\":\"narteks.net\"},\"image\":{\"@id\":\"https:\/\/narteks.net\/#\/schema\/logo\/image\/\"},\"sameAs\":[\"https:\/\/x.com\/narteks\",\"https:\/\/instagram.com\/narteksnet\"]},{\"@type\":\"Person\",\"@id\":\"https:\/\/narteks.net\/#\/schema\/person\/61f37d9834294b72d31d274e7ed79bca\",\"name\":\"Tar\u0131k\",\"image\":{\"@type\":\"ImageObject\",\"inLanguage\":\"tr\",\"@id\":\"https:\/\/narteks.net\/#\/schema\/person\/image\/\",\"url\":\"https:\/\/secure.gravatar.com\/avatar\/50865afb55632c4ae467e0af0930f6510aa2297d8014be502a55b14f3b7550cf?s=96&d=mm&r=g\",\"contentUrl\":\"https:\/\/secure.gravatar.com\/avatar\/50865afb55632c4ae467e0af0930f6510aa2297d8014be502a55b14f3b7550cf?s=96&d=mm&r=g\",\"caption\":\"Tar\u0131k\"},\"sameAs\":[\"http:\/\/narteks.net\"],\"url\":\"https:\/\/narteks.net\/index.php\/author\/narbak\/\"}]}<\/script>\n<!-- \/ Yoast SEO Premium plugin. -->","yoast_head_json":{"title":"HAYALLER\u0130N\u0130 YAK EV\u0130 ISIT \/ HAYALET - narteks.net","robots":{"index":"index","follow":"follow","max-snippet":"max-snippet:-1","max-image-preview":"max-image-preview:large","max-video-preview":"max-video-preview:-1"},"canonical":"https:\/\/narteks.net\/index.php\/2009\/04\/16\/hayallern-yak-ev-isit-hayalet\/","og_locale":"tr_TR","og_type":"article","og_title":"HAYALLER\u0130N\u0130 YAK EV\u0130 ISIT \/ HAYALET","og_description":"\u00a0 Tek ba\u015f\u0131na bir odada kal\u0131yordun. Odan\u0131n duvarlar\u0131 ba\u015ftan ba\u015fa camd\u0131. Ba\u015ftan ba\u015fa s\u0131ms\u0131cak ruhtu&#8230; Odan\u0131n ortas\u0131nda \u00e7\u0131r\u0131l\u00e7\u0131plakt\u0131n. Bir sandalyede oturuyordun. Odan \u0131l\u0131k, tan\u0131d\u0131k, hi\u00e7 kesilmeyen bir r\u00fcyan\u0131n ortas\u0131nda sal\u0131n\u0131yordu. Y\u00fcz\u00fcnden d\u00fcnyadaki b\u00fct\u00fcn zamanlar ge\u00e7iyordu. Y\u00fcz\u00fcndeki b\u00fct\u00fcn zamanlar\u0131 \u00f6zl\u00fcyordum&#8230; Y\u00fcz\u00fcn\u00fcn b\u00fct\u00fcn zamanlar\u0131n\u0131n d\u0131\u015f\u0131ndayd\u0131m. Odanda tek ba\u015f\u0131nayd\u0131n, ama o b\u00fcy\u00fcs\u00fcn\u00fc, o derinli\u011fini ya\u015famay\u0131 \u00e7ok arzulasam da, [&hellip;]","og_url":"https:\/\/narteks.net\/index.php\/2009\/04\/16\/hayallern-yak-ev-isit-hayalet\/","og_site_name":"narteks.net","article_published_time":"2009-04-16T07:25:34+00:00","og_image":[{"width":300,"height":90,"url":"https:\/\/narteks.net\/wp-content\/uploads\/narteks.png","type":"image\/png"}],"author":"Tar\u0131k","twitter_card":"summary_large_image","twitter_creator":"@narteks","twitter_site":"@narteks","twitter_misc":{"Yazan:":"Tar\u0131k","Tahmini okuma s\u00fcresi":"6 dakika"},"schema":{"@context":"https:\/\/schema.org","@graph":[{"@type":"Article","@id":"https:\/\/narteks.net\/index.php\/2009\/04\/16\/hayallern-yak-ev-isit-hayalet\/#article","isPartOf":{"@id":"https:\/\/narteks.net\/index.php\/2009\/04\/16\/hayallern-yak-ev-isit-hayalet\/"},"author":{"name":"Tar\u0131k","@id":"https:\/\/narteks.net\/#\/schema\/person\/61f37d9834294b72d31d274e7ed79bca"},"headline":"HAYALLER\u0130N\u0130 YAK EV\u0130 ISIT \/ HAYALET","datePublished":"2009-04-16T07:25:34+00:00","mainEntityOfPage":{"@id":"https:\/\/narteks.net\/index.php\/2009\/04\/16\/hayallern-yak-ev-isit-hayalet\/"},"wordCount":1117,"commentCount":0,"publisher":{"@id":"https:\/\/narteks.net\/#organization"},"articleSection":["Cezmi ERS\u00d6Z"],"inLanguage":"tr","potentialAction":[{"@type":"CommentAction","name":"Comment","target":["https:\/\/narteks.net\/index.php\/2009\/04\/16\/hayallern-yak-ev-isit-hayalet\/#respond"]}]},{"@type":"WebPage","@id":"https:\/\/narteks.net\/index.php\/2009\/04\/16\/hayallern-yak-ev-isit-hayalet\/","url":"https:\/\/narteks.net\/index.php\/2009\/04\/16\/hayallern-yak-ev-isit-hayalet\/","name":"HAYALLER\u0130N\u0130 YAK EV\u0130 ISIT \/ HAYALET - narteks.net","isPartOf":{"@id":"https:\/\/narteks.net\/#website"},"datePublished":"2009-04-16T07:25:34+00:00","breadcrumb":{"@id":"https:\/\/narteks.net\/index.php\/2009\/04\/16\/hayallern-yak-ev-isit-hayalet\/#breadcrumb"},"inLanguage":"tr","potentialAction":[{"@type":"ReadAction","target":["https:\/\/narteks.net\/index.php\/2009\/04\/16\/hayallern-yak-ev-isit-hayalet\/"]}]},{"@type":"BreadcrumbList","@id":"https:\/\/narteks.net\/index.php\/2009\/04\/16\/hayallern-yak-ev-isit-hayalet\/#breadcrumb","itemListElement":[{"@type":"ListItem","position":1,"name":"Anasayfa","item":"https:\/\/narteks.net\/"},{"@type":"ListItem","position":2,"name":"HAYALLER\u0130N\u0130 YAK EV\u0130 ISIT \/ HAYALET"}]},{"@type":"WebSite","@id":"https:\/\/narteks.net\/#website","url":"https:\/\/narteks.net\/","name":"narteks.net","description":"K\u00fclt\u00fcr Sanat Edebiyat Felsefe","publisher":{"@id":"https:\/\/narteks.net\/#organization"},"alternateName":"K\u00fclt\u00fcr Sanat Edebiyat Felsefe","potentialAction":[{"@type":"SearchAction","target":{"@type":"EntryPoint","urlTemplate":"https:\/\/narteks.net\/?s={search_term_string}"},"query-input":{"@type":"PropertyValueSpecification","valueRequired":true,"valueName":"search_term_string"}}],"inLanguage":"tr"},{"@type":"Organization","@id":"https:\/\/narteks.net\/#organization","name":"narteks.net","url":"https:\/\/narteks.net\/","logo":{"@type":"ImageObject","inLanguage":"tr","@id":"https:\/\/narteks.net\/#\/schema\/logo\/image\/","url":"https:\/\/narteks.net\/wp-content\/uploads\/narteks.png","contentUrl":"https:\/\/narteks.net\/wp-content\/uploads\/narteks.png","width":300,"height":90,"caption":"narteks.net"},"image":{"@id":"https:\/\/narteks.net\/#\/schema\/logo\/image\/"},"sameAs":["https:\/\/x.com\/narteks","https:\/\/instagram.com\/narteksnet"]},{"@type":"Person","@id":"https:\/\/narteks.net\/#\/schema\/person\/61f37d9834294b72d31d274e7ed79bca","name":"Tar\u0131k","image":{"@type":"ImageObject","inLanguage":"tr","@id":"https:\/\/narteks.net\/#\/schema\/person\/image\/","url":"https:\/\/secure.gravatar.com\/avatar\/50865afb55632c4ae467e0af0930f6510aa2297d8014be502a55b14f3b7550cf?s=96&d=mm&r=g","contentUrl":"https:\/\/secure.gravatar.com\/avatar\/50865afb55632c4ae467e0af0930f6510aa2297d8014be502a55b14f3b7550cf?s=96&d=mm&r=g","caption":"Tar\u0131k"},"sameAs":["http:\/\/narteks.net"],"url":"https:\/\/narteks.net\/index.php\/author\/narbak\/"}]}},"_links":{"self":[{"href":"https:\/\/narteks.net\/index.php\/wp-json\/wp\/v2\/posts\/641","targetHints":{"allow":["GET"]}}],"collection":[{"href":"https:\/\/narteks.net\/index.php\/wp-json\/wp\/v2\/posts"}],"about":[{"href":"https:\/\/narteks.net\/index.php\/wp-json\/wp\/v2\/types\/post"}],"author":[{"embeddable":true,"href":"https:\/\/narteks.net\/index.php\/wp-json\/wp\/v2\/users\/1"}],"replies":[{"embeddable":true,"href":"https:\/\/narteks.net\/index.php\/wp-json\/wp\/v2\/comments?post=641"}],"version-history":[{"count":0,"href":"https:\/\/narteks.net\/index.php\/wp-json\/wp\/v2\/posts\/641\/revisions"}],"wp:attachment":[{"href":"https:\/\/narteks.net\/index.php\/wp-json\/wp\/v2\/media?parent=641"}],"wp:term":[{"taxonomy":"category","embeddable":true,"href":"https:\/\/narteks.net\/index.php\/wp-json\/wp\/v2\/categories?post=641"},{"taxonomy":"post_tag","embeddable":true,"href":"https:\/\/narteks.net\/index.php\/wp-json\/wp\/v2\/tags?post=641"}],"curies":[{"name":"wp","href":"https:\/\/api.w.org\/{rel}","templated":true}]}}