{"id":6410,"date":"2011-06-07T12:08:18","date_gmt":"2011-06-07T09:08:18","guid":{"rendered":"http:\/\/localhost\/wordpress\/2011\/06\/07\/sesler-geliyor\/"},"modified":"2011-06-07T12:08:18","modified_gmt":"2011-06-07T09:08:18","slug":"sesler-geliyor","status":"publish","type":"post","link":"https:\/\/narteks.net\/index.php\/2011\/06\/07\/sesler-geliyor\/","title":{"rendered":"SESLER GEL\u0130YOR"},"content":{"rendered":"<p>\u00a0<\/p>\n<p>Sesler geliyor g\u00fcnbat\u0131s\u0131ndan<br \/> sesler&#8230;.<br \/> Koynunda g\u00fcne\u015fin kayboldu\u011fu zindan<br \/> ayd\u0131nlanacak m\u0131?<br \/> Bekliyelim mi?<br \/> Bekliyebilir miyiz?<br \/> Biz<br \/> g\u00fcndo\u011fusunun milyonlarla milyonu<br \/> bekliyoruz bunu..<br \/> Sesler geliyor g\u00fcnbat\u0131s\u0131ndan<br \/> sesler..<br \/> Biz<br \/> \u00e7\u0131plak ayakl\u0131 Hindistan\u0131n a\u00e7l\u0131\u011f\u0131n\u0131<br \/> esmer g\u00f6zlerinde bir alev gibi ta\u015f\u0131yanlar.<br \/> Biz<br \/> sar\u0131 y\u00fczlerinden g\u00f6zleri b\u0131\u00e7ak yaras\u0131 gibi bakan<br \/> kavga meydanlar\u0131nda kellesini kopar\u0131p<br \/> kocaman kanl\u0131 sar\u0131 bir \u00e7i\u00e7ek gibi b\u0131rakan<br \/> \u00c7in seddinin kulileri&#8230;.<br \/> Biz<br \/> Borneo, Sumatra, Cava k\u00f6yl\u00fcleri&#8230;.<br \/> Biz&#8230;<br \/> Biz g\u00fcne\u015fin do\u011fdu\u011fu yerden hayk\u0131r\u0131yoruz<br \/> mavi g\u00f6mlekli, mavi g\u00f6zl\u00fc Almanyal\u0131lara&#8230;<br \/> Ve istiyoruz ki olsun naram\u0131z\u0131n aksisedas\u0131<br \/> Krup favrikalar\u0131ndan kopan:<br \/> &#8211; HURRRA&#8230;&#8230;<\/p>\n<p>* * *<br \/> Kurtulu\u015fun k\u0131rm\u0131z\u0131 eli<br \/> dola\u015f\u0131yor \u00fcst\u00fcnde Almanyan\u0131n.<br \/> D\u0131\u015far\u0131 f\u0131rlamak i\u00e7in tepiniyor<br \/> amele mahallelerinde tanklar.<br \/> Berlinin caddeleri kulak as\u0131yor yine<br \/> Spartak\u00fcslerin ayak sesine..<br \/> G\u00f6be\u011finden \u00e7atl\u0131yacak Avrupa.<br \/> Avrupan\u0131n \u00e7atl\u0131yacak g\u00f6be\u011fi&#8230;.<br \/> \u00c7atl\u0131yacak<br \/> \u00e7atl\u0131yor<br \/> \u00e7atla&#8230;<br \/> \u00c7abuk olun hayd\u0131&#8230;<br \/> Diyelim:<br \/> &#8211; . .DI&#8230;.<br \/> Diyelim milyonlarla milyon a\u011f\u0131z birden:<br \/> &#8211; \u00c7ATLADI&#8230;&#8230;<\/p>\n<p>* * *<br \/> S\u00f6yle Berlin&#8230;.<br \/> S\u00f6yle&#8230;<br \/> Elleri bombal\u0131 mavi g\u00f6mleklilerin<br \/> bekliyecek mi yine<br \/> Unter den Linden caddesinde n\u00f6bet?<br \/> Alevden bayraklar\u0131n \u00fcst\u00fcnde<br \/> yeniden can bulacak m\u0131 Karl Liebknecht?<br \/> Avrupa bocal\u0131yor..<br \/> Hava f\u0131rt\u0131nal\u0131<br \/> omurga delik<br \/> serd\u00fcmen sarho\u015f..<br \/> Koooo\u015f&#8230;.<br \/> D\u00fcmen ba\u015f\u0131na&#8230;..<br \/> Sesler geliyor g\u00fcnbat\u0131s\u0131ndan<br \/> sesler&#8230;<\/p>\n<p>Naz\u0131m Hikmet RAN<\/p>\n<p>\u00a0<\/p>\n","protected":false},"excerpt":{"rendered":"<p>\u00a0 Sesler geliyor g\u00fcnbat\u0131s\u0131ndan sesler&#8230;. Koynunda g\u00fcne\u015fin kayboldu\u011fu zindan ayd\u0131nlanacak m\u0131? Bekliyelim mi? Bekliyebilir miyiz? Biz g\u00fcndo\u011fusunun milyonlarla milyonu bekliyoruz bunu.. Sesler geliyor g\u00fcnbat\u0131s\u0131ndan sesler.. Biz \u00e7\u0131plak ayakl\u0131 Hindistan\u0131n a\u00e7l\u0131\u011f\u0131n\u0131 esmer g\u00f6zlerinde bir alev gibi ta\u015f\u0131yanlar. Biz sar\u0131 y\u00fczlerinden g\u00f6zleri b\u0131\u00e7ak yaras\u0131 gibi bakan kavga meydanlar\u0131nda kellesini kopar\u0131p kocaman kanl\u0131 sar\u0131 bir \u00e7i\u00e7ek gibi b\u0131rakan [&hellip;]<\/p>\n","protected":false},"author":1,"featured_media":0,"comment_status":"open","ping_status":"open","sticky":false,"template":"","format":"standard","meta":{"footnotes":""},"categories":[59],"tags":[],"class_list":{"0":"post-6410","1":"post","2":"type-post","3":"status-publish","4":"format-standard","6":"category-nazim-hikmet-ran"},"yoast_head":"<!-- This site is optimized with the Yoast SEO Premium plugin v24.9 (Yoast SEO v24.9) - https:\/\/yoast.com\/wordpress\/plugins\/seo\/ -->\n<title>SESLER GEL\u0130YOR - narteks.net<\/title>\n<meta name=\"robots\" content=\"index, follow, max-snippet:-1, max-image-preview:large, max-video-preview:-1\" \/>\n<link rel=\"canonical\" href=\"https:\/\/narteks.net\/index.php\/2011\/06\/07\/sesler-geliyor\/\" \/>\n<meta property=\"og:locale\" content=\"tr_TR\" \/>\n<meta property=\"og:type\" content=\"article\" \/>\n<meta property=\"og:title\" content=\"SESLER GEL\u0130YOR\" \/>\n<meta property=\"og:description\" content=\"\u00a0 Sesler geliyor g\u00fcnbat\u0131s\u0131ndan sesler&#8230;. Koynunda g\u00fcne\u015fin kayboldu\u011fu zindan ayd\u0131nlanacak m\u0131? Bekliyelim mi? Bekliyebilir miyiz? Biz g\u00fcndo\u011fusunun milyonlarla milyonu bekliyoruz bunu.. Sesler geliyor g\u00fcnbat\u0131s\u0131ndan sesler.. Biz \u00e7\u0131plak ayakl\u0131 Hindistan\u0131n a\u00e7l\u0131\u011f\u0131n\u0131 esmer g\u00f6zlerinde bir alev gibi ta\u015f\u0131yanlar. Biz sar\u0131 y\u00fczlerinden g\u00f6zleri b\u0131\u00e7ak yaras\u0131 gibi bakan kavga meydanlar\u0131nda kellesini kopar\u0131p kocaman kanl\u0131 sar\u0131 bir \u00e7i\u00e7ek gibi b\u0131rakan [&hellip;]\" \/>\n<meta property=\"og:url\" content=\"https:\/\/narteks.net\/index.php\/2011\/06\/07\/sesler-geliyor\/\" \/>\n<meta property=\"og:site_name\" content=\"narteks.net\" \/>\n<meta property=\"article:published_time\" content=\"2011-06-07T09:08:18+00:00\" \/>\n<meta property=\"og:image\" content=\"https:\/\/narteks.net\/wp-content\/uploads\/narteks.png\" \/>\n\t<meta property=\"og:image:width\" content=\"300\" \/>\n\t<meta property=\"og:image:height\" content=\"90\" \/>\n\t<meta property=\"og:image:type\" content=\"image\/png\" \/>\n<meta name=\"author\" content=\"Tar\u0131k\" \/>\n<meta name=\"twitter:card\" content=\"summary_large_image\" \/>\n<meta name=\"twitter:creator\" content=\"@narteks\" \/>\n<meta name=\"twitter:site\" content=\"@narteks\" \/>\n<meta name=\"twitter:label1\" content=\"Yazan:\" \/>\n\t<meta name=\"twitter:data1\" content=\"Tar\u0131k\" \/>\n\t<meta name=\"twitter:label2\" content=\"Tahmini okuma s\u00fcresi\" \/>\n\t<meta name=\"twitter:data2\" content=\"1 dakika\" \/>\n<script type=\"application\/ld+json\" class=\"yoast-schema-graph\">{\"@context\":\"https:\/\/schema.org\",\"@graph\":[{\"@type\":\"Article\",\"@id\":\"https:\/\/narteks.net\/index.php\/2011\/06\/07\/sesler-geliyor\/#article\",\"isPartOf\":{\"@id\":\"https:\/\/narteks.net\/index.php\/2011\/06\/07\/sesler-geliyor\/\"},\"author\":{\"name\":\"Tar\u0131k\",\"@id\":\"https:\/\/narteks.net\/#\/schema\/person\/61f37d9834294b72d31d274e7ed79bca\"},\"headline\":\"SESLER GEL\u0130YOR\",\"datePublished\":\"2011-06-07T09:08:18+00:00\",\"mainEntityOfPage\":{\"@id\":\"https:\/\/narteks.net\/index.php\/2011\/06\/07\/sesler-geliyor\/\"},\"wordCount\":247,\"commentCount\":0,\"publisher\":{\"@id\":\"https:\/\/narteks.net\/#organization\"},\"articleSection\":[\"Naz\u0131m H\u0130KMET RAN\"],\"inLanguage\":\"tr\",\"potentialAction\":[{\"@type\":\"CommentAction\",\"name\":\"Comment\",\"target\":[\"https:\/\/narteks.net\/index.php\/2011\/06\/07\/sesler-geliyor\/#respond\"]}]},{\"@type\":\"WebPage\",\"@id\":\"https:\/\/narteks.net\/index.php\/2011\/06\/07\/sesler-geliyor\/\",\"url\":\"https:\/\/narteks.net\/index.php\/2011\/06\/07\/sesler-geliyor\/\",\"name\":\"SESLER GEL\u0130YOR - narteks.net\",\"isPartOf\":{\"@id\":\"https:\/\/narteks.net\/#website\"},\"datePublished\":\"2011-06-07T09:08:18+00:00\",\"breadcrumb\":{\"@id\":\"https:\/\/narteks.net\/index.php\/2011\/06\/07\/sesler-geliyor\/#breadcrumb\"},\"inLanguage\":\"tr\",\"potentialAction\":[{\"@type\":\"ReadAction\",\"target\":[\"https:\/\/narteks.net\/index.php\/2011\/06\/07\/sesler-geliyor\/\"]}]},{\"@type\":\"BreadcrumbList\",\"@id\":\"https:\/\/narteks.net\/index.php\/2011\/06\/07\/sesler-geliyor\/#breadcrumb\",\"itemListElement\":[{\"@type\":\"ListItem\",\"position\":1,\"name\":\"Anasayfa\",\"item\":\"https:\/\/narteks.net\/\"},{\"@type\":\"ListItem\",\"position\":2,\"name\":\"SESLER GEL\u0130YOR\"}]},{\"@type\":\"WebSite\",\"@id\":\"https:\/\/narteks.net\/#website\",\"url\":\"https:\/\/narteks.net\/\",\"name\":\"narteks.net\",\"description\":\"K\u00fclt\u00fcr Sanat Edebiyat Felsefe\",\"publisher\":{\"@id\":\"https:\/\/narteks.net\/#organization\"},\"alternateName\":\"K\u00fclt\u00fcr Sanat Edebiyat Felsefe\",\"potentialAction\":[{\"@type\":\"SearchAction\",\"target\":{\"@type\":\"EntryPoint\",\"urlTemplate\":\"https:\/\/narteks.net\/?s={search_term_string}\"},\"query-input\":{\"@type\":\"PropertyValueSpecification\",\"valueRequired\":true,\"valueName\":\"search_term_string\"}}],\"inLanguage\":\"tr\"},{\"@type\":\"Organization\",\"@id\":\"https:\/\/narteks.net\/#organization\",\"name\":\"narteks.net\",\"url\":\"https:\/\/narteks.net\/\",\"logo\":{\"@type\":\"ImageObject\",\"inLanguage\":\"tr\",\"@id\":\"https:\/\/narteks.net\/#\/schema\/logo\/image\/\",\"url\":\"https:\/\/narteks.net\/wp-content\/uploads\/narteks.png\",\"contentUrl\":\"https:\/\/narteks.net\/wp-content\/uploads\/narteks.png\",\"width\":300,\"height\":90,\"caption\":\"narteks.net\"},\"image\":{\"@id\":\"https:\/\/narteks.net\/#\/schema\/logo\/image\/\"},\"sameAs\":[\"https:\/\/x.com\/narteks\",\"https:\/\/instagram.com\/narteksnet\"]},{\"@type\":\"Person\",\"@id\":\"https:\/\/narteks.net\/#\/schema\/person\/61f37d9834294b72d31d274e7ed79bca\",\"name\":\"Tar\u0131k\",\"image\":{\"@type\":\"ImageObject\",\"inLanguage\":\"tr\",\"@id\":\"https:\/\/narteks.net\/#\/schema\/person\/image\/\",\"url\":\"https:\/\/secure.gravatar.com\/avatar\/50865afb55632c4ae467e0af0930f6510aa2297d8014be502a55b14f3b7550cf?s=96&d=mm&r=g\",\"contentUrl\":\"https:\/\/secure.gravatar.com\/avatar\/50865afb55632c4ae467e0af0930f6510aa2297d8014be502a55b14f3b7550cf?s=96&d=mm&r=g\",\"caption\":\"Tar\u0131k\"},\"sameAs\":[\"http:\/\/narteks.net\"],\"url\":\"https:\/\/narteks.net\/index.php\/author\/narbak\/\"}]}<\/script>\n<!-- \/ Yoast SEO Premium plugin. -->","yoast_head_json":{"title":"SESLER GEL\u0130YOR - narteks.net","robots":{"index":"index","follow":"follow","max-snippet":"max-snippet:-1","max-image-preview":"max-image-preview:large","max-video-preview":"max-video-preview:-1"},"canonical":"https:\/\/narteks.net\/index.php\/2011\/06\/07\/sesler-geliyor\/","og_locale":"tr_TR","og_type":"article","og_title":"SESLER GEL\u0130YOR","og_description":"\u00a0 Sesler geliyor g\u00fcnbat\u0131s\u0131ndan sesler&#8230;. Koynunda g\u00fcne\u015fin kayboldu\u011fu zindan ayd\u0131nlanacak m\u0131? Bekliyelim mi? Bekliyebilir miyiz? Biz g\u00fcndo\u011fusunun milyonlarla milyonu bekliyoruz bunu.. Sesler geliyor g\u00fcnbat\u0131s\u0131ndan sesler.. Biz \u00e7\u0131plak ayakl\u0131 Hindistan\u0131n a\u00e7l\u0131\u011f\u0131n\u0131 esmer g\u00f6zlerinde bir alev gibi ta\u015f\u0131yanlar. Biz sar\u0131 y\u00fczlerinden g\u00f6zleri b\u0131\u00e7ak yaras\u0131 gibi bakan kavga meydanlar\u0131nda kellesini kopar\u0131p kocaman kanl\u0131 sar\u0131 bir \u00e7i\u00e7ek gibi b\u0131rakan [&hellip;]","og_url":"https:\/\/narteks.net\/index.php\/2011\/06\/07\/sesler-geliyor\/","og_site_name":"narteks.net","article_published_time":"2011-06-07T09:08:18+00:00","og_image":[{"width":300,"height":90,"url":"https:\/\/narteks.net\/wp-content\/uploads\/narteks.png","type":"image\/png"}],"author":"Tar\u0131k","twitter_card":"summary_large_image","twitter_creator":"@narteks","twitter_site":"@narteks","twitter_misc":{"Yazan:":"Tar\u0131k","Tahmini okuma s\u00fcresi":"1 dakika"},"schema":{"@context":"https:\/\/schema.org","@graph":[{"@type":"Article","@id":"https:\/\/narteks.net\/index.php\/2011\/06\/07\/sesler-geliyor\/#article","isPartOf":{"@id":"https:\/\/narteks.net\/index.php\/2011\/06\/07\/sesler-geliyor\/"},"author":{"name":"Tar\u0131k","@id":"https:\/\/narteks.net\/#\/schema\/person\/61f37d9834294b72d31d274e7ed79bca"},"headline":"SESLER GEL\u0130YOR","datePublished":"2011-06-07T09:08:18+00:00","mainEntityOfPage":{"@id":"https:\/\/narteks.net\/index.php\/2011\/06\/07\/sesler-geliyor\/"},"wordCount":247,"commentCount":0,"publisher":{"@id":"https:\/\/narteks.net\/#organization"},"articleSection":["Naz\u0131m H\u0130KMET RAN"],"inLanguage":"tr","potentialAction":[{"@type":"CommentAction","name":"Comment","target":["https:\/\/narteks.net\/index.php\/2011\/06\/07\/sesler-geliyor\/#respond"]}]},{"@type":"WebPage","@id":"https:\/\/narteks.net\/index.php\/2011\/06\/07\/sesler-geliyor\/","url":"https:\/\/narteks.net\/index.php\/2011\/06\/07\/sesler-geliyor\/","name":"SESLER GEL\u0130YOR - narteks.net","isPartOf":{"@id":"https:\/\/narteks.net\/#website"},"datePublished":"2011-06-07T09:08:18+00:00","breadcrumb":{"@id":"https:\/\/narteks.net\/index.php\/2011\/06\/07\/sesler-geliyor\/#breadcrumb"},"inLanguage":"tr","potentialAction":[{"@type":"ReadAction","target":["https:\/\/narteks.net\/index.php\/2011\/06\/07\/sesler-geliyor\/"]}]},{"@type":"BreadcrumbList","@id":"https:\/\/narteks.net\/index.php\/2011\/06\/07\/sesler-geliyor\/#breadcrumb","itemListElement":[{"@type":"ListItem","position":1,"name":"Anasayfa","item":"https:\/\/narteks.net\/"},{"@type":"ListItem","position":2,"name":"SESLER GEL\u0130YOR"}]},{"@type":"WebSite","@id":"https:\/\/narteks.net\/#website","url":"https:\/\/narteks.net\/","name":"narteks.net","description":"K\u00fclt\u00fcr Sanat Edebiyat Felsefe","publisher":{"@id":"https:\/\/narteks.net\/#organization"},"alternateName":"K\u00fclt\u00fcr Sanat Edebiyat Felsefe","potentialAction":[{"@type":"SearchAction","target":{"@type":"EntryPoint","urlTemplate":"https:\/\/narteks.net\/?s={search_term_string}"},"query-input":{"@type":"PropertyValueSpecification","valueRequired":true,"valueName":"search_term_string"}}],"inLanguage":"tr"},{"@type":"Organization","@id":"https:\/\/narteks.net\/#organization","name":"narteks.net","url":"https:\/\/narteks.net\/","logo":{"@type":"ImageObject","inLanguage":"tr","@id":"https:\/\/narteks.net\/#\/schema\/logo\/image\/","url":"https:\/\/narteks.net\/wp-content\/uploads\/narteks.png","contentUrl":"https:\/\/narteks.net\/wp-content\/uploads\/narteks.png","width":300,"height":90,"caption":"narteks.net"},"image":{"@id":"https:\/\/narteks.net\/#\/schema\/logo\/image\/"},"sameAs":["https:\/\/x.com\/narteks","https:\/\/instagram.com\/narteksnet"]},{"@type":"Person","@id":"https:\/\/narteks.net\/#\/schema\/person\/61f37d9834294b72d31d274e7ed79bca","name":"Tar\u0131k","image":{"@type":"ImageObject","inLanguage":"tr","@id":"https:\/\/narteks.net\/#\/schema\/person\/image\/","url":"https:\/\/secure.gravatar.com\/avatar\/50865afb55632c4ae467e0af0930f6510aa2297d8014be502a55b14f3b7550cf?s=96&d=mm&r=g","contentUrl":"https:\/\/secure.gravatar.com\/avatar\/50865afb55632c4ae467e0af0930f6510aa2297d8014be502a55b14f3b7550cf?s=96&d=mm&r=g","caption":"Tar\u0131k"},"sameAs":["http:\/\/narteks.net"],"url":"https:\/\/narteks.net\/index.php\/author\/narbak\/"}]}},"_links":{"self":[{"href":"https:\/\/narteks.net\/index.php\/wp-json\/wp\/v2\/posts\/6410","targetHints":{"allow":["GET"]}}],"collection":[{"href":"https:\/\/narteks.net\/index.php\/wp-json\/wp\/v2\/posts"}],"about":[{"href":"https:\/\/narteks.net\/index.php\/wp-json\/wp\/v2\/types\/post"}],"author":[{"embeddable":true,"href":"https:\/\/narteks.net\/index.php\/wp-json\/wp\/v2\/users\/1"}],"replies":[{"embeddable":true,"href":"https:\/\/narteks.net\/index.php\/wp-json\/wp\/v2\/comments?post=6410"}],"version-history":[{"count":0,"href":"https:\/\/narteks.net\/index.php\/wp-json\/wp\/v2\/posts\/6410\/revisions"}],"wp:attachment":[{"href":"https:\/\/narteks.net\/index.php\/wp-json\/wp\/v2\/media?parent=6410"}],"wp:term":[{"taxonomy":"category","embeddable":true,"href":"https:\/\/narteks.net\/index.php\/wp-json\/wp\/v2\/categories?post=6410"},{"taxonomy":"post_tag","embeddable":true,"href":"https:\/\/narteks.net\/index.php\/wp-json\/wp\/v2\/tags?post=6410"}],"curies":[{"name":"wp","href":"https:\/\/api.w.org\/{rel}","templated":true}]}}