{"id":6412,"date":"2011-06-07T12:10:11","date_gmt":"2011-06-07T09:10:11","guid":{"rendered":"http:\/\/localhost\/wordpress\/2011\/06\/07\/silahsiz-insanlar\/"},"modified":"2011-06-07T12:10:11","modified_gmt":"2011-06-07T09:10:11","slug":"silahsiz-insanlar","status":"publish","type":"post","link":"https:\/\/narteks.net\/index.php\/2011\/06\/07\/silahsiz-insanlar\/","title":{"rendered":"S\u0130L\u00c2HSIZ \u0130NSANLAR"},"content":{"rendered":"<p>\u00a0<\/p>\n<p>Be\u015f k\u0131tan\u0131n i\u00e7inden ba\u015flad\u0131 sefer <br \/> Gidildi kuzeye do\u011fru, gidildi, <br \/> Ormanlar, kayalar, g\u00f6ller, denizler <br \/> \u015eehrine var\u0131ld\u0131, \u015fehir ye\u015fildi.<\/p>\n<p>Bu gelenler sil\u00e2hs\u0131z adamlard\u0131 <br \/> Her birisi y\u00fcre\u011fini \u00e7\u0131kard\u0131. <br \/> Her y\u00fcrekte g\u00fczel bir \u015feyler vard\u0131, <br \/> Hayata sevdalar il\u00e2n edildi.<\/p>\n<p>Geceler beyazd\u0131, g\u00fcnd\u00fczler serin, <br \/> S\u00f6zleri d\u00f6vd\u00fcler dan dan da din din, <br \/> \u00d6rs\u00fcnde s\u0131cac\u0131k y\u00fcreklerinin <br \/> \u00d6l\u00fcm bu s\u00f6zlerden g\u00fc\u00e7l\u00fc de\u011fildi.<\/p>\n<p>1956<\/p>\n<p>Naz\u0131m Hikmet RAN<\/p>\n","protected":false},"excerpt":{"rendered":"<p>\u00a0 Be\u015f k\u0131tan\u0131n i\u00e7inden ba\u015flad\u0131 sefer Gidildi kuzeye do\u011fru, gidildi, Ormanlar, kayalar, g\u00f6ller, denizler \u015eehrine var\u0131ld\u0131, \u015fehir ye\u015fildi. Bu gelenler sil\u00e2hs\u0131z adamlard\u0131 Her birisi y\u00fcre\u011fini \u00e7\u0131kard\u0131. Her y\u00fcrekte g\u00fczel bir \u015feyler vard\u0131, Hayata sevdalar il\u00e2n edildi. Geceler beyazd\u0131, g\u00fcnd\u00fczler serin, S\u00f6zleri d\u00f6vd\u00fcler dan dan da din din, \u00d6rs\u00fcnde s\u0131cac\u0131k y\u00fcreklerinin \u00d6l\u00fcm bu s\u00f6zlerden g\u00fc\u00e7l\u00fc de\u011fildi. [&hellip;]<\/p>\n","protected":false},"author":1,"featured_media":0,"comment_status":"open","ping_status":"open","sticky":false,"template":"","format":"standard","meta":{"footnotes":""},"categories":[59],"tags":[],"class_list":{"0":"post-6412","1":"post","2":"type-post","3":"status-publish","4":"format-standard","6":"category-nazim-hikmet-ran"},"yoast_head":"<!-- This site is optimized with the Yoast SEO Premium plugin v24.9 (Yoast SEO v24.9) - https:\/\/yoast.com\/wordpress\/plugins\/seo\/ -->\n<title>S\u0130L\u00c2HSIZ \u0130NSANLAR - narteks.net<\/title>\n<meta name=\"robots\" content=\"index, follow, max-snippet:-1, max-image-preview:large, max-video-preview:-1\" \/>\n<link rel=\"canonical\" href=\"https:\/\/narteks.net\/index.php\/2011\/06\/07\/silahsiz-insanlar\/\" \/>\n<meta property=\"og:locale\" content=\"tr_TR\" \/>\n<meta property=\"og:type\" content=\"article\" \/>\n<meta property=\"og:title\" content=\"S\u0130L\u00c2HSIZ \u0130NSANLAR\" \/>\n<meta property=\"og:description\" content=\"\u00a0 Be\u015f k\u0131tan\u0131n i\u00e7inden ba\u015flad\u0131 sefer Gidildi kuzeye do\u011fru, gidildi, Ormanlar, kayalar, g\u00f6ller, denizler \u015eehrine var\u0131ld\u0131, \u015fehir ye\u015fildi. Bu gelenler sil\u00e2hs\u0131z adamlard\u0131 Her birisi y\u00fcre\u011fini \u00e7\u0131kard\u0131. Her y\u00fcrekte g\u00fczel bir \u015feyler vard\u0131, Hayata sevdalar il\u00e2n edildi. Geceler beyazd\u0131, g\u00fcnd\u00fczler serin, S\u00f6zleri d\u00f6vd\u00fcler dan dan da din din, \u00d6rs\u00fcnde s\u0131cac\u0131k y\u00fcreklerinin \u00d6l\u00fcm bu s\u00f6zlerden g\u00fc\u00e7l\u00fc de\u011fildi. [&hellip;]\" \/>\n<meta property=\"og:url\" content=\"https:\/\/narteks.net\/index.php\/2011\/06\/07\/silahsiz-insanlar\/\" \/>\n<meta property=\"og:site_name\" content=\"narteks.net\" \/>\n<meta property=\"article:published_time\" content=\"2011-06-07T09:10:11+00:00\" \/>\n<meta property=\"og:image\" content=\"https:\/\/narteks.net\/wp-content\/uploads\/narteks.png\" \/>\n\t<meta property=\"og:image:width\" content=\"300\" \/>\n\t<meta property=\"og:image:height\" content=\"90\" \/>\n\t<meta property=\"og:image:type\" content=\"image\/png\" \/>\n<meta name=\"author\" content=\"Tar\u0131k\" \/>\n<meta name=\"twitter:card\" content=\"summary_large_image\" \/>\n<meta name=\"twitter:creator\" content=\"@narteks\" \/>\n<meta name=\"twitter:site\" content=\"@narteks\" \/>\n<meta name=\"twitter:label1\" content=\"Yazan:\" \/>\n\t<meta name=\"twitter:data1\" content=\"Tar\u0131k\" \/>\n<script type=\"application\/ld+json\" class=\"yoast-schema-graph\">{\"@context\":\"https:\/\/schema.org\",\"@graph\":[{\"@type\":\"Article\",\"@id\":\"https:\/\/narteks.net\/index.php\/2011\/06\/07\/silahsiz-insanlar\/#article\",\"isPartOf\":{\"@id\":\"https:\/\/narteks.net\/index.php\/2011\/06\/07\/silahsiz-insanlar\/\"},\"author\":{\"name\":\"Tar\u0131k\",\"@id\":\"https:\/\/narteks.net\/#\/schema\/person\/61f37d9834294b72d31d274e7ed79bca\"},\"headline\":\"S\u0130L\u00c2HSIZ \u0130NSANLAR\",\"datePublished\":\"2011-06-07T09:10:11+00:00\",\"mainEntityOfPage\":{\"@id\":\"https:\/\/narteks.net\/index.php\/2011\/06\/07\/silahsiz-insanlar\/\"},\"wordCount\":90,\"commentCount\":0,\"publisher\":{\"@id\":\"https:\/\/narteks.net\/#organization\"},\"articleSection\":[\"Naz\u0131m H\u0130KMET RAN\"],\"inLanguage\":\"tr\",\"potentialAction\":[{\"@type\":\"CommentAction\",\"name\":\"Comment\",\"target\":[\"https:\/\/narteks.net\/index.php\/2011\/06\/07\/silahsiz-insanlar\/#respond\"]}]},{\"@type\":\"WebPage\",\"@id\":\"https:\/\/narteks.net\/index.php\/2011\/06\/07\/silahsiz-insanlar\/\",\"url\":\"https:\/\/narteks.net\/index.php\/2011\/06\/07\/silahsiz-insanlar\/\",\"name\":\"S\u0130L\u00c2HSIZ \u0130NSANLAR - narteks.net\",\"isPartOf\":{\"@id\":\"https:\/\/narteks.net\/#website\"},\"datePublished\":\"2011-06-07T09:10:11+00:00\",\"breadcrumb\":{\"@id\":\"https:\/\/narteks.net\/index.php\/2011\/06\/07\/silahsiz-insanlar\/#breadcrumb\"},\"inLanguage\":\"tr\",\"potentialAction\":[{\"@type\":\"ReadAction\",\"target\":[\"https:\/\/narteks.net\/index.php\/2011\/06\/07\/silahsiz-insanlar\/\"]}]},{\"@type\":\"BreadcrumbList\",\"@id\":\"https:\/\/narteks.net\/index.php\/2011\/06\/07\/silahsiz-insanlar\/#breadcrumb\",\"itemListElement\":[{\"@type\":\"ListItem\",\"position\":1,\"name\":\"Anasayfa\",\"item\":\"https:\/\/narteks.net\/\"},{\"@type\":\"ListItem\",\"position\":2,\"name\":\"S\u0130L\u00c2HSIZ \u0130NSANLAR\"}]},{\"@type\":\"WebSite\",\"@id\":\"https:\/\/narteks.net\/#website\",\"url\":\"https:\/\/narteks.net\/\",\"name\":\"narteks.net\",\"description\":\"K\u00fclt\u00fcr Sanat Edebiyat Felsefe\",\"publisher\":{\"@id\":\"https:\/\/narteks.net\/#organization\"},\"alternateName\":\"K\u00fclt\u00fcr Sanat Edebiyat Felsefe\",\"potentialAction\":[{\"@type\":\"SearchAction\",\"target\":{\"@type\":\"EntryPoint\",\"urlTemplate\":\"https:\/\/narteks.net\/?s={search_term_string}\"},\"query-input\":{\"@type\":\"PropertyValueSpecification\",\"valueRequired\":true,\"valueName\":\"search_term_string\"}}],\"inLanguage\":\"tr\"},{\"@type\":\"Organization\",\"@id\":\"https:\/\/narteks.net\/#organization\",\"name\":\"narteks.net\",\"url\":\"https:\/\/narteks.net\/\",\"logo\":{\"@type\":\"ImageObject\",\"inLanguage\":\"tr\",\"@id\":\"https:\/\/narteks.net\/#\/schema\/logo\/image\/\",\"url\":\"https:\/\/narteks.net\/wp-content\/uploads\/narteks.png\",\"contentUrl\":\"https:\/\/narteks.net\/wp-content\/uploads\/narteks.png\",\"width\":300,\"height\":90,\"caption\":\"narteks.net\"},\"image\":{\"@id\":\"https:\/\/narteks.net\/#\/schema\/logo\/image\/\"},\"sameAs\":[\"https:\/\/x.com\/narteks\",\"https:\/\/instagram.com\/narteksnet\"]},{\"@type\":\"Person\",\"@id\":\"https:\/\/narteks.net\/#\/schema\/person\/61f37d9834294b72d31d274e7ed79bca\",\"name\":\"Tar\u0131k\",\"image\":{\"@type\":\"ImageObject\",\"inLanguage\":\"tr\",\"@id\":\"https:\/\/narteks.net\/#\/schema\/person\/image\/\",\"url\":\"https:\/\/secure.gravatar.com\/avatar\/50865afb55632c4ae467e0af0930f6510aa2297d8014be502a55b14f3b7550cf?s=96&d=mm&r=g\",\"contentUrl\":\"https:\/\/secure.gravatar.com\/avatar\/50865afb55632c4ae467e0af0930f6510aa2297d8014be502a55b14f3b7550cf?s=96&d=mm&r=g\",\"caption\":\"Tar\u0131k\"},\"sameAs\":[\"http:\/\/narteks.net\"],\"url\":\"https:\/\/narteks.net\/index.php\/author\/narbak\/\"}]}<\/script>\n<!-- \/ Yoast SEO Premium plugin. -->","yoast_head_json":{"title":"S\u0130L\u00c2HSIZ \u0130NSANLAR - narteks.net","robots":{"index":"index","follow":"follow","max-snippet":"max-snippet:-1","max-image-preview":"max-image-preview:large","max-video-preview":"max-video-preview:-1"},"canonical":"https:\/\/narteks.net\/index.php\/2011\/06\/07\/silahsiz-insanlar\/","og_locale":"tr_TR","og_type":"article","og_title":"S\u0130L\u00c2HSIZ \u0130NSANLAR","og_description":"\u00a0 Be\u015f k\u0131tan\u0131n i\u00e7inden ba\u015flad\u0131 sefer Gidildi kuzeye do\u011fru, gidildi, Ormanlar, kayalar, g\u00f6ller, denizler \u015eehrine var\u0131ld\u0131, \u015fehir ye\u015fildi. Bu gelenler sil\u00e2hs\u0131z adamlard\u0131 Her birisi y\u00fcre\u011fini \u00e7\u0131kard\u0131. Her y\u00fcrekte g\u00fczel bir \u015feyler vard\u0131, Hayata sevdalar il\u00e2n edildi. Geceler beyazd\u0131, g\u00fcnd\u00fczler serin, S\u00f6zleri d\u00f6vd\u00fcler dan dan da din din, \u00d6rs\u00fcnde s\u0131cac\u0131k y\u00fcreklerinin \u00d6l\u00fcm bu s\u00f6zlerden g\u00fc\u00e7l\u00fc de\u011fildi. [&hellip;]","og_url":"https:\/\/narteks.net\/index.php\/2011\/06\/07\/silahsiz-insanlar\/","og_site_name":"narteks.net","article_published_time":"2011-06-07T09:10:11+00:00","og_image":[{"width":300,"height":90,"url":"https:\/\/narteks.net\/wp-content\/uploads\/narteks.png","type":"image\/png"}],"author":"Tar\u0131k","twitter_card":"summary_large_image","twitter_creator":"@narteks","twitter_site":"@narteks","twitter_misc":{"Yazan:":"Tar\u0131k"},"schema":{"@context":"https:\/\/schema.org","@graph":[{"@type":"Article","@id":"https:\/\/narteks.net\/index.php\/2011\/06\/07\/silahsiz-insanlar\/#article","isPartOf":{"@id":"https:\/\/narteks.net\/index.php\/2011\/06\/07\/silahsiz-insanlar\/"},"author":{"name":"Tar\u0131k","@id":"https:\/\/narteks.net\/#\/schema\/person\/61f37d9834294b72d31d274e7ed79bca"},"headline":"S\u0130L\u00c2HSIZ \u0130NSANLAR","datePublished":"2011-06-07T09:10:11+00:00","mainEntityOfPage":{"@id":"https:\/\/narteks.net\/index.php\/2011\/06\/07\/silahsiz-insanlar\/"},"wordCount":90,"commentCount":0,"publisher":{"@id":"https:\/\/narteks.net\/#organization"},"articleSection":["Naz\u0131m H\u0130KMET RAN"],"inLanguage":"tr","potentialAction":[{"@type":"CommentAction","name":"Comment","target":["https:\/\/narteks.net\/index.php\/2011\/06\/07\/silahsiz-insanlar\/#respond"]}]},{"@type":"WebPage","@id":"https:\/\/narteks.net\/index.php\/2011\/06\/07\/silahsiz-insanlar\/","url":"https:\/\/narteks.net\/index.php\/2011\/06\/07\/silahsiz-insanlar\/","name":"S\u0130L\u00c2HSIZ \u0130NSANLAR - narteks.net","isPartOf":{"@id":"https:\/\/narteks.net\/#website"},"datePublished":"2011-06-07T09:10:11+00:00","breadcrumb":{"@id":"https:\/\/narteks.net\/index.php\/2011\/06\/07\/silahsiz-insanlar\/#breadcrumb"},"inLanguage":"tr","potentialAction":[{"@type":"ReadAction","target":["https:\/\/narteks.net\/index.php\/2011\/06\/07\/silahsiz-insanlar\/"]}]},{"@type":"BreadcrumbList","@id":"https:\/\/narteks.net\/index.php\/2011\/06\/07\/silahsiz-insanlar\/#breadcrumb","itemListElement":[{"@type":"ListItem","position":1,"name":"Anasayfa","item":"https:\/\/narteks.net\/"},{"@type":"ListItem","position":2,"name":"S\u0130L\u00c2HSIZ \u0130NSANLAR"}]},{"@type":"WebSite","@id":"https:\/\/narteks.net\/#website","url":"https:\/\/narteks.net\/","name":"narteks.net","description":"K\u00fclt\u00fcr Sanat Edebiyat Felsefe","publisher":{"@id":"https:\/\/narteks.net\/#organization"},"alternateName":"K\u00fclt\u00fcr Sanat Edebiyat Felsefe","potentialAction":[{"@type":"SearchAction","target":{"@type":"EntryPoint","urlTemplate":"https:\/\/narteks.net\/?s={search_term_string}"},"query-input":{"@type":"PropertyValueSpecification","valueRequired":true,"valueName":"search_term_string"}}],"inLanguage":"tr"},{"@type":"Organization","@id":"https:\/\/narteks.net\/#organization","name":"narteks.net","url":"https:\/\/narteks.net\/","logo":{"@type":"ImageObject","inLanguage":"tr","@id":"https:\/\/narteks.net\/#\/schema\/logo\/image\/","url":"https:\/\/narteks.net\/wp-content\/uploads\/narteks.png","contentUrl":"https:\/\/narteks.net\/wp-content\/uploads\/narteks.png","width":300,"height":90,"caption":"narteks.net"},"image":{"@id":"https:\/\/narteks.net\/#\/schema\/logo\/image\/"},"sameAs":["https:\/\/x.com\/narteks","https:\/\/instagram.com\/narteksnet"]},{"@type":"Person","@id":"https:\/\/narteks.net\/#\/schema\/person\/61f37d9834294b72d31d274e7ed79bca","name":"Tar\u0131k","image":{"@type":"ImageObject","inLanguage":"tr","@id":"https:\/\/narteks.net\/#\/schema\/person\/image\/","url":"https:\/\/secure.gravatar.com\/avatar\/50865afb55632c4ae467e0af0930f6510aa2297d8014be502a55b14f3b7550cf?s=96&d=mm&r=g","contentUrl":"https:\/\/secure.gravatar.com\/avatar\/50865afb55632c4ae467e0af0930f6510aa2297d8014be502a55b14f3b7550cf?s=96&d=mm&r=g","caption":"Tar\u0131k"},"sameAs":["http:\/\/narteks.net"],"url":"https:\/\/narteks.net\/index.php\/author\/narbak\/"}]}},"_links":{"self":[{"href":"https:\/\/narteks.net\/index.php\/wp-json\/wp\/v2\/posts\/6412","targetHints":{"allow":["GET"]}}],"collection":[{"href":"https:\/\/narteks.net\/index.php\/wp-json\/wp\/v2\/posts"}],"about":[{"href":"https:\/\/narteks.net\/index.php\/wp-json\/wp\/v2\/types\/post"}],"author":[{"embeddable":true,"href":"https:\/\/narteks.net\/index.php\/wp-json\/wp\/v2\/users\/1"}],"replies":[{"embeddable":true,"href":"https:\/\/narteks.net\/index.php\/wp-json\/wp\/v2\/comments?post=6412"}],"version-history":[{"count":0,"href":"https:\/\/narteks.net\/index.php\/wp-json\/wp\/v2\/posts\/6412\/revisions"}],"wp:attachment":[{"href":"https:\/\/narteks.net\/index.php\/wp-json\/wp\/v2\/media?parent=6412"}],"wp:term":[{"taxonomy":"category","embeddable":true,"href":"https:\/\/narteks.net\/index.php\/wp-json\/wp\/v2\/categories?post=6412"},{"taxonomy":"post_tag","embeddable":true,"href":"https:\/\/narteks.net\/index.php\/wp-json\/wp\/v2\/tags?post=6412"}],"curies":[{"name":"wp","href":"https:\/\/api.w.org\/{rel}","templated":true}]}}